{"id":5262,"date":"2025-11-21T06:36:06","date_gmt":"2025-11-21T06:36:06","guid":{"rendered":"https:\/\/www.diario21.tv\/noticias\/cartel-de-jalisco-al-descubierto-20-arrestados-por-esconder-cocaina-en-maquinaria\/"},"modified":"2025-11-21T06:36:09","modified_gmt":"2025-11-21T06:36:09","slug":"cartel-de-jalisco-al-descubierto-20-arrestados-por-esconder-cocaina-en-maquinaria","status":"publish","type":"post","link":"https:\/\/www.diario21.tv\/noticias\/cartel-de-jalisco-al-descubierto-20-arrestados-por-esconder-cocaina-en-maquinaria\/","title":{"rendered":"\u00a1C\u00e1rtel de Jalisco al descubierto! 20 arrestados por esconder coca\u00edna en maquinaria"},"content":{"rendered":"<h2>Operativo policial desarticula centro de operaciones del C\u00e1rtel de Jalisco: 20 arrestos<\/h2>\n<p>En un reciente golpe a las operaciones del narcotr\u00e1fico en M\u00e9xico, las autoridades han desmantelado una instalaci\u00f3n clave utilizada por el C\u00e1rtel de Jalisco para ocultar coca\u00edna dentro de equipos industriales. Este operativo result\u00f3 en la detenci\u00f3n de 20 individuos, quienes presuntamente estaban involucrados en la log\u00edstica y ejecuci\u00f3n de este m\u00e9todo de contrabando.<\/p>\n<h3>La Estrategia del C\u00e1rtel<\/h3>\n<p>La investigaci\u00f3n ha revelado que el c\u00e1rtel hab\u00eda establecido una sofisticada red para esconder coca\u00edna en maquinaria pesada y otros componentes industriales. Esta t\u00e1ctica no solo camuflaba eficazmente la droga para evadir la detecci\u00f3n durante el transporte sino tambi\u00e9n facilitaba su distribuci\u00f3n a gran escala a nivel internacional.<\/p>\n<h3>Detalles del Operativo<\/h3>\n<p>El desmantelamiento de esta &#8220;oficina&#8221; del c\u00e1rtel fue el resultado de una operaci\u00f3n meticulosamente planificada, llevada a cabo por las fuerzas de seguridad tras varios meses de investigaciones exhaustivas. Los detenidos est\u00e1n ahora bajo custodia, enfrentando cargos por su participaci\u00f3n en actividades de narcotr\u00e1fico. Adem\u00e1s, durante el operativo se incautaron significativas cantidades de coca\u00edna, as\u00ed como la maquinaria utilizada para su ocultamiento.<\/p>\n<p>Esta acci\u00f3n representa un duro golpe para el C\u00e1rtel de Jalisco, una de las organizaciones criminales m\u00e1s poderosas y violentas de M\u00e9xico, y subraya el compromiso continuo de las autoridades para combatir el narcotr\u00e1fico en el pa\u00eds. Se espera que este operativo tenga un efecto significativo en las operaciones del c\u00e1rtel, al menos temporalmente, reduciendo su capacidad para transportar drogas de manera encubierta.<\/p>\n\n\n<div class=\"kk-star-ratings kksr-auto kksr-align-left kksr-valign-bottom\"\n    data-payload='{&quot;align&quot;:&quot;left&quot;,&quot;id&quot;:&quot;5262&quot;,&quot;slug&quot;:&quot;default&quot;,&quot;valign&quot;:&quot;bottom&quot;,&quot;ignore&quot;:&quot;&quot;,&quot;reference&quot;:&quot;auto&quot;,&quot;class&quot;:&quot;&quot;,&quot;count&quot;:&quot;0&quot;,&quot;legendonly&quot;:&quot;&quot;,&quot;readonly&quot;:&quot;&quot;,&quot;score&quot;:&quot;0&quot;,&quot;starsonly&quot;:&quot;&quot;,&quot;best&quot;:&quot;5&quot;,&quot;gap&quot;:&quot;5&quot;,&quot;greet&quot;:&quot;Valora este post&quot;,&quot;legend&quot;:&quot;0\\\/5 - (0 votes)&quot;,&quot;size&quot;:&quot;22&quot;,&quot;title&quot;:&quot;\u00a1C\u00e1rtel de Jalisco al descubierto! 20 arrestados por esconder coca\u00edna en maquinaria&quot;,&quot;width&quot;:&quot;0&quot;,&quot;_legend&quot;:&quot;{score}\\\/{best} - ({count} {votes})&quot;,&quot;font_factor&quot;:&quot;1.25&quot;}'>\n            \n<div class=\"kksr-stars\">\n    \n<div class=\"kksr-stars-inactive\">\n            <div class=\"kksr-star\" data-star=\"1\" style=\"padding-right: 5px\">\n            \n\n<div class=\"kksr-icon\" style=\"width: 22px; height: 22px;\"><\/div>\n        <\/div>\n            <div class=\"kksr-star\" data-star=\"2\" style=\"padding-right: 5px\">\n            \n\n<div class=\"kksr-icon\" style=\"width: 22px; height: 22px;\"><\/div>\n        <\/div>\n            <div class=\"kksr-star\" data-star=\"3\" style=\"padding-right: 5px\">\n            \n\n<div class=\"kksr-icon\" style=\"width: 22px; height: 22px;\"><\/div>\n        <\/div>\n            <div class=\"kksr-star\" data-star=\"4\" style=\"padding-right: 5px\">\n            \n\n<div class=\"kksr-icon\" style=\"width: 22px; height: 22px;\"><\/div>\n        <\/div>\n            <div class=\"kksr-star\" data-star=\"5\" style=\"padding-right: 5px\">\n            \n\n<div class=\"kksr-icon\" style=\"width: 22px; height: 22px;\"><\/div>\n        <\/div>\n    <\/div>\n    \n<div class=\"kksr-stars-active\" style=\"width: 0px;\">\n            <div class=\"kksr-star\" style=\"padding-right: 5px\">\n            \n\n<div class=\"kksr-icon\" style=\"width: 22px; height: 22px;\"><\/div>\n        <\/div>\n            <div class=\"kksr-star\" style=\"padding-right: 5px\">\n            \n\n<div class=\"kksr-icon\" style=\"width: 22px; height: 22px;\"><\/div>\n        <\/div>\n            <div class=\"kksr-star\" style=\"padding-right: 5px\">\n            \n\n<div class=\"kksr-icon\" style=\"width: 22px; height: 22px;\"><\/div>\n        <\/div>\n            <div class=\"kksr-star\" style=\"padding-right: 5px\">\n            \n\n<div class=\"kksr-icon\" style=\"width: 22px; height: 22px;\"><\/div>\n        <\/div>\n            <div class=\"kksr-star\" style=\"padding-right: 5px\">\n            \n\n<div class=\"kksr-icon\" style=\"width: 22px; height: 22px;\"><\/div>\n        <\/div>\n    <\/div>\n<\/div>\n                \n\n<div class=\"kksr-legend\" style=\"font-size: 17.6px;\">\n            <span class=\"kksr-muted\">Valora este post<\/span>\n    <\/div>\n    <\/div>\n","protected":false},"excerpt":{"rendered":"<p>Operativo policial desarticula centro de operaciones del C\u00e1rtel de Jalisco: 20 arrestos En un reciente golpe a las operaciones del narcotr\u00e1fico en M\u00e9xico, las autoridades han &#8230; <a title=\"\u00a1C\u00e1rtel de Jalisco al descubierto! 20 arrestados por esconder coca\u00edna en maquinaria\" class=\"read-more\" href=\"https:\/\/www.diario21.tv\/noticias\/cartel-de-jalisco-al-descubierto-20-arrestados-por-esconder-cocaina-en-maquinaria\/\" aria-label=\"Leer m\u00e1s sobre \u00a1C\u00e1rtel de Jalisco al descubierto! 20 arrestados por esconder coca\u00edna en maquinaria\">Seguir leyendo &rarr;<\/a><\/p>\n","protected":false},"author":20,"featured_media":5263,"comment_status":"open","ping_status":"open","sticky":false,"template":"","format":"standard","meta":{"footnotes":""},"categories":[13],"tags":[],"class_list":["post-5262","post","type-post","status-publish","format-standard","has-post-thumbnail","hentry","category-portada"],"yoast_head":"<!-- This site is optimized with the Yoast SEO plugin v25.6 - https:\/\/yoast.com\/wordpress\/plugins\/seo\/ -->\n<title>\u00a1C\u00e1rtel de Jalisco al descubierto! 20 arrestados por esconder coca\u00edna en maquinaria - Diario 21<\/title>\n<meta name=\"robots\" content=\"index, follow, max-snippet:-1, max-image-preview:large, max-video-preview:-1\" \/>\n<link rel=\"canonical\" href=\"https:\/\/www.diario21.tv\/noticias\/cartel-de-jalisco-al-descubierto-20-arrestados-por-esconder-cocaina-en-maquinaria\/\" \/>\n<meta property=\"og:locale\" content=\"es_ES\" \/>\n<meta property=\"og:type\" content=\"article\" \/>\n<meta property=\"og:title\" content=\"\u00a1C\u00e1rtel de Jalisco al descubierto! 20 arrestados por esconder coca\u00edna en maquinaria - Diario 21\" \/>\n<meta property=\"og:description\" content=\"Operativo policial desarticula centro de operaciones del C\u00e1rtel de Jalisco: 20 arrestos En un reciente golpe a las operaciones del narcotr\u00e1fico en M\u00e9xico, las autoridades han ... Seguir leyendo &rarr;\" \/>\n<meta property=\"og:url\" content=\"https:\/\/www.diario21.tv\/noticias\/cartel-de-jalisco-al-descubierto-20-arrestados-por-esconder-cocaina-en-maquinaria\/\" \/>\n<meta property=\"og:site_name\" content=\"Diario 21\" \/>\n<meta property=\"article:published_time\" content=\"2025-11-21T06:36:06+00:00\" \/>\n<meta property=\"article:modified_time\" content=\"2025-11-21T06:36:09+00:00\" \/>\n<meta property=\"og:image\" content=\"https:\/\/www.diario21.tv\/noticias\/wp-content\/uploads\/2025\/11\/\u00a1Cartel-de-Jalisco-al-descubierto-20-arrestados-por-esconder-cocaina.png\" \/>\n\t<meta property=\"og:image:width\" content=\"1600\" \/>\n\t<meta property=\"og:image:height\" content=\"1066\" \/>\n\t<meta property=\"og:image:type\" content=\"image\/png\" \/>\n<meta name=\"author\" content=\"Juan P\u00e9rez\" \/>\n<meta name=\"twitter:card\" content=\"summary_large_image\" \/>\n<meta name=\"twitter:label1\" content=\"Escrito por\" \/>\n\t<meta name=\"twitter:data1\" content=\"Juan P\u00e9rez\" \/>\n\t<meta name=\"twitter:label2\" content=\"Tiempo de lectura\" \/>\n\t<meta name=\"twitter:data2\" content=\"1 minuto\" \/>\n<script type=\"application\/ld+json\" class=\"yoast-schema-graph\">{\"@context\":\"https:\/\/schema.org\",\"@graph\":[{\"@type\":\"WebPage\",\"@id\":\"https:\/\/www.diario21.tv\/noticias\/cartel-de-jalisco-al-descubierto-20-arrestados-por-esconder-cocaina-en-maquinaria\/\",\"url\":\"https:\/\/www.diario21.tv\/noticias\/cartel-de-jalisco-al-descubierto-20-arrestados-por-esconder-cocaina-en-maquinaria\/\",\"name\":\"\u00a1C\u00e1rtel de Jalisco al descubierto! 20 arrestados por esconder coca\u00edna en maquinaria - Diario 21\",\"isPartOf\":{\"@id\":\"https:\/\/www.diario21.tv\/noticias\/#website\"},\"primaryImageOfPage\":{\"@id\":\"https:\/\/www.diario21.tv\/noticias\/cartel-de-jalisco-al-descubierto-20-arrestados-por-esconder-cocaina-en-maquinaria\/#primaryimage\"},\"image\":{\"@id\":\"https:\/\/www.diario21.tv\/noticias\/cartel-de-jalisco-al-descubierto-20-arrestados-por-esconder-cocaina-en-maquinaria\/#primaryimage\"},\"thumbnailUrl\":\"https:\/\/www.diario21.tv\/noticias\/wp-content\/uploads\/2025\/11\/\u00a1Cartel-de-Jalisco-al-descubierto-20-arrestados-por-esconder-cocaina.png\",\"datePublished\":\"2025-11-21T06:36:06+00:00\",\"dateModified\":\"2025-11-21T06:36:09+00:00\",\"author\":{\"@id\":\"https:\/\/www.diario21.tv\/noticias\/#\/schema\/person\/dfb778f73814d8f09f302618446a526b\"},\"breadcrumb\":{\"@id\":\"https:\/\/www.diario21.tv\/noticias\/cartel-de-jalisco-al-descubierto-20-arrestados-por-esconder-cocaina-en-maquinaria\/#breadcrumb\"},\"inLanguage\":\"es-AR\",\"potentialAction\":[{\"@type\":\"ReadAction\",\"target\":[\"https:\/\/www.diario21.tv\/noticias\/cartel-de-jalisco-al-descubierto-20-arrestados-por-esconder-cocaina-en-maquinaria\/\"]}]},{\"@type\":\"ImageObject\",\"inLanguage\":\"es-AR\",\"@id\":\"https:\/\/www.diario21.tv\/noticias\/cartel-de-jalisco-al-descubierto-20-arrestados-por-esconder-cocaina-en-maquinaria\/#primaryimage\",\"url\":\"https:\/\/www.diario21.tv\/noticias\/wp-content\/uploads\/2025\/11\/\u00a1Cartel-de-Jalisco-al-descubierto-20-arrestados-por-esconder-cocaina.png\",\"contentUrl\":\"https:\/\/www.diario21.tv\/noticias\/wp-content\/uploads\/2025\/11\/\u00a1Cartel-de-Jalisco-al-descubierto-20-arrestados-por-esconder-cocaina.png\",\"width\":1600,\"height\":1066,\"caption\":\"Desmantelada una &amp;#039;oficina&amp;#039; del C\u00e1rtel de Jalisco con 20 detenidos por ocultar coca\u00edna en maquinaria industrial\"},{\"@type\":\"BreadcrumbList\",\"@id\":\"https:\/\/www.diario21.tv\/noticias\/cartel-de-jalisco-al-descubierto-20-arrestados-por-esconder-cocaina-en-maquinaria\/#breadcrumb\",\"itemListElement\":[{\"@type\":\"ListItem\",\"position\":1,\"name\":\"Accueil\",\"item\":\"https:\/\/www.diario21.tv\/noticias\/\"},{\"@type\":\"ListItem\",\"position\":2,\"name\":\"\u00a1C\u00e1rtel de Jalisco al descubierto! 20 arrestados por esconder coca\u00edna en maquinaria\"}]},{\"@type\":\"WebSite\",\"@id\":\"https:\/\/www.diario21.tv\/noticias\/#website\",\"url\":\"https:\/\/www.diario21.tv\/noticias\/\",\"name\":\"Diario 21\",\"description\":\"\",\"potentialAction\":[{\"@type\":\"SearchAction\",\"target\":{\"@type\":\"EntryPoint\",\"urlTemplate\":\"https:\/\/www.diario21.tv\/noticias\/?s={search_term_string}\"},\"query-input\":{\"@type\":\"PropertyValueSpecification\",\"valueRequired\":true,\"valueName\":\"search_term_string\"}}],\"inLanguage\":\"es-AR\"},{\"@type\":\"Person\",\"@id\":\"https:\/\/www.diario21.tv\/noticias\/#\/schema\/person\/dfb778f73814d8f09f302618446a526b\",\"name\":\"Juan P\u00e9rez\",\"image\":{\"@type\":\"ImageObject\",\"inLanguage\":\"es-AR\",\"@id\":\"https:\/\/www.diario21.tv\/noticias\/#\/schema\/person\/image\/\",\"url\":\"https:\/\/secure.gravatar.com\/avatar\/c478a405bd10621167f4c3167cc770f5?s=96&d=mm&r=g\",\"contentUrl\":\"https:\/\/secure.gravatar.com\/avatar\/c478a405bd10621167f4c3167cc770f5?s=96&d=mm&r=g\",\"caption\":\"Juan P\u00e9rez\"},\"description\":\"Juan P\u00e9rez es el redactor en jefe de Diario 21. Con m\u00e1s de 10 a\u00f1os de experiencia en el periodismo, se especializa en pol\u00edtica nacional y an\u00e1lisis socioecon\u00f3mico. Su enfoque cr\u00edtico y riguroso aporta una perspectiva \u00fanica a cada art\u00edculo.\",\"sameAs\":[\"https:\/\/www.diario21.tv\/noticias\/\"],\"url\":\"https:\/\/www.diario21.tv\/noticias\/author\/juan-perez\/\"}]}<\/script>\n<!-- \/ Yoast SEO plugin. -->","yoast_head_json":{"title":"\u00a1C\u00e1rtel de Jalisco al descubierto! 20 arrestados por esconder coca\u00edna en maquinaria - Diario 21","robots":{"index":"index","follow":"follow","max-snippet":"max-snippet:-1","max-image-preview":"max-image-preview:large","max-video-preview":"max-video-preview:-1"},"canonical":"https:\/\/www.diario21.tv\/noticias\/cartel-de-jalisco-al-descubierto-20-arrestados-por-esconder-cocaina-en-maquinaria\/","og_locale":"es_ES","og_type":"article","og_title":"\u00a1C\u00e1rtel de Jalisco al descubierto! 20 arrestados por esconder coca\u00edna en maquinaria - Diario 21","og_description":"Operativo policial desarticula centro de operaciones del C\u00e1rtel de Jalisco: 20 arrestos En un reciente golpe a las operaciones del narcotr\u00e1fico en M\u00e9xico, las autoridades han ... Seguir leyendo &rarr;","og_url":"https:\/\/www.diario21.tv\/noticias\/cartel-de-jalisco-al-descubierto-20-arrestados-por-esconder-cocaina-en-maquinaria\/","og_site_name":"Diario 21","article_published_time":"2025-11-21T06:36:06+00:00","article_modified_time":"2025-11-21T06:36:09+00:00","og_image":[{"width":1600,"height":1066,"url":"https:\/\/www.diario21.tv\/noticias\/wp-content\/uploads\/2025\/11\/\u00a1Cartel-de-Jalisco-al-descubierto-20-arrestados-por-esconder-cocaina.png","type":"image\/png"}],"author":"Juan P\u00e9rez","twitter_card":"summary_large_image","twitter_misc":{"Escrito por":"Juan P\u00e9rez","Tiempo de lectura":"1 minuto"},"schema":{"@context":"https:\/\/schema.org","@graph":[{"@type":"WebPage","@id":"https:\/\/www.diario21.tv\/noticias\/cartel-de-jalisco-al-descubierto-20-arrestados-por-esconder-cocaina-en-maquinaria\/","url":"https:\/\/www.diario21.tv\/noticias\/cartel-de-jalisco-al-descubierto-20-arrestados-por-esconder-cocaina-en-maquinaria\/","name":"\u00a1C\u00e1rtel de Jalisco al descubierto! 20 arrestados por esconder coca\u00edna en maquinaria - Diario 21","isPartOf":{"@id":"https:\/\/www.diario21.tv\/noticias\/#website"},"primaryImageOfPage":{"@id":"https:\/\/www.diario21.tv\/noticias\/cartel-de-jalisco-al-descubierto-20-arrestados-por-esconder-cocaina-en-maquinaria\/#primaryimage"},"image":{"@id":"https:\/\/www.diario21.tv\/noticias\/cartel-de-jalisco-al-descubierto-20-arrestados-por-esconder-cocaina-en-maquinaria\/#primaryimage"},"thumbnailUrl":"https:\/\/www.diario21.tv\/noticias\/wp-content\/uploads\/2025\/11\/\u00a1Cartel-de-Jalisco-al-descubierto-20-arrestados-por-esconder-cocaina.png","datePublished":"2025-11-21T06:36:06+00:00","dateModified":"2025-11-21T06:36:09+00:00","author":{"@id":"https:\/\/www.diario21.tv\/noticias\/#\/schema\/person\/dfb778f73814d8f09f302618446a526b"},"breadcrumb":{"@id":"https:\/\/www.diario21.tv\/noticias\/cartel-de-jalisco-al-descubierto-20-arrestados-por-esconder-cocaina-en-maquinaria\/#breadcrumb"},"inLanguage":"es-AR","potentialAction":[{"@type":"ReadAction","target":["https:\/\/www.diario21.tv\/noticias\/cartel-de-jalisco-al-descubierto-20-arrestados-por-esconder-cocaina-en-maquinaria\/"]}]},{"@type":"ImageObject","inLanguage":"es-AR","@id":"https:\/\/www.diario21.tv\/noticias\/cartel-de-jalisco-al-descubierto-20-arrestados-por-esconder-cocaina-en-maquinaria\/#primaryimage","url":"https:\/\/www.diario21.tv\/noticias\/wp-content\/uploads\/2025\/11\/\u00a1Cartel-de-Jalisco-al-descubierto-20-arrestados-por-esconder-cocaina.png","contentUrl":"https:\/\/www.diario21.tv\/noticias\/wp-content\/uploads\/2025\/11\/\u00a1Cartel-de-Jalisco-al-descubierto-20-arrestados-por-esconder-cocaina.png","width":1600,"height":1066,"caption":"Desmantelada una &amp;#039;oficina&amp;#039; del C\u00e1rtel de Jalisco con 20 detenidos por ocultar coca\u00edna en maquinaria industrial"},{"@type":"BreadcrumbList","@id":"https:\/\/www.diario21.tv\/noticias\/cartel-de-jalisco-al-descubierto-20-arrestados-por-esconder-cocaina-en-maquinaria\/#breadcrumb","itemListElement":[{"@type":"ListItem","position":1,"name":"Accueil","item":"https:\/\/www.diario21.tv\/noticias\/"},{"@type":"ListItem","position":2,"name":"\u00a1C\u00e1rtel de Jalisco al descubierto! 20 arrestados por esconder coca\u00edna en maquinaria"}]},{"@type":"WebSite","@id":"https:\/\/www.diario21.tv\/noticias\/#website","url":"https:\/\/www.diario21.tv\/noticias\/","name":"Diario 21","description":"","potentialAction":[{"@type":"SearchAction","target":{"@type":"EntryPoint","urlTemplate":"https:\/\/www.diario21.tv\/noticias\/?s={search_term_string}"},"query-input":{"@type":"PropertyValueSpecification","valueRequired":true,"valueName":"search_term_string"}}],"inLanguage":"es-AR"},{"@type":"Person","@id":"https:\/\/www.diario21.tv\/noticias\/#\/schema\/person\/dfb778f73814d8f09f302618446a526b","name":"Juan P\u00e9rez","image":{"@type":"ImageObject","inLanguage":"es-AR","@id":"https:\/\/www.diario21.tv\/noticias\/#\/schema\/person\/image\/","url":"https:\/\/secure.gravatar.com\/avatar\/c478a405bd10621167f4c3167cc770f5?s=96&d=mm&r=g","contentUrl":"https:\/\/secure.gravatar.com\/avatar\/c478a405bd10621167f4c3167cc770f5?s=96&d=mm&r=g","caption":"Juan P\u00e9rez"},"description":"Juan P\u00e9rez es el redactor en jefe de Diario 21. Con m\u00e1s de 10 a\u00f1os de experiencia en el periodismo, se especializa en pol\u00edtica nacional y an\u00e1lisis socioecon\u00f3mico. Su enfoque cr\u00edtico y riguroso aporta una perspectiva \u00fanica a cada art\u00edculo.","sameAs":["https:\/\/www.diario21.tv\/noticias\/"],"url":"https:\/\/www.diario21.tv\/noticias\/author\/juan-perez\/"}]}},"_links":{"self":[{"href":"https:\/\/www.diario21.tv\/noticias\/wp-json\/wp\/v2\/posts\/5262"}],"collection":[{"href":"https:\/\/www.diario21.tv\/noticias\/wp-json\/wp\/v2\/posts"}],"about":[{"href":"https:\/\/www.diario21.tv\/noticias\/wp-json\/wp\/v2\/types\/post"}],"author":[{"embeddable":true,"href":"https:\/\/www.diario21.tv\/noticias\/wp-json\/wp\/v2\/users\/20"}],"replies":[{"embeddable":true,"href":"https:\/\/www.diario21.tv\/noticias\/wp-json\/wp\/v2\/comments?post=5262"}],"version-history":[{"count":1,"href":"https:\/\/www.diario21.tv\/noticias\/wp-json\/wp\/v2\/posts\/5262\/revisions"}],"predecessor-version":[{"id":5264,"href":"https:\/\/www.diario21.tv\/noticias\/wp-json\/wp\/v2\/posts\/5262\/revisions\/5264"}],"wp:featuredmedia":[{"embeddable":true,"href":"https:\/\/www.diario21.tv\/noticias\/wp-json\/wp\/v2\/media\/5263"}],"wp:attachment":[{"href":"https:\/\/www.diario21.tv\/noticias\/wp-json\/wp\/v2\/media?parent=5262"}],"wp:term":[{"taxonomy":"category","embeddable":true,"href":"https:\/\/www.diario21.tv\/noticias\/wp-json\/wp\/v2\/categories?post=5262"},{"taxonomy":"post_tag","embeddable":true,"href":"https:\/\/www.diario21.tv\/noticias\/wp-json\/wp\/v2\/tags?post=5262"}],"curies":[{"name":"wp","href":"https:\/\/api.w.org\/{rel}","templated":true}]}}