{"id":5253,"date":"2025-11-20T12:30:19","date_gmt":"2025-11-20T12:30:19","guid":{"rendered":"https:\/\/www.diario21.tv\/noticias\/increible-obsesionado-con-robar-cepillos-detienen-a-ladron-en-ermita-de-ciudad-real\/"},"modified":"2025-11-20T12:30:20","modified_gmt":"2025-11-20T12:30:20","slug":"increible-obsesionado-con-robar-cepillos-detienen-a-ladron-en-ermita-de-ciudad-real","status":"publish","type":"post","link":"https:\/\/www.diario21.tv\/noticias\/increible-obsesionado-con-robar-cepillos-detienen-a-ladron-en-ermita-de-ciudad-real\/","title":{"rendered":"\u00a1Incre\u00edble! Obsesionado con robar cepillos, detienen a ladr\u00f3n en ermita de Ciudad Real."},"content":{"rendered":"<h2>Arrestan a un ladr\u00f3n obsesionado con los cepillos de una ermita en Ciudad Real<\/h2>\n<p>En un giro inusual de los acontecimientos, la polic\u00eda ha detenido a un hombre acusado de robar repetidamente los cepillos de una ermita en Ciudad Real. Este caso curioso ha llamado la atenci\u00f3n no solo por la naturaleza de los objetos robados, sino tambi\u00e9n por la obsesi\u00f3n del ladr\u00f3n con estos elementos espec\u00edficos.<\/p>\n<h3>Una serie de robos inusuales<\/h3>\n<p>El individuo, cuya identidad no ha sido revelada, parece haber desarrollado una fijaci\u00f3n peculiar con los cepillos de la ermita, llev\u00e1ndose estos objetos en m\u00faltiples ocasiones. Los cepillos, que generalmente contienen donativos de los fieles, fueron el \u00fanico objetivo del ladr\u00f3n durante su serie de incursiones.<\/p>\n<p>Los responsables de la ermita inicialmente no dieron cr\u00e9dito a la naturaleza repetitiva y espec\u00edfica de los robos. Sin embargo, tras varias sustracciones, se vieron obligados a instalar c\u00e1maras de seguridad, lo que finalmente llev\u00f3 a la captura del sospechoso.<\/p>\n<h3>La captura del sospechoso<\/h3>\n<p>Gracias a las im\u00e1genes captadas por las c\u00e1maras, la polic\u00eda pudo identificar y arrestar al presunto ladr\u00f3n. Durante el interrogatorio, el hombre no proporcion\u00f3 una explicaci\u00f3n clara sobre por qu\u00e9 se centr\u00f3 exclusivamente en los cepillos, dejando un manto de misterio sobre sus motivaciones.<\/p>\n<p>La comunidad local ha reaccionado con sorpresa y alivio ante la noticia del arresto. Muchos se mostraron desconcertados por la elecci\u00f3n del objeto de los robos, mientras que otros se sintieron aliviados de saber que la persona responsable hab\u00eda sido detenida.<\/p>\n<h3>Medidas de seguridad reforzadas<\/h3>\n<p>A ra\u00edz de estos eventos, la ermita ha decidido aumentar las medidas de seguridad, instalando sistemas m\u00e1s avanzados de vigilancia y protecci\u00f3n para evitar futuros incidentes. Adem\u00e1s, se ha hecho un llamado a la comunidad para que colabore m\u00e1s activamente en la vigilancia y protecci\u00f3n de su patrimonio local.<\/p>\n<p>El caso contin\u00faa bajo investigaci\u00f3n para determinar si el detenido est\u00e1 vinculado a otros robos similares en la regi\u00f3n. Mientras tanto, la ermita de Ciudad Real espera volver a la normalidad, ahora con una historia bastante peculiar para contar a sus visitantes.<\/p>\n\n\n<div class=\"kk-star-ratings kksr-auto kksr-align-left kksr-valign-bottom\"\n    data-payload='{&quot;align&quot;:&quot;left&quot;,&quot;id&quot;:&quot;5253&quot;,&quot;slug&quot;:&quot;default&quot;,&quot;valign&quot;:&quot;bottom&quot;,&quot;ignore&quot;:&quot;&quot;,&quot;reference&quot;:&quot;auto&quot;,&quot;class&quot;:&quot;&quot;,&quot;count&quot;:&quot;0&quot;,&quot;legendonly&quot;:&quot;&quot;,&quot;readonly&quot;:&quot;&quot;,&quot;score&quot;:&quot;0&quot;,&quot;starsonly&quot;:&quot;&quot;,&quot;best&quot;:&quot;5&quot;,&quot;gap&quot;:&quot;5&quot;,&quot;greet&quot;:&quot;Valora este post&quot;,&quot;legend&quot;:&quot;0\\\/5 - (0 votes)&quot;,&quot;size&quot;:&quot;22&quot;,&quot;title&quot;:&quot;\u00a1Incre\u00edble! Obsesionado con robar cepillos, detienen a ladr\u00f3n en ermita de Ciudad Real.&quot;,&quot;width&quot;:&quot;0&quot;,&quot;_legend&quot;:&quot;{score}\\\/{best} - ({count} {votes})&quot;,&quot;font_factor&quot;:&quot;1.25&quot;}'>\n            \n<div class=\"kksr-stars\">\n    \n<div class=\"kksr-stars-inactive\">\n            <div class=\"kksr-star\" data-star=\"1\" style=\"padding-right: 5px\">\n            \n\n<div class=\"kksr-icon\" style=\"width: 22px; height: 22px;\"><\/div>\n        <\/div>\n            <div class=\"kksr-star\" data-star=\"2\" style=\"padding-right: 5px\">\n            \n\n<div class=\"kksr-icon\" style=\"width: 22px; height: 22px;\"><\/div>\n        <\/div>\n            <div class=\"kksr-star\" data-star=\"3\" style=\"padding-right: 5px\">\n            \n\n<div class=\"kksr-icon\" style=\"width: 22px; height: 22px;\"><\/div>\n        <\/div>\n            <div class=\"kksr-star\" data-star=\"4\" style=\"padding-right: 5px\">\n            \n\n<div class=\"kksr-icon\" style=\"width: 22px; height: 22px;\"><\/div>\n        <\/div>\n            <div class=\"kksr-star\" data-star=\"5\" style=\"padding-right: 5px\">\n            \n\n<div class=\"kksr-icon\" style=\"width: 22px; height: 22px;\"><\/div>\n        <\/div>\n    <\/div>\n    \n<div class=\"kksr-stars-active\" style=\"width: 0px;\">\n            <div class=\"kksr-star\" style=\"padding-right: 5px\">\n            \n\n<div class=\"kksr-icon\" style=\"width: 22px; height: 22px;\"><\/div>\n        <\/div>\n            <div class=\"kksr-star\" style=\"padding-right: 5px\">\n            \n\n<div class=\"kksr-icon\" style=\"width: 22px; height: 22px;\"><\/div>\n        <\/div>\n            <div class=\"kksr-star\" style=\"padding-right: 5px\">\n            \n\n<div class=\"kksr-icon\" style=\"width: 22px; height: 22px;\"><\/div>\n        <\/div>\n            <div class=\"kksr-star\" style=\"padding-right: 5px\">\n            \n\n<div class=\"kksr-icon\" style=\"width: 22px; height: 22px;\"><\/div>\n        <\/div>\n            <div class=\"kksr-star\" style=\"padding-right: 5px\">\n            \n\n<div class=\"kksr-icon\" style=\"width: 22px; height: 22px;\"><\/div>\n        <\/div>\n    <\/div>\n<\/div>\n                \n\n<div class=\"kksr-legend\" style=\"font-size: 17.6px;\">\n            <span class=\"kksr-muted\">Valora este post<\/span>\n    <\/div>\n    <\/div>\n","protected":false},"excerpt":{"rendered":"<p>Arrestan a un ladr\u00f3n obsesionado con los cepillos de una ermita en Ciudad Real En un giro inusual de los acontecimientos, la polic\u00eda ha detenido a &#8230; <a title=\"\u00a1Incre\u00edble! Obsesionado con robar cepillos, detienen a ladr\u00f3n en ermita de Ciudad Real.\" class=\"read-more\" href=\"https:\/\/www.diario21.tv\/noticias\/increible-obsesionado-con-robar-cepillos-detienen-a-ladron-en-ermita-de-ciudad-real\/\" aria-label=\"Leer m\u00e1s sobre \u00a1Incre\u00edble! Obsesionado con robar cepillos, detienen a ladr\u00f3n en ermita de Ciudad Real.\">Seguir leyendo &rarr;<\/a><\/p>\n","protected":false},"author":20,"featured_media":5254,"comment_status":"open","ping_status":"open","sticky":false,"template":"","format":"standard","meta":{"footnotes":""},"categories":[13],"tags":[],"class_list":["post-5253","post","type-post","status-publish","format-standard","has-post-thumbnail","hentry","category-portada"],"yoast_head":"<!-- This site is optimized with the Yoast SEO plugin v25.6 - https:\/\/yoast.com\/wordpress\/plugins\/seo\/ -->\n<title>\u00a1Incre\u00edble! Obsesionado con robar cepillos, detienen a ladr\u00f3n en ermita de Ciudad Real. - Diario 21<\/title>\n<meta name=\"robots\" content=\"index, follow, max-snippet:-1, max-image-preview:large, max-video-preview:-1\" \/>\n<link rel=\"canonical\" href=\"https:\/\/www.diario21.tv\/noticias\/increible-obsesionado-con-robar-cepillos-detienen-a-ladron-en-ermita-de-ciudad-real\/\" \/>\n<meta property=\"og:locale\" content=\"es_ES\" \/>\n<meta property=\"og:type\" content=\"article\" \/>\n<meta property=\"og:title\" content=\"\u00a1Incre\u00edble! Obsesionado con robar cepillos, detienen a ladr\u00f3n en ermita de Ciudad Real. - Diario 21\" \/>\n<meta property=\"og:description\" content=\"Arrestan a un ladr\u00f3n obsesionado con los cepillos de una ermita en Ciudad Real En un giro inusual de los acontecimientos, la polic\u00eda ha detenido a ... Seguir leyendo &rarr;\" \/>\n<meta property=\"og:url\" content=\"https:\/\/www.diario21.tv\/noticias\/increible-obsesionado-con-robar-cepillos-detienen-a-ladron-en-ermita-de-ciudad-real\/\" \/>\n<meta property=\"og:site_name\" content=\"Diario 21\" \/>\n<meta property=\"article:published_time\" content=\"2025-11-20T12:30:19+00:00\" \/>\n<meta property=\"article:modified_time\" content=\"2025-11-20T12:30:20+00:00\" \/>\n<meta property=\"og:image\" content=\"https:\/\/www.diario21.tv\/noticias\/wp-content\/uploads\/2025\/11\/\u00a1Increible-Obsesionado-con-robar-cepillos-detienen-a-ladron-en-ermita.jpg\" \/>\n\t<meta property=\"og:image:width\" content=\"1197\" \/>\n\t<meta property=\"og:image:height\" content=\"840\" \/>\n\t<meta property=\"og:image:type\" content=\"image\/jpeg\" \/>\n<meta name=\"author\" content=\"Juan P\u00e9rez\" \/>\n<meta name=\"twitter:card\" content=\"summary_large_image\" \/>\n<meta name=\"twitter:label1\" content=\"Escrito por\" \/>\n\t<meta name=\"twitter:data1\" content=\"Juan P\u00e9rez\" \/>\n\t<meta name=\"twitter:label2\" content=\"Tiempo de lectura\" \/>\n\t<meta name=\"twitter:data2\" content=\"2 minutos\" \/>\n<script type=\"application\/ld+json\" class=\"yoast-schema-graph\">{\"@context\":\"https:\/\/schema.org\",\"@graph\":[{\"@type\":\"WebPage\",\"@id\":\"https:\/\/www.diario21.tv\/noticias\/increible-obsesionado-con-robar-cepillos-detienen-a-ladron-en-ermita-de-ciudad-real\/\",\"url\":\"https:\/\/www.diario21.tv\/noticias\/increible-obsesionado-con-robar-cepillos-detienen-a-ladron-en-ermita-de-ciudad-real\/\",\"name\":\"\u00a1Incre\u00edble! Obsesionado con robar cepillos, detienen a ladr\u00f3n en ermita de Ciudad Real. - Diario 21\",\"isPartOf\":{\"@id\":\"https:\/\/www.diario21.tv\/noticias\/#website\"},\"primaryImageOfPage\":{\"@id\":\"https:\/\/www.diario21.tv\/noticias\/increible-obsesionado-con-robar-cepillos-detienen-a-ladron-en-ermita-de-ciudad-real\/#primaryimage\"},\"image\":{\"@id\":\"https:\/\/www.diario21.tv\/noticias\/increible-obsesionado-con-robar-cepillos-detienen-a-ladron-en-ermita-de-ciudad-real\/#primaryimage\"},\"thumbnailUrl\":\"https:\/\/www.diario21.tv\/noticias\/wp-content\/uploads\/2025\/11\/\u00a1Increible-Obsesionado-con-robar-cepillos-detienen-a-ladron-en-ermita.jpg\",\"datePublished\":\"2025-11-20T12:30:19+00:00\",\"dateModified\":\"2025-11-20T12:30:20+00:00\",\"author\":{\"@id\":\"https:\/\/www.diario21.tv\/noticias\/#\/schema\/person\/dfb778f73814d8f09f302618446a526b\"},\"breadcrumb\":{\"@id\":\"https:\/\/www.diario21.tv\/noticias\/increible-obsesionado-con-robar-cepillos-detienen-a-ladron-en-ermita-de-ciudad-real\/#breadcrumb\"},\"inLanguage\":\"es-AR\",\"potentialAction\":[{\"@type\":\"ReadAction\",\"target\":[\"https:\/\/www.diario21.tv\/noticias\/increible-obsesionado-con-robar-cepillos-detienen-a-ladron-en-ermita-de-ciudad-real\/\"]}]},{\"@type\":\"ImageObject\",\"inLanguage\":\"es-AR\",\"@id\":\"https:\/\/www.diario21.tv\/noticias\/increible-obsesionado-con-robar-cepillos-detienen-a-ladron-en-ermita-de-ciudad-real\/#primaryimage\",\"url\":\"https:\/\/www.diario21.tv\/noticias\/wp-content\/uploads\/2025\/11\/\u00a1Increible-Obsesionado-con-robar-cepillos-detienen-a-ladron-en-ermita.jpg\",\"contentUrl\":\"https:\/\/www.diario21.tv\/noticias\/wp-content\/uploads\/2025\/11\/\u00a1Increible-Obsesionado-con-robar-cepillos-detienen-a-ladron-en-ermita.jpg\",\"width\":1197,\"height\":840,\"caption\":\"Detenido un ladr\u00f3n que se obsesion\u00f3 con robar los cepillos de una ermita de Ciudad Real\"},{\"@type\":\"BreadcrumbList\",\"@id\":\"https:\/\/www.diario21.tv\/noticias\/increible-obsesionado-con-robar-cepillos-detienen-a-ladron-en-ermita-de-ciudad-real\/#breadcrumb\",\"itemListElement\":[{\"@type\":\"ListItem\",\"position\":1,\"name\":\"Accueil\",\"item\":\"https:\/\/www.diario21.tv\/noticias\/\"},{\"@type\":\"ListItem\",\"position\":2,\"name\":\"\u00a1Incre\u00edble! Obsesionado con robar cepillos, detienen a ladr\u00f3n en ermita de Ciudad Real.\"}]},{\"@type\":\"WebSite\",\"@id\":\"https:\/\/www.diario21.tv\/noticias\/#website\",\"url\":\"https:\/\/www.diario21.tv\/noticias\/\",\"name\":\"Diario 21\",\"description\":\"\",\"potentialAction\":[{\"@type\":\"SearchAction\",\"target\":{\"@type\":\"EntryPoint\",\"urlTemplate\":\"https:\/\/www.diario21.tv\/noticias\/?s={search_term_string}\"},\"query-input\":{\"@type\":\"PropertyValueSpecification\",\"valueRequired\":true,\"valueName\":\"search_term_string\"}}],\"inLanguage\":\"es-AR\"},{\"@type\":\"Person\",\"@id\":\"https:\/\/www.diario21.tv\/noticias\/#\/schema\/person\/dfb778f73814d8f09f302618446a526b\",\"name\":\"Juan P\u00e9rez\",\"image\":{\"@type\":\"ImageObject\",\"inLanguage\":\"es-AR\",\"@id\":\"https:\/\/www.diario21.tv\/noticias\/#\/schema\/person\/image\/\",\"url\":\"https:\/\/secure.gravatar.com\/avatar\/c478a405bd10621167f4c3167cc770f5?s=96&d=mm&r=g\",\"contentUrl\":\"https:\/\/secure.gravatar.com\/avatar\/c478a405bd10621167f4c3167cc770f5?s=96&d=mm&r=g\",\"caption\":\"Juan P\u00e9rez\"},\"description\":\"Juan P\u00e9rez es el redactor en jefe de Diario 21. Con m\u00e1s de 10 a\u00f1os de experiencia en el periodismo, se especializa en pol\u00edtica nacional y an\u00e1lisis socioecon\u00f3mico. Su enfoque cr\u00edtico y riguroso aporta una perspectiva \u00fanica a cada art\u00edculo.\",\"sameAs\":[\"https:\/\/www.diario21.tv\/noticias\/\"],\"url\":\"https:\/\/www.diario21.tv\/noticias\/author\/juan-perez\/\"}]}<\/script>\n<!-- \/ Yoast SEO plugin. -->","yoast_head_json":{"title":"\u00a1Incre\u00edble! Obsesionado con robar cepillos, detienen a ladr\u00f3n en ermita de Ciudad Real. - Diario 21","robots":{"index":"index","follow":"follow","max-snippet":"max-snippet:-1","max-image-preview":"max-image-preview:large","max-video-preview":"max-video-preview:-1"},"canonical":"https:\/\/www.diario21.tv\/noticias\/increible-obsesionado-con-robar-cepillos-detienen-a-ladron-en-ermita-de-ciudad-real\/","og_locale":"es_ES","og_type":"article","og_title":"\u00a1Incre\u00edble! Obsesionado con robar cepillos, detienen a ladr\u00f3n en ermita de Ciudad Real. - Diario 21","og_description":"Arrestan a un ladr\u00f3n obsesionado con los cepillos de una ermita en Ciudad Real En un giro inusual de los acontecimientos, la polic\u00eda ha detenido a ... Seguir leyendo &rarr;","og_url":"https:\/\/www.diario21.tv\/noticias\/increible-obsesionado-con-robar-cepillos-detienen-a-ladron-en-ermita-de-ciudad-real\/","og_site_name":"Diario 21","article_published_time":"2025-11-20T12:30:19+00:00","article_modified_time":"2025-11-20T12:30:20+00:00","og_image":[{"width":1197,"height":840,"url":"https:\/\/www.diario21.tv\/noticias\/wp-content\/uploads\/2025\/11\/\u00a1Increible-Obsesionado-con-robar-cepillos-detienen-a-ladron-en-ermita.jpg","type":"image\/jpeg"}],"author":"Juan P\u00e9rez","twitter_card":"summary_large_image","twitter_misc":{"Escrito por":"Juan P\u00e9rez","Tiempo de lectura":"2 minutos"},"schema":{"@context":"https:\/\/schema.org","@graph":[{"@type":"WebPage","@id":"https:\/\/www.diario21.tv\/noticias\/increible-obsesionado-con-robar-cepillos-detienen-a-ladron-en-ermita-de-ciudad-real\/","url":"https:\/\/www.diario21.tv\/noticias\/increible-obsesionado-con-robar-cepillos-detienen-a-ladron-en-ermita-de-ciudad-real\/","name":"\u00a1Incre\u00edble! Obsesionado con robar cepillos, detienen a ladr\u00f3n en ermita de Ciudad Real. - Diario 21","isPartOf":{"@id":"https:\/\/www.diario21.tv\/noticias\/#website"},"primaryImageOfPage":{"@id":"https:\/\/www.diario21.tv\/noticias\/increible-obsesionado-con-robar-cepillos-detienen-a-ladron-en-ermita-de-ciudad-real\/#primaryimage"},"image":{"@id":"https:\/\/www.diario21.tv\/noticias\/increible-obsesionado-con-robar-cepillos-detienen-a-ladron-en-ermita-de-ciudad-real\/#primaryimage"},"thumbnailUrl":"https:\/\/www.diario21.tv\/noticias\/wp-content\/uploads\/2025\/11\/\u00a1Increible-Obsesionado-con-robar-cepillos-detienen-a-ladron-en-ermita.jpg","datePublished":"2025-11-20T12:30:19+00:00","dateModified":"2025-11-20T12:30:20+00:00","author":{"@id":"https:\/\/www.diario21.tv\/noticias\/#\/schema\/person\/dfb778f73814d8f09f302618446a526b"},"breadcrumb":{"@id":"https:\/\/www.diario21.tv\/noticias\/increible-obsesionado-con-robar-cepillos-detienen-a-ladron-en-ermita-de-ciudad-real\/#breadcrumb"},"inLanguage":"es-AR","potentialAction":[{"@type":"ReadAction","target":["https:\/\/www.diario21.tv\/noticias\/increible-obsesionado-con-robar-cepillos-detienen-a-ladron-en-ermita-de-ciudad-real\/"]}]},{"@type":"ImageObject","inLanguage":"es-AR","@id":"https:\/\/www.diario21.tv\/noticias\/increible-obsesionado-con-robar-cepillos-detienen-a-ladron-en-ermita-de-ciudad-real\/#primaryimage","url":"https:\/\/www.diario21.tv\/noticias\/wp-content\/uploads\/2025\/11\/\u00a1Increible-Obsesionado-con-robar-cepillos-detienen-a-ladron-en-ermita.jpg","contentUrl":"https:\/\/www.diario21.tv\/noticias\/wp-content\/uploads\/2025\/11\/\u00a1Increible-Obsesionado-con-robar-cepillos-detienen-a-ladron-en-ermita.jpg","width":1197,"height":840,"caption":"Detenido un ladr\u00f3n que se obsesion\u00f3 con robar los cepillos de una ermita de Ciudad Real"},{"@type":"BreadcrumbList","@id":"https:\/\/www.diario21.tv\/noticias\/increible-obsesionado-con-robar-cepillos-detienen-a-ladron-en-ermita-de-ciudad-real\/#breadcrumb","itemListElement":[{"@type":"ListItem","position":1,"name":"Accueil","item":"https:\/\/www.diario21.tv\/noticias\/"},{"@type":"ListItem","position":2,"name":"\u00a1Incre\u00edble! Obsesionado con robar cepillos, detienen a ladr\u00f3n en ermita de Ciudad Real."}]},{"@type":"WebSite","@id":"https:\/\/www.diario21.tv\/noticias\/#website","url":"https:\/\/www.diario21.tv\/noticias\/","name":"Diario 21","description":"","potentialAction":[{"@type":"SearchAction","target":{"@type":"EntryPoint","urlTemplate":"https:\/\/www.diario21.tv\/noticias\/?s={search_term_string}"},"query-input":{"@type":"PropertyValueSpecification","valueRequired":true,"valueName":"search_term_string"}}],"inLanguage":"es-AR"},{"@type":"Person","@id":"https:\/\/www.diario21.tv\/noticias\/#\/schema\/person\/dfb778f73814d8f09f302618446a526b","name":"Juan P\u00e9rez","image":{"@type":"ImageObject","inLanguage":"es-AR","@id":"https:\/\/www.diario21.tv\/noticias\/#\/schema\/person\/image\/","url":"https:\/\/secure.gravatar.com\/avatar\/c478a405bd10621167f4c3167cc770f5?s=96&d=mm&r=g","contentUrl":"https:\/\/secure.gravatar.com\/avatar\/c478a405bd10621167f4c3167cc770f5?s=96&d=mm&r=g","caption":"Juan P\u00e9rez"},"description":"Juan P\u00e9rez es el redactor en jefe de Diario 21. Con m\u00e1s de 10 a\u00f1os de experiencia en el periodismo, se especializa en pol\u00edtica nacional y an\u00e1lisis socioecon\u00f3mico. Su enfoque cr\u00edtico y riguroso aporta una perspectiva \u00fanica a cada art\u00edculo.","sameAs":["https:\/\/www.diario21.tv\/noticias\/"],"url":"https:\/\/www.diario21.tv\/noticias\/author\/juan-perez\/"}]}},"_links":{"self":[{"href":"https:\/\/www.diario21.tv\/noticias\/wp-json\/wp\/v2\/posts\/5253"}],"collection":[{"href":"https:\/\/www.diario21.tv\/noticias\/wp-json\/wp\/v2\/posts"}],"about":[{"href":"https:\/\/www.diario21.tv\/noticias\/wp-json\/wp\/v2\/types\/post"}],"author":[{"embeddable":true,"href":"https:\/\/www.diario21.tv\/noticias\/wp-json\/wp\/v2\/users\/20"}],"replies":[{"embeddable":true,"href":"https:\/\/www.diario21.tv\/noticias\/wp-json\/wp\/v2\/comments?post=5253"}],"version-history":[{"count":1,"href":"https:\/\/www.diario21.tv\/noticias\/wp-json\/wp\/v2\/posts\/5253\/revisions"}],"predecessor-version":[{"id":5255,"href":"https:\/\/www.diario21.tv\/noticias\/wp-json\/wp\/v2\/posts\/5253\/revisions\/5255"}],"wp:featuredmedia":[{"embeddable":true,"href":"https:\/\/www.diario21.tv\/noticias\/wp-json\/wp\/v2\/media\/5254"}],"wp:attachment":[{"href":"https:\/\/www.diario21.tv\/noticias\/wp-json\/wp\/v2\/media?parent=5253"}],"wp:term":[{"taxonomy":"category","embeddable":true,"href":"https:\/\/www.diario21.tv\/noticias\/wp-json\/wp\/v2\/categories?post=5253"},{"taxonomy":"post_tag","embeddable":true,"href":"https:\/\/www.diario21.tv\/noticias\/wp-json\/wp\/v2\/tags?post=5253"}],"curies":[{"name":"wp","href":"https:\/\/api.w.org\/{rel}","templated":true}]}}