{"id":5235,"date":"2025-11-19T00:24:08","date_gmt":"2025-11-19T00:24:08","guid":{"rendered":"https:\/\/www.diario21.tv\/noticias\/amor-y-furia-en-protesta-climatica-contra-el-gasto-en-defensa-descubre-por-que\/"},"modified":"2025-11-19T00:24:10","modified_gmt":"2025-11-19T00:24:10","slug":"amor-y-furia-en-protesta-climatica-contra-el-gasto-en-defensa-descubre-por-que","status":"publish","type":"post","link":"https:\/\/www.diario21.tv\/noticias\/amor-y-furia-en-protesta-climatica-contra-el-gasto-en-defensa-descubre-por-que\/","title":{"rendered":"Amor y furia en protesta clim\u00e1tica contra el gasto en Defensa \u00a1Descubre por qu\u00e9!"},"content":{"rendered":"<h2>Manifestaci\u00f3n de Pasi\u00f3n y Enfado Frente al Gasto Militar y la Crisis Clim\u00e1tica<\/h2>\n<p>En una demostraci\u00f3n vehemente de descontento y exigencia de cambio, cientos de manifestantes se congregaron el fin de semana pasado para expresar su rechazo hacia las pol\u00edticas actuales de gasto en defensa y la falta de acciones efectivas contra el cambio clim\u00e1tico. Este movimiento, descrito por sus organizadores como una uni\u00f3n de &#8220;amor por el planeta y furia contra la inacci\u00f3n&#8221;, busca recalcar la necesidad urgente de repensar las prioridades gubernamentales.<\/p>\n<h3>Un Grito por el Cambio en las Pol\u00edticas de Defensa<\/h3>\n<p>Los manifestantes se mostraron particularmente cr\u00edticos con el nivel de recursos destinados al sector de la defensa, argumentando que estos fondos podr\u00edan ser mejor utilizados en \u00e1reas como la educaci\u00f3n, la salud p\u00fablica y, sobre todo, la lucha contra el cambio clim\u00e1tico. Carteles y c\u00e1nticos reflejaban un profundo descontento con la distribuci\u00f3n actual del presupuesto estatal, que consideran desproporcionado en comparaci\u00f3n con las verdaderas necesidades de la poblaci\u00f3n.<\/p>\n<h3>La Lucha Contra el Cambio Clim\u00e1tico en el Punto de Mira<\/h3>\n<p>Adem\u00e1s del gasto en defensa, la manifestaci\u00f3n puso un gran \u00e9nfasis en la crisis clim\u00e1tica. Los participantes denunciaron la lentitud de las acciones gubernamentales en materia de medio ambiente, exigiendo medidas m\u00e1s r\u00e1pidas y efectivas para combatir el calentamiento global. Con pancartas que proclamaban &#8220;El planeta antes que las pistolas&#8221; y &#8220;M\u00e1s \u00e1rboles, menos tanques&#8221;, los manifestantes hicieron un llamado a la acci\u00f3n inmediata para preservar el futuro del planeta.<\/p>\n<p>Este evento no solo busc\u00f3 influir en la opini\u00f3n p\u00fablica y las decisiones pol\u00edticas a nivel nacional, sino que tambi\u00e9n se enmarc\u00f3 dentro de una serie de protestas similares alrededor del mundo. La coordinaci\u00f3n global de estos eventos refleja una creciente preocupaci\u00f3n internacional por el enfoque de los gobiernos en la militarizaci\u00f3n en lugar de la sustentabilidad ambiental.<\/p>\n<h3>Reacciones y Respuestas<\/h3>\n<p>La protesta fue mayoritariamente pac\u00edfica, aunque hubo momentos de tensi\u00f3n cuando algunos grupos intentaron acercarse a edificios gubernamentales, siendo contenidos por las fuerzas del orden. Las autoridades locales expresaron su compromiso con el derecho a la protesta, siempre y cuando se mantenga el orden p\u00fablico.<\/p>\n<p>Por otro lado, representantes del gobierno han respondido a las demandas se\u00f1alando los desaf\u00edos y compromisos internacionales que justifican el actual nivel de gasto en defensa. Sin embargo, prometieron revisar las pol\u00edticas de protecci\u00f3n ambiental y buscar un equilibrio m\u00e1s favorable hacia la sostenibilidad.<\/p>\n<h3>El Eco de la Protesta<\/h3>\n<p>La resonancia de la protesta ha trascendido las fronteras nacionales, inspirando a otros grupos en diferentes partes del mundo a organizar eventos similares. Asimismo, ha provocado un debate p\u00fablico sobre la necesidad de reevaluar las prioridades nacionales y la forma en que se asignan los recursos del estado.<\/p>\n<p>En resumen, la manifestaci\u00f3n del fin de semana no solo fue un acto de expresi\u00f3n de descontento, sino tambi\u00e9n un catalizador para el di\u00e1logo y la reflexi\u00f3n sobre c\u00f3mo las decisiones pol\u00edticas afectan tanto la seguridad nacional como la sostenibilidad ambiental. Los ojos est\u00e1n ahora puestos en c\u00f3mo el gobierno responder\u00e1 a estas voces de amor y furia que claman por un cambio significativo y urgente.<\/p>\n\n\n<div class=\"kk-star-ratings kksr-auto kksr-align-left kksr-valign-bottom\"\n    data-payload='{&quot;align&quot;:&quot;left&quot;,&quot;id&quot;:&quot;5235&quot;,&quot;slug&quot;:&quot;default&quot;,&quot;valign&quot;:&quot;bottom&quot;,&quot;ignore&quot;:&quot;&quot;,&quot;reference&quot;:&quot;auto&quot;,&quot;class&quot;:&quot;&quot;,&quot;count&quot;:&quot;0&quot;,&quot;legendonly&quot;:&quot;&quot;,&quot;readonly&quot;:&quot;&quot;,&quot;score&quot;:&quot;0&quot;,&quot;starsonly&quot;:&quot;&quot;,&quot;best&quot;:&quot;5&quot;,&quot;gap&quot;:&quot;5&quot;,&quot;greet&quot;:&quot;Valora este post&quot;,&quot;legend&quot;:&quot;0\\\/5 - (0 votes)&quot;,&quot;size&quot;:&quot;22&quot;,&quot;title&quot;:&quot;Amor y furia en protesta clim\u00e1tica contra el gasto en Defensa \u00a1Descubre por qu\u00e9!&quot;,&quot;width&quot;:&quot;0&quot;,&quot;_legend&quot;:&quot;{score}\\\/{best} - ({count} {votes})&quot;,&quot;font_factor&quot;:&quot;1.25&quot;}'>\n            \n<div class=\"kksr-stars\">\n    \n<div class=\"kksr-stars-inactive\">\n            <div class=\"kksr-star\" data-star=\"1\" style=\"padding-right: 5px\">\n            \n\n<div class=\"kksr-icon\" style=\"width: 22px; height: 22px;\"><\/div>\n        <\/div>\n            <div class=\"kksr-star\" data-star=\"2\" style=\"padding-right: 5px\">\n            \n\n<div class=\"kksr-icon\" style=\"width: 22px; height: 22px;\"><\/div>\n        <\/div>\n            <div class=\"kksr-star\" data-star=\"3\" style=\"padding-right: 5px\">\n            \n\n<div class=\"kksr-icon\" style=\"width: 22px; height: 22px;\"><\/div>\n        <\/div>\n            <div class=\"kksr-star\" data-star=\"4\" style=\"padding-right: 5px\">\n            \n\n<div class=\"kksr-icon\" style=\"width: 22px; height: 22px;\"><\/div>\n        <\/div>\n            <div class=\"kksr-star\" data-star=\"5\" style=\"padding-right: 5px\">\n            \n\n<div class=\"kksr-icon\" style=\"width: 22px; height: 22px;\"><\/div>\n        <\/div>\n    <\/div>\n    \n<div class=\"kksr-stars-active\" style=\"width: 0px;\">\n            <div class=\"kksr-star\" style=\"padding-right: 5px\">\n            \n\n<div class=\"kksr-icon\" style=\"width: 22px; height: 22px;\"><\/div>\n        <\/div>\n            <div class=\"kksr-star\" style=\"padding-right: 5px\">\n            \n\n<div class=\"kksr-icon\" style=\"width: 22px; height: 22px;\"><\/div>\n        <\/div>\n            <div class=\"kksr-star\" style=\"padding-right: 5px\">\n            \n\n<div class=\"kksr-icon\" style=\"width: 22px; height: 22px;\"><\/div>\n        <\/div>\n            <div class=\"kksr-star\" style=\"padding-right: 5px\">\n            \n\n<div class=\"kksr-icon\" style=\"width: 22px; height: 22px;\"><\/div>\n        <\/div>\n            <div class=\"kksr-star\" style=\"padding-right: 5px\">\n            \n\n<div class=\"kksr-icon\" style=\"width: 22px; height: 22px;\"><\/div>\n        <\/div>\n    <\/div>\n<\/div>\n                \n\n<div class=\"kksr-legend\" style=\"font-size: 17.6px;\">\n            <span class=\"kksr-muted\">Valora este post<\/span>\n    <\/div>\n    <\/div>\n","protected":false},"excerpt":{"rendered":"<p>Manifestaci\u00f3n de Pasi\u00f3n y Enfado Frente al Gasto Militar y la Crisis Clim\u00e1tica En una demostraci\u00f3n vehemente de descontento y exigencia de cambio, cientos de manifestantes &#8230; <a title=\"Amor y furia en protesta clim\u00e1tica contra el gasto en Defensa \u00a1Descubre por qu\u00e9!\" class=\"read-more\" href=\"https:\/\/www.diario21.tv\/noticias\/amor-y-furia-en-protesta-climatica-contra-el-gasto-en-defensa-descubre-por-que\/\" aria-label=\"Leer m\u00e1s sobre Amor y furia en protesta clim\u00e1tica contra el gasto en Defensa \u00a1Descubre por qu\u00e9!\">Seguir leyendo &rarr;<\/a><\/p>\n","protected":false},"author":20,"featured_media":5236,"comment_status":"open","ping_status":"open","sticky":false,"template":"","format":"standard","meta":{"footnotes":""},"categories":[13],"tags":[],"class_list":["post-5235","post","type-post","status-publish","format-standard","has-post-thumbnail","hentry","category-portada"],"yoast_head":"<!-- This site is optimized with the Yoast SEO plugin v25.6 - https:\/\/yoast.com\/wordpress\/plugins\/seo\/ -->\n<title>Amor y furia en protesta clim\u00e1tica contra el gasto en Defensa \u00a1Descubre por qu\u00e9! - Diario 21<\/title>\n<meta name=\"robots\" content=\"index, follow, max-snippet:-1, max-image-preview:large, max-video-preview:-1\" \/>\n<link rel=\"canonical\" href=\"https:\/\/www.diario21.tv\/noticias\/amor-y-furia-en-protesta-climatica-contra-el-gasto-en-defensa-descubre-por-que\/\" \/>\n<meta property=\"og:locale\" content=\"es_ES\" \/>\n<meta property=\"og:type\" content=\"article\" \/>\n<meta property=\"og:title\" content=\"Amor y furia en protesta clim\u00e1tica contra el gasto en Defensa \u00a1Descubre por qu\u00e9! - Diario 21\" \/>\n<meta property=\"og:description\" content=\"Manifestaci\u00f3n de Pasi\u00f3n y Enfado Frente al Gasto Militar y la Crisis Clim\u00e1tica En una demostraci\u00f3n vehemente de descontento y exigencia de cambio, cientos de manifestantes ... Seguir leyendo &rarr;\" \/>\n<meta property=\"og:url\" content=\"https:\/\/www.diario21.tv\/noticias\/amor-y-furia-en-protesta-climatica-contra-el-gasto-en-defensa-descubre-por-que\/\" \/>\n<meta property=\"og:site_name\" content=\"Diario 21\" \/>\n<meta property=\"article:published_time\" content=\"2025-11-19T00:24:08+00:00\" \/>\n<meta property=\"article:modified_time\" content=\"2025-11-19T00:24:10+00:00\" \/>\n<meta property=\"og:image\" content=\"https:\/\/www.diario21.tv\/noticias\/wp-content\/uploads\/2025\/11\/Amor-y-furia-en-protesta-climatica-contra-el-gasto-en.jpg\" \/>\n\t<meta property=\"og:image:width\" content=\"1200\" \/>\n\t<meta property=\"og:image:height\" content=\"840\" \/>\n\t<meta property=\"og:image:type\" content=\"image\/jpeg\" \/>\n<meta name=\"author\" content=\"Juan P\u00e9rez\" \/>\n<meta name=\"twitter:card\" content=\"summary_large_image\" \/>\n<meta name=\"twitter:label1\" content=\"Escrito por\" \/>\n\t<meta name=\"twitter:data1\" content=\"Juan P\u00e9rez\" \/>\n\t<meta name=\"twitter:label2\" content=\"Tiempo de lectura\" \/>\n\t<meta name=\"twitter:data2\" content=\"3 minutos\" \/>\n<script type=\"application\/ld+json\" class=\"yoast-schema-graph\">{\"@context\":\"https:\/\/schema.org\",\"@graph\":[{\"@type\":\"WebPage\",\"@id\":\"https:\/\/www.diario21.tv\/noticias\/amor-y-furia-en-protesta-climatica-contra-el-gasto-en-defensa-descubre-por-que\/\",\"url\":\"https:\/\/www.diario21.tv\/noticias\/amor-y-furia-en-protesta-climatica-contra-el-gasto-en-defensa-descubre-por-que\/\",\"name\":\"Amor y furia en protesta clim\u00e1tica contra el gasto en Defensa \u00a1Descubre por qu\u00e9! - Diario 21\",\"isPartOf\":{\"@id\":\"https:\/\/www.diario21.tv\/noticias\/#website\"},\"primaryImageOfPage\":{\"@id\":\"https:\/\/www.diario21.tv\/noticias\/amor-y-furia-en-protesta-climatica-contra-el-gasto-en-defensa-descubre-por-que\/#primaryimage\"},\"image\":{\"@id\":\"https:\/\/www.diario21.tv\/noticias\/amor-y-furia-en-protesta-climatica-contra-el-gasto-en-defensa-descubre-por-que\/#primaryimage\"},\"thumbnailUrl\":\"https:\/\/www.diario21.tv\/noticias\/wp-content\/uploads\/2025\/11\/Amor-y-furia-en-protesta-climatica-contra-el-gasto-en.jpg\",\"datePublished\":\"2025-11-19T00:24:08+00:00\",\"dateModified\":\"2025-11-19T00:24:10+00:00\",\"author\":{\"@id\":\"https:\/\/www.diario21.tv\/noticias\/#\/schema\/person\/dfb778f73814d8f09f302618446a526b\"},\"breadcrumb\":{\"@id\":\"https:\/\/www.diario21.tv\/noticias\/amor-y-furia-en-protesta-climatica-contra-el-gasto-en-defensa-descubre-por-que\/#breadcrumb\"},\"inLanguage\":\"es-AR\",\"potentialAction\":[{\"@type\":\"ReadAction\",\"target\":[\"https:\/\/www.diario21.tv\/noticias\/amor-y-furia-en-protesta-climatica-contra-el-gasto-en-defensa-descubre-por-que\/\"]}]},{\"@type\":\"ImageObject\",\"inLanguage\":\"es-AR\",\"@id\":\"https:\/\/www.diario21.tv\/noticias\/amor-y-furia-en-protesta-climatica-contra-el-gasto-en-defensa-descubre-por-que\/#primaryimage\",\"url\":\"https:\/\/www.diario21.tv\/noticias\/wp-content\/uploads\/2025\/11\/Amor-y-furia-en-protesta-climatica-contra-el-gasto-en.jpg\",\"contentUrl\":\"https:\/\/www.diario21.tv\/noticias\/wp-content\/uploads\/2025\/11\/Amor-y-furia-en-protesta-climatica-contra-el-gasto-en.jpg\",\"width\":1200,\"height\":840,\"caption\":\"Una protesta de amor y furia contra el gasto en Defensa y por el clima\"},{\"@type\":\"BreadcrumbList\",\"@id\":\"https:\/\/www.diario21.tv\/noticias\/amor-y-furia-en-protesta-climatica-contra-el-gasto-en-defensa-descubre-por-que\/#breadcrumb\",\"itemListElement\":[{\"@type\":\"ListItem\",\"position\":1,\"name\":\"Accueil\",\"item\":\"https:\/\/www.diario21.tv\/noticias\/\"},{\"@type\":\"ListItem\",\"position\":2,\"name\":\"Amor y furia en protesta clim\u00e1tica contra el gasto en Defensa \u00a1Descubre por qu\u00e9!\"}]},{\"@type\":\"WebSite\",\"@id\":\"https:\/\/www.diario21.tv\/noticias\/#website\",\"url\":\"https:\/\/www.diario21.tv\/noticias\/\",\"name\":\"Diario 21\",\"description\":\"\",\"potentialAction\":[{\"@type\":\"SearchAction\",\"target\":{\"@type\":\"EntryPoint\",\"urlTemplate\":\"https:\/\/www.diario21.tv\/noticias\/?s={search_term_string}\"},\"query-input\":{\"@type\":\"PropertyValueSpecification\",\"valueRequired\":true,\"valueName\":\"search_term_string\"}}],\"inLanguage\":\"es-AR\"},{\"@type\":\"Person\",\"@id\":\"https:\/\/www.diario21.tv\/noticias\/#\/schema\/person\/dfb778f73814d8f09f302618446a526b\",\"name\":\"Juan P\u00e9rez\",\"image\":{\"@type\":\"ImageObject\",\"inLanguage\":\"es-AR\",\"@id\":\"https:\/\/www.diario21.tv\/noticias\/#\/schema\/person\/image\/\",\"url\":\"https:\/\/secure.gravatar.com\/avatar\/c478a405bd10621167f4c3167cc770f5?s=96&d=mm&r=g\",\"contentUrl\":\"https:\/\/secure.gravatar.com\/avatar\/c478a405bd10621167f4c3167cc770f5?s=96&d=mm&r=g\",\"caption\":\"Juan P\u00e9rez\"},\"description\":\"Juan P\u00e9rez es el redactor en jefe de Diario 21. Con m\u00e1s de 10 a\u00f1os de experiencia en el periodismo, se especializa en pol\u00edtica nacional y an\u00e1lisis socioecon\u00f3mico. Su enfoque cr\u00edtico y riguroso aporta una perspectiva \u00fanica a cada art\u00edculo.\",\"sameAs\":[\"https:\/\/www.diario21.tv\/noticias\/\"],\"url\":\"https:\/\/www.diario21.tv\/noticias\/author\/juan-perez\/\"}]}<\/script>\n<!-- \/ Yoast SEO plugin. -->","yoast_head_json":{"title":"Amor y furia en protesta clim\u00e1tica contra el gasto en Defensa \u00a1Descubre por qu\u00e9! - Diario 21","robots":{"index":"index","follow":"follow","max-snippet":"max-snippet:-1","max-image-preview":"max-image-preview:large","max-video-preview":"max-video-preview:-1"},"canonical":"https:\/\/www.diario21.tv\/noticias\/amor-y-furia-en-protesta-climatica-contra-el-gasto-en-defensa-descubre-por-que\/","og_locale":"es_ES","og_type":"article","og_title":"Amor y furia en protesta clim\u00e1tica contra el gasto en Defensa \u00a1Descubre por qu\u00e9! - Diario 21","og_description":"Manifestaci\u00f3n de Pasi\u00f3n y Enfado Frente al Gasto Militar y la Crisis Clim\u00e1tica En una demostraci\u00f3n vehemente de descontento y exigencia de cambio, cientos de manifestantes ... Seguir leyendo &rarr;","og_url":"https:\/\/www.diario21.tv\/noticias\/amor-y-furia-en-protesta-climatica-contra-el-gasto-en-defensa-descubre-por-que\/","og_site_name":"Diario 21","article_published_time":"2025-11-19T00:24:08+00:00","article_modified_time":"2025-11-19T00:24:10+00:00","og_image":[{"width":1200,"height":840,"url":"https:\/\/www.diario21.tv\/noticias\/wp-content\/uploads\/2025\/11\/Amor-y-furia-en-protesta-climatica-contra-el-gasto-en.jpg","type":"image\/jpeg"}],"author":"Juan P\u00e9rez","twitter_card":"summary_large_image","twitter_misc":{"Escrito por":"Juan P\u00e9rez","Tiempo de lectura":"3 minutos"},"schema":{"@context":"https:\/\/schema.org","@graph":[{"@type":"WebPage","@id":"https:\/\/www.diario21.tv\/noticias\/amor-y-furia-en-protesta-climatica-contra-el-gasto-en-defensa-descubre-por-que\/","url":"https:\/\/www.diario21.tv\/noticias\/amor-y-furia-en-protesta-climatica-contra-el-gasto-en-defensa-descubre-por-que\/","name":"Amor y furia en protesta clim\u00e1tica contra el gasto en Defensa \u00a1Descubre por qu\u00e9! - Diario 21","isPartOf":{"@id":"https:\/\/www.diario21.tv\/noticias\/#website"},"primaryImageOfPage":{"@id":"https:\/\/www.diario21.tv\/noticias\/amor-y-furia-en-protesta-climatica-contra-el-gasto-en-defensa-descubre-por-que\/#primaryimage"},"image":{"@id":"https:\/\/www.diario21.tv\/noticias\/amor-y-furia-en-protesta-climatica-contra-el-gasto-en-defensa-descubre-por-que\/#primaryimage"},"thumbnailUrl":"https:\/\/www.diario21.tv\/noticias\/wp-content\/uploads\/2025\/11\/Amor-y-furia-en-protesta-climatica-contra-el-gasto-en.jpg","datePublished":"2025-11-19T00:24:08+00:00","dateModified":"2025-11-19T00:24:10+00:00","author":{"@id":"https:\/\/www.diario21.tv\/noticias\/#\/schema\/person\/dfb778f73814d8f09f302618446a526b"},"breadcrumb":{"@id":"https:\/\/www.diario21.tv\/noticias\/amor-y-furia-en-protesta-climatica-contra-el-gasto-en-defensa-descubre-por-que\/#breadcrumb"},"inLanguage":"es-AR","potentialAction":[{"@type":"ReadAction","target":["https:\/\/www.diario21.tv\/noticias\/amor-y-furia-en-protesta-climatica-contra-el-gasto-en-defensa-descubre-por-que\/"]}]},{"@type":"ImageObject","inLanguage":"es-AR","@id":"https:\/\/www.diario21.tv\/noticias\/amor-y-furia-en-protesta-climatica-contra-el-gasto-en-defensa-descubre-por-que\/#primaryimage","url":"https:\/\/www.diario21.tv\/noticias\/wp-content\/uploads\/2025\/11\/Amor-y-furia-en-protesta-climatica-contra-el-gasto-en.jpg","contentUrl":"https:\/\/www.diario21.tv\/noticias\/wp-content\/uploads\/2025\/11\/Amor-y-furia-en-protesta-climatica-contra-el-gasto-en.jpg","width":1200,"height":840,"caption":"Una protesta de amor y furia contra el gasto en Defensa y por el clima"},{"@type":"BreadcrumbList","@id":"https:\/\/www.diario21.tv\/noticias\/amor-y-furia-en-protesta-climatica-contra-el-gasto-en-defensa-descubre-por-que\/#breadcrumb","itemListElement":[{"@type":"ListItem","position":1,"name":"Accueil","item":"https:\/\/www.diario21.tv\/noticias\/"},{"@type":"ListItem","position":2,"name":"Amor y furia en protesta clim\u00e1tica contra el gasto en Defensa \u00a1Descubre por qu\u00e9!"}]},{"@type":"WebSite","@id":"https:\/\/www.diario21.tv\/noticias\/#website","url":"https:\/\/www.diario21.tv\/noticias\/","name":"Diario 21","description":"","potentialAction":[{"@type":"SearchAction","target":{"@type":"EntryPoint","urlTemplate":"https:\/\/www.diario21.tv\/noticias\/?s={search_term_string}"},"query-input":{"@type":"PropertyValueSpecification","valueRequired":true,"valueName":"search_term_string"}}],"inLanguage":"es-AR"},{"@type":"Person","@id":"https:\/\/www.diario21.tv\/noticias\/#\/schema\/person\/dfb778f73814d8f09f302618446a526b","name":"Juan P\u00e9rez","image":{"@type":"ImageObject","inLanguage":"es-AR","@id":"https:\/\/www.diario21.tv\/noticias\/#\/schema\/person\/image\/","url":"https:\/\/secure.gravatar.com\/avatar\/c478a405bd10621167f4c3167cc770f5?s=96&d=mm&r=g","contentUrl":"https:\/\/secure.gravatar.com\/avatar\/c478a405bd10621167f4c3167cc770f5?s=96&d=mm&r=g","caption":"Juan P\u00e9rez"},"description":"Juan P\u00e9rez es el redactor en jefe de Diario 21. Con m\u00e1s de 10 a\u00f1os de experiencia en el periodismo, se especializa en pol\u00edtica nacional y an\u00e1lisis socioecon\u00f3mico. Su enfoque cr\u00edtico y riguroso aporta una perspectiva \u00fanica a cada art\u00edculo.","sameAs":["https:\/\/www.diario21.tv\/noticias\/"],"url":"https:\/\/www.diario21.tv\/noticias\/author\/juan-perez\/"}]}},"_links":{"self":[{"href":"https:\/\/www.diario21.tv\/noticias\/wp-json\/wp\/v2\/posts\/5235"}],"collection":[{"href":"https:\/\/www.diario21.tv\/noticias\/wp-json\/wp\/v2\/posts"}],"about":[{"href":"https:\/\/www.diario21.tv\/noticias\/wp-json\/wp\/v2\/types\/post"}],"author":[{"embeddable":true,"href":"https:\/\/www.diario21.tv\/noticias\/wp-json\/wp\/v2\/users\/20"}],"replies":[{"embeddable":true,"href":"https:\/\/www.diario21.tv\/noticias\/wp-json\/wp\/v2\/comments?post=5235"}],"version-history":[{"count":1,"href":"https:\/\/www.diario21.tv\/noticias\/wp-json\/wp\/v2\/posts\/5235\/revisions"}],"predecessor-version":[{"id":5237,"href":"https:\/\/www.diario21.tv\/noticias\/wp-json\/wp\/v2\/posts\/5235\/revisions\/5237"}],"wp:featuredmedia":[{"embeddable":true,"href":"https:\/\/www.diario21.tv\/noticias\/wp-json\/wp\/v2\/media\/5236"}],"wp:attachment":[{"href":"https:\/\/www.diario21.tv\/noticias\/wp-json\/wp\/v2\/media?parent=5235"}],"wp:term":[{"taxonomy":"category","embeddable":true,"href":"https:\/\/www.diario21.tv\/noticias\/wp-json\/wp\/v2\/categories?post=5235"},{"taxonomy":"post_tag","embeddable":true,"href":"https:\/\/www.diario21.tv\/noticias\/wp-json\/wp\/v2\/tags?post=5235"}],"curies":[{"name":"wp","href":"https:\/\/api.w.org\/{rel}","templated":true}]}}