{"id":5232,"date":"2025-11-18T12:21:24","date_gmt":"2025-11-18T12:21:24","guid":{"rendered":"https:\/\/www.diario21.tv\/noticias\/extremadura-celebra-premio-gordo-de-la-loteria-nacional-cae-este-jueves\/"},"modified":"2025-11-18T12:21:26","modified_gmt":"2025-11-18T12:21:26","slug":"extremadura-celebra-premio-gordo-de-la-loteria-nacional-cae-este-jueves","status":"publish","type":"post","link":"https:\/\/www.diario21.tv\/noticias\/extremadura-celebra-premio-gordo-de-la-loteria-nacional-cae-este-jueves\/","title":{"rendered":"\u00a1Extremadura celebra! Premio gordo de la Loter\u00eda Nacional cae este jueves"},"content":{"rendered":"<h2>La Loter\u00eda Nacional otorga un premio en Extremadura este jueves<\/h2>\n<p>El pasado jueves, la suerte sonri\u00f3 a Extremadura gracias a la Loter\u00eda Nacional. Un premio significativo fue otorgado en esta regi\u00f3n, lo cual ha generado un ambiente de celebraci\u00f3n entre los afortunados ganadores y sus comunidades.<\/p>\n<h3>Detalles del Sorteo<\/h3>\n<p>El sorteo, que se llev\u00f3 a cabo el jueves por la noche, result\u00f3 ser especialmente afortunado para un boleto vendido en Extremadura. El n\u00famero premiado atrajo la atenci\u00f3n y el regocijo de los participantes en la regi\u00f3n, quienes esperaban con ansias los resultados.<\/p>\n<h3>Premios y Reacciones<\/h3>\n<p>Los detalles espec\u00edficos del premio, incluyendo la cantidad exacta y el n\u00famero ganador, se dieron a conocer poco despu\u00e9s de la realizaci\u00f3n del sorteo. La comunidad ha recibido esta noticia con mucho entusiasmo, ya que premios como este pueden ser un impulso significativo para la econom\u00eda local y el bienestar de sus habitantes.<\/p>\n<p>Los comerciantes y vendedores de boletos de loter\u00eda en Extremadura tambi\u00e9n se mostraron muy satisfechos con el resultado. Este tipo de eventos ayuda a aumentar la venta de boletos en futuros sorteos, adem\u00e1s de fortalecer la confianza en la loter\u00eda como una forma de entretenimiento y potencial \u00e9xito financiero.<\/p>\n<h3>Impacto en la Comunidad<\/h3>\n<p>El impacto de un premio de la Loter\u00eda Nacional en una comunidad como Extremadura no puede subestimarse. Adem\u00e1s de la alegr\u00eda inmediata de los ganadores, hay un efecto multiplicador que beneficia a peque\u00f1os negocios y puede incluso inspirar a otros a participar en futuros sorteos.<\/p>\n<p>La expectativa de futuros sorteos ya est\u00e1 creciendo en Extremadura, y muchos residentes est\u00e1n m\u00e1s motivados que nunca para probar su suerte, animados por el reciente \u00e9xito. La Loter\u00eda Nacional sigue siendo una tradici\u00f3n popular en toda Espa\u00f1a, y eventos como este jueves refuerzan su lugar en el coraz\u00f3n de muchas comunidades.<\/p>\n<p>En conclusi\u00f3n, el reciente premio de la Loter\u00eda Nacional en Extremadura ha tra\u00eddo no solo alegr\u00eda y prosperidad a los ganadores, sino que tambi\u00e9n ha reforzado el esp\u00edritu comunitario y la esperanza entre los residentes. Con la mirada puesta en el futuro, la regi\u00f3n espera m\u00e1s buenas nuevas de este tipo, que sigan fomentando el optimismo y la uni\u00f3n entre sus habitantes.<\/p>\n\n\n<div class=\"kk-star-ratings kksr-auto kksr-align-left kksr-valign-bottom\"\n    data-payload='{&quot;align&quot;:&quot;left&quot;,&quot;id&quot;:&quot;5232&quot;,&quot;slug&quot;:&quot;default&quot;,&quot;valign&quot;:&quot;bottom&quot;,&quot;ignore&quot;:&quot;&quot;,&quot;reference&quot;:&quot;auto&quot;,&quot;class&quot;:&quot;&quot;,&quot;count&quot;:&quot;0&quot;,&quot;legendonly&quot;:&quot;&quot;,&quot;readonly&quot;:&quot;&quot;,&quot;score&quot;:&quot;0&quot;,&quot;starsonly&quot;:&quot;&quot;,&quot;best&quot;:&quot;5&quot;,&quot;gap&quot;:&quot;5&quot;,&quot;greet&quot;:&quot;Valora este post&quot;,&quot;legend&quot;:&quot;0\\\/5 - (0 votes)&quot;,&quot;size&quot;:&quot;22&quot;,&quot;title&quot;:&quot;\u00a1Extremadura celebra! Premio gordo de la Loter\u00eda Nacional cae este jueves&quot;,&quot;width&quot;:&quot;0&quot;,&quot;_legend&quot;:&quot;{score}\\\/{best} - ({count} {votes})&quot;,&quot;font_factor&quot;:&quot;1.25&quot;}'>\n            \n<div class=\"kksr-stars\">\n    \n<div class=\"kksr-stars-inactive\">\n            <div class=\"kksr-star\" data-star=\"1\" style=\"padding-right: 5px\">\n            \n\n<div class=\"kksr-icon\" style=\"width: 22px; height: 22px;\"><\/div>\n        <\/div>\n            <div class=\"kksr-star\" data-star=\"2\" style=\"padding-right: 5px\">\n            \n\n<div class=\"kksr-icon\" style=\"width: 22px; height: 22px;\"><\/div>\n        <\/div>\n            <div class=\"kksr-star\" data-star=\"3\" style=\"padding-right: 5px\">\n            \n\n<div class=\"kksr-icon\" style=\"width: 22px; height: 22px;\"><\/div>\n        <\/div>\n            <div class=\"kksr-star\" data-star=\"4\" style=\"padding-right: 5px\">\n            \n\n<div class=\"kksr-icon\" style=\"width: 22px; height: 22px;\"><\/div>\n        <\/div>\n            <div class=\"kksr-star\" data-star=\"5\" style=\"padding-right: 5px\">\n            \n\n<div class=\"kksr-icon\" style=\"width: 22px; height: 22px;\"><\/div>\n        <\/div>\n    <\/div>\n    \n<div class=\"kksr-stars-active\" style=\"width: 0px;\">\n            <div class=\"kksr-star\" style=\"padding-right: 5px\">\n            \n\n<div class=\"kksr-icon\" style=\"width: 22px; height: 22px;\"><\/div>\n        <\/div>\n            <div class=\"kksr-star\" style=\"padding-right: 5px\">\n            \n\n<div class=\"kksr-icon\" style=\"width: 22px; height: 22px;\"><\/div>\n        <\/div>\n            <div class=\"kksr-star\" style=\"padding-right: 5px\">\n            \n\n<div class=\"kksr-icon\" style=\"width: 22px; height: 22px;\"><\/div>\n        <\/div>\n            <div class=\"kksr-star\" style=\"padding-right: 5px\">\n            \n\n<div class=\"kksr-icon\" style=\"width: 22px; height: 22px;\"><\/div>\n        <\/div>\n            <div class=\"kksr-star\" style=\"padding-right: 5px\">\n            \n\n<div class=\"kksr-icon\" style=\"width: 22px; height: 22px;\"><\/div>\n        <\/div>\n    <\/div>\n<\/div>\n                \n\n<div class=\"kksr-legend\" style=\"font-size: 17.6px;\">\n            <span class=\"kksr-muted\">Valora este post<\/span>\n    <\/div>\n    <\/div>\n","protected":false},"excerpt":{"rendered":"<p>La Loter\u00eda Nacional otorga un premio en Extremadura este jueves El pasado jueves, la suerte sonri\u00f3 a Extremadura gracias a la Loter\u00eda Nacional. Un premio significativo &#8230; <a title=\"\u00a1Extremadura celebra! Premio gordo de la Loter\u00eda Nacional cae este jueves\" class=\"read-more\" href=\"https:\/\/www.diario21.tv\/noticias\/extremadura-celebra-premio-gordo-de-la-loteria-nacional-cae-este-jueves\/\" aria-label=\"Leer m\u00e1s sobre \u00a1Extremadura celebra! Premio gordo de la Loter\u00eda Nacional cae este jueves\">Seguir leyendo &rarr;<\/a><\/p>\n","protected":false},"author":20,"featured_media":5233,"comment_status":"open","ping_status":"open","sticky":false,"template":"","format":"standard","meta":{"footnotes":""},"categories":[13],"tags":[],"class_list":["post-5232","post","type-post","status-publish","format-standard","has-post-thumbnail","hentry","category-portada"],"yoast_head":"<!-- This site is optimized with the Yoast SEO plugin v25.6 - https:\/\/yoast.com\/wordpress\/plugins\/seo\/ -->\n<title>\u00a1Extremadura celebra! Premio gordo de la Loter\u00eda Nacional cae este jueves - Diario 21<\/title>\n<meta name=\"robots\" content=\"index, follow, max-snippet:-1, max-image-preview:large, max-video-preview:-1\" \/>\n<link rel=\"canonical\" href=\"https:\/\/www.diario21.tv\/noticias\/extremadura-celebra-premio-gordo-de-la-loteria-nacional-cae-este-jueves\/\" \/>\n<meta property=\"og:locale\" content=\"es_ES\" \/>\n<meta property=\"og:type\" content=\"article\" \/>\n<meta property=\"og:title\" content=\"\u00a1Extremadura celebra! Premio gordo de la Loter\u00eda Nacional cae este jueves - Diario 21\" \/>\n<meta property=\"og:description\" content=\"La Loter\u00eda Nacional otorga un premio en Extremadura este jueves El pasado jueves, la suerte sonri\u00f3 a Extremadura gracias a la Loter\u00eda Nacional. Un premio significativo ... Seguir leyendo &rarr;\" \/>\n<meta property=\"og:url\" content=\"https:\/\/www.diario21.tv\/noticias\/extremadura-celebra-premio-gordo-de-la-loteria-nacional-cae-este-jueves\/\" \/>\n<meta property=\"og:site_name\" content=\"Diario 21\" \/>\n<meta property=\"article:published_time\" content=\"2025-11-18T12:21:24+00:00\" \/>\n<meta property=\"article:modified_time\" content=\"2025-11-18T12:21:26+00:00\" \/>\n<meta property=\"og:image\" content=\"https:\/\/www.diario21.tv\/noticias\/wp-content\/uploads\/2025\/11\/\u00a1Extremadura-celebra-Premio-gordo-de-la-Loteria-Nacional-cae-este.jpg\" \/>\n\t<meta property=\"og:image:width\" content=\"1200\" \/>\n\t<meta property=\"og:image:height\" content=\"840\" \/>\n\t<meta property=\"og:image:type\" content=\"image\/jpeg\" \/>\n<meta name=\"author\" content=\"Juan P\u00e9rez\" \/>\n<meta name=\"twitter:card\" content=\"summary_large_image\" \/>\n<meta name=\"twitter:label1\" content=\"Escrito por\" \/>\n\t<meta name=\"twitter:data1\" content=\"Juan P\u00e9rez\" \/>\n\t<meta name=\"twitter:label2\" content=\"Tiempo de lectura\" \/>\n\t<meta name=\"twitter:data2\" content=\"2 minutos\" \/>\n<script type=\"application\/ld+json\" class=\"yoast-schema-graph\">{\"@context\":\"https:\/\/schema.org\",\"@graph\":[{\"@type\":\"WebPage\",\"@id\":\"https:\/\/www.diario21.tv\/noticias\/extremadura-celebra-premio-gordo-de-la-loteria-nacional-cae-este-jueves\/\",\"url\":\"https:\/\/www.diario21.tv\/noticias\/extremadura-celebra-premio-gordo-de-la-loteria-nacional-cae-este-jueves\/\",\"name\":\"\u00a1Extremadura celebra! Premio gordo de la Loter\u00eda Nacional cae este jueves - Diario 21\",\"isPartOf\":{\"@id\":\"https:\/\/www.diario21.tv\/noticias\/#website\"},\"primaryImageOfPage\":{\"@id\":\"https:\/\/www.diario21.tv\/noticias\/extremadura-celebra-premio-gordo-de-la-loteria-nacional-cae-este-jueves\/#primaryimage\"},\"image\":{\"@id\":\"https:\/\/www.diario21.tv\/noticias\/extremadura-celebra-premio-gordo-de-la-loteria-nacional-cae-este-jueves\/#primaryimage\"},\"thumbnailUrl\":\"https:\/\/www.diario21.tv\/noticias\/wp-content\/uploads\/2025\/11\/\u00a1Extremadura-celebra-Premio-gordo-de-la-Loteria-Nacional-cae-este.jpg\",\"datePublished\":\"2025-11-18T12:21:24+00:00\",\"dateModified\":\"2025-11-18T12:21:26+00:00\",\"author\":{\"@id\":\"https:\/\/www.diario21.tv\/noticias\/#\/schema\/person\/dfb778f73814d8f09f302618446a526b\"},\"breadcrumb\":{\"@id\":\"https:\/\/www.diario21.tv\/noticias\/extremadura-celebra-premio-gordo-de-la-loteria-nacional-cae-este-jueves\/#breadcrumb\"},\"inLanguage\":\"es-AR\",\"potentialAction\":[{\"@type\":\"ReadAction\",\"target\":[\"https:\/\/www.diario21.tv\/noticias\/extremadura-celebra-premio-gordo-de-la-loteria-nacional-cae-este-jueves\/\"]}]},{\"@type\":\"ImageObject\",\"inLanguage\":\"es-AR\",\"@id\":\"https:\/\/www.diario21.tv\/noticias\/extremadura-celebra-premio-gordo-de-la-loteria-nacional-cae-este-jueves\/#primaryimage\",\"url\":\"https:\/\/www.diario21.tv\/noticias\/wp-content\/uploads\/2025\/11\/\u00a1Extremadura-celebra-Premio-gordo-de-la-Loteria-Nacional-cae-este.jpg\",\"contentUrl\":\"https:\/\/www.diario21.tv\/noticias\/wp-content\/uploads\/2025\/11\/\u00a1Extremadura-celebra-Premio-gordo-de-la-Loteria-Nacional-cae-este.jpg\",\"width\":1200,\"height\":840,\"caption\":\"El sorteo de la Loter\u00eda Nacional deja premio en Extremadura este jueves\"},{\"@type\":\"BreadcrumbList\",\"@id\":\"https:\/\/www.diario21.tv\/noticias\/extremadura-celebra-premio-gordo-de-la-loteria-nacional-cae-este-jueves\/#breadcrumb\",\"itemListElement\":[{\"@type\":\"ListItem\",\"position\":1,\"name\":\"Accueil\",\"item\":\"https:\/\/www.diario21.tv\/noticias\/\"},{\"@type\":\"ListItem\",\"position\":2,\"name\":\"\u00a1Extremadura celebra! Premio gordo de la Loter\u00eda Nacional cae este jueves\"}]},{\"@type\":\"WebSite\",\"@id\":\"https:\/\/www.diario21.tv\/noticias\/#website\",\"url\":\"https:\/\/www.diario21.tv\/noticias\/\",\"name\":\"Diario 21\",\"description\":\"\",\"potentialAction\":[{\"@type\":\"SearchAction\",\"target\":{\"@type\":\"EntryPoint\",\"urlTemplate\":\"https:\/\/www.diario21.tv\/noticias\/?s={search_term_string}\"},\"query-input\":{\"@type\":\"PropertyValueSpecification\",\"valueRequired\":true,\"valueName\":\"search_term_string\"}}],\"inLanguage\":\"es-AR\"},{\"@type\":\"Person\",\"@id\":\"https:\/\/www.diario21.tv\/noticias\/#\/schema\/person\/dfb778f73814d8f09f302618446a526b\",\"name\":\"Juan P\u00e9rez\",\"image\":{\"@type\":\"ImageObject\",\"inLanguage\":\"es-AR\",\"@id\":\"https:\/\/www.diario21.tv\/noticias\/#\/schema\/person\/image\/\",\"url\":\"https:\/\/secure.gravatar.com\/avatar\/c478a405bd10621167f4c3167cc770f5?s=96&d=mm&r=g\",\"contentUrl\":\"https:\/\/secure.gravatar.com\/avatar\/c478a405bd10621167f4c3167cc770f5?s=96&d=mm&r=g\",\"caption\":\"Juan P\u00e9rez\"},\"description\":\"Juan P\u00e9rez es el redactor en jefe de Diario 21. Con m\u00e1s de 10 a\u00f1os de experiencia en el periodismo, se especializa en pol\u00edtica nacional y an\u00e1lisis socioecon\u00f3mico. Su enfoque cr\u00edtico y riguroso aporta una perspectiva \u00fanica a cada art\u00edculo.\",\"sameAs\":[\"https:\/\/www.diario21.tv\/noticias\/\"],\"url\":\"https:\/\/www.diario21.tv\/noticias\/author\/juan-perez\/\"}]}<\/script>\n<!-- \/ Yoast SEO plugin. -->","yoast_head_json":{"title":"\u00a1Extremadura celebra! Premio gordo de la Loter\u00eda Nacional cae este jueves - Diario 21","robots":{"index":"index","follow":"follow","max-snippet":"max-snippet:-1","max-image-preview":"max-image-preview:large","max-video-preview":"max-video-preview:-1"},"canonical":"https:\/\/www.diario21.tv\/noticias\/extremadura-celebra-premio-gordo-de-la-loteria-nacional-cae-este-jueves\/","og_locale":"es_ES","og_type":"article","og_title":"\u00a1Extremadura celebra! Premio gordo de la Loter\u00eda Nacional cae este jueves - Diario 21","og_description":"La Loter\u00eda Nacional otorga un premio en Extremadura este jueves El pasado jueves, la suerte sonri\u00f3 a Extremadura gracias a la Loter\u00eda Nacional. Un premio significativo ... Seguir leyendo &rarr;","og_url":"https:\/\/www.diario21.tv\/noticias\/extremadura-celebra-premio-gordo-de-la-loteria-nacional-cae-este-jueves\/","og_site_name":"Diario 21","article_published_time":"2025-11-18T12:21:24+00:00","article_modified_time":"2025-11-18T12:21:26+00:00","og_image":[{"width":1200,"height":840,"url":"https:\/\/www.diario21.tv\/noticias\/wp-content\/uploads\/2025\/11\/\u00a1Extremadura-celebra-Premio-gordo-de-la-Loteria-Nacional-cae-este.jpg","type":"image\/jpeg"}],"author":"Juan P\u00e9rez","twitter_card":"summary_large_image","twitter_misc":{"Escrito por":"Juan P\u00e9rez","Tiempo de lectura":"2 minutos"},"schema":{"@context":"https:\/\/schema.org","@graph":[{"@type":"WebPage","@id":"https:\/\/www.diario21.tv\/noticias\/extremadura-celebra-premio-gordo-de-la-loteria-nacional-cae-este-jueves\/","url":"https:\/\/www.diario21.tv\/noticias\/extremadura-celebra-premio-gordo-de-la-loteria-nacional-cae-este-jueves\/","name":"\u00a1Extremadura celebra! Premio gordo de la Loter\u00eda Nacional cae este jueves - Diario 21","isPartOf":{"@id":"https:\/\/www.diario21.tv\/noticias\/#website"},"primaryImageOfPage":{"@id":"https:\/\/www.diario21.tv\/noticias\/extremadura-celebra-premio-gordo-de-la-loteria-nacional-cae-este-jueves\/#primaryimage"},"image":{"@id":"https:\/\/www.diario21.tv\/noticias\/extremadura-celebra-premio-gordo-de-la-loteria-nacional-cae-este-jueves\/#primaryimage"},"thumbnailUrl":"https:\/\/www.diario21.tv\/noticias\/wp-content\/uploads\/2025\/11\/\u00a1Extremadura-celebra-Premio-gordo-de-la-Loteria-Nacional-cae-este.jpg","datePublished":"2025-11-18T12:21:24+00:00","dateModified":"2025-11-18T12:21:26+00:00","author":{"@id":"https:\/\/www.diario21.tv\/noticias\/#\/schema\/person\/dfb778f73814d8f09f302618446a526b"},"breadcrumb":{"@id":"https:\/\/www.diario21.tv\/noticias\/extremadura-celebra-premio-gordo-de-la-loteria-nacional-cae-este-jueves\/#breadcrumb"},"inLanguage":"es-AR","potentialAction":[{"@type":"ReadAction","target":["https:\/\/www.diario21.tv\/noticias\/extremadura-celebra-premio-gordo-de-la-loteria-nacional-cae-este-jueves\/"]}]},{"@type":"ImageObject","inLanguage":"es-AR","@id":"https:\/\/www.diario21.tv\/noticias\/extremadura-celebra-premio-gordo-de-la-loteria-nacional-cae-este-jueves\/#primaryimage","url":"https:\/\/www.diario21.tv\/noticias\/wp-content\/uploads\/2025\/11\/\u00a1Extremadura-celebra-Premio-gordo-de-la-Loteria-Nacional-cae-este.jpg","contentUrl":"https:\/\/www.diario21.tv\/noticias\/wp-content\/uploads\/2025\/11\/\u00a1Extremadura-celebra-Premio-gordo-de-la-Loteria-Nacional-cae-este.jpg","width":1200,"height":840,"caption":"El sorteo de la Loter\u00eda Nacional deja premio en Extremadura este jueves"},{"@type":"BreadcrumbList","@id":"https:\/\/www.diario21.tv\/noticias\/extremadura-celebra-premio-gordo-de-la-loteria-nacional-cae-este-jueves\/#breadcrumb","itemListElement":[{"@type":"ListItem","position":1,"name":"Accueil","item":"https:\/\/www.diario21.tv\/noticias\/"},{"@type":"ListItem","position":2,"name":"\u00a1Extremadura celebra! Premio gordo de la Loter\u00eda Nacional cae este jueves"}]},{"@type":"WebSite","@id":"https:\/\/www.diario21.tv\/noticias\/#website","url":"https:\/\/www.diario21.tv\/noticias\/","name":"Diario 21","description":"","potentialAction":[{"@type":"SearchAction","target":{"@type":"EntryPoint","urlTemplate":"https:\/\/www.diario21.tv\/noticias\/?s={search_term_string}"},"query-input":{"@type":"PropertyValueSpecification","valueRequired":true,"valueName":"search_term_string"}}],"inLanguage":"es-AR"},{"@type":"Person","@id":"https:\/\/www.diario21.tv\/noticias\/#\/schema\/person\/dfb778f73814d8f09f302618446a526b","name":"Juan P\u00e9rez","image":{"@type":"ImageObject","inLanguage":"es-AR","@id":"https:\/\/www.diario21.tv\/noticias\/#\/schema\/person\/image\/","url":"https:\/\/secure.gravatar.com\/avatar\/c478a405bd10621167f4c3167cc770f5?s=96&d=mm&r=g","contentUrl":"https:\/\/secure.gravatar.com\/avatar\/c478a405bd10621167f4c3167cc770f5?s=96&d=mm&r=g","caption":"Juan P\u00e9rez"},"description":"Juan P\u00e9rez es el redactor en jefe de Diario 21. Con m\u00e1s de 10 a\u00f1os de experiencia en el periodismo, se especializa en pol\u00edtica nacional y an\u00e1lisis socioecon\u00f3mico. Su enfoque cr\u00edtico y riguroso aporta una perspectiva \u00fanica a cada art\u00edculo.","sameAs":["https:\/\/www.diario21.tv\/noticias\/"],"url":"https:\/\/www.diario21.tv\/noticias\/author\/juan-perez\/"}]}},"_links":{"self":[{"href":"https:\/\/www.diario21.tv\/noticias\/wp-json\/wp\/v2\/posts\/5232"}],"collection":[{"href":"https:\/\/www.diario21.tv\/noticias\/wp-json\/wp\/v2\/posts"}],"about":[{"href":"https:\/\/www.diario21.tv\/noticias\/wp-json\/wp\/v2\/types\/post"}],"author":[{"embeddable":true,"href":"https:\/\/www.diario21.tv\/noticias\/wp-json\/wp\/v2\/users\/20"}],"replies":[{"embeddable":true,"href":"https:\/\/www.diario21.tv\/noticias\/wp-json\/wp\/v2\/comments?post=5232"}],"version-history":[{"count":1,"href":"https:\/\/www.diario21.tv\/noticias\/wp-json\/wp\/v2\/posts\/5232\/revisions"}],"predecessor-version":[{"id":5234,"href":"https:\/\/www.diario21.tv\/noticias\/wp-json\/wp\/v2\/posts\/5232\/revisions\/5234"}],"wp:featuredmedia":[{"embeddable":true,"href":"https:\/\/www.diario21.tv\/noticias\/wp-json\/wp\/v2\/media\/5233"}],"wp:attachment":[{"href":"https:\/\/www.diario21.tv\/noticias\/wp-json\/wp\/v2\/media?parent=5232"}],"wp:term":[{"taxonomy":"category","embeddable":true,"href":"https:\/\/www.diario21.tv\/noticias\/wp-json\/wp\/v2\/categories?post=5232"},{"taxonomy":"post_tag","embeddable":true,"href":"https:\/\/www.diario21.tv\/noticias\/wp-json\/wp\/v2\/tags?post=5232"}],"curies":[{"name":"wp","href":"https:\/\/api.w.org\/{rel}","templated":true}]}}