{"id":5226,"date":"2025-11-18T00:19:47","date_gmt":"2025-11-18T00:19:47","guid":{"rendered":"https:\/\/www.diario21.tv\/noticias\/tragedia-en-malaga-muere-tras-dos-semanas-en-coma-por-brutal-punetazo\/"},"modified":"2025-11-18T00:19:48","modified_gmt":"2025-11-18T00:19:48","slug":"tragedia-en-malaga-muere-tras-dos-semanas-en-coma-por-brutal-punetazo","status":"publish","type":"post","link":"https:\/\/www.diario21.tv\/noticias\/tragedia-en-malaga-muere-tras-dos-semanas-en-coma-por-brutal-punetazo\/","title":{"rendered":"Tragedia en M\u00e1laga: Muere tras dos semanas en coma por brutal pu\u00f1etazo"},"content":{"rendered":"<h2>Fallece Persona en Estado de Coma Despu\u00e9s de Agresi\u00f3n en M\u00e1laga<\/h2>\n<p>En un triste desenlace a un caso de violencia que conmocion\u00f3 a la comunidad local, una persona que hab\u00eda estado en coma durante dos semanas falleci\u00f3 debido a las lesiones sufridas tras ser golpeada brutalmente en M\u00e1laga. Este incidente, que inicialmente captur\u00f3 la atenci\u00f3n de los medios y ciudadanos por su crudeza, ha culminado en una tragedia a\u00fan mayor con la muerte de la v\u00edctima.<\/p>\n<h3>Detalles del Incidente<\/h3>\n<p>El suceso tuvo lugar en una zona concurrida de M\u00e1laga, donde la v\u00edctima, cuyo nombre no ha sido divulgado por respeto a la privacidad de la familia, recibi\u00f3 un impacto severo por parte de un agresor. El golpe fue tan fuerte que la v\u00edctima cay\u00f3 inconsciente al suelo, siendo trasladada de urgencia al hospital m\u00e1s cercano. Pese a los esfuerzos m\u00e9dicos por salvar su vida, despu\u00e9s de luchar en estado de coma durante dos semanas, la persona afectada no pudo sobrevivir.<\/p>\n<h3>Investigaci\u00f3n en Curso<\/h3>\n<p>La polic\u00eda local est\u00e1 llevando a cabo una investigaci\u00f3n exhaustiva para esclarecer los hechos que llevaron a este fatal desenlace. Se ha iniciado una b\u00fasqueda intensiva para localizar al agresor, quien, seg\u00fan reportes, huy\u00f3 del lugar del incidente antes de que llegaran las autoridades. La polic\u00eda ha hecho un llamado a la comunidad para que cualquier persona con informaci\u00f3n sobre el caso se presente y contribuya a la captura del responsable.<\/p>\n<h3>Reacciones de la Comunidad y Consecuencias Legales<\/h3>\n<p>La noticia de la muerte ha provocado una ola de reacciones entre los habitantes de M\u00e1laga, muchos de los cuales han expresado su indignaci\u00f3n y tristeza ante un acto de violencia tan sin sentido. Adem\u00e1s, ha reavivado el debate sobre la seguridad en la ciudad y las medidas que deben adoptarse para prevenir incidentes similares en el futuro.<\/p>\n<p>Legalmente, este caso ha sido catalogado como homicidio, y el agresor enfrentar\u00e1 cargos severos una vez sea detenido. Las autoridades han reiterado su compromiso con la justicia y han asegurado que no descansar\u00e1n hasta que se haga justicia por la v\u00edctima y su familia.<\/p>\n<p>Este tr\u00e1gico suceso subraya la importancia de abordar la violencia y trabajar colectivamente hacia una comunidad m\u00e1s segura. Mientras la investigaci\u00f3n contin\u00faa, la comunidad de M\u00e1laga espera respuestas y justicia en este doloroso caso.<\/p>\n\n\n<div class=\"kk-star-ratings kksr-auto kksr-align-left kksr-valign-bottom\"\n    data-payload='{&quot;align&quot;:&quot;left&quot;,&quot;id&quot;:&quot;5226&quot;,&quot;slug&quot;:&quot;default&quot;,&quot;valign&quot;:&quot;bottom&quot;,&quot;ignore&quot;:&quot;&quot;,&quot;reference&quot;:&quot;auto&quot;,&quot;class&quot;:&quot;&quot;,&quot;count&quot;:&quot;0&quot;,&quot;legendonly&quot;:&quot;&quot;,&quot;readonly&quot;:&quot;&quot;,&quot;score&quot;:&quot;0&quot;,&quot;starsonly&quot;:&quot;&quot;,&quot;best&quot;:&quot;5&quot;,&quot;gap&quot;:&quot;5&quot;,&quot;greet&quot;:&quot;Valora este post&quot;,&quot;legend&quot;:&quot;0\\\/5 - (0 votes)&quot;,&quot;size&quot;:&quot;22&quot;,&quot;title&quot;:&quot;Tragedia en M\u00e1laga: Muere tras dos semanas en coma por brutal pu\u00f1etazo&quot;,&quot;width&quot;:&quot;0&quot;,&quot;_legend&quot;:&quot;{score}\\\/{best} - ({count} {votes})&quot;,&quot;font_factor&quot;:&quot;1.25&quot;}'>\n            \n<div class=\"kksr-stars\">\n    \n<div class=\"kksr-stars-inactive\">\n            <div class=\"kksr-star\" data-star=\"1\" style=\"padding-right: 5px\">\n            \n\n<div class=\"kksr-icon\" style=\"width: 22px; height: 22px;\"><\/div>\n        <\/div>\n            <div class=\"kksr-star\" data-star=\"2\" style=\"padding-right: 5px\">\n            \n\n<div class=\"kksr-icon\" style=\"width: 22px; height: 22px;\"><\/div>\n        <\/div>\n            <div class=\"kksr-star\" data-star=\"3\" style=\"padding-right: 5px\">\n            \n\n<div class=\"kksr-icon\" style=\"width: 22px; height: 22px;\"><\/div>\n        <\/div>\n            <div class=\"kksr-star\" data-star=\"4\" style=\"padding-right: 5px\">\n            \n\n<div class=\"kksr-icon\" style=\"width: 22px; height: 22px;\"><\/div>\n        <\/div>\n            <div class=\"kksr-star\" data-star=\"5\" style=\"padding-right: 5px\">\n            \n\n<div class=\"kksr-icon\" style=\"width: 22px; height: 22px;\"><\/div>\n        <\/div>\n    <\/div>\n    \n<div class=\"kksr-stars-active\" style=\"width: 0px;\">\n            <div class=\"kksr-star\" style=\"padding-right: 5px\">\n            \n\n<div class=\"kksr-icon\" style=\"width: 22px; height: 22px;\"><\/div>\n        <\/div>\n            <div class=\"kksr-star\" style=\"padding-right: 5px\">\n            \n\n<div class=\"kksr-icon\" style=\"width: 22px; height: 22px;\"><\/div>\n        <\/div>\n            <div class=\"kksr-star\" style=\"padding-right: 5px\">\n            \n\n<div class=\"kksr-icon\" style=\"width: 22px; height: 22px;\"><\/div>\n        <\/div>\n            <div class=\"kksr-star\" style=\"padding-right: 5px\">\n            \n\n<div class=\"kksr-icon\" style=\"width: 22px; height: 22px;\"><\/div>\n        <\/div>\n            <div class=\"kksr-star\" style=\"padding-right: 5px\">\n            \n\n<div class=\"kksr-icon\" style=\"width: 22px; height: 22px;\"><\/div>\n        <\/div>\n    <\/div>\n<\/div>\n                \n\n<div class=\"kksr-legend\" style=\"font-size: 17.6px;\">\n            <span class=\"kksr-muted\">Valora este post<\/span>\n    <\/div>\n    <\/div>\n","protected":false},"excerpt":{"rendered":"<p>Fallece Persona en Estado de Coma Despu\u00e9s de Agresi\u00f3n en M\u00e1laga En un triste desenlace a un caso de violencia que conmocion\u00f3 a la comunidad local, &#8230; <a title=\"Tragedia en M\u00e1laga: Muere tras dos semanas en coma por brutal pu\u00f1etazo\" class=\"read-more\" href=\"https:\/\/www.diario21.tv\/noticias\/tragedia-en-malaga-muere-tras-dos-semanas-en-coma-por-brutal-punetazo\/\" aria-label=\"Leer m\u00e1s sobre Tragedia en M\u00e1laga: Muere tras dos semanas en coma por brutal pu\u00f1etazo\">Seguir leyendo &rarr;<\/a><\/p>\n","protected":false},"author":20,"featured_media":5227,"comment_status":"open","ping_status":"open","sticky":false,"template":"","format":"standard","meta":{"footnotes":""},"categories":[13],"tags":[],"class_list":["post-5226","post","type-post","status-publish","format-standard","has-post-thumbnail","hentry","category-portada"],"yoast_head":"<!-- This site is optimized with the Yoast SEO plugin v25.6 - https:\/\/yoast.com\/wordpress\/plugins\/seo\/ -->\n<title>Tragedia en M\u00e1laga: Muere tras dos semanas en coma por brutal pu\u00f1etazo - Diario 21<\/title>\n<meta name=\"robots\" content=\"index, follow, max-snippet:-1, max-image-preview:large, max-video-preview:-1\" \/>\n<link rel=\"canonical\" href=\"https:\/\/www.diario21.tv\/noticias\/tragedia-en-malaga-muere-tras-dos-semanas-en-coma-por-brutal-punetazo\/\" \/>\n<meta property=\"og:locale\" content=\"es_ES\" \/>\n<meta property=\"og:type\" content=\"article\" \/>\n<meta property=\"og:title\" content=\"Tragedia en M\u00e1laga: Muere tras dos semanas en coma por brutal pu\u00f1etazo - Diario 21\" \/>\n<meta property=\"og:description\" content=\"Fallece Persona en Estado de Coma Despu\u00e9s de Agresi\u00f3n en M\u00e1laga En un triste desenlace a un caso de violencia que conmocion\u00f3 a la comunidad local, ... Seguir leyendo &rarr;\" \/>\n<meta property=\"og:url\" content=\"https:\/\/www.diario21.tv\/noticias\/tragedia-en-malaga-muere-tras-dos-semanas-en-coma-por-brutal-punetazo\/\" \/>\n<meta property=\"og:site_name\" content=\"Diario 21\" \/>\n<meta property=\"article:published_time\" content=\"2025-11-18T00:19:47+00:00\" \/>\n<meta property=\"article:modified_time\" content=\"2025-11-18T00:19:48+00:00\" \/>\n<meta property=\"og:image\" content=\"https:\/\/www.diario21.tv\/noticias\/wp-content\/uploads\/2025\/11\/Tragedia-en-Malaga-Muere-tras-dos-semanas-en-coma-por.jpg\" \/>\n\t<meta property=\"og:image:width\" content=\"1200\" \/>\n\t<meta property=\"og:image:height\" content=\"840\" \/>\n\t<meta property=\"og:image:type\" content=\"image\/jpeg\" \/>\n<meta name=\"author\" content=\"Juan P\u00e9rez\" \/>\n<meta name=\"twitter:card\" content=\"summary_large_image\" \/>\n<meta name=\"twitter:label1\" content=\"Escrito por\" \/>\n\t<meta name=\"twitter:data1\" content=\"Juan P\u00e9rez\" \/>\n\t<meta name=\"twitter:label2\" content=\"Tiempo de lectura\" \/>\n\t<meta name=\"twitter:data2\" content=\"2 minutos\" \/>\n<script type=\"application\/ld+json\" class=\"yoast-schema-graph\">{\"@context\":\"https:\/\/schema.org\",\"@graph\":[{\"@type\":\"WebPage\",\"@id\":\"https:\/\/www.diario21.tv\/noticias\/tragedia-en-malaga-muere-tras-dos-semanas-en-coma-por-brutal-punetazo\/\",\"url\":\"https:\/\/www.diario21.tv\/noticias\/tragedia-en-malaga-muere-tras-dos-semanas-en-coma-por-brutal-punetazo\/\",\"name\":\"Tragedia en M\u00e1laga: Muere tras dos semanas en coma por brutal pu\u00f1etazo - Diario 21\",\"isPartOf\":{\"@id\":\"https:\/\/www.diario21.tv\/noticias\/#website\"},\"primaryImageOfPage\":{\"@id\":\"https:\/\/www.diario21.tv\/noticias\/tragedia-en-malaga-muere-tras-dos-semanas-en-coma-por-brutal-punetazo\/#primaryimage\"},\"image\":{\"@id\":\"https:\/\/www.diario21.tv\/noticias\/tragedia-en-malaga-muere-tras-dos-semanas-en-coma-por-brutal-punetazo\/#primaryimage\"},\"thumbnailUrl\":\"https:\/\/www.diario21.tv\/noticias\/wp-content\/uploads\/2025\/11\/Tragedia-en-Malaga-Muere-tras-dos-semanas-en-coma-por.jpg\",\"datePublished\":\"2025-11-18T00:19:47+00:00\",\"dateModified\":\"2025-11-18T00:19:48+00:00\",\"author\":{\"@id\":\"https:\/\/www.diario21.tv\/noticias\/#\/schema\/person\/dfb778f73814d8f09f302618446a526b\"},\"breadcrumb\":{\"@id\":\"https:\/\/www.diario21.tv\/noticias\/tragedia-en-malaga-muere-tras-dos-semanas-en-coma-por-brutal-punetazo\/#breadcrumb\"},\"inLanguage\":\"es-AR\",\"potentialAction\":[{\"@type\":\"ReadAction\",\"target\":[\"https:\/\/www.diario21.tv\/noticias\/tragedia-en-malaga-muere-tras-dos-semanas-en-coma-por-brutal-punetazo\/\"]}]},{\"@type\":\"ImageObject\",\"inLanguage\":\"es-AR\",\"@id\":\"https:\/\/www.diario21.tv\/noticias\/tragedia-en-malaga-muere-tras-dos-semanas-en-coma-por-brutal-punetazo\/#primaryimage\",\"url\":\"https:\/\/www.diario21.tv\/noticias\/wp-content\/uploads\/2025\/11\/Tragedia-en-Malaga-Muere-tras-dos-semanas-en-coma-por.jpg\",\"contentUrl\":\"https:\/\/www.diario21.tv\/noticias\/wp-content\/uploads\/2025\/11\/Tragedia-en-Malaga-Muere-tras-dos-semanas-en-coma-por.jpg\",\"width\":1200,\"height\":840,\"caption\":\"Muere la v\u00edctima que estuvo dos semanas en coma tras recibir un pu\u00f1etazo en M\u00e1laga\"},{\"@type\":\"BreadcrumbList\",\"@id\":\"https:\/\/www.diario21.tv\/noticias\/tragedia-en-malaga-muere-tras-dos-semanas-en-coma-por-brutal-punetazo\/#breadcrumb\",\"itemListElement\":[{\"@type\":\"ListItem\",\"position\":1,\"name\":\"Accueil\",\"item\":\"https:\/\/www.diario21.tv\/noticias\/\"},{\"@type\":\"ListItem\",\"position\":2,\"name\":\"Tragedia en M\u00e1laga: Muere tras dos semanas en coma por brutal pu\u00f1etazo\"}]},{\"@type\":\"WebSite\",\"@id\":\"https:\/\/www.diario21.tv\/noticias\/#website\",\"url\":\"https:\/\/www.diario21.tv\/noticias\/\",\"name\":\"Diario 21\",\"description\":\"\",\"potentialAction\":[{\"@type\":\"SearchAction\",\"target\":{\"@type\":\"EntryPoint\",\"urlTemplate\":\"https:\/\/www.diario21.tv\/noticias\/?s={search_term_string}\"},\"query-input\":{\"@type\":\"PropertyValueSpecification\",\"valueRequired\":true,\"valueName\":\"search_term_string\"}}],\"inLanguage\":\"es-AR\"},{\"@type\":\"Person\",\"@id\":\"https:\/\/www.diario21.tv\/noticias\/#\/schema\/person\/dfb778f73814d8f09f302618446a526b\",\"name\":\"Juan P\u00e9rez\",\"image\":{\"@type\":\"ImageObject\",\"inLanguage\":\"es-AR\",\"@id\":\"https:\/\/www.diario21.tv\/noticias\/#\/schema\/person\/image\/\",\"url\":\"https:\/\/secure.gravatar.com\/avatar\/c478a405bd10621167f4c3167cc770f5?s=96&d=mm&r=g\",\"contentUrl\":\"https:\/\/secure.gravatar.com\/avatar\/c478a405bd10621167f4c3167cc770f5?s=96&d=mm&r=g\",\"caption\":\"Juan P\u00e9rez\"},\"description\":\"Juan P\u00e9rez es el redactor en jefe de Diario 21. Con m\u00e1s de 10 a\u00f1os de experiencia en el periodismo, se especializa en pol\u00edtica nacional y an\u00e1lisis socioecon\u00f3mico. Su enfoque cr\u00edtico y riguroso aporta una perspectiva \u00fanica a cada art\u00edculo.\",\"sameAs\":[\"https:\/\/www.diario21.tv\/noticias\/\"],\"url\":\"https:\/\/www.diario21.tv\/noticias\/author\/juan-perez\/\"}]}<\/script>\n<!-- \/ Yoast SEO plugin. -->","yoast_head_json":{"title":"Tragedia en M\u00e1laga: Muere tras dos semanas en coma por brutal pu\u00f1etazo - Diario 21","robots":{"index":"index","follow":"follow","max-snippet":"max-snippet:-1","max-image-preview":"max-image-preview:large","max-video-preview":"max-video-preview:-1"},"canonical":"https:\/\/www.diario21.tv\/noticias\/tragedia-en-malaga-muere-tras-dos-semanas-en-coma-por-brutal-punetazo\/","og_locale":"es_ES","og_type":"article","og_title":"Tragedia en M\u00e1laga: Muere tras dos semanas en coma por brutal pu\u00f1etazo - Diario 21","og_description":"Fallece Persona en Estado de Coma Despu\u00e9s de Agresi\u00f3n en M\u00e1laga En un triste desenlace a un caso de violencia que conmocion\u00f3 a la comunidad local, ... Seguir leyendo &rarr;","og_url":"https:\/\/www.diario21.tv\/noticias\/tragedia-en-malaga-muere-tras-dos-semanas-en-coma-por-brutal-punetazo\/","og_site_name":"Diario 21","article_published_time":"2025-11-18T00:19:47+00:00","article_modified_time":"2025-11-18T00:19:48+00:00","og_image":[{"width":1200,"height":840,"url":"https:\/\/www.diario21.tv\/noticias\/wp-content\/uploads\/2025\/11\/Tragedia-en-Malaga-Muere-tras-dos-semanas-en-coma-por.jpg","type":"image\/jpeg"}],"author":"Juan P\u00e9rez","twitter_card":"summary_large_image","twitter_misc":{"Escrito por":"Juan P\u00e9rez","Tiempo de lectura":"2 minutos"},"schema":{"@context":"https:\/\/schema.org","@graph":[{"@type":"WebPage","@id":"https:\/\/www.diario21.tv\/noticias\/tragedia-en-malaga-muere-tras-dos-semanas-en-coma-por-brutal-punetazo\/","url":"https:\/\/www.diario21.tv\/noticias\/tragedia-en-malaga-muere-tras-dos-semanas-en-coma-por-brutal-punetazo\/","name":"Tragedia en M\u00e1laga: Muere tras dos semanas en coma por brutal pu\u00f1etazo - Diario 21","isPartOf":{"@id":"https:\/\/www.diario21.tv\/noticias\/#website"},"primaryImageOfPage":{"@id":"https:\/\/www.diario21.tv\/noticias\/tragedia-en-malaga-muere-tras-dos-semanas-en-coma-por-brutal-punetazo\/#primaryimage"},"image":{"@id":"https:\/\/www.diario21.tv\/noticias\/tragedia-en-malaga-muere-tras-dos-semanas-en-coma-por-brutal-punetazo\/#primaryimage"},"thumbnailUrl":"https:\/\/www.diario21.tv\/noticias\/wp-content\/uploads\/2025\/11\/Tragedia-en-Malaga-Muere-tras-dos-semanas-en-coma-por.jpg","datePublished":"2025-11-18T00:19:47+00:00","dateModified":"2025-11-18T00:19:48+00:00","author":{"@id":"https:\/\/www.diario21.tv\/noticias\/#\/schema\/person\/dfb778f73814d8f09f302618446a526b"},"breadcrumb":{"@id":"https:\/\/www.diario21.tv\/noticias\/tragedia-en-malaga-muere-tras-dos-semanas-en-coma-por-brutal-punetazo\/#breadcrumb"},"inLanguage":"es-AR","potentialAction":[{"@type":"ReadAction","target":["https:\/\/www.diario21.tv\/noticias\/tragedia-en-malaga-muere-tras-dos-semanas-en-coma-por-brutal-punetazo\/"]}]},{"@type":"ImageObject","inLanguage":"es-AR","@id":"https:\/\/www.diario21.tv\/noticias\/tragedia-en-malaga-muere-tras-dos-semanas-en-coma-por-brutal-punetazo\/#primaryimage","url":"https:\/\/www.diario21.tv\/noticias\/wp-content\/uploads\/2025\/11\/Tragedia-en-Malaga-Muere-tras-dos-semanas-en-coma-por.jpg","contentUrl":"https:\/\/www.diario21.tv\/noticias\/wp-content\/uploads\/2025\/11\/Tragedia-en-Malaga-Muere-tras-dos-semanas-en-coma-por.jpg","width":1200,"height":840,"caption":"Muere la v\u00edctima que estuvo dos semanas en coma tras recibir un pu\u00f1etazo en M\u00e1laga"},{"@type":"BreadcrumbList","@id":"https:\/\/www.diario21.tv\/noticias\/tragedia-en-malaga-muere-tras-dos-semanas-en-coma-por-brutal-punetazo\/#breadcrumb","itemListElement":[{"@type":"ListItem","position":1,"name":"Accueil","item":"https:\/\/www.diario21.tv\/noticias\/"},{"@type":"ListItem","position":2,"name":"Tragedia en M\u00e1laga: Muere tras dos semanas en coma por brutal pu\u00f1etazo"}]},{"@type":"WebSite","@id":"https:\/\/www.diario21.tv\/noticias\/#website","url":"https:\/\/www.diario21.tv\/noticias\/","name":"Diario 21","description":"","potentialAction":[{"@type":"SearchAction","target":{"@type":"EntryPoint","urlTemplate":"https:\/\/www.diario21.tv\/noticias\/?s={search_term_string}"},"query-input":{"@type":"PropertyValueSpecification","valueRequired":true,"valueName":"search_term_string"}}],"inLanguage":"es-AR"},{"@type":"Person","@id":"https:\/\/www.diario21.tv\/noticias\/#\/schema\/person\/dfb778f73814d8f09f302618446a526b","name":"Juan P\u00e9rez","image":{"@type":"ImageObject","inLanguage":"es-AR","@id":"https:\/\/www.diario21.tv\/noticias\/#\/schema\/person\/image\/","url":"https:\/\/secure.gravatar.com\/avatar\/c478a405bd10621167f4c3167cc770f5?s=96&d=mm&r=g","contentUrl":"https:\/\/secure.gravatar.com\/avatar\/c478a405bd10621167f4c3167cc770f5?s=96&d=mm&r=g","caption":"Juan P\u00e9rez"},"description":"Juan P\u00e9rez es el redactor en jefe de Diario 21. Con m\u00e1s de 10 a\u00f1os de experiencia en el periodismo, se especializa en pol\u00edtica nacional y an\u00e1lisis socioecon\u00f3mico. Su enfoque cr\u00edtico y riguroso aporta una perspectiva \u00fanica a cada art\u00edculo.","sameAs":["https:\/\/www.diario21.tv\/noticias\/"],"url":"https:\/\/www.diario21.tv\/noticias\/author\/juan-perez\/"}]}},"_links":{"self":[{"href":"https:\/\/www.diario21.tv\/noticias\/wp-json\/wp\/v2\/posts\/5226"}],"collection":[{"href":"https:\/\/www.diario21.tv\/noticias\/wp-json\/wp\/v2\/posts"}],"about":[{"href":"https:\/\/www.diario21.tv\/noticias\/wp-json\/wp\/v2\/types\/post"}],"author":[{"embeddable":true,"href":"https:\/\/www.diario21.tv\/noticias\/wp-json\/wp\/v2\/users\/20"}],"replies":[{"embeddable":true,"href":"https:\/\/www.diario21.tv\/noticias\/wp-json\/wp\/v2\/comments?post=5226"}],"version-history":[{"count":1,"href":"https:\/\/www.diario21.tv\/noticias\/wp-json\/wp\/v2\/posts\/5226\/revisions"}],"predecessor-version":[{"id":5228,"href":"https:\/\/www.diario21.tv\/noticias\/wp-json\/wp\/v2\/posts\/5226\/revisions\/5228"}],"wp:featuredmedia":[{"embeddable":true,"href":"https:\/\/www.diario21.tv\/noticias\/wp-json\/wp\/v2\/media\/5227"}],"wp:attachment":[{"href":"https:\/\/www.diario21.tv\/noticias\/wp-json\/wp\/v2\/media?parent=5226"}],"wp:term":[{"taxonomy":"category","embeddable":true,"href":"https:\/\/www.diario21.tv\/noticias\/wp-json\/wp\/v2\/categories?post=5226"},{"taxonomy":"post_tag","embeddable":true,"href":"https:\/\/www.diario21.tv\/noticias\/wp-json\/wp\/v2\/tags?post=5226"}],"curies":[{"name":"wp","href":"https:\/\/api.w.org\/{rel}","templated":true}]}}