{"id":5217,"date":"2025-11-17T06:13:47","date_gmt":"2025-11-17T06:13:47","guid":{"rendered":"https:\/\/www.diario21.tv\/noticias\/nueva-pandemia-a-la-vista-la-amenaza-real-de-la-gripe-aviar\/"},"modified":"2025-11-17T06:13:49","modified_gmt":"2025-11-17T06:13:49","slug":"nueva-pandemia-a-la-vista-la-amenaza-real-de-la-gripe-aviar","status":"publish","type":"post","link":"https:\/\/www.diario21.tv\/noticias\/nueva-pandemia-a-la-vista-la-amenaza-real-de-la-gripe-aviar\/","title":{"rendered":"\u00bfNueva pandemia a la vista? La amenaza real de la gripe aviar"},"content":{"rendered":"<h2>\u00bfPodr\u00eda la gripe aviar desencadenar otra pandemia global?<\/h2>\n<p>La gripe aviar, conocida tambi\u00e9n como influenza aviar, ha sido motivo de preocupaci\u00f3n en el \u00e1mbito de la salud p\u00fablica durante d\u00e9cadas. Aunque principalmente afecta a las aves, existen temores de que pueda evolucionar y convertirse en una amenaza significativa para los humanos. La pregunta que surge es: \u00bfestamos al borde de una pandemia provocada por un nuevo tipo de gripe aviar?<\/p>\n<h3>Entendiendo la gripe aviar<\/h3>\n<p>La gripe aviar es una enfermedad infecciosa viral que afecta principalmente a las aves, especialmente a las aves acu\u00e1ticas salvajes como patos y gansos. Sin embargo, tambi\u00e9n puede infectar a aves de corral como pollos y pavos, causando grandes brotes que pueden llevar a enfermedades severas y muertes dentro de estos grupos. Los virus de la gripe aviar se clasifican en dos tipos: de baja patogenicidad y de alta patogenicidad, siendo este \u00faltimo el m\u00e1s preocupante debido a su capacidad de causar enfermedades graves y alta mortalidad en las aves.<\/p>\n<h3>Transmisi\u00f3n a humanos<\/h3>\n<p>Aunque es raro, el virus de la gripe aviar ha cruzado la barrera de especies para infectar a humanos en varias ocasiones. Estos casos generalmente han involucrado contacto directo o cercano con aves infectadas o superficies contaminadas con sus secreciones. Hasta la fecha, la transmisi\u00f3n de persona a persona ha sido extremadamente limitada, pero el temor persiste de que el virus pueda mutar de forma que facilite una transmisi\u00f3n m\u00e1s f\u00e1cil entre humanos, lo que podr\u00eda provocar una pandemia.<\/p>\n<h3>Preparaci\u00f3n y respuesta<\/h3>\n<p>Los gobiernos y las organizaciones de salud a nivel mundial est\u00e1n muy conscientes de los riesgos que la gripe aviar podr\u00eda representar para la humanidad. Se han establecido protocolos de vigilancia para detectar r\u00e1pidamente brotes en aves y en humanos. Adem\u00e1s, se est\u00e1n desarrollando y ajustando vacunas para proteger a las personas en caso de que el virus se convierta en una amenaza pand\u00e9mica m\u00e1s seria.<\/p>\n<p>Tambi\u00e9n se est\u00e1n tomando medidas para controlar los brotes en aves mediante la implementaci\u00f3n de pr\u00e1cticas de bioseguridad en las granjas av\u00edcolas, el cierre temporal de mercados de aves vivas y, en casos extremos, el sacrificio de aves infectadas para prevenir la propagaci\u00f3n del virus.<\/p>\n<h3>\u00bfQu\u00e9 podemos esperar en el futuro?<\/h3>\n<p>Aunque se est\u00e1n tomando medidas preventivas, la posibilidad de una pandemia de gripe aviar sigue siendo una preocupaci\u00f3n relevante. La naturaleza cambiante de los virus de la gripe significa que deben realizarse esfuerzos continuos para monitorear las cepas circulantes y ajustar las estrategias de respuesta y prevenci\u00f3n. La colaboraci\u00f3n internacional ser\u00e1 crucial para mitigar los riesgos y manejar cualquier brote futuro que pueda tener el potencial de cruzar fronteras y afectar a poblaciones globales.<\/p>\n<p>Conclusivamente, mientras que la amenaza de una pandemia de gripe aviar es real, la preparaci\u00f3n y cooperaci\u00f3n constante entre pa\u00edses y organizaciones de salud pueden jugar un papel clave en la prevenci\u00f3n de una crisis de salud global. Continuar educando al p\u00fablico y promover pr\u00e1cticas de salud adecuadas tambi\u00e9n ser\u00e1 esencial para mantener a raya este peligro potencial.<\/p>\n\n\n<div class=\"kk-star-ratings kksr-auto kksr-align-left kksr-valign-bottom\"\n    data-payload='{&quot;align&quot;:&quot;left&quot;,&quot;id&quot;:&quot;5217&quot;,&quot;slug&quot;:&quot;default&quot;,&quot;valign&quot;:&quot;bottom&quot;,&quot;ignore&quot;:&quot;&quot;,&quot;reference&quot;:&quot;auto&quot;,&quot;class&quot;:&quot;&quot;,&quot;count&quot;:&quot;0&quot;,&quot;legendonly&quot;:&quot;&quot;,&quot;readonly&quot;:&quot;&quot;,&quot;score&quot;:&quot;0&quot;,&quot;starsonly&quot;:&quot;&quot;,&quot;best&quot;:&quot;5&quot;,&quot;gap&quot;:&quot;5&quot;,&quot;greet&quot;:&quot;Valora este post&quot;,&quot;legend&quot;:&quot;0\\\/5 - (0 votes)&quot;,&quot;size&quot;:&quot;22&quot;,&quot;title&quot;:&quot;\u00bfNueva pandemia a la vista? La amenaza real de la gripe aviar&quot;,&quot;width&quot;:&quot;0&quot;,&quot;_legend&quot;:&quot;{score}\\\/{best} - ({count} {votes})&quot;,&quot;font_factor&quot;:&quot;1.25&quot;}'>\n            \n<div class=\"kksr-stars\">\n    \n<div class=\"kksr-stars-inactive\">\n            <div class=\"kksr-star\" data-star=\"1\" style=\"padding-right: 5px\">\n            \n\n<div class=\"kksr-icon\" style=\"width: 22px; height: 22px;\"><\/div>\n        <\/div>\n            <div class=\"kksr-star\" data-star=\"2\" style=\"padding-right: 5px\">\n            \n\n<div class=\"kksr-icon\" style=\"width: 22px; height: 22px;\"><\/div>\n        <\/div>\n            <div class=\"kksr-star\" data-star=\"3\" style=\"padding-right: 5px\">\n            \n\n<div class=\"kksr-icon\" style=\"width: 22px; height: 22px;\"><\/div>\n        <\/div>\n            <div class=\"kksr-star\" data-star=\"4\" style=\"padding-right: 5px\">\n            \n\n<div class=\"kksr-icon\" style=\"width: 22px; height: 22px;\"><\/div>\n        <\/div>\n            <div class=\"kksr-star\" data-star=\"5\" style=\"padding-right: 5px\">\n            \n\n<div class=\"kksr-icon\" style=\"width: 22px; height: 22px;\"><\/div>\n        <\/div>\n    <\/div>\n    \n<div class=\"kksr-stars-active\" style=\"width: 0px;\">\n            <div class=\"kksr-star\" style=\"padding-right: 5px\">\n            \n\n<div class=\"kksr-icon\" style=\"width: 22px; height: 22px;\"><\/div>\n        <\/div>\n            <div class=\"kksr-star\" style=\"padding-right: 5px\">\n            \n\n<div class=\"kksr-icon\" style=\"width: 22px; height: 22px;\"><\/div>\n        <\/div>\n            <div class=\"kksr-star\" style=\"padding-right: 5px\">\n            \n\n<div class=\"kksr-icon\" style=\"width: 22px; height: 22px;\"><\/div>\n        <\/div>\n            <div class=\"kksr-star\" style=\"padding-right: 5px\">\n            \n\n<div class=\"kksr-icon\" style=\"width: 22px; height: 22px;\"><\/div>\n        <\/div>\n            <div class=\"kksr-star\" style=\"padding-right: 5px\">\n            \n\n<div class=\"kksr-icon\" style=\"width: 22px; height: 22px;\"><\/div>\n        <\/div>\n    <\/div>\n<\/div>\n                \n\n<div class=\"kksr-legend\" style=\"font-size: 17.6px;\">\n            <span class=\"kksr-muted\">Valora este post<\/span>\n    <\/div>\n    <\/div>\n","protected":false},"excerpt":{"rendered":"<p>\u00bfPodr\u00eda la gripe aviar desencadenar otra pandemia global? La gripe aviar, conocida tambi\u00e9n como influenza aviar, ha sido motivo de preocupaci\u00f3n en el \u00e1mbito de la &#8230; <a title=\"\u00bfNueva pandemia a la vista? La amenaza real de la gripe aviar\" class=\"read-more\" href=\"https:\/\/www.diario21.tv\/noticias\/nueva-pandemia-a-la-vista-la-amenaza-real-de-la-gripe-aviar\/\" aria-label=\"Leer m\u00e1s sobre \u00bfNueva pandemia a la vista? La amenaza real de la gripe aviar\">Seguir leyendo &rarr;<\/a><\/p>\n","protected":false},"author":20,"featured_media":5218,"comment_status":"open","ping_status":"open","sticky":false,"template":"","format":"standard","meta":{"footnotes":""},"categories":[13],"tags":[],"class_list":["post-5217","post","type-post","status-publish","format-standard","has-post-thumbnail","hentry","category-portada"],"yoast_head":"<!-- This site is optimized with the Yoast SEO plugin v25.6 - https:\/\/yoast.com\/wordpress\/plugins\/seo\/ -->\n<title>\u00bfNueva pandemia a la vista? La amenaza real de la gripe aviar - Diario 21<\/title>\n<meta name=\"robots\" content=\"index, follow, max-snippet:-1, max-image-preview:large, max-video-preview:-1\" \/>\n<link rel=\"canonical\" href=\"https:\/\/www.diario21.tv\/noticias\/nueva-pandemia-a-la-vista-la-amenaza-real-de-la-gripe-aviar\/\" \/>\n<meta property=\"og:locale\" content=\"es_ES\" \/>\n<meta property=\"og:type\" content=\"article\" \/>\n<meta property=\"og:title\" content=\"\u00bfNueva pandemia a la vista? La amenaza real de la gripe aviar - Diario 21\" \/>\n<meta property=\"og:description\" content=\"\u00bfPodr\u00eda la gripe aviar desencadenar otra pandemia global? La gripe aviar, conocida tambi\u00e9n como influenza aviar, ha sido motivo de preocupaci\u00f3n en el \u00e1mbito de la ... Seguir leyendo &rarr;\" \/>\n<meta property=\"og:url\" content=\"https:\/\/www.diario21.tv\/noticias\/nueva-pandemia-a-la-vista-la-amenaza-real-de-la-gripe-aviar\/\" \/>\n<meta property=\"og:site_name\" content=\"Diario 21\" \/>\n<meta property=\"article:published_time\" content=\"2025-11-17T06:13:47+00:00\" \/>\n<meta property=\"article:modified_time\" content=\"2025-11-17T06:13:49+00:00\" \/>\n<meta property=\"og:image\" content=\"https:\/\/www.diario21.tv\/noticias\/wp-content\/uploads\/2025\/11\/\u00bfNueva-pandemia-a-la-vista-La-amenaza-real-de-la.jpg\" \/>\n\t<meta property=\"og:image:width\" content=\"1200\" \/>\n\t<meta property=\"og:image:height\" content=\"840\" \/>\n\t<meta property=\"og:image:type\" content=\"image\/jpeg\" \/>\n<meta name=\"author\" content=\"Juan P\u00e9rez\" \/>\n<meta name=\"twitter:card\" content=\"summary_large_image\" \/>\n<meta name=\"twitter:label1\" content=\"Escrito por\" \/>\n\t<meta name=\"twitter:data1\" content=\"Juan P\u00e9rez\" \/>\n\t<meta name=\"twitter:label2\" content=\"Tiempo de lectura\" \/>\n\t<meta name=\"twitter:data2\" content=\"3 minutos\" \/>\n<script type=\"application\/ld+json\" class=\"yoast-schema-graph\">{\"@context\":\"https:\/\/schema.org\",\"@graph\":[{\"@type\":\"WebPage\",\"@id\":\"https:\/\/www.diario21.tv\/noticias\/nueva-pandemia-a-la-vista-la-amenaza-real-de-la-gripe-aviar\/\",\"url\":\"https:\/\/www.diario21.tv\/noticias\/nueva-pandemia-a-la-vista-la-amenaza-real-de-la-gripe-aviar\/\",\"name\":\"\u00bfNueva pandemia a la vista? La amenaza real de la gripe aviar - Diario 21\",\"isPartOf\":{\"@id\":\"https:\/\/www.diario21.tv\/noticias\/#website\"},\"primaryImageOfPage\":{\"@id\":\"https:\/\/www.diario21.tv\/noticias\/nueva-pandemia-a-la-vista-la-amenaza-real-de-la-gripe-aviar\/#primaryimage\"},\"image\":{\"@id\":\"https:\/\/www.diario21.tv\/noticias\/nueva-pandemia-a-la-vista-la-amenaza-real-de-la-gripe-aviar\/#primaryimage\"},\"thumbnailUrl\":\"https:\/\/www.diario21.tv\/noticias\/wp-content\/uploads\/2025\/11\/\u00bfNueva-pandemia-a-la-vista-La-amenaza-real-de-la.jpg\",\"datePublished\":\"2025-11-17T06:13:47+00:00\",\"dateModified\":\"2025-11-17T06:13:49+00:00\",\"author\":{\"@id\":\"https:\/\/www.diario21.tv\/noticias\/#\/schema\/person\/dfb778f73814d8f09f302618446a526b\"},\"breadcrumb\":{\"@id\":\"https:\/\/www.diario21.tv\/noticias\/nueva-pandemia-a-la-vista-la-amenaza-real-de-la-gripe-aviar\/#breadcrumb\"},\"inLanguage\":\"es-AR\",\"potentialAction\":[{\"@type\":\"ReadAction\",\"target\":[\"https:\/\/www.diario21.tv\/noticias\/nueva-pandemia-a-la-vista-la-amenaza-real-de-la-gripe-aviar\/\"]}]},{\"@type\":\"ImageObject\",\"inLanguage\":\"es-AR\",\"@id\":\"https:\/\/www.diario21.tv\/noticias\/nueva-pandemia-a-la-vista-la-amenaza-real-de-la-gripe-aviar\/#primaryimage\",\"url\":\"https:\/\/www.diario21.tv\/noticias\/wp-content\/uploads\/2025\/11\/\u00bfNueva-pandemia-a-la-vista-La-amenaza-real-de-la.jpg\",\"contentUrl\":\"https:\/\/www.diario21.tv\/noticias\/wp-content\/uploads\/2025\/11\/\u00bfNueva-pandemia-a-la-vista-La-amenaza-real-de-la.jpg\",\"width\":1200,\"height\":840,\"caption\":\"\u00bfEs posible que ocurra una nueva pandemia con la gripe aviar?\"},{\"@type\":\"BreadcrumbList\",\"@id\":\"https:\/\/www.diario21.tv\/noticias\/nueva-pandemia-a-la-vista-la-amenaza-real-de-la-gripe-aviar\/#breadcrumb\",\"itemListElement\":[{\"@type\":\"ListItem\",\"position\":1,\"name\":\"Accueil\",\"item\":\"https:\/\/www.diario21.tv\/noticias\/\"},{\"@type\":\"ListItem\",\"position\":2,\"name\":\"\u00bfNueva pandemia a la vista? La amenaza real de la gripe aviar\"}]},{\"@type\":\"WebSite\",\"@id\":\"https:\/\/www.diario21.tv\/noticias\/#website\",\"url\":\"https:\/\/www.diario21.tv\/noticias\/\",\"name\":\"Diario 21\",\"description\":\"\",\"potentialAction\":[{\"@type\":\"SearchAction\",\"target\":{\"@type\":\"EntryPoint\",\"urlTemplate\":\"https:\/\/www.diario21.tv\/noticias\/?s={search_term_string}\"},\"query-input\":{\"@type\":\"PropertyValueSpecification\",\"valueRequired\":true,\"valueName\":\"search_term_string\"}}],\"inLanguage\":\"es-AR\"},{\"@type\":\"Person\",\"@id\":\"https:\/\/www.diario21.tv\/noticias\/#\/schema\/person\/dfb778f73814d8f09f302618446a526b\",\"name\":\"Juan P\u00e9rez\",\"image\":{\"@type\":\"ImageObject\",\"inLanguage\":\"es-AR\",\"@id\":\"https:\/\/www.diario21.tv\/noticias\/#\/schema\/person\/image\/\",\"url\":\"https:\/\/secure.gravatar.com\/avatar\/c478a405bd10621167f4c3167cc770f5?s=96&d=mm&r=g\",\"contentUrl\":\"https:\/\/secure.gravatar.com\/avatar\/c478a405bd10621167f4c3167cc770f5?s=96&d=mm&r=g\",\"caption\":\"Juan P\u00e9rez\"},\"description\":\"Juan P\u00e9rez es el redactor en jefe de Diario 21. Con m\u00e1s de 10 a\u00f1os de experiencia en el periodismo, se especializa en pol\u00edtica nacional y an\u00e1lisis socioecon\u00f3mico. Su enfoque cr\u00edtico y riguroso aporta una perspectiva \u00fanica a cada art\u00edculo.\",\"sameAs\":[\"https:\/\/www.diario21.tv\/noticias\/\"],\"url\":\"https:\/\/www.diario21.tv\/noticias\/author\/juan-perez\/\"}]}<\/script>\n<!-- \/ Yoast SEO plugin. -->","yoast_head_json":{"title":"\u00bfNueva pandemia a la vista? La amenaza real de la gripe aviar - Diario 21","robots":{"index":"index","follow":"follow","max-snippet":"max-snippet:-1","max-image-preview":"max-image-preview:large","max-video-preview":"max-video-preview:-1"},"canonical":"https:\/\/www.diario21.tv\/noticias\/nueva-pandemia-a-la-vista-la-amenaza-real-de-la-gripe-aviar\/","og_locale":"es_ES","og_type":"article","og_title":"\u00bfNueva pandemia a la vista? La amenaza real de la gripe aviar - Diario 21","og_description":"\u00bfPodr\u00eda la gripe aviar desencadenar otra pandemia global? La gripe aviar, conocida tambi\u00e9n como influenza aviar, ha sido motivo de preocupaci\u00f3n en el \u00e1mbito de la ... Seguir leyendo &rarr;","og_url":"https:\/\/www.diario21.tv\/noticias\/nueva-pandemia-a-la-vista-la-amenaza-real-de-la-gripe-aviar\/","og_site_name":"Diario 21","article_published_time":"2025-11-17T06:13:47+00:00","article_modified_time":"2025-11-17T06:13:49+00:00","og_image":[{"width":1200,"height":840,"url":"https:\/\/www.diario21.tv\/noticias\/wp-content\/uploads\/2025\/11\/\u00bfNueva-pandemia-a-la-vista-La-amenaza-real-de-la.jpg","type":"image\/jpeg"}],"author":"Juan P\u00e9rez","twitter_card":"summary_large_image","twitter_misc":{"Escrito por":"Juan P\u00e9rez","Tiempo de lectura":"3 minutos"},"schema":{"@context":"https:\/\/schema.org","@graph":[{"@type":"WebPage","@id":"https:\/\/www.diario21.tv\/noticias\/nueva-pandemia-a-la-vista-la-amenaza-real-de-la-gripe-aviar\/","url":"https:\/\/www.diario21.tv\/noticias\/nueva-pandemia-a-la-vista-la-amenaza-real-de-la-gripe-aviar\/","name":"\u00bfNueva pandemia a la vista? La amenaza real de la gripe aviar - Diario 21","isPartOf":{"@id":"https:\/\/www.diario21.tv\/noticias\/#website"},"primaryImageOfPage":{"@id":"https:\/\/www.diario21.tv\/noticias\/nueva-pandemia-a-la-vista-la-amenaza-real-de-la-gripe-aviar\/#primaryimage"},"image":{"@id":"https:\/\/www.diario21.tv\/noticias\/nueva-pandemia-a-la-vista-la-amenaza-real-de-la-gripe-aviar\/#primaryimage"},"thumbnailUrl":"https:\/\/www.diario21.tv\/noticias\/wp-content\/uploads\/2025\/11\/\u00bfNueva-pandemia-a-la-vista-La-amenaza-real-de-la.jpg","datePublished":"2025-11-17T06:13:47+00:00","dateModified":"2025-11-17T06:13:49+00:00","author":{"@id":"https:\/\/www.diario21.tv\/noticias\/#\/schema\/person\/dfb778f73814d8f09f302618446a526b"},"breadcrumb":{"@id":"https:\/\/www.diario21.tv\/noticias\/nueva-pandemia-a-la-vista-la-amenaza-real-de-la-gripe-aviar\/#breadcrumb"},"inLanguage":"es-AR","potentialAction":[{"@type":"ReadAction","target":["https:\/\/www.diario21.tv\/noticias\/nueva-pandemia-a-la-vista-la-amenaza-real-de-la-gripe-aviar\/"]}]},{"@type":"ImageObject","inLanguage":"es-AR","@id":"https:\/\/www.diario21.tv\/noticias\/nueva-pandemia-a-la-vista-la-amenaza-real-de-la-gripe-aviar\/#primaryimage","url":"https:\/\/www.diario21.tv\/noticias\/wp-content\/uploads\/2025\/11\/\u00bfNueva-pandemia-a-la-vista-La-amenaza-real-de-la.jpg","contentUrl":"https:\/\/www.diario21.tv\/noticias\/wp-content\/uploads\/2025\/11\/\u00bfNueva-pandemia-a-la-vista-La-amenaza-real-de-la.jpg","width":1200,"height":840,"caption":"\u00bfEs posible que ocurra una nueva pandemia con la gripe aviar?"},{"@type":"BreadcrumbList","@id":"https:\/\/www.diario21.tv\/noticias\/nueva-pandemia-a-la-vista-la-amenaza-real-de-la-gripe-aviar\/#breadcrumb","itemListElement":[{"@type":"ListItem","position":1,"name":"Accueil","item":"https:\/\/www.diario21.tv\/noticias\/"},{"@type":"ListItem","position":2,"name":"\u00bfNueva pandemia a la vista? La amenaza real de la gripe aviar"}]},{"@type":"WebSite","@id":"https:\/\/www.diario21.tv\/noticias\/#website","url":"https:\/\/www.diario21.tv\/noticias\/","name":"Diario 21","description":"","potentialAction":[{"@type":"SearchAction","target":{"@type":"EntryPoint","urlTemplate":"https:\/\/www.diario21.tv\/noticias\/?s={search_term_string}"},"query-input":{"@type":"PropertyValueSpecification","valueRequired":true,"valueName":"search_term_string"}}],"inLanguage":"es-AR"},{"@type":"Person","@id":"https:\/\/www.diario21.tv\/noticias\/#\/schema\/person\/dfb778f73814d8f09f302618446a526b","name":"Juan P\u00e9rez","image":{"@type":"ImageObject","inLanguage":"es-AR","@id":"https:\/\/www.diario21.tv\/noticias\/#\/schema\/person\/image\/","url":"https:\/\/secure.gravatar.com\/avatar\/c478a405bd10621167f4c3167cc770f5?s=96&d=mm&r=g","contentUrl":"https:\/\/secure.gravatar.com\/avatar\/c478a405bd10621167f4c3167cc770f5?s=96&d=mm&r=g","caption":"Juan P\u00e9rez"},"description":"Juan P\u00e9rez es el redactor en jefe de Diario 21. Con m\u00e1s de 10 a\u00f1os de experiencia en el periodismo, se especializa en pol\u00edtica nacional y an\u00e1lisis socioecon\u00f3mico. Su enfoque cr\u00edtico y riguroso aporta una perspectiva \u00fanica a cada art\u00edculo.","sameAs":["https:\/\/www.diario21.tv\/noticias\/"],"url":"https:\/\/www.diario21.tv\/noticias\/author\/juan-perez\/"}]}},"_links":{"self":[{"href":"https:\/\/www.diario21.tv\/noticias\/wp-json\/wp\/v2\/posts\/5217"}],"collection":[{"href":"https:\/\/www.diario21.tv\/noticias\/wp-json\/wp\/v2\/posts"}],"about":[{"href":"https:\/\/www.diario21.tv\/noticias\/wp-json\/wp\/v2\/types\/post"}],"author":[{"embeddable":true,"href":"https:\/\/www.diario21.tv\/noticias\/wp-json\/wp\/v2\/users\/20"}],"replies":[{"embeddable":true,"href":"https:\/\/www.diario21.tv\/noticias\/wp-json\/wp\/v2\/comments?post=5217"}],"version-history":[{"count":1,"href":"https:\/\/www.diario21.tv\/noticias\/wp-json\/wp\/v2\/posts\/5217\/revisions"}],"predecessor-version":[{"id":5219,"href":"https:\/\/www.diario21.tv\/noticias\/wp-json\/wp\/v2\/posts\/5217\/revisions\/5219"}],"wp:featuredmedia":[{"embeddable":true,"href":"https:\/\/www.diario21.tv\/noticias\/wp-json\/wp\/v2\/media\/5218"}],"wp:attachment":[{"href":"https:\/\/www.diario21.tv\/noticias\/wp-json\/wp\/v2\/media?parent=5217"}],"wp:term":[{"taxonomy":"category","embeddable":true,"href":"https:\/\/www.diario21.tv\/noticias\/wp-json\/wp\/v2\/categories?post=5217"},{"taxonomy":"post_tag","embeddable":true,"href":"https:\/\/www.diario21.tv\/noticias\/wp-json\/wp\/v2\/tags?post=5217"}],"curies":[{"name":"wp","href":"https:\/\/api.w.org\/{rel}","templated":true}]}}