{"id":5211,"date":"2025-11-16T18:10:19","date_gmt":"2025-11-16T18:10:19","guid":{"rendered":"https:\/\/www.diario21.tv\/noticias\/tragedia-en-valencia-nino-de-dos-anos-fallece-atragantado-por-fruto-seco\/"},"modified":"2025-11-16T18:10:22","modified_gmt":"2025-11-16T18:10:22","slug":"tragedia-en-valencia-nino-de-dos-anos-fallece-atragantado-por-fruto-seco","status":"publish","type":"post","link":"https:\/\/www.diario21.tv\/noticias\/tragedia-en-valencia-nino-de-dos-anos-fallece-atragantado-por-fruto-seco\/","title":{"rendered":"Tragedia en Valencia: Ni\u00f1o de dos a\u00f1os fallece atragantado por fruto seco"},"content":{"rendered":"<h2>Tr\u00e1gico suceso en Valencia: Fallece un peque\u00f1o de dos a\u00f1os por asfixia tras ingerir un fruto seco<\/h2>\n<p>En un lamentable incidente en la ciudad de Valencia, un ni\u00f1o de apenas dos a\u00f1os de edad perdi\u00f3 la vida despu\u00e9s de atragantarse con un fruto seco. Este suceso ha conmovido a la comunidad y ha puesto de relieve los peligros que pueden representar ciertos alimentos para los ni\u00f1os peque\u00f1os.<\/p>\n<h3>Detalles del incidente<\/h3>\n<p>El tr\u00e1gico evento ocurri\u00f3 mientras el ni\u00f1o se encontraba en su domicilio bajo el cuidado de sus familiares. Seg\u00fan los informes preliminares, el peque\u00f1o estaba comiendo frutos secos cuando accidentalmente se atragant\u00f3 con uno de ellos. A pesar de los esfuerzos inmediatos por parte de sus familiares para socorrerlo, y la r\u00e1pida respuesta de los servicios de emergencia, el ni\u00f1o fue declarado muerto en el lugar.<\/p>\n<h3>Reacciones y medidas de precauci\u00f3n<\/h3>\n<p>La noticia ha generado una profunda tristeza en la comunidad, as\u00ed como un renovado inter\u00e9s en la seguridad alimentaria para los ni\u00f1os. Expertos en salud y nutrici\u00f3n recalcan la importancia de ser extremadamente cautelosos con los alimentos que se ofrecen a ni\u00f1os peque\u00f1os, especialmente aquellos que pueden representar un riesgo de asfixia, como los frutos secos.<\/p>\n<p>Las autoridades sanitarias y pedi\u00e1tricas recomiendan evitar dar frutos secos a ni\u00f1os menores de cinco a\u00f1os y sugieren asegurarse de que todos los alimentos que se les ofrezcan sean adecuados para su edad y capacidad de masticaci\u00f3n y degluci\u00f3n.<\/p>\n<h3>Investigaci\u00f3n en curso<\/h3>\n<p>Las autoridades locales han iniciado una investigaci\u00f3n para esclarecer los detalles exactos del suceso y determinar si hubo alg\u00fan factor que pudo haber contribuido al tr\u00e1gico resultado. Mientras tanto, se ha hecho un llamado a los padres y cuidadores para que tomen medidas adicionales de precauci\u00f3n al alimentar a los ni\u00f1os peque\u00f1os.<\/p>\n<p>Este triste incidente sirve como un doloroso recordatorio de los riesgos potenciales asociados con ciertos alimentos y la importancia de supervisar de cerca a los ni\u00f1os mientras comen.<\/p>\n\n\n<div class=\"kk-star-ratings kksr-auto kksr-align-left kksr-valign-bottom\"\n    data-payload='{&quot;align&quot;:&quot;left&quot;,&quot;id&quot;:&quot;5211&quot;,&quot;slug&quot;:&quot;default&quot;,&quot;valign&quot;:&quot;bottom&quot;,&quot;ignore&quot;:&quot;&quot;,&quot;reference&quot;:&quot;auto&quot;,&quot;class&quot;:&quot;&quot;,&quot;count&quot;:&quot;0&quot;,&quot;legendonly&quot;:&quot;&quot;,&quot;readonly&quot;:&quot;&quot;,&quot;score&quot;:&quot;0&quot;,&quot;starsonly&quot;:&quot;&quot;,&quot;best&quot;:&quot;5&quot;,&quot;gap&quot;:&quot;5&quot;,&quot;greet&quot;:&quot;Valora este post&quot;,&quot;legend&quot;:&quot;0\\\/5 - (0 votes)&quot;,&quot;size&quot;:&quot;22&quot;,&quot;title&quot;:&quot;Tragedia en Valencia: Ni\u00f1o de dos a\u00f1os fallece atragantado por fruto seco&quot;,&quot;width&quot;:&quot;0&quot;,&quot;_legend&quot;:&quot;{score}\\\/{best} - ({count} {votes})&quot;,&quot;font_factor&quot;:&quot;1.25&quot;}'>\n            \n<div class=\"kksr-stars\">\n    \n<div class=\"kksr-stars-inactive\">\n            <div class=\"kksr-star\" data-star=\"1\" style=\"padding-right: 5px\">\n            \n\n<div class=\"kksr-icon\" style=\"width: 22px; height: 22px;\"><\/div>\n        <\/div>\n            <div class=\"kksr-star\" data-star=\"2\" style=\"padding-right: 5px\">\n            \n\n<div class=\"kksr-icon\" style=\"width: 22px; height: 22px;\"><\/div>\n        <\/div>\n            <div class=\"kksr-star\" data-star=\"3\" style=\"padding-right: 5px\">\n            \n\n<div class=\"kksr-icon\" style=\"width: 22px; height: 22px;\"><\/div>\n        <\/div>\n            <div class=\"kksr-star\" data-star=\"4\" style=\"padding-right: 5px\">\n            \n\n<div class=\"kksr-icon\" style=\"width: 22px; height: 22px;\"><\/div>\n        <\/div>\n            <div class=\"kksr-star\" data-star=\"5\" style=\"padding-right: 5px\">\n            \n\n<div class=\"kksr-icon\" style=\"width: 22px; height: 22px;\"><\/div>\n        <\/div>\n    <\/div>\n    \n<div class=\"kksr-stars-active\" style=\"width: 0px;\">\n            <div class=\"kksr-star\" style=\"padding-right: 5px\">\n            \n\n<div class=\"kksr-icon\" style=\"width: 22px; height: 22px;\"><\/div>\n        <\/div>\n            <div class=\"kksr-star\" style=\"padding-right: 5px\">\n            \n\n<div class=\"kksr-icon\" style=\"width: 22px; height: 22px;\"><\/div>\n        <\/div>\n            <div class=\"kksr-star\" style=\"padding-right: 5px\">\n            \n\n<div class=\"kksr-icon\" style=\"width: 22px; height: 22px;\"><\/div>\n        <\/div>\n            <div class=\"kksr-star\" style=\"padding-right: 5px\">\n            \n\n<div class=\"kksr-icon\" style=\"width: 22px; height: 22px;\"><\/div>\n        <\/div>\n            <div class=\"kksr-star\" style=\"padding-right: 5px\">\n            \n\n<div class=\"kksr-icon\" style=\"width: 22px; height: 22px;\"><\/div>\n        <\/div>\n    <\/div>\n<\/div>\n                \n\n<div class=\"kksr-legend\" style=\"font-size: 17.6px;\">\n            <span class=\"kksr-muted\">Valora este post<\/span>\n    <\/div>\n    <\/div>\n","protected":false},"excerpt":{"rendered":"<p>Tr\u00e1gico suceso en Valencia: Fallece un peque\u00f1o de dos a\u00f1os por asfixia tras ingerir un fruto seco En un lamentable incidente en la ciudad de Valencia, &#8230; <a title=\"Tragedia en Valencia: Ni\u00f1o de dos a\u00f1os fallece atragantado por fruto seco\" class=\"read-more\" href=\"https:\/\/www.diario21.tv\/noticias\/tragedia-en-valencia-nino-de-dos-anos-fallece-atragantado-por-fruto-seco\/\" aria-label=\"Leer m\u00e1s sobre Tragedia en Valencia: Ni\u00f1o de dos a\u00f1os fallece atragantado por fruto seco\">Seguir leyendo &rarr;<\/a><\/p>\n","protected":false},"author":20,"featured_media":5212,"comment_status":"open","ping_status":"open","sticky":false,"template":"","format":"standard","meta":{"footnotes":""},"categories":[13],"tags":[],"class_list":["post-5211","post","type-post","status-publish","format-standard","has-post-thumbnail","hentry","category-portada"],"yoast_head":"<!-- This site is optimized with the Yoast SEO plugin v25.6 - https:\/\/yoast.com\/wordpress\/plugins\/seo\/ -->\n<title>Tragedia en Valencia: Ni\u00f1o de dos a\u00f1os fallece atragantado por fruto seco - Diario 21<\/title>\n<meta name=\"robots\" content=\"index, follow, max-snippet:-1, max-image-preview:large, max-video-preview:-1\" \/>\n<link rel=\"canonical\" href=\"https:\/\/www.diario21.tv\/noticias\/tragedia-en-valencia-nino-de-dos-anos-fallece-atragantado-por-fruto-seco\/\" \/>\n<meta property=\"og:locale\" content=\"es_ES\" \/>\n<meta property=\"og:type\" content=\"article\" \/>\n<meta property=\"og:title\" content=\"Tragedia en Valencia: Ni\u00f1o de dos a\u00f1os fallece atragantado por fruto seco - Diario 21\" \/>\n<meta property=\"og:description\" content=\"Tr\u00e1gico suceso en Valencia: Fallece un peque\u00f1o de dos a\u00f1os por asfixia tras ingerir un fruto seco En un lamentable incidente en la ciudad de Valencia, ... Seguir leyendo &rarr;\" \/>\n<meta property=\"og:url\" content=\"https:\/\/www.diario21.tv\/noticias\/tragedia-en-valencia-nino-de-dos-anos-fallece-atragantado-por-fruto-seco\/\" \/>\n<meta property=\"og:site_name\" content=\"Diario 21\" \/>\n<meta property=\"article:published_time\" content=\"2025-11-16T18:10:19+00:00\" \/>\n<meta property=\"article:modified_time\" content=\"2025-11-16T18:10:22+00:00\" \/>\n<meta property=\"og:image\" content=\"https:\/\/www.diario21.tv\/noticias\/wp-content\/uploads\/2025\/11\/Tragedia-en-Valencia-Nino-de-dos-anos-fallece-atragantado-por.jpg\" \/>\n\t<meta property=\"og:image:width\" content=\"1200\" \/>\n\t<meta property=\"og:image:height\" content=\"840\" \/>\n\t<meta property=\"og:image:type\" content=\"image\/jpeg\" \/>\n<meta name=\"author\" content=\"Juan P\u00e9rez\" \/>\n<meta name=\"twitter:card\" content=\"summary_large_image\" \/>\n<meta name=\"twitter:label1\" content=\"Escrito por\" \/>\n\t<meta name=\"twitter:data1\" content=\"Juan P\u00e9rez\" \/>\n\t<meta name=\"twitter:label2\" content=\"Tiempo de lectura\" \/>\n\t<meta name=\"twitter:data2\" content=\"2 minutos\" \/>\n<script type=\"application\/ld+json\" class=\"yoast-schema-graph\">{\"@context\":\"https:\/\/schema.org\",\"@graph\":[{\"@type\":\"WebPage\",\"@id\":\"https:\/\/www.diario21.tv\/noticias\/tragedia-en-valencia-nino-de-dos-anos-fallece-atragantado-por-fruto-seco\/\",\"url\":\"https:\/\/www.diario21.tv\/noticias\/tragedia-en-valencia-nino-de-dos-anos-fallece-atragantado-por-fruto-seco\/\",\"name\":\"Tragedia en Valencia: Ni\u00f1o de dos a\u00f1os fallece atragantado por fruto seco - Diario 21\",\"isPartOf\":{\"@id\":\"https:\/\/www.diario21.tv\/noticias\/#website\"},\"primaryImageOfPage\":{\"@id\":\"https:\/\/www.diario21.tv\/noticias\/tragedia-en-valencia-nino-de-dos-anos-fallece-atragantado-por-fruto-seco\/#primaryimage\"},\"image\":{\"@id\":\"https:\/\/www.diario21.tv\/noticias\/tragedia-en-valencia-nino-de-dos-anos-fallece-atragantado-por-fruto-seco\/#primaryimage\"},\"thumbnailUrl\":\"https:\/\/www.diario21.tv\/noticias\/wp-content\/uploads\/2025\/11\/Tragedia-en-Valencia-Nino-de-dos-anos-fallece-atragantado-por.jpg\",\"datePublished\":\"2025-11-16T18:10:19+00:00\",\"dateModified\":\"2025-11-16T18:10:22+00:00\",\"author\":{\"@id\":\"https:\/\/www.diario21.tv\/noticias\/#\/schema\/person\/dfb778f73814d8f09f302618446a526b\"},\"breadcrumb\":{\"@id\":\"https:\/\/www.diario21.tv\/noticias\/tragedia-en-valencia-nino-de-dos-anos-fallece-atragantado-por-fruto-seco\/#breadcrumb\"},\"inLanguage\":\"es-AR\",\"potentialAction\":[{\"@type\":\"ReadAction\",\"target\":[\"https:\/\/www.diario21.tv\/noticias\/tragedia-en-valencia-nino-de-dos-anos-fallece-atragantado-por-fruto-seco\/\"]}]},{\"@type\":\"ImageObject\",\"inLanguage\":\"es-AR\",\"@id\":\"https:\/\/www.diario21.tv\/noticias\/tragedia-en-valencia-nino-de-dos-anos-fallece-atragantado-por-fruto-seco\/#primaryimage\",\"url\":\"https:\/\/www.diario21.tv\/noticias\/wp-content\/uploads\/2025\/11\/Tragedia-en-Valencia-Nino-de-dos-anos-fallece-atragantado-por.jpg\",\"contentUrl\":\"https:\/\/www.diario21.tv\/noticias\/wp-content\/uploads\/2025\/11\/Tragedia-en-Valencia-Nino-de-dos-anos-fallece-atragantado-por.jpg\",\"width\":1200,\"height\":840,\"caption\":\"Muere un ni\u00f1o de dos a\u00f1os atragantado con un fruto seco en Valencia\"},{\"@type\":\"BreadcrumbList\",\"@id\":\"https:\/\/www.diario21.tv\/noticias\/tragedia-en-valencia-nino-de-dos-anos-fallece-atragantado-por-fruto-seco\/#breadcrumb\",\"itemListElement\":[{\"@type\":\"ListItem\",\"position\":1,\"name\":\"Accueil\",\"item\":\"https:\/\/www.diario21.tv\/noticias\/\"},{\"@type\":\"ListItem\",\"position\":2,\"name\":\"Tragedia en Valencia: Ni\u00f1o de dos a\u00f1os fallece atragantado por fruto seco\"}]},{\"@type\":\"WebSite\",\"@id\":\"https:\/\/www.diario21.tv\/noticias\/#website\",\"url\":\"https:\/\/www.diario21.tv\/noticias\/\",\"name\":\"Diario 21\",\"description\":\"\",\"potentialAction\":[{\"@type\":\"SearchAction\",\"target\":{\"@type\":\"EntryPoint\",\"urlTemplate\":\"https:\/\/www.diario21.tv\/noticias\/?s={search_term_string}\"},\"query-input\":{\"@type\":\"PropertyValueSpecification\",\"valueRequired\":true,\"valueName\":\"search_term_string\"}}],\"inLanguage\":\"es-AR\"},{\"@type\":\"Person\",\"@id\":\"https:\/\/www.diario21.tv\/noticias\/#\/schema\/person\/dfb778f73814d8f09f302618446a526b\",\"name\":\"Juan P\u00e9rez\",\"image\":{\"@type\":\"ImageObject\",\"inLanguage\":\"es-AR\",\"@id\":\"https:\/\/www.diario21.tv\/noticias\/#\/schema\/person\/image\/\",\"url\":\"https:\/\/secure.gravatar.com\/avatar\/c478a405bd10621167f4c3167cc770f5?s=96&d=mm&r=g\",\"contentUrl\":\"https:\/\/secure.gravatar.com\/avatar\/c478a405bd10621167f4c3167cc770f5?s=96&d=mm&r=g\",\"caption\":\"Juan P\u00e9rez\"},\"description\":\"Juan P\u00e9rez es el redactor en jefe de Diario 21. Con m\u00e1s de 10 a\u00f1os de experiencia en el periodismo, se especializa en pol\u00edtica nacional y an\u00e1lisis socioecon\u00f3mico. Su enfoque cr\u00edtico y riguroso aporta una perspectiva \u00fanica a cada art\u00edculo.\",\"sameAs\":[\"https:\/\/www.diario21.tv\/noticias\/\"],\"url\":\"https:\/\/www.diario21.tv\/noticias\/author\/juan-perez\/\"}]}<\/script>\n<!-- \/ Yoast SEO plugin. -->","yoast_head_json":{"title":"Tragedia en Valencia: Ni\u00f1o de dos a\u00f1os fallece atragantado por fruto seco - Diario 21","robots":{"index":"index","follow":"follow","max-snippet":"max-snippet:-1","max-image-preview":"max-image-preview:large","max-video-preview":"max-video-preview:-1"},"canonical":"https:\/\/www.diario21.tv\/noticias\/tragedia-en-valencia-nino-de-dos-anos-fallece-atragantado-por-fruto-seco\/","og_locale":"es_ES","og_type":"article","og_title":"Tragedia en Valencia: Ni\u00f1o de dos a\u00f1os fallece atragantado por fruto seco - Diario 21","og_description":"Tr\u00e1gico suceso en Valencia: Fallece un peque\u00f1o de dos a\u00f1os por asfixia tras ingerir un fruto seco En un lamentable incidente en la ciudad de Valencia, ... Seguir leyendo &rarr;","og_url":"https:\/\/www.diario21.tv\/noticias\/tragedia-en-valencia-nino-de-dos-anos-fallece-atragantado-por-fruto-seco\/","og_site_name":"Diario 21","article_published_time":"2025-11-16T18:10:19+00:00","article_modified_time":"2025-11-16T18:10:22+00:00","og_image":[{"width":1200,"height":840,"url":"https:\/\/www.diario21.tv\/noticias\/wp-content\/uploads\/2025\/11\/Tragedia-en-Valencia-Nino-de-dos-anos-fallece-atragantado-por.jpg","type":"image\/jpeg"}],"author":"Juan P\u00e9rez","twitter_card":"summary_large_image","twitter_misc":{"Escrito por":"Juan P\u00e9rez","Tiempo de lectura":"2 minutos"},"schema":{"@context":"https:\/\/schema.org","@graph":[{"@type":"WebPage","@id":"https:\/\/www.diario21.tv\/noticias\/tragedia-en-valencia-nino-de-dos-anos-fallece-atragantado-por-fruto-seco\/","url":"https:\/\/www.diario21.tv\/noticias\/tragedia-en-valencia-nino-de-dos-anos-fallece-atragantado-por-fruto-seco\/","name":"Tragedia en Valencia: Ni\u00f1o de dos a\u00f1os fallece atragantado por fruto seco - Diario 21","isPartOf":{"@id":"https:\/\/www.diario21.tv\/noticias\/#website"},"primaryImageOfPage":{"@id":"https:\/\/www.diario21.tv\/noticias\/tragedia-en-valencia-nino-de-dos-anos-fallece-atragantado-por-fruto-seco\/#primaryimage"},"image":{"@id":"https:\/\/www.diario21.tv\/noticias\/tragedia-en-valencia-nino-de-dos-anos-fallece-atragantado-por-fruto-seco\/#primaryimage"},"thumbnailUrl":"https:\/\/www.diario21.tv\/noticias\/wp-content\/uploads\/2025\/11\/Tragedia-en-Valencia-Nino-de-dos-anos-fallece-atragantado-por.jpg","datePublished":"2025-11-16T18:10:19+00:00","dateModified":"2025-11-16T18:10:22+00:00","author":{"@id":"https:\/\/www.diario21.tv\/noticias\/#\/schema\/person\/dfb778f73814d8f09f302618446a526b"},"breadcrumb":{"@id":"https:\/\/www.diario21.tv\/noticias\/tragedia-en-valencia-nino-de-dos-anos-fallece-atragantado-por-fruto-seco\/#breadcrumb"},"inLanguage":"es-AR","potentialAction":[{"@type":"ReadAction","target":["https:\/\/www.diario21.tv\/noticias\/tragedia-en-valencia-nino-de-dos-anos-fallece-atragantado-por-fruto-seco\/"]}]},{"@type":"ImageObject","inLanguage":"es-AR","@id":"https:\/\/www.diario21.tv\/noticias\/tragedia-en-valencia-nino-de-dos-anos-fallece-atragantado-por-fruto-seco\/#primaryimage","url":"https:\/\/www.diario21.tv\/noticias\/wp-content\/uploads\/2025\/11\/Tragedia-en-Valencia-Nino-de-dos-anos-fallece-atragantado-por.jpg","contentUrl":"https:\/\/www.diario21.tv\/noticias\/wp-content\/uploads\/2025\/11\/Tragedia-en-Valencia-Nino-de-dos-anos-fallece-atragantado-por.jpg","width":1200,"height":840,"caption":"Muere un ni\u00f1o de dos a\u00f1os atragantado con un fruto seco en Valencia"},{"@type":"BreadcrumbList","@id":"https:\/\/www.diario21.tv\/noticias\/tragedia-en-valencia-nino-de-dos-anos-fallece-atragantado-por-fruto-seco\/#breadcrumb","itemListElement":[{"@type":"ListItem","position":1,"name":"Accueil","item":"https:\/\/www.diario21.tv\/noticias\/"},{"@type":"ListItem","position":2,"name":"Tragedia en Valencia: Ni\u00f1o de dos a\u00f1os fallece atragantado por fruto seco"}]},{"@type":"WebSite","@id":"https:\/\/www.diario21.tv\/noticias\/#website","url":"https:\/\/www.diario21.tv\/noticias\/","name":"Diario 21","description":"","potentialAction":[{"@type":"SearchAction","target":{"@type":"EntryPoint","urlTemplate":"https:\/\/www.diario21.tv\/noticias\/?s={search_term_string}"},"query-input":{"@type":"PropertyValueSpecification","valueRequired":true,"valueName":"search_term_string"}}],"inLanguage":"es-AR"},{"@type":"Person","@id":"https:\/\/www.diario21.tv\/noticias\/#\/schema\/person\/dfb778f73814d8f09f302618446a526b","name":"Juan P\u00e9rez","image":{"@type":"ImageObject","inLanguage":"es-AR","@id":"https:\/\/www.diario21.tv\/noticias\/#\/schema\/person\/image\/","url":"https:\/\/secure.gravatar.com\/avatar\/c478a405bd10621167f4c3167cc770f5?s=96&d=mm&r=g","contentUrl":"https:\/\/secure.gravatar.com\/avatar\/c478a405bd10621167f4c3167cc770f5?s=96&d=mm&r=g","caption":"Juan P\u00e9rez"},"description":"Juan P\u00e9rez es el redactor en jefe de Diario 21. Con m\u00e1s de 10 a\u00f1os de experiencia en el periodismo, se especializa en pol\u00edtica nacional y an\u00e1lisis socioecon\u00f3mico. Su enfoque cr\u00edtico y riguroso aporta una perspectiva \u00fanica a cada art\u00edculo.","sameAs":["https:\/\/www.diario21.tv\/noticias\/"],"url":"https:\/\/www.diario21.tv\/noticias\/author\/juan-perez\/"}]}},"_links":{"self":[{"href":"https:\/\/www.diario21.tv\/noticias\/wp-json\/wp\/v2\/posts\/5211"}],"collection":[{"href":"https:\/\/www.diario21.tv\/noticias\/wp-json\/wp\/v2\/posts"}],"about":[{"href":"https:\/\/www.diario21.tv\/noticias\/wp-json\/wp\/v2\/types\/post"}],"author":[{"embeddable":true,"href":"https:\/\/www.diario21.tv\/noticias\/wp-json\/wp\/v2\/users\/20"}],"replies":[{"embeddable":true,"href":"https:\/\/www.diario21.tv\/noticias\/wp-json\/wp\/v2\/comments?post=5211"}],"version-history":[{"count":1,"href":"https:\/\/www.diario21.tv\/noticias\/wp-json\/wp\/v2\/posts\/5211\/revisions"}],"predecessor-version":[{"id":5213,"href":"https:\/\/www.diario21.tv\/noticias\/wp-json\/wp\/v2\/posts\/5211\/revisions\/5213"}],"wp:featuredmedia":[{"embeddable":true,"href":"https:\/\/www.diario21.tv\/noticias\/wp-json\/wp\/v2\/media\/5212"}],"wp:attachment":[{"href":"https:\/\/www.diario21.tv\/noticias\/wp-json\/wp\/v2\/media?parent=5211"}],"wp:term":[{"taxonomy":"category","embeddable":true,"href":"https:\/\/www.diario21.tv\/noticias\/wp-json\/wp\/v2\/categories?post=5211"},{"taxonomy":"post_tag","embeddable":true,"href":"https:\/\/www.diario21.tv\/noticias\/wp-json\/wp\/v2\/tags?post=5211"}],"curies":[{"name":"wp","href":"https:\/\/api.w.org\/{rel}","templated":true}]}}