{"id":5193,"date":"2025-11-15T05:56:51","date_gmt":"2025-11-15T05:56:51","guid":{"rendered":"https:\/\/www.diario21.tv\/noticias\/increible-madre-busca-sicario-para-matar-a-su-ex-y-pierde-la-custodia-de-sus-hijas\/"},"modified":"2025-11-15T05:56:53","modified_gmt":"2025-11-15T05:56:53","slug":"increible-madre-busca-sicario-para-matar-a-su-ex-y-pierde-la-custodia-de-sus-hijas","status":"publish","type":"post","link":"https:\/\/www.diario21.tv\/noticias\/increible-madre-busca-sicario-para-matar-a-su-ex-y-pierde-la-custodia-de-sus-hijas\/","title":{"rendered":"\u00a1Incre\u00edble! Madre busca sicario para matar a su ex y pierde la custodia de sus hijas"},"content":{"rendered":"<h2>Se Retira la Custodia de Sus Hijas a Mujer Acusada de Intentar Contratar a un Asesino<\/h2>\n<p>En un giro dram\u00e1tico de los eventos, una madre ha perdido la custodia de sus hijas despu\u00e9s de que se le acusara de intentar contratar a un asesino a sueldo para matar a su exesposo. Este caso ha conmocionado a la comunidad local y ha planteado serias preguntas sobre la seguridad y el bienestar de los ni\u00f1os involucrados.<\/p>\n<h3>Detalles del Caso<\/h3>\n<p>Seg\u00fan informes de las autoridades, la acusada, cuya identidad no ha sido revelada para proteger la privacidad de las menores, fue detenida tras una investigaci\u00f3n que comenz\u00f3 con una denuncia an\u00f3nima. La investigaci\u00f3n revel\u00f3 que la mujer hab\u00eda buscado activamente a alguien que pudiera llevar a cabo el homicidio de su ex pareja. Las pruebas inclu\u00edan comunicaciones electr\u00f3nicas y testimonios que indicaban claramente su intenci\u00f3n de terminar con la vida de su exmarido.<\/p>\n<h3>Reacci\u00f3n Judicial<\/h3>\n<p>El caso fue llevado ante los tribunales, donde un juez determin\u00f3 que la seguridad de las hijas de la acusada podr\u00eda estar en riesgo si permanec\u00edan bajo su cuidado. En consecuencia, se tom\u00f3 la decisi\u00f3n de retirarle la patria potestad y colocar a las ni\u00f1as bajo la custodia del estado mientras contin\u00faa el proceso legal. Esta medida busca garantizar el bienestar de las menores mientras se resuelve la situaci\u00f3n legal de su madre.<\/p>\n<h3>Impacto en la Familia y la Comunidad<\/h3>\n<p>La comunidad ha reaccionado con preocupaci\u00f3n y consternaci\u00f3n ante este caso, especialmente por el impacto que tiene en las j\u00f3venes involucradas. Expertos en psicolog\u00eda infantil han destacado la importancia de proporcionar un entorno estable y seguro para las ni\u00f1as, quienes ahora enfrentan una gran incertidumbre sobre su futuro.<\/p>\n<p>Mientras tanto, las autoridades han reforzado su compromiso de proteger a los menores de edad en situaciones de riesgo y de seguir trabajando para asegurar que se haga justicia en este perturbador caso.<\/p>\n<h3>Pr\u00f3ximos Pasos en el Proceso Judicial<\/h3>\n<p>El caso sigue en curso, y la acusada est\u00e1 a la espera de un juicio donde se determinar\u00e1 su culpabilidad o inocencia. Los fiscales est\u00e1n preparando su caso, que incluye numerosas pruebas recabadas durante la investigaci\u00f3n. La defensa de la mujer, por su parte, insiste en su inocencia y alega que las pruebas contra ella son circunstanciales.<\/p>\n<p>Este caso ha puesto de relieve la necesidad de vigilancia y precauci\u00f3n en asuntos de custodia y bienestar infantil, subrayando c\u00f3mo decisiones personales pueden tener consecuencias legales graves y afectar profundamente la vida de los m\u00e1s j\u00f3venes.<\/p>\n\n\n<div class=\"kk-star-ratings kksr-auto kksr-align-left kksr-valign-bottom\"\n    data-payload='{&quot;align&quot;:&quot;left&quot;,&quot;id&quot;:&quot;5193&quot;,&quot;slug&quot;:&quot;default&quot;,&quot;valign&quot;:&quot;bottom&quot;,&quot;ignore&quot;:&quot;&quot;,&quot;reference&quot;:&quot;auto&quot;,&quot;class&quot;:&quot;&quot;,&quot;count&quot;:&quot;0&quot;,&quot;legendonly&quot;:&quot;&quot;,&quot;readonly&quot;:&quot;&quot;,&quot;score&quot;:&quot;0&quot;,&quot;starsonly&quot;:&quot;&quot;,&quot;best&quot;:&quot;5&quot;,&quot;gap&quot;:&quot;5&quot;,&quot;greet&quot;:&quot;Valora este post&quot;,&quot;legend&quot;:&quot;0\\\/5 - (0 votes)&quot;,&quot;size&quot;:&quot;22&quot;,&quot;title&quot;:&quot;\u00a1Incre\u00edble! Madre busca sicario para matar a su ex y pierde la custodia de sus hijas&quot;,&quot;width&quot;:&quot;0&quot;,&quot;_legend&quot;:&quot;{score}\\\/{best} - ({count} {votes})&quot;,&quot;font_factor&quot;:&quot;1.25&quot;}'>\n            \n<div class=\"kksr-stars\">\n    \n<div class=\"kksr-stars-inactive\">\n            <div class=\"kksr-star\" data-star=\"1\" style=\"padding-right: 5px\">\n            \n\n<div class=\"kksr-icon\" style=\"width: 22px; height: 22px;\"><\/div>\n        <\/div>\n            <div class=\"kksr-star\" data-star=\"2\" style=\"padding-right: 5px\">\n            \n\n<div class=\"kksr-icon\" style=\"width: 22px; height: 22px;\"><\/div>\n        <\/div>\n            <div class=\"kksr-star\" data-star=\"3\" style=\"padding-right: 5px\">\n            \n\n<div class=\"kksr-icon\" style=\"width: 22px; height: 22px;\"><\/div>\n        <\/div>\n            <div class=\"kksr-star\" data-star=\"4\" style=\"padding-right: 5px\">\n            \n\n<div class=\"kksr-icon\" style=\"width: 22px; height: 22px;\"><\/div>\n        <\/div>\n            <div class=\"kksr-star\" data-star=\"5\" style=\"padding-right: 5px\">\n            \n\n<div class=\"kksr-icon\" style=\"width: 22px; height: 22px;\"><\/div>\n        <\/div>\n    <\/div>\n    \n<div class=\"kksr-stars-active\" style=\"width: 0px;\">\n            <div class=\"kksr-star\" style=\"padding-right: 5px\">\n            \n\n<div class=\"kksr-icon\" style=\"width: 22px; height: 22px;\"><\/div>\n        <\/div>\n            <div class=\"kksr-star\" style=\"padding-right: 5px\">\n            \n\n<div class=\"kksr-icon\" style=\"width: 22px; height: 22px;\"><\/div>\n        <\/div>\n            <div class=\"kksr-star\" style=\"padding-right: 5px\">\n            \n\n<div class=\"kksr-icon\" style=\"width: 22px; height: 22px;\"><\/div>\n        <\/div>\n            <div class=\"kksr-star\" style=\"padding-right: 5px\">\n            \n\n<div class=\"kksr-icon\" style=\"width: 22px; height: 22px;\"><\/div>\n        <\/div>\n            <div class=\"kksr-star\" style=\"padding-right: 5px\">\n            \n\n<div class=\"kksr-icon\" style=\"width: 22px; height: 22px;\"><\/div>\n        <\/div>\n    <\/div>\n<\/div>\n                \n\n<div class=\"kksr-legend\" style=\"font-size: 17.6px;\">\n            <span class=\"kksr-muted\">Valora este post<\/span>\n    <\/div>\n    <\/div>\n","protected":false},"excerpt":{"rendered":"<p>Se Retira la Custodia de Sus Hijas a Mujer Acusada de Intentar Contratar a un Asesino En un giro dram\u00e1tico de los eventos, una madre ha &#8230; <a title=\"\u00a1Incre\u00edble! Madre busca sicario para matar a su ex y pierde la custodia de sus hijas\" class=\"read-more\" href=\"https:\/\/www.diario21.tv\/noticias\/increible-madre-busca-sicario-para-matar-a-su-ex-y-pierde-la-custodia-de-sus-hijas\/\" aria-label=\"Leer m\u00e1s sobre \u00a1Incre\u00edble! Madre busca sicario para matar a su ex y pierde la custodia de sus hijas\">Seguir leyendo &rarr;<\/a><\/p>\n","protected":false},"author":20,"featured_media":5194,"comment_status":"open","ping_status":"open","sticky":false,"template":"","format":"standard","meta":{"footnotes":""},"categories":[13],"tags":[],"class_list":["post-5193","post","type-post","status-publish","format-standard","has-post-thumbnail","hentry","category-portada"],"yoast_head":"<!-- This site is optimized with the Yoast SEO plugin v25.6 - https:\/\/yoast.com\/wordpress\/plugins\/seo\/ -->\n<title>\u00a1Incre\u00edble! Madre busca sicario para matar a su ex y pierde la custodia de sus hijas - Diario 21<\/title>\n<meta name=\"robots\" content=\"index, follow, max-snippet:-1, max-image-preview:large, max-video-preview:-1\" \/>\n<link rel=\"canonical\" href=\"https:\/\/www.diario21.tv\/noticias\/increible-madre-busca-sicario-para-matar-a-su-ex-y-pierde-la-custodia-de-sus-hijas\/\" \/>\n<meta property=\"og:locale\" content=\"es_ES\" \/>\n<meta property=\"og:type\" content=\"article\" \/>\n<meta property=\"og:title\" content=\"\u00a1Incre\u00edble! Madre busca sicario para matar a su ex y pierde la custodia de sus hijas - Diario 21\" \/>\n<meta property=\"og:description\" content=\"Se Retira la Custodia de Sus Hijas a Mujer Acusada de Intentar Contratar a un Asesino En un giro dram\u00e1tico de los eventos, una madre ha ... Seguir leyendo &rarr;\" \/>\n<meta property=\"og:url\" content=\"https:\/\/www.diario21.tv\/noticias\/increible-madre-busca-sicario-para-matar-a-su-ex-y-pierde-la-custodia-de-sus-hijas\/\" \/>\n<meta property=\"og:site_name\" content=\"Diario 21\" \/>\n<meta property=\"article:published_time\" content=\"2025-11-15T05:56:51+00:00\" \/>\n<meta property=\"article:modified_time\" content=\"2025-11-15T05:56:53+00:00\" \/>\n<meta property=\"og:image\" content=\"https:\/\/www.diario21.tv\/noticias\/wp-content\/uploads\/2025\/11\/\u00a1Increible-Madre-busca-sicario-para-matar-a-su-ex-y.jpg\" \/>\n\t<meta property=\"og:image:width\" content=\"1200\" \/>\n\t<meta property=\"og:image:height\" content=\"840\" \/>\n\t<meta property=\"og:image:type\" content=\"image\/jpeg\" \/>\n<meta name=\"author\" content=\"Juan P\u00e9rez\" \/>\n<meta name=\"twitter:card\" content=\"summary_large_image\" \/>\n<meta name=\"twitter:label1\" content=\"Escrito por\" \/>\n\t<meta name=\"twitter:data1\" content=\"Juan P\u00e9rez\" \/>\n\t<meta name=\"twitter:label2\" content=\"Tiempo de lectura\" \/>\n\t<meta name=\"twitter:data2\" content=\"2 minutos\" \/>\n<script type=\"application\/ld+json\" class=\"yoast-schema-graph\">{\"@context\":\"https:\/\/schema.org\",\"@graph\":[{\"@type\":\"WebPage\",\"@id\":\"https:\/\/www.diario21.tv\/noticias\/increible-madre-busca-sicario-para-matar-a-su-ex-y-pierde-la-custodia-de-sus-hijas\/\",\"url\":\"https:\/\/www.diario21.tv\/noticias\/increible-madre-busca-sicario-para-matar-a-su-ex-y-pierde-la-custodia-de-sus-hijas\/\",\"name\":\"\u00a1Incre\u00edble! Madre busca sicario para matar a su ex y pierde la custodia de sus hijas - Diario 21\",\"isPartOf\":{\"@id\":\"https:\/\/www.diario21.tv\/noticias\/#website\"},\"primaryImageOfPage\":{\"@id\":\"https:\/\/www.diario21.tv\/noticias\/increible-madre-busca-sicario-para-matar-a-su-ex-y-pierde-la-custodia-de-sus-hijas\/#primaryimage\"},\"image\":{\"@id\":\"https:\/\/www.diario21.tv\/noticias\/increible-madre-busca-sicario-para-matar-a-su-ex-y-pierde-la-custodia-de-sus-hijas\/#primaryimage\"},\"thumbnailUrl\":\"https:\/\/www.diario21.tv\/noticias\/wp-content\/uploads\/2025\/11\/\u00a1Increible-Madre-busca-sicario-para-matar-a-su-ex-y.jpg\",\"datePublished\":\"2025-11-15T05:56:51+00:00\",\"dateModified\":\"2025-11-15T05:56:53+00:00\",\"author\":{\"@id\":\"https:\/\/www.diario21.tv\/noticias\/#\/schema\/person\/dfb778f73814d8f09f302618446a526b\"},\"breadcrumb\":{\"@id\":\"https:\/\/www.diario21.tv\/noticias\/increible-madre-busca-sicario-para-matar-a-su-ex-y-pierde-la-custodia-de-sus-hijas\/#breadcrumb\"},\"inLanguage\":\"es-AR\",\"potentialAction\":[{\"@type\":\"ReadAction\",\"target\":[\"https:\/\/www.diario21.tv\/noticias\/increible-madre-busca-sicario-para-matar-a-su-ex-y-pierde-la-custodia-de-sus-hijas\/\"]}]},{\"@type\":\"ImageObject\",\"inLanguage\":\"es-AR\",\"@id\":\"https:\/\/www.diario21.tv\/noticias\/increible-madre-busca-sicario-para-matar-a-su-ex-y-pierde-la-custodia-de-sus-hijas\/#primaryimage\",\"url\":\"https:\/\/www.diario21.tv\/noticias\/wp-content\/uploads\/2025\/11\/\u00a1Increible-Madre-busca-sicario-para-matar-a-su-ex-y.jpg\",\"contentUrl\":\"https:\/\/www.diario21.tv\/noticias\/wp-content\/uploads\/2025\/11\/\u00a1Increible-Madre-busca-sicario-para-matar-a-su-ex-y.jpg\",\"width\":1200,\"height\":840,\"caption\":\"Retiran la patria potestad de sus hijas a la acusada de buscar un sicario para asesinar a su ex\"},{\"@type\":\"BreadcrumbList\",\"@id\":\"https:\/\/www.diario21.tv\/noticias\/increible-madre-busca-sicario-para-matar-a-su-ex-y-pierde-la-custodia-de-sus-hijas\/#breadcrumb\",\"itemListElement\":[{\"@type\":\"ListItem\",\"position\":1,\"name\":\"Accueil\",\"item\":\"https:\/\/www.diario21.tv\/noticias\/\"},{\"@type\":\"ListItem\",\"position\":2,\"name\":\"\u00a1Incre\u00edble! Madre busca sicario para matar a su ex y pierde la custodia de sus hijas\"}]},{\"@type\":\"WebSite\",\"@id\":\"https:\/\/www.diario21.tv\/noticias\/#website\",\"url\":\"https:\/\/www.diario21.tv\/noticias\/\",\"name\":\"Diario 21\",\"description\":\"\",\"potentialAction\":[{\"@type\":\"SearchAction\",\"target\":{\"@type\":\"EntryPoint\",\"urlTemplate\":\"https:\/\/www.diario21.tv\/noticias\/?s={search_term_string}\"},\"query-input\":{\"@type\":\"PropertyValueSpecification\",\"valueRequired\":true,\"valueName\":\"search_term_string\"}}],\"inLanguage\":\"es-AR\"},{\"@type\":\"Person\",\"@id\":\"https:\/\/www.diario21.tv\/noticias\/#\/schema\/person\/dfb778f73814d8f09f302618446a526b\",\"name\":\"Juan P\u00e9rez\",\"image\":{\"@type\":\"ImageObject\",\"inLanguage\":\"es-AR\",\"@id\":\"https:\/\/www.diario21.tv\/noticias\/#\/schema\/person\/image\/\",\"url\":\"https:\/\/secure.gravatar.com\/avatar\/c478a405bd10621167f4c3167cc770f5?s=96&d=mm&r=g\",\"contentUrl\":\"https:\/\/secure.gravatar.com\/avatar\/c478a405bd10621167f4c3167cc770f5?s=96&d=mm&r=g\",\"caption\":\"Juan P\u00e9rez\"},\"description\":\"Juan P\u00e9rez es el redactor en jefe de Diario 21. Con m\u00e1s de 10 a\u00f1os de experiencia en el periodismo, se especializa en pol\u00edtica nacional y an\u00e1lisis socioecon\u00f3mico. Su enfoque cr\u00edtico y riguroso aporta una perspectiva \u00fanica a cada art\u00edculo.\",\"sameAs\":[\"https:\/\/www.diario21.tv\/noticias\/\"],\"url\":\"https:\/\/www.diario21.tv\/noticias\/author\/juan-perez\/\"}]}<\/script>\n<!-- \/ Yoast SEO plugin. -->","yoast_head_json":{"title":"\u00a1Incre\u00edble! Madre busca sicario para matar a su ex y pierde la custodia de sus hijas - Diario 21","robots":{"index":"index","follow":"follow","max-snippet":"max-snippet:-1","max-image-preview":"max-image-preview:large","max-video-preview":"max-video-preview:-1"},"canonical":"https:\/\/www.diario21.tv\/noticias\/increible-madre-busca-sicario-para-matar-a-su-ex-y-pierde-la-custodia-de-sus-hijas\/","og_locale":"es_ES","og_type":"article","og_title":"\u00a1Incre\u00edble! Madre busca sicario para matar a su ex y pierde la custodia de sus hijas - Diario 21","og_description":"Se Retira la Custodia de Sus Hijas a Mujer Acusada de Intentar Contratar a un Asesino En un giro dram\u00e1tico de los eventos, una madre ha ... Seguir leyendo &rarr;","og_url":"https:\/\/www.diario21.tv\/noticias\/increible-madre-busca-sicario-para-matar-a-su-ex-y-pierde-la-custodia-de-sus-hijas\/","og_site_name":"Diario 21","article_published_time":"2025-11-15T05:56:51+00:00","article_modified_time":"2025-11-15T05:56:53+00:00","og_image":[{"width":1200,"height":840,"url":"https:\/\/www.diario21.tv\/noticias\/wp-content\/uploads\/2025\/11\/\u00a1Increible-Madre-busca-sicario-para-matar-a-su-ex-y.jpg","type":"image\/jpeg"}],"author":"Juan P\u00e9rez","twitter_card":"summary_large_image","twitter_misc":{"Escrito por":"Juan P\u00e9rez","Tiempo de lectura":"2 minutos"},"schema":{"@context":"https:\/\/schema.org","@graph":[{"@type":"WebPage","@id":"https:\/\/www.diario21.tv\/noticias\/increible-madre-busca-sicario-para-matar-a-su-ex-y-pierde-la-custodia-de-sus-hijas\/","url":"https:\/\/www.diario21.tv\/noticias\/increible-madre-busca-sicario-para-matar-a-su-ex-y-pierde-la-custodia-de-sus-hijas\/","name":"\u00a1Incre\u00edble! Madre busca sicario para matar a su ex y pierde la custodia de sus hijas - Diario 21","isPartOf":{"@id":"https:\/\/www.diario21.tv\/noticias\/#website"},"primaryImageOfPage":{"@id":"https:\/\/www.diario21.tv\/noticias\/increible-madre-busca-sicario-para-matar-a-su-ex-y-pierde-la-custodia-de-sus-hijas\/#primaryimage"},"image":{"@id":"https:\/\/www.diario21.tv\/noticias\/increible-madre-busca-sicario-para-matar-a-su-ex-y-pierde-la-custodia-de-sus-hijas\/#primaryimage"},"thumbnailUrl":"https:\/\/www.diario21.tv\/noticias\/wp-content\/uploads\/2025\/11\/\u00a1Increible-Madre-busca-sicario-para-matar-a-su-ex-y.jpg","datePublished":"2025-11-15T05:56:51+00:00","dateModified":"2025-11-15T05:56:53+00:00","author":{"@id":"https:\/\/www.diario21.tv\/noticias\/#\/schema\/person\/dfb778f73814d8f09f302618446a526b"},"breadcrumb":{"@id":"https:\/\/www.diario21.tv\/noticias\/increible-madre-busca-sicario-para-matar-a-su-ex-y-pierde-la-custodia-de-sus-hijas\/#breadcrumb"},"inLanguage":"es-AR","potentialAction":[{"@type":"ReadAction","target":["https:\/\/www.diario21.tv\/noticias\/increible-madre-busca-sicario-para-matar-a-su-ex-y-pierde-la-custodia-de-sus-hijas\/"]}]},{"@type":"ImageObject","inLanguage":"es-AR","@id":"https:\/\/www.diario21.tv\/noticias\/increible-madre-busca-sicario-para-matar-a-su-ex-y-pierde-la-custodia-de-sus-hijas\/#primaryimage","url":"https:\/\/www.diario21.tv\/noticias\/wp-content\/uploads\/2025\/11\/\u00a1Increible-Madre-busca-sicario-para-matar-a-su-ex-y.jpg","contentUrl":"https:\/\/www.diario21.tv\/noticias\/wp-content\/uploads\/2025\/11\/\u00a1Increible-Madre-busca-sicario-para-matar-a-su-ex-y.jpg","width":1200,"height":840,"caption":"Retiran la patria potestad de sus hijas a la acusada de buscar un sicario para asesinar a su ex"},{"@type":"BreadcrumbList","@id":"https:\/\/www.diario21.tv\/noticias\/increible-madre-busca-sicario-para-matar-a-su-ex-y-pierde-la-custodia-de-sus-hijas\/#breadcrumb","itemListElement":[{"@type":"ListItem","position":1,"name":"Accueil","item":"https:\/\/www.diario21.tv\/noticias\/"},{"@type":"ListItem","position":2,"name":"\u00a1Incre\u00edble! Madre busca sicario para matar a su ex y pierde la custodia de sus hijas"}]},{"@type":"WebSite","@id":"https:\/\/www.diario21.tv\/noticias\/#website","url":"https:\/\/www.diario21.tv\/noticias\/","name":"Diario 21","description":"","potentialAction":[{"@type":"SearchAction","target":{"@type":"EntryPoint","urlTemplate":"https:\/\/www.diario21.tv\/noticias\/?s={search_term_string}"},"query-input":{"@type":"PropertyValueSpecification","valueRequired":true,"valueName":"search_term_string"}}],"inLanguage":"es-AR"},{"@type":"Person","@id":"https:\/\/www.diario21.tv\/noticias\/#\/schema\/person\/dfb778f73814d8f09f302618446a526b","name":"Juan P\u00e9rez","image":{"@type":"ImageObject","inLanguage":"es-AR","@id":"https:\/\/www.diario21.tv\/noticias\/#\/schema\/person\/image\/","url":"https:\/\/secure.gravatar.com\/avatar\/c478a405bd10621167f4c3167cc770f5?s=96&d=mm&r=g","contentUrl":"https:\/\/secure.gravatar.com\/avatar\/c478a405bd10621167f4c3167cc770f5?s=96&d=mm&r=g","caption":"Juan P\u00e9rez"},"description":"Juan P\u00e9rez es el redactor en jefe de Diario 21. Con m\u00e1s de 10 a\u00f1os de experiencia en el periodismo, se especializa en pol\u00edtica nacional y an\u00e1lisis socioecon\u00f3mico. Su enfoque cr\u00edtico y riguroso aporta una perspectiva \u00fanica a cada art\u00edculo.","sameAs":["https:\/\/www.diario21.tv\/noticias\/"],"url":"https:\/\/www.diario21.tv\/noticias\/author\/juan-perez\/"}]}},"_links":{"self":[{"href":"https:\/\/www.diario21.tv\/noticias\/wp-json\/wp\/v2\/posts\/5193"}],"collection":[{"href":"https:\/\/www.diario21.tv\/noticias\/wp-json\/wp\/v2\/posts"}],"about":[{"href":"https:\/\/www.diario21.tv\/noticias\/wp-json\/wp\/v2\/types\/post"}],"author":[{"embeddable":true,"href":"https:\/\/www.diario21.tv\/noticias\/wp-json\/wp\/v2\/users\/20"}],"replies":[{"embeddable":true,"href":"https:\/\/www.diario21.tv\/noticias\/wp-json\/wp\/v2\/comments?post=5193"}],"version-history":[{"count":1,"href":"https:\/\/www.diario21.tv\/noticias\/wp-json\/wp\/v2\/posts\/5193\/revisions"}],"predecessor-version":[{"id":5195,"href":"https:\/\/www.diario21.tv\/noticias\/wp-json\/wp\/v2\/posts\/5193\/revisions\/5195"}],"wp:featuredmedia":[{"embeddable":true,"href":"https:\/\/www.diario21.tv\/noticias\/wp-json\/wp\/v2\/media\/5194"}],"wp:attachment":[{"href":"https:\/\/www.diario21.tv\/noticias\/wp-json\/wp\/v2\/media?parent=5193"}],"wp:term":[{"taxonomy":"category","embeddable":true,"href":"https:\/\/www.diario21.tv\/noticias\/wp-json\/wp\/v2\/categories?post=5193"},{"taxonomy":"post_tag","embeddable":true,"href":"https:\/\/www.diario21.tv\/noticias\/wp-json\/wp\/v2\/tags?post=5193"}],"curies":[{"name":"wp","href":"https:\/\/api.w.org\/{rel}","templated":true}]}}