{"id":5190,"date":"2025-11-14T23:56:24","date_gmt":"2025-11-14T23:56:24","guid":{"rendered":"https:\/\/www.diario21.tv\/noticias\/promesas-incumplidas-paises-no-logran-reducir-emisiones-de-efecto-invernadero\/"},"modified":"2025-11-14T23:56:25","modified_gmt":"2025-11-14T23:56:25","slug":"promesas-incumplidas-paises-no-logran-reducir-emisiones-de-efecto-invernadero","status":"publish","type":"post","link":"https:\/\/www.diario21.tv\/noticias\/promesas-incumplidas-paises-no-logran-reducir-emisiones-de-efecto-invernadero\/","title":{"rendered":"Promesas incumplidas: pa\u00edses no logran reducir emisiones de efecto invernadero"},"content":{"rendered":"<h2>Los Pa\u00edses Fallan Nuevamente en Cumplir con la Reducci\u00f3n Prometida de Emisiones<\/h2>\n<p>A pesar de los compromisos internacionales y las promesas reiteradas por diversos pa\u00edses para disminuir las emisiones de gases de efecto invernadero, los datos m\u00e1s recientes revelan un a\u00f1o m\u00e1s de incumplimiento. Esta situaci\u00f3n subraya la brecha entre las declaraciones pol\u00edticas y las acciones efectivas en materia de cambio clim\u00e1tico.<\/p>\n<h3>Expectativas Versus Realidad<\/h3>\n<p>A lo largo de los a\u00f1os, numerosas naciones han anunciado con gran publicidad sus planes para reducir significativamente las emisiones contaminantes. Sin embargo, los informes actuales muestran que muy pocos han logrado avanzar de manera significativa hacia estos objetivos. Este patr\u00f3n recurrente de promesas ambiciosas seguidas de resultados insuficientes plantea serias dudas sobre la viabilidad de los objetivos clim\u00e1ticos globales.<\/p>\n<h3>An\u00e1lisis de los Datos Recientes<\/h3>\n<p>El an\u00e1lisis de los \u00faltimos conjuntos de datos indica que, en lugar de disminuir, las emisiones de muchos pa\u00edses han permanecido estables o incluso han aumentado. Este fen\u00f3meno se debe en parte a la dependencia continua de los combustibles f\u00f3siles y a la falta de inversi\u00f3n suficiente en tecnolog\u00edas limpias y renovables. Adem\u00e1s, aunque algunos pa\u00edses han mostrado progresos, estos son contrarrestados por el aumento de emisiones en otras regiones, lo que resulta en un impacto global nulo o negativo en los esfuerzos por combatir el cambio clim\u00e1tico.<\/p>\n<h3>Desaf\u00edos y Obst\u00e1culos<\/h3>\n<p>Uno de los principales desaf\u00edos es la necesidad de una transformaci\u00f3n profunda en la infraestructura energ\u00e9tica a nivel mundial. Muchos pa\u00edses a\u00fan se enfrentan a limitaciones econ\u00f3micas y tecnol\u00f3gicas que dificultan esta transici\u00f3n. A esto se suma la resistencia por parte de ciertos sectores industriales y pol\u00edticos que ven amenazados sus intereses econ\u00f3micos.<\/p>\n<h3>La Respuesta Internacional<\/h3>\n<p>Ante esta situaci\u00f3n, la comunidad internacional contin\u00faa presionando para que se intensifiquen los esfuerzos y se cumplan las metas establecidas. Organizaciones internacionales, junto con grupos activistas, est\u00e1n exigiendo medidas m\u00e1s estrictas y un seguimiento m\u00e1s riguroso de los compromisos asumidos. La esperanza es que la creciente concienciaci\u00f3n sobre la urgencia del problema clim\u00e1tico impulse a los l\u00edderes mundiales a tomar acciones m\u00e1s decisivas.<\/p>\n<h3>Conclusi\u00f3n<\/h3>\n<p>La brecha entre las promesas y la realidad en la reducci\u00f3n de emisiones de gases de efecto invernadero sigue siendo una preocupaci\u00f3n central para el futuro del planeta. Aunque algunos avances son evidentes, es crucial que los pa\u00edses intensifiquen sus esfuerzos y traduzcan sus compromisos en acciones concretas y efectivas. Solo entonces ser\u00e1 posible alcanzar las metas clim\u00e1ticas necesarias para preservar el medio ambiente y asegurar una calidad de vida sostenible para las futuras generaciones.<\/p>\n\n\n<div class=\"kk-star-ratings kksr-auto kksr-align-left kksr-valign-bottom\"\n    data-payload='{&quot;align&quot;:&quot;left&quot;,&quot;id&quot;:&quot;5190&quot;,&quot;slug&quot;:&quot;default&quot;,&quot;valign&quot;:&quot;bottom&quot;,&quot;ignore&quot;:&quot;&quot;,&quot;reference&quot;:&quot;auto&quot;,&quot;class&quot;:&quot;&quot;,&quot;count&quot;:&quot;0&quot;,&quot;legendonly&quot;:&quot;&quot;,&quot;readonly&quot;:&quot;&quot;,&quot;score&quot;:&quot;0&quot;,&quot;starsonly&quot;:&quot;&quot;,&quot;best&quot;:&quot;5&quot;,&quot;gap&quot;:&quot;5&quot;,&quot;greet&quot;:&quot;Valora este post&quot;,&quot;legend&quot;:&quot;0\\\/5 - (0 votes)&quot;,&quot;size&quot;:&quot;22&quot;,&quot;title&quot;:&quot;Promesas incumplidas: pa\u00edses no logran reducir emisiones de efecto invernadero&quot;,&quot;width&quot;:&quot;0&quot;,&quot;_legend&quot;:&quot;{score}\\\/{best} - ({count} {votes})&quot;,&quot;font_factor&quot;:&quot;1.25&quot;}'>\n            \n<div class=\"kksr-stars\">\n    \n<div class=\"kksr-stars-inactive\">\n            <div class=\"kksr-star\" data-star=\"1\" style=\"padding-right: 5px\">\n            \n\n<div class=\"kksr-icon\" style=\"width: 22px; height: 22px;\"><\/div>\n        <\/div>\n            <div class=\"kksr-star\" data-star=\"2\" style=\"padding-right: 5px\">\n            \n\n<div class=\"kksr-icon\" style=\"width: 22px; height: 22px;\"><\/div>\n        <\/div>\n            <div class=\"kksr-star\" data-star=\"3\" style=\"padding-right: 5px\">\n            \n\n<div class=\"kksr-icon\" style=\"width: 22px; height: 22px;\"><\/div>\n        <\/div>\n            <div class=\"kksr-star\" data-star=\"4\" style=\"padding-right: 5px\">\n            \n\n<div class=\"kksr-icon\" style=\"width: 22px; height: 22px;\"><\/div>\n        <\/div>\n            <div class=\"kksr-star\" data-star=\"5\" style=\"padding-right: 5px\">\n            \n\n<div class=\"kksr-icon\" style=\"width: 22px; height: 22px;\"><\/div>\n        <\/div>\n    <\/div>\n    \n<div class=\"kksr-stars-active\" style=\"width: 0px;\">\n            <div class=\"kksr-star\" style=\"padding-right: 5px\">\n            \n\n<div class=\"kksr-icon\" style=\"width: 22px; height: 22px;\"><\/div>\n        <\/div>\n            <div class=\"kksr-star\" style=\"padding-right: 5px\">\n            \n\n<div class=\"kksr-icon\" style=\"width: 22px; height: 22px;\"><\/div>\n        <\/div>\n            <div class=\"kksr-star\" style=\"padding-right: 5px\">\n            \n\n<div class=\"kksr-icon\" style=\"width: 22px; height: 22px;\"><\/div>\n        <\/div>\n            <div class=\"kksr-star\" style=\"padding-right: 5px\">\n            \n\n<div class=\"kksr-icon\" style=\"width: 22px; height: 22px;\"><\/div>\n        <\/div>\n            <div class=\"kksr-star\" style=\"padding-right: 5px\">\n            \n\n<div class=\"kksr-icon\" style=\"width: 22px; height: 22px;\"><\/div>\n        <\/div>\n    <\/div>\n<\/div>\n                \n\n<div class=\"kksr-legend\" style=\"font-size: 17.6px;\">\n            <span class=\"kksr-muted\">Valora este post<\/span>\n    <\/div>\n    <\/div>\n","protected":false},"excerpt":{"rendered":"<p>Los Pa\u00edses Fallan Nuevamente en Cumplir con la Reducci\u00f3n Prometida de Emisiones A pesar de los compromisos internacionales y las promesas reiteradas por diversos pa\u00edses para &#8230; <a title=\"Promesas incumplidas: pa\u00edses no logran reducir emisiones de efecto invernadero\" class=\"read-more\" href=\"https:\/\/www.diario21.tv\/noticias\/promesas-incumplidas-paises-no-logran-reducir-emisiones-de-efecto-invernadero\/\" aria-label=\"Leer m\u00e1s sobre Promesas incumplidas: pa\u00edses no logran reducir emisiones de efecto invernadero\">Seguir leyendo &rarr;<\/a><\/p>\n","protected":false},"author":20,"featured_media":5191,"comment_status":"open","ping_status":"open","sticky":false,"template":"","format":"standard","meta":{"footnotes":""},"categories":[13],"tags":[],"class_list":["post-5190","post","type-post","status-publish","format-standard","has-post-thumbnail","hentry","category-portada"],"yoast_head":"<!-- This site is optimized with the Yoast SEO plugin v25.6 - https:\/\/yoast.com\/wordpress\/plugins\/seo\/ -->\n<title>Promesas incumplidas: pa\u00edses no logran reducir emisiones de efecto invernadero - Diario 21<\/title>\n<meta name=\"robots\" content=\"index, follow, max-snippet:-1, max-image-preview:large, max-video-preview:-1\" \/>\n<link rel=\"canonical\" href=\"https:\/\/www.diario21.tv\/noticias\/promesas-incumplidas-paises-no-logran-reducir-emisiones-de-efecto-invernadero\/\" \/>\n<meta property=\"og:locale\" content=\"es_ES\" \/>\n<meta property=\"og:type\" content=\"article\" \/>\n<meta property=\"og:title\" content=\"Promesas incumplidas: pa\u00edses no logran reducir emisiones de efecto invernadero - Diario 21\" \/>\n<meta property=\"og:description\" content=\"Los Pa\u00edses Fallan Nuevamente en Cumplir con la Reducci\u00f3n Prometida de Emisiones A pesar de los compromisos internacionales y las promesas reiteradas por diversos pa\u00edses para ... Seguir leyendo &rarr;\" \/>\n<meta property=\"og:url\" content=\"https:\/\/www.diario21.tv\/noticias\/promesas-incumplidas-paises-no-logran-reducir-emisiones-de-efecto-invernadero\/\" \/>\n<meta property=\"og:site_name\" content=\"Diario 21\" \/>\n<meta property=\"article:published_time\" content=\"2025-11-14T23:56:24+00:00\" \/>\n<meta property=\"article:modified_time\" content=\"2025-11-14T23:56:25+00:00\" \/>\n<meta property=\"og:image\" content=\"https:\/\/www.diario21.tv\/noticias\/wp-content\/uploads\/2025\/11\/Promesas-incumplidas-paises-no-logran-reducir-emisiones-de-efecto-invernadero.jpg\" \/>\n\t<meta property=\"og:image:width\" content=\"1920\" \/>\n\t<meta property=\"og:image:height\" content=\"1280\" \/>\n\t<meta property=\"og:image:type\" content=\"image\/jpeg\" \/>\n<meta name=\"author\" content=\"Juan P\u00e9rez\" \/>\n<meta name=\"twitter:card\" content=\"summary_large_image\" \/>\n<meta name=\"twitter:label1\" content=\"Escrito por\" \/>\n\t<meta name=\"twitter:data1\" content=\"Juan P\u00e9rez\" \/>\n\t<meta name=\"twitter:label2\" content=\"Tiempo de lectura\" \/>\n\t<meta name=\"twitter:data2\" content=\"2 minutos\" \/>\n<script type=\"application\/ld+json\" class=\"yoast-schema-graph\">{\"@context\":\"https:\/\/schema.org\",\"@graph\":[{\"@type\":\"WebPage\",\"@id\":\"https:\/\/www.diario21.tv\/noticias\/promesas-incumplidas-paises-no-logran-reducir-emisiones-de-efecto-invernadero\/\",\"url\":\"https:\/\/www.diario21.tv\/noticias\/promesas-incumplidas-paises-no-logran-reducir-emisiones-de-efecto-invernadero\/\",\"name\":\"Promesas incumplidas: pa\u00edses no logran reducir emisiones de efecto invernadero - Diario 21\",\"isPartOf\":{\"@id\":\"https:\/\/www.diario21.tv\/noticias\/#website\"},\"primaryImageOfPage\":{\"@id\":\"https:\/\/www.diario21.tv\/noticias\/promesas-incumplidas-paises-no-logran-reducir-emisiones-de-efecto-invernadero\/#primaryimage\"},\"image\":{\"@id\":\"https:\/\/www.diario21.tv\/noticias\/promesas-incumplidas-paises-no-logran-reducir-emisiones-de-efecto-invernadero\/#primaryimage\"},\"thumbnailUrl\":\"https:\/\/www.diario21.tv\/noticias\/wp-content\/uploads\/2025\/11\/Promesas-incumplidas-paises-no-logran-reducir-emisiones-de-efecto-invernadero.jpg\",\"datePublished\":\"2025-11-14T23:56:24+00:00\",\"dateModified\":\"2025-11-14T23:56:25+00:00\",\"author\":{\"@id\":\"https:\/\/www.diario21.tv\/noticias\/#\/schema\/person\/dfb778f73814d8f09f302618446a526b\"},\"breadcrumb\":{\"@id\":\"https:\/\/www.diario21.tv\/noticias\/promesas-incumplidas-paises-no-logran-reducir-emisiones-de-efecto-invernadero\/#breadcrumb\"},\"inLanguage\":\"es-AR\",\"potentialAction\":[{\"@type\":\"ReadAction\",\"target\":[\"https:\/\/www.diario21.tv\/noticias\/promesas-incumplidas-paises-no-logran-reducir-emisiones-de-efecto-invernadero\/\"]}]},{\"@type\":\"ImageObject\",\"inLanguage\":\"es-AR\",\"@id\":\"https:\/\/www.diario21.tv\/noticias\/promesas-incumplidas-paises-no-logran-reducir-emisiones-de-efecto-invernadero\/#primaryimage\",\"url\":\"https:\/\/www.diario21.tv\/noticias\/wp-content\/uploads\/2025\/11\/Promesas-incumplidas-paises-no-logran-reducir-emisiones-de-efecto-invernadero.jpg\",\"contentUrl\":\"https:\/\/www.diario21.tv\/noticias\/wp-content\/uploads\/2025\/11\/Promesas-incumplidas-paises-no-logran-reducir-emisiones-de-efecto-invernadero.jpg\",\"width\":1920,\"height\":1280,\"caption\":\"Los datos desinflan un a\u00f1o m\u00e1s la promesa de los pa\u00edses de reducir sus emisiones de efecto invernadero\"},{\"@type\":\"BreadcrumbList\",\"@id\":\"https:\/\/www.diario21.tv\/noticias\/promesas-incumplidas-paises-no-logran-reducir-emisiones-de-efecto-invernadero\/#breadcrumb\",\"itemListElement\":[{\"@type\":\"ListItem\",\"position\":1,\"name\":\"Accueil\",\"item\":\"https:\/\/www.diario21.tv\/noticias\/\"},{\"@type\":\"ListItem\",\"position\":2,\"name\":\"Promesas incumplidas: pa\u00edses no logran reducir emisiones de efecto invernadero\"}]},{\"@type\":\"WebSite\",\"@id\":\"https:\/\/www.diario21.tv\/noticias\/#website\",\"url\":\"https:\/\/www.diario21.tv\/noticias\/\",\"name\":\"Diario 21\",\"description\":\"\",\"potentialAction\":[{\"@type\":\"SearchAction\",\"target\":{\"@type\":\"EntryPoint\",\"urlTemplate\":\"https:\/\/www.diario21.tv\/noticias\/?s={search_term_string}\"},\"query-input\":{\"@type\":\"PropertyValueSpecification\",\"valueRequired\":true,\"valueName\":\"search_term_string\"}}],\"inLanguage\":\"es-AR\"},{\"@type\":\"Person\",\"@id\":\"https:\/\/www.diario21.tv\/noticias\/#\/schema\/person\/dfb778f73814d8f09f302618446a526b\",\"name\":\"Juan P\u00e9rez\",\"image\":{\"@type\":\"ImageObject\",\"inLanguage\":\"es-AR\",\"@id\":\"https:\/\/www.diario21.tv\/noticias\/#\/schema\/person\/image\/\",\"url\":\"https:\/\/secure.gravatar.com\/avatar\/c478a405bd10621167f4c3167cc770f5?s=96&d=mm&r=g\",\"contentUrl\":\"https:\/\/secure.gravatar.com\/avatar\/c478a405bd10621167f4c3167cc770f5?s=96&d=mm&r=g\",\"caption\":\"Juan P\u00e9rez\"},\"description\":\"Juan P\u00e9rez es el redactor en jefe de Diario 21. Con m\u00e1s de 10 a\u00f1os de experiencia en el periodismo, se especializa en pol\u00edtica nacional y an\u00e1lisis socioecon\u00f3mico. Su enfoque cr\u00edtico y riguroso aporta una perspectiva \u00fanica a cada art\u00edculo.\",\"sameAs\":[\"https:\/\/www.diario21.tv\/noticias\/\"],\"url\":\"https:\/\/www.diario21.tv\/noticias\/author\/juan-perez\/\"}]}<\/script>\n<!-- \/ Yoast SEO plugin. -->","yoast_head_json":{"title":"Promesas incumplidas: pa\u00edses no logran reducir emisiones de efecto invernadero - Diario 21","robots":{"index":"index","follow":"follow","max-snippet":"max-snippet:-1","max-image-preview":"max-image-preview:large","max-video-preview":"max-video-preview:-1"},"canonical":"https:\/\/www.diario21.tv\/noticias\/promesas-incumplidas-paises-no-logran-reducir-emisiones-de-efecto-invernadero\/","og_locale":"es_ES","og_type":"article","og_title":"Promesas incumplidas: pa\u00edses no logran reducir emisiones de efecto invernadero - Diario 21","og_description":"Los Pa\u00edses Fallan Nuevamente en Cumplir con la Reducci\u00f3n Prometida de Emisiones A pesar de los compromisos internacionales y las promesas reiteradas por diversos pa\u00edses para ... Seguir leyendo &rarr;","og_url":"https:\/\/www.diario21.tv\/noticias\/promesas-incumplidas-paises-no-logran-reducir-emisiones-de-efecto-invernadero\/","og_site_name":"Diario 21","article_published_time":"2025-11-14T23:56:24+00:00","article_modified_time":"2025-11-14T23:56:25+00:00","og_image":[{"width":1920,"height":1280,"url":"https:\/\/www.diario21.tv\/noticias\/wp-content\/uploads\/2025\/11\/Promesas-incumplidas-paises-no-logran-reducir-emisiones-de-efecto-invernadero.jpg","type":"image\/jpeg"}],"author":"Juan P\u00e9rez","twitter_card":"summary_large_image","twitter_misc":{"Escrito por":"Juan P\u00e9rez","Tiempo de lectura":"2 minutos"},"schema":{"@context":"https:\/\/schema.org","@graph":[{"@type":"WebPage","@id":"https:\/\/www.diario21.tv\/noticias\/promesas-incumplidas-paises-no-logran-reducir-emisiones-de-efecto-invernadero\/","url":"https:\/\/www.diario21.tv\/noticias\/promesas-incumplidas-paises-no-logran-reducir-emisiones-de-efecto-invernadero\/","name":"Promesas incumplidas: pa\u00edses no logran reducir emisiones de efecto invernadero - Diario 21","isPartOf":{"@id":"https:\/\/www.diario21.tv\/noticias\/#website"},"primaryImageOfPage":{"@id":"https:\/\/www.diario21.tv\/noticias\/promesas-incumplidas-paises-no-logran-reducir-emisiones-de-efecto-invernadero\/#primaryimage"},"image":{"@id":"https:\/\/www.diario21.tv\/noticias\/promesas-incumplidas-paises-no-logran-reducir-emisiones-de-efecto-invernadero\/#primaryimage"},"thumbnailUrl":"https:\/\/www.diario21.tv\/noticias\/wp-content\/uploads\/2025\/11\/Promesas-incumplidas-paises-no-logran-reducir-emisiones-de-efecto-invernadero.jpg","datePublished":"2025-11-14T23:56:24+00:00","dateModified":"2025-11-14T23:56:25+00:00","author":{"@id":"https:\/\/www.diario21.tv\/noticias\/#\/schema\/person\/dfb778f73814d8f09f302618446a526b"},"breadcrumb":{"@id":"https:\/\/www.diario21.tv\/noticias\/promesas-incumplidas-paises-no-logran-reducir-emisiones-de-efecto-invernadero\/#breadcrumb"},"inLanguage":"es-AR","potentialAction":[{"@type":"ReadAction","target":["https:\/\/www.diario21.tv\/noticias\/promesas-incumplidas-paises-no-logran-reducir-emisiones-de-efecto-invernadero\/"]}]},{"@type":"ImageObject","inLanguage":"es-AR","@id":"https:\/\/www.diario21.tv\/noticias\/promesas-incumplidas-paises-no-logran-reducir-emisiones-de-efecto-invernadero\/#primaryimage","url":"https:\/\/www.diario21.tv\/noticias\/wp-content\/uploads\/2025\/11\/Promesas-incumplidas-paises-no-logran-reducir-emisiones-de-efecto-invernadero.jpg","contentUrl":"https:\/\/www.diario21.tv\/noticias\/wp-content\/uploads\/2025\/11\/Promesas-incumplidas-paises-no-logran-reducir-emisiones-de-efecto-invernadero.jpg","width":1920,"height":1280,"caption":"Los datos desinflan un a\u00f1o m\u00e1s la promesa de los pa\u00edses de reducir sus emisiones de efecto invernadero"},{"@type":"BreadcrumbList","@id":"https:\/\/www.diario21.tv\/noticias\/promesas-incumplidas-paises-no-logran-reducir-emisiones-de-efecto-invernadero\/#breadcrumb","itemListElement":[{"@type":"ListItem","position":1,"name":"Accueil","item":"https:\/\/www.diario21.tv\/noticias\/"},{"@type":"ListItem","position":2,"name":"Promesas incumplidas: pa\u00edses no logran reducir emisiones de efecto invernadero"}]},{"@type":"WebSite","@id":"https:\/\/www.diario21.tv\/noticias\/#website","url":"https:\/\/www.diario21.tv\/noticias\/","name":"Diario 21","description":"","potentialAction":[{"@type":"SearchAction","target":{"@type":"EntryPoint","urlTemplate":"https:\/\/www.diario21.tv\/noticias\/?s={search_term_string}"},"query-input":{"@type":"PropertyValueSpecification","valueRequired":true,"valueName":"search_term_string"}}],"inLanguage":"es-AR"},{"@type":"Person","@id":"https:\/\/www.diario21.tv\/noticias\/#\/schema\/person\/dfb778f73814d8f09f302618446a526b","name":"Juan P\u00e9rez","image":{"@type":"ImageObject","inLanguage":"es-AR","@id":"https:\/\/www.diario21.tv\/noticias\/#\/schema\/person\/image\/","url":"https:\/\/secure.gravatar.com\/avatar\/c478a405bd10621167f4c3167cc770f5?s=96&d=mm&r=g","contentUrl":"https:\/\/secure.gravatar.com\/avatar\/c478a405bd10621167f4c3167cc770f5?s=96&d=mm&r=g","caption":"Juan P\u00e9rez"},"description":"Juan P\u00e9rez es el redactor en jefe de Diario 21. Con m\u00e1s de 10 a\u00f1os de experiencia en el periodismo, se especializa en pol\u00edtica nacional y an\u00e1lisis socioecon\u00f3mico. Su enfoque cr\u00edtico y riguroso aporta una perspectiva \u00fanica a cada art\u00edculo.","sameAs":["https:\/\/www.diario21.tv\/noticias\/"],"url":"https:\/\/www.diario21.tv\/noticias\/author\/juan-perez\/"}]}},"_links":{"self":[{"href":"https:\/\/www.diario21.tv\/noticias\/wp-json\/wp\/v2\/posts\/5190"}],"collection":[{"href":"https:\/\/www.diario21.tv\/noticias\/wp-json\/wp\/v2\/posts"}],"about":[{"href":"https:\/\/www.diario21.tv\/noticias\/wp-json\/wp\/v2\/types\/post"}],"author":[{"embeddable":true,"href":"https:\/\/www.diario21.tv\/noticias\/wp-json\/wp\/v2\/users\/20"}],"replies":[{"embeddable":true,"href":"https:\/\/www.diario21.tv\/noticias\/wp-json\/wp\/v2\/comments?post=5190"}],"version-history":[{"count":1,"href":"https:\/\/www.diario21.tv\/noticias\/wp-json\/wp\/v2\/posts\/5190\/revisions"}],"predecessor-version":[{"id":5192,"href":"https:\/\/www.diario21.tv\/noticias\/wp-json\/wp\/v2\/posts\/5190\/revisions\/5192"}],"wp:featuredmedia":[{"embeddable":true,"href":"https:\/\/www.diario21.tv\/noticias\/wp-json\/wp\/v2\/media\/5191"}],"wp:attachment":[{"href":"https:\/\/www.diario21.tv\/noticias\/wp-json\/wp\/v2\/media?parent=5190"}],"wp:term":[{"taxonomy":"category","embeddable":true,"href":"https:\/\/www.diario21.tv\/noticias\/wp-json\/wp\/v2\/categories?post=5190"},{"taxonomy":"post_tag","embeddable":true,"href":"https:\/\/www.diario21.tv\/noticias\/wp-json\/wp\/v2\/tags?post=5190"}],"curies":[{"name":"wp","href":"https:\/\/api.w.org\/{rel}","templated":true}]}}