{"id":5184,"date":"2025-11-14T11:49:49","date_gmt":"2025-11-14T11:49:49","guid":{"rendered":"https:\/\/www.diario21.tv\/noticias\/impacto-leve-de-tormenta-solar-en-espana-podria-afectar-gps-y-radios-descubre-como\/"},"modified":"2025-11-14T11:49:51","modified_gmt":"2025-11-14T11:49:51","slug":"impacto-leve-de-tormenta-solar-en-espana-podria-afectar-gps-y-radios-descubre-como","status":"publish","type":"post","link":"https:\/\/www.diario21.tv\/noticias\/impacto-leve-de-tormenta-solar-en-espana-podria-afectar-gps-y-radios-descubre-como\/","title":{"rendered":"Impacto leve de tormenta solar en Espa\u00f1a podr\u00eda afectar GPS y radios. \u00a1Descubre c\u00f3mo!"},"content":{"rendered":"<h2>Impacto Moderado de la Tormenta Solar en Espa\u00f1a<\/h2>\n<p>Se espera que la reciente tormenta solar tenga consecuencias moderadas en Espa\u00f1a, con posibles interrupciones menores en sistemas de navegaci\u00f3n GPS y en comunicaciones radiales. Aunque no se anticipan efectos severos, los expertos recomiendan precauci\u00f3n y estar informados sobre posibles alteraciones tecnol\u00f3gicas.<\/p>\n<h3>Potenciales Fallos en GPS y Comunicaciones<\/h3>\n<p>La actividad solar, que ha aumentado recientemente, podr\u00eda resultar en fallos leves de los sistemas de posicionamiento global (GPS), as\u00ed como en la interrupci\u00f3n de algunas comunicaciones por radio de corta y larga distancia. Estos efectos, aunque generalmente no son graves, pueden causar inconvenientes en operaciones que dependen de la precisi\u00f3n del GPS o de comunicaciones ininterrumpidas.<\/p>\n<h3>Recomendaciones a Seguir<\/h3>\n<p>Las autoridades sugieren que, ante esta situaci\u00f3n, es prudente verificar la precisi\u00f3n de los dispositivos GPS antes de realizar viajes largos o actividades que dependan cr\u00edticamente de la navegaci\u00f3n precisa. Tambi\u00e9n es aconsejable tener alternativas de comunicaci\u00f3n en caso de fallas temporales en las redes de radio.<\/p>\n<p>Aunque la tormenta solar est\u00e1 clasificada como de intensidad leve, no se descarta que pueda haber momentos de mayor actividad que podr\u00edan intensificar brevemente sus efectos. Mantenerse al tanto de las actualizaciones proporcionadas por los centros de observaci\u00f3n astron\u00f3mica y meteorol\u00f3gica es esencial para gestionar y mitigar cualquier inconveniente que pueda surgir debido a este fen\u00f3meno natural.<\/p>\n\n\n<div class=\"kk-star-ratings kksr-auto kksr-align-left kksr-valign-bottom\"\n    data-payload='{&quot;align&quot;:&quot;left&quot;,&quot;id&quot;:&quot;5184&quot;,&quot;slug&quot;:&quot;default&quot;,&quot;valign&quot;:&quot;bottom&quot;,&quot;ignore&quot;:&quot;&quot;,&quot;reference&quot;:&quot;auto&quot;,&quot;class&quot;:&quot;&quot;,&quot;count&quot;:&quot;0&quot;,&quot;legendonly&quot;:&quot;&quot;,&quot;readonly&quot;:&quot;&quot;,&quot;score&quot;:&quot;0&quot;,&quot;starsonly&quot;:&quot;&quot;,&quot;best&quot;:&quot;5&quot;,&quot;gap&quot;:&quot;5&quot;,&quot;greet&quot;:&quot;Valora este post&quot;,&quot;legend&quot;:&quot;0\\\/5 - (0 votes)&quot;,&quot;size&quot;:&quot;22&quot;,&quot;title&quot;:&quot;Impacto leve de tormenta solar en Espa\u00f1a podr\u00eda afectar GPS y radios. \u00a1Descubre c\u00f3mo!&quot;,&quot;width&quot;:&quot;0&quot;,&quot;_legend&quot;:&quot;{score}\\\/{best} - ({count} {votes})&quot;,&quot;font_factor&quot;:&quot;1.25&quot;}'>\n            \n<div class=\"kksr-stars\">\n    \n<div class=\"kksr-stars-inactive\">\n            <div class=\"kksr-star\" data-star=\"1\" style=\"padding-right: 5px\">\n            \n\n<div class=\"kksr-icon\" style=\"width: 22px; height: 22px;\"><\/div>\n        <\/div>\n            <div class=\"kksr-star\" data-star=\"2\" style=\"padding-right: 5px\">\n            \n\n<div class=\"kksr-icon\" style=\"width: 22px; height: 22px;\"><\/div>\n        <\/div>\n            <div class=\"kksr-star\" data-star=\"3\" style=\"padding-right: 5px\">\n            \n\n<div class=\"kksr-icon\" style=\"width: 22px; height: 22px;\"><\/div>\n        <\/div>\n            <div class=\"kksr-star\" data-star=\"4\" style=\"padding-right: 5px\">\n            \n\n<div class=\"kksr-icon\" style=\"width: 22px; height: 22px;\"><\/div>\n        <\/div>\n            <div class=\"kksr-star\" data-star=\"5\" style=\"padding-right: 5px\">\n            \n\n<div class=\"kksr-icon\" style=\"width: 22px; height: 22px;\"><\/div>\n        <\/div>\n    <\/div>\n    \n<div class=\"kksr-stars-active\" style=\"width: 0px;\">\n            <div class=\"kksr-star\" style=\"padding-right: 5px\">\n            \n\n<div class=\"kksr-icon\" style=\"width: 22px; height: 22px;\"><\/div>\n        <\/div>\n            <div class=\"kksr-star\" style=\"padding-right: 5px\">\n            \n\n<div class=\"kksr-icon\" style=\"width: 22px; height: 22px;\"><\/div>\n        <\/div>\n            <div class=\"kksr-star\" style=\"padding-right: 5px\">\n            \n\n<div class=\"kksr-icon\" style=\"width: 22px; height: 22px;\"><\/div>\n        <\/div>\n            <div class=\"kksr-star\" style=\"padding-right: 5px\">\n            \n\n<div class=\"kksr-icon\" style=\"width: 22px; height: 22px;\"><\/div>\n        <\/div>\n            <div class=\"kksr-star\" style=\"padding-right: 5px\">\n            \n\n<div class=\"kksr-icon\" style=\"width: 22px; height: 22px;\"><\/div>\n        <\/div>\n    <\/div>\n<\/div>\n                \n\n<div class=\"kksr-legend\" style=\"font-size: 17.6px;\">\n            <span class=\"kksr-muted\">Valora este post<\/span>\n    <\/div>\n    <\/div>\n","protected":false},"excerpt":{"rendered":"<p>Impacto Moderado de la Tormenta Solar en Espa\u00f1a Se espera que la reciente tormenta solar tenga consecuencias moderadas en Espa\u00f1a, con posibles interrupciones menores en sistemas &#8230; <a title=\"Impacto leve de tormenta solar en Espa\u00f1a podr\u00eda afectar GPS y radios. \u00a1Descubre c\u00f3mo!\" class=\"read-more\" href=\"https:\/\/www.diario21.tv\/noticias\/impacto-leve-de-tormenta-solar-en-espana-podria-afectar-gps-y-radios-descubre-como\/\" aria-label=\"Leer m\u00e1s sobre Impacto leve de tormenta solar en Espa\u00f1a podr\u00eda afectar GPS y radios. \u00a1Descubre c\u00f3mo!\">Seguir leyendo &rarr;<\/a><\/p>\n","protected":false},"author":20,"featured_media":5185,"comment_status":"open","ping_status":"open","sticky":false,"template":"","format":"standard","meta":{"footnotes":""},"categories":[13],"tags":[],"class_list":["post-5184","post","type-post","status-publish","format-standard","has-post-thumbnail","hentry","category-portada"],"yoast_head":"<!-- This site is optimized with the Yoast SEO plugin v25.6 - https:\/\/yoast.com\/wordpress\/plugins\/seo\/ -->\n<title>Impacto leve de tormenta solar en Espa\u00f1a podr\u00eda afectar GPS y radios. \u00a1Descubre c\u00f3mo! - Diario 21<\/title>\n<meta name=\"robots\" content=\"index, follow, max-snippet:-1, max-image-preview:large, max-video-preview:-1\" \/>\n<link rel=\"canonical\" href=\"https:\/\/www.diario21.tv\/noticias\/impacto-leve-de-tormenta-solar-en-espana-podria-afectar-gps-y-radios-descubre-como\/\" \/>\n<meta property=\"og:locale\" content=\"es_ES\" \/>\n<meta property=\"og:type\" content=\"article\" \/>\n<meta property=\"og:title\" content=\"Impacto leve de tormenta solar en Espa\u00f1a podr\u00eda afectar GPS y radios. \u00a1Descubre c\u00f3mo! - Diario 21\" \/>\n<meta property=\"og:description\" content=\"Impacto Moderado de la Tormenta Solar en Espa\u00f1a Se espera que la reciente tormenta solar tenga consecuencias moderadas en Espa\u00f1a, con posibles interrupciones menores en sistemas ... Seguir leyendo &rarr;\" \/>\n<meta property=\"og:url\" content=\"https:\/\/www.diario21.tv\/noticias\/impacto-leve-de-tormenta-solar-en-espana-podria-afectar-gps-y-radios-descubre-como\/\" \/>\n<meta property=\"og:site_name\" content=\"Diario 21\" \/>\n<meta property=\"article:published_time\" content=\"2025-11-14T11:49:49+00:00\" \/>\n<meta property=\"article:modified_time\" content=\"2025-11-14T11:49:51+00:00\" \/>\n<meta property=\"og:image\" content=\"https:\/\/www.diario21.tv\/noticias\/wp-content\/uploads\/2025\/11\/Impacto-leve-de-tormenta-solar-en-Espana-podria-afectar-GPS.jpg\" \/>\n\t<meta property=\"og:image:width\" content=\"1198\" \/>\n\t<meta property=\"og:image:height\" content=\"840\" \/>\n\t<meta property=\"og:image:type\" content=\"image\/jpeg\" \/>\n<meta name=\"author\" content=\"Juan P\u00e9rez\" \/>\n<meta name=\"twitter:card\" content=\"summary_large_image\" \/>\n<meta name=\"twitter:label1\" content=\"Escrito por\" \/>\n\t<meta name=\"twitter:data1\" content=\"Juan P\u00e9rez\" \/>\n\t<meta name=\"twitter:label2\" content=\"Tiempo de lectura\" \/>\n\t<meta name=\"twitter:data2\" content=\"1 minuto\" \/>\n<script type=\"application\/ld+json\" class=\"yoast-schema-graph\">{\"@context\":\"https:\/\/schema.org\",\"@graph\":[{\"@type\":\"WebPage\",\"@id\":\"https:\/\/www.diario21.tv\/noticias\/impacto-leve-de-tormenta-solar-en-espana-podria-afectar-gps-y-radios-descubre-como\/\",\"url\":\"https:\/\/www.diario21.tv\/noticias\/impacto-leve-de-tormenta-solar-en-espana-podria-afectar-gps-y-radios-descubre-como\/\",\"name\":\"Impacto leve de tormenta solar en Espa\u00f1a podr\u00eda afectar GPS y radios. \u00a1Descubre c\u00f3mo! - Diario 21\",\"isPartOf\":{\"@id\":\"https:\/\/www.diario21.tv\/noticias\/#website\"},\"primaryImageOfPage\":{\"@id\":\"https:\/\/www.diario21.tv\/noticias\/impacto-leve-de-tormenta-solar-en-espana-podria-afectar-gps-y-radios-descubre-como\/#primaryimage\"},\"image\":{\"@id\":\"https:\/\/www.diario21.tv\/noticias\/impacto-leve-de-tormenta-solar-en-espana-podria-afectar-gps-y-radios-descubre-como\/#primaryimage\"},\"thumbnailUrl\":\"https:\/\/www.diario21.tv\/noticias\/wp-content\/uploads\/2025\/11\/Impacto-leve-de-tormenta-solar-en-Espana-podria-afectar-GPS.jpg\",\"datePublished\":\"2025-11-14T11:49:49+00:00\",\"dateModified\":\"2025-11-14T11:49:51+00:00\",\"author\":{\"@id\":\"https:\/\/www.diario21.tv\/noticias\/#\/schema\/person\/dfb778f73814d8f09f302618446a526b\"},\"breadcrumb\":{\"@id\":\"https:\/\/www.diario21.tv\/noticias\/impacto-leve-de-tormenta-solar-en-espana-podria-afectar-gps-y-radios-descubre-como\/#breadcrumb\"},\"inLanguage\":\"es-AR\",\"potentialAction\":[{\"@type\":\"ReadAction\",\"target\":[\"https:\/\/www.diario21.tv\/noticias\/impacto-leve-de-tormenta-solar-en-espana-podria-afectar-gps-y-radios-descubre-como\/\"]}]},{\"@type\":\"ImageObject\",\"inLanguage\":\"es-AR\",\"@id\":\"https:\/\/www.diario21.tv\/noticias\/impacto-leve-de-tormenta-solar-en-espana-podria-afectar-gps-y-radios-descubre-como\/#primaryimage\",\"url\":\"https:\/\/www.diario21.tv\/noticias\/wp-content\/uploads\/2025\/11\/Impacto-leve-de-tormenta-solar-en-Espana-podria-afectar-GPS.jpg\",\"contentUrl\":\"https:\/\/www.diario21.tv\/noticias\/wp-content\/uploads\/2025\/11\/Impacto-leve-de-tormenta-solar-en-Espana-podria-afectar-GPS.jpg\",\"width\":1198,\"height\":840,\"caption\":\"La tormenta solar tendr\u00e1 impactos \u00ableves\u00bb en Espa\u00f1a aunque podr\u00edan fallar los GPS y algunas comunicaciones por radio\"},{\"@type\":\"BreadcrumbList\",\"@id\":\"https:\/\/www.diario21.tv\/noticias\/impacto-leve-de-tormenta-solar-en-espana-podria-afectar-gps-y-radios-descubre-como\/#breadcrumb\",\"itemListElement\":[{\"@type\":\"ListItem\",\"position\":1,\"name\":\"Accueil\",\"item\":\"https:\/\/www.diario21.tv\/noticias\/\"},{\"@type\":\"ListItem\",\"position\":2,\"name\":\"Impacto leve de tormenta solar en Espa\u00f1a podr\u00eda afectar GPS y radios. \u00a1Descubre c\u00f3mo!\"}]},{\"@type\":\"WebSite\",\"@id\":\"https:\/\/www.diario21.tv\/noticias\/#website\",\"url\":\"https:\/\/www.diario21.tv\/noticias\/\",\"name\":\"Diario 21\",\"description\":\"\",\"potentialAction\":[{\"@type\":\"SearchAction\",\"target\":{\"@type\":\"EntryPoint\",\"urlTemplate\":\"https:\/\/www.diario21.tv\/noticias\/?s={search_term_string}\"},\"query-input\":{\"@type\":\"PropertyValueSpecification\",\"valueRequired\":true,\"valueName\":\"search_term_string\"}}],\"inLanguage\":\"es-AR\"},{\"@type\":\"Person\",\"@id\":\"https:\/\/www.diario21.tv\/noticias\/#\/schema\/person\/dfb778f73814d8f09f302618446a526b\",\"name\":\"Juan P\u00e9rez\",\"image\":{\"@type\":\"ImageObject\",\"inLanguage\":\"es-AR\",\"@id\":\"https:\/\/www.diario21.tv\/noticias\/#\/schema\/person\/image\/\",\"url\":\"https:\/\/secure.gravatar.com\/avatar\/c478a405bd10621167f4c3167cc770f5?s=96&d=mm&r=g\",\"contentUrl\":\"https:\/\/secure.gravatar.com\/avatar\/c478a405bd10621167f4c3167cc770f5?s=96&d=mm&r=g\",\"caption\":\"Juan P\u00e9rez\"},\"description\":\"Juan P\u00e9rez es el redactor en jefe de Diario 21. Con m\u00e1s de 10 a\u00f1os de experiencia en el periodismo, se especializa en pol\u00edtica nacional y an\u00e1lisis socioecon\u00f3mico. Su enfoque cr\u00edtico y riguroso aporta una perspectiva \u00fanica a cada art\u00edculo.\",\"sameAs\":[\"https:\/\/www.diario21.tv\/noticias\/\"],\"url\":\"https:\/\/www.diario21.tv\/noticias\/author\/juan-perez\/\"}]}<\/script>\n<!-- \/ Yoast SEO plugin. -->","yoast_head_json":{"title":"Impacto leve de tormenta solar en Espa\u00f1a podr\u00eda afectar GPS y radios. \u00a1Descubre c\u00f3mo! - Diario 21","robots":{"index":"index","follow":"follow","max-snippet":"max-snippet:-1","max-image-preview":"max-image-preview:large","max-video-preview":"max-video-preview:-1"},"canonical":"https:\/\/www.diario21.tv\/noticias\/impacto-leve-de-tormenta-solar-en-espana-podria-afectar-gps-y-radios-descubre-como\/","og_locale":"es_ES","og_type":"article","og_title":"Impacto leve de tormenta solar en Espa\u00f1a podr\u00eda afectar GPS y radios. \u00a1Descubre c\u00f3mo! - Diario 21","og_description":"Impacto Moderado de la Tormenta Solar en Espa\u00f1a Se espera que la reciente tormenta solar tenga consecuencias moderadas en Espa\u00f1a, con posibles interrupciones menores en sistemas ... Seguir leyendo &rarr;","og_url":"https:\/\/www.diario21.tv\/noticias\/impacto-leve-de-tormenta-solar-en-espana-podria-afectar-gps-y-radios-descubre-como\/","og_site_name":"Diario 21","article_published_time":"2025-11-14T11:49:49+00:00","article_modified_time":"2025-11-14T11:49:51+00:00","og_image":[{"width":1198,"height":840,"url":"https:\/\/www.diario21.tv\/noticias\/wp-content\/uploads\/2025\/11\/Impacto-leve-de-tormenta-solar-en-Espana-podria-afectar-GPS.jpg","type":"image\/jpeg"}],"author":"Juan P\u00e9rez","twitter_card":"summary_large_image","twitter_misc":{"Escrito por":"Juan P\u00e9rez","Tiempo de lectura":"1 minuto"},"schema":{"@context":"https:\/\/schema.org","@graph":[{"@type":"WebPage","@id":"https:\/\/www.diario21.tv\/noticias\/impacto-leve-de-tormenta-solar-en-espana-podria-afectar-gps-y-radios-descubre-como\/","url":"https:\/\/www.diario21.tv\/noticias\/impacto-leve-de-tormenta-solar-en-espana-podria-afectar-gps-y-radios-descubre-como\/","name":"Impacto leve de tormenta solar en Espa\u00f1a podr\u00eda afectar GPS y radios. \u00a1Descubre c\u00f3mo! - Diario 21","isPartOf":{"@id":"https:\/\/www.diario21.tv\/noticias\/#website"},"primaryImageOfPage":{"@id":"https:\/\/www.diario21.tv\/noticias\/impacto-leve-de-tormenta-solar-en-espana-podria-afectar-gps-y-radios-descubre-como\/#primaryimage"},"image":{"@id":"https:\/\/www.diario21.tv\/noticias\/impacto-leve-de-tormenta-solar-en-espana-podria-afectar-gps-y-radios-descubre-como\/#primaryimage"},"thumbnailUrl":"https:\/\/www.diario21.tv\/noticias\/wp-content\/uploads\/2025\/11\/Impacto-leve-de-tormenta-solar-en-Espana-podria-afectar-GPS.jpg","datePublished":"2025-11-14T11:49:49+00:00","dateModified":"2025-11-14T11:49:51+00:00","author":{"@id":"https:\/\/www.diario21.tv\/noticias\/#\/schema\/person\/dfb778f73814d8f09f302618446a526b"},"breadcrumb":{"@id":"https:\/\/www.diario21.tv\/noticias\/impacto-leve-de-tormenta-solar-en-espana-podria-afectar-gps-y-radios-descubre-como\/#breadcrumb"},"inLanguage":"es-AR","potentialAction":[{"@type":"ReadAction","target":["https:\/\/www.diario21.tv\/noticias\/impacto-leve-de-tormenta-solar-en-espana-podria-afectar-gps-y-radios-descubre-como\/"]}]},{"@type":"ImageObject","inLanguage":"es-AR","@id":"https:\/\/www.diario21.tv\/noticias\/impacto-leve-de-tormenta-solar-en-espana-podria-afectar-gps-y-radios-descubre-como\/#primaryimage","url":"https:\/\/www.diario21.tv\/noticias\/wp-content\/uploads\/2025\/11\/Impacto-leve-de-tormenta-solar-en-Espana-podria-afectar-GPS.jpg","contentUrl":"https:\/\/www.diario21.tv\/noticias\/wp-content\/uploads\/2025\/11\/Impacto-leve-de-tormenta-solar-en-Espana-podria-afectar-GPS.jpg","width":1198,"height":840,"caption":"La tormenta solar tendr\u00e1 impactos \u00ableves\u00bb en Espa\u00f1a aunque podr\u00edan fallar los GPS y algunas comunicaciones por radio"},{"@type":"BreadcrumbList","@id":"https:\/\/www.diario21.tv\/noticias\/impacto-leve-de-tormenta-solar-en-espana-podria-afectar-gps-y-radios-descubre-como\/#breadcrumb","itemListElement":[{"@type":"ListItem","position":1,"name":"Accueil","item":"https:\/\/www.diario21.tv\/noticias\/"},{"@type":"ListItem","position":2,"name":"Impacto leve de tormenta solar en Espa\u00f1a podr\u00eda afectar GPS y radios. \u00a1Descubre c\u00f3mo!"}]},{"@type":"WebSite","@id":"https:\/\/www.diario21.tv\/noticias\/#website","url":"https:\/\/www.diario21.tv\/noticias\/","name":"Diario 21","description":"","potentialAction":[{"@type":"SearchAction","target":{"@type":"EntryPoint","urlTemplate":"https:\/\/www.diario21.tv\/noticias\/?s={search_term_string}"},"query-input":{"@type":"PropertyValueSpecification","valueRequired":true,"valueName":"search_term_string"}}],"inLanguage":"es-AR"},{"@type":"Person","@id":"https:\/\/www.diario21.tv\/noticias\/#\/schema\/person\/dfb778f73814d8f09f302618446a526b","name":"Juan P\u00e9rez","image":{"@type":"ImageObject","inLanguage":"es-AR","@id":"https:\/\/www.diario21.tv\/noticias\/#\/schema\/person\/image\/","url":"https:\/\/secure.gravatar.com\/avatar\/c478a405bd10621167f4c3167cc770f5?s=96&d=mm&r=g","contentUrl":"https:\/\/secure.gravatar.com\/avatar\/c478a405bd10621167f4c3167cc770f5?s=96&d=mm&r=g","caption":"Juan P\u00e9rez"},"description":"Juan P\u00e9rez es el redactor en jefe de Diario 21. Con m\u00e1s de 10 a\u00f1os de experiencia en el periodismo, se especializa en pol\u00edtica nacional y an\u00e1lisis socioecon\u00f3mico. Su enfoque cr\u00edtico y riguroso aporta una perspectiva \u00fanica a cada art\u00edculo.","sameAs":["https:\/\/www.diario21.tv\/noticias\/"],"url":"https:\/\/www.diario21.tv\/noticias\/author\/juan-perez\/"}]}},"_links":{"self":[{"href":"https:\/\/www.diario21.tv\/noticias\/wp-json\/wp\/v2\/posts\/5184"}],"collection":[{"href":"https:\/\/www.diario21.tv\/noticias\/wp-json\/wp\/v2\/posts"}],"about":[{"href":"https:\/\/www.diario21.tv\/noticias\/wp-json\/wp\/v2\/types\/post"}],"author":[{"embeddable":true,"href":"https:\/\/www.diario21.tv\/noticias\/wp-json\/wp\/v2\/users\/20"}],"replies":[{"embeddable":true,"href":"https:\/\/www.diario21.tv\/noticias\/wp-json\/wp\/v2\/comments?post=5184"}],"version-history":[{"count":1,"href":"https:\/\/www.diario21.tv\/noticias\/wp-json\/wp\/v2\/posts\/5184\/revisions"}],"predecessor-version":[{"id":5186,"href":"https:\/\/www.diario21.tv\/noticias\/wp-json\/wp\/v2\/posts\/5184\/revisions\/5186"}],"wp:featuredmedia":[{"embeddable":true,"href":"https:\/\/www.diario21.tv\/noticias\/wp-json\/wp\/v2\/media\/5185"}],"wp:attachment":[{"href":"https:\/\/www.diario21.tv\/noticias\/wp-json\/wp\/v2\/media?parent=5184"}],"wp:term":[{"taxonomy":"category","embeddable":true,"href":"https:\/\/www.diario21.tv\/noticias\/wp-json\/wp\/v2\/categories?post=5184"},{"taxonomy":"post_tag","embeddable":true,"href":"https:\/\/www.diario21.tv\/noticias\/wp-json\/wp\/v2\/tags?post=5184"}],"curies":[{"name":"wp","href":"https:\/\/api.w.org\/{rel}","templated":true}]}}