{"id":5181,"date":"2025-11-14T05:49:04","date_gmt":"2025-11-14T05:49:04","guid":{"rendered":"https:\/\/www.diario21.tv\/noticias\/urgente-gobierno-expandira-plazo-para-denunciar-delitos-sexuales-contra-menores\/"},"modified":"2025-11-14T05:49:06","modified_gmt":"2025-11-14T05:49:06","slug":"urgente-gobierno-expandira-plazo-para-denunciar-delitos-sexuales-contra-menores","status":"publish","type":"post","link":"https:\/\/www.diario21.tv\/noticias\/urgente-gobierno-expandira-plazo-para-denunciar-delitos-sexuales-contra-menores\/","title":{"rendered":"\u00a1Urgente! Gobierno expandir\u00e1 plazo para denunciar delitos sexuales contra menores"},"content":{"rendered":"<h2>El Gobierno Planea Extender el Plazo de Prescripci\u00f3n para Delitos Sexuales Involucrando a Menores<\/h2>\n<p>En una medida significativa, el Gobierno ha anunciado su intenci\u00f3n de extender el per\u00edodo durante el cual se pueden presentar cargos por delitos sexuales cometidos contra menores. Esta decisi\u00f3n busca proporcionar m\u00e1s tiempo para que las v\u00edctimas denuncien los abusos sufridos en su infancia.<\/p>\n<h3>Detalles de la Nueva Legislaci\u00f3n<\/h3>\n<p>La nueva legislaci\u00f3n propuesta tiene como objetivo modificar los plazos actuales de prescripci\u00f3n, que a menudo no permiten que las v\u00edctimas de abuso sexual infantil busquen justicia una vez que alcanzan la mayor\u00eda de edad. Con el cambio, el contador para la prescripci\u00f3n comenzar\u00e1 a correr no desde el momento en que se comete el delito, sino desde que la v\u00edctima alcanza una edad en la que legalmente se considera capaz de procesar y denunciar el trauma experimentado, generalmente los 18 a\u00f1os.<\/p>\n<p>Este cambio es crucial porque muchas v\u00edctimas de abuso sexual en la infancia tardan a\u00f1os en reconocer y confrontar lo sucedido, a menudo debido a las complejas din\u00e1micas psicol\u00f3gicas y emocionales involucradas en el procesamiento del abuso.<\/p>\n<h3>Implicaciones para las V\u00edctimas y la Sociedad<\/h3>\n<p>Al extender el per\u00edodo de prescripci\u00f3n, el Gobierno espera que m\u00e1s v\u00edctimas se sientan empoderadas para presentar denuncias contra sus abusadores, incluso a\u00f1os despu\u00e9s del incidente. Esto no solo es vital para la sanaci\u00f3n de las v\u00edctimas, sino que tambi\u00e9n fortalece el sistema de justicia penal, permitiendo que los perpetradores de estos cr\u00edmenes atroces sean potencialmente llevados ante la justicia.<\/p>\n<p>Adem\u00e1s, se espera que la medida tenga un efecto disuasorio sobre los delitos sexuales contra menores, ya que los posibles delincuentes ser\u00e1n conscientes de que el riesgo de ser procesados no desaparece simplemente con el paso del tiempo.<\/p>\n<h3>Reacciones y Opiniones<\/h3>\n<p>La propuesta ha sido bien recibida por grupos de derechos de los ni\u00f1os y organizaciones que luchan contra el abuso sexual infantil, quienes han estado abogando por cambios en la ley desde hace a\u00f1os. Sin embargo, algunos cr\u00edticos argumentan que extender la prescripci\u00f3n podr\u00eda llevar a complicaciones legales, incluyendo la dificultad de obtener pruebas fiables despu\u00e9s de mucho tiempo.<\/p>\n<p>El debate est\u00e1 en curso, y se espera que las discusiones parlamentarias sobre esta nueva legislaci\u00f3n sean intensas. Sin embargo, el consenso general es que los beneficios de permitir que las v\u00edctimas de abuso sexual infantil tengan m\u00e1s tiempo para buscar justicia superan los posibles desaf\u00edos.<\/p>\n<p>Con esta medida, el Gobierno demuestra su compromiso con la protecci\u00f3n de los m\u00e1s vulnerables y la creaci\u00f3n de un entorno m\u00e1s seguro para todos los ni\u00f1os. La esperanza es que con leyes m\u00e1s estrictas y plazos ampliados, menos delincuentes evadan la justicia y m\u00e1s v\u00edctimas puedan cerrar cap\u00edtulos dolorosos de sus vidas.<\/p>\n\n\n<div class=\"kk-star-ratings kksr-auto kksr-align-left kksr-valign-bottom\"\n    data-payload='{&quot;align&quot;:&quot;left&quot;,&quot;id&quot;:&quot;5181&quot;,&quot;slug&quot;:&quot;default&quot;,&quot;valign&quot;:&quot;bottom&quot;,&quot;ignore&quot;:&quot;&quot;,&quot;reference&quot;:&quot;auto&quot;,&quot;class&quot;:&quot;&quot;,&quot;count&quot;:&quot;0&quot;,&quot;legendonly&quot;:&quot;&quot;,&quot;readonly&quot;:&quot;&quot;,&quot;score&quot;:&quot;0&quot;,&quot;starsonly&quot;:&quot;&quot;,&quot;best&quot;:&quot;5&quot;,&quot;gap&quot;:&quot;5&quot;,&quot;greet&quot;:&quot;Valora este post&quot;,&quot;legend&quot;:&quot;0\\\/5 - (0 votes)&quot;,&quot;size&quot;:&quot;22&quot;,&quot;title&quot;:&quot;\u00a1Urgente! Gobierno expandir\u00e1 plazo para denunciar delitos sexuales contra menores&quot;,&quot;width&quot;:&quot;0&quot;,&quot;_legend&quot;:&quot;{score}\\\/{best} - ({count} {votes})&quot;,&quot;font_factor&quot;:&quot;1.25&quot;}'>\n            \n<div class=\"kksr-stars\">\n    \n<div class=\"kksr-stars-inactive\">\n            <div class=\"kksr-star\" data-star=\"1\" style=\"padding-right: 5px\">\n            \n\n<div class=\"kksr-icon\" style=\"width: 22px; height: 22px;\"><\/div>\n        <\/div>\n            <div class=\"kksr-star\" data-star=\"2\" style=\"padding-right: 5px\">\n            \n\n<div class=\"kksr-icon\" style=\"width: 22px; height: 22px;\"><\/div>\n        <\/div>\n            <div class=\"kksr-star\" data-star=\"3\" style=\"padding-right: 5px\">\n            \n\n<div class=\"kksr-icon\" style=\"width: 22px; height: 22px;\"><\/div>\n        <\/div>\n            <div class=\"kksr-star\" data-star=\"4\" style=\"padding-right: 5px\">\n            \n\n<div class=\"kksr-icon\" style=\"width: 22px; height: 22px;\"><\/div>\n        <\/div>\n            <div class=\"kksr-star\" data-star=\"5\" style=\"padding-right: 5px\">\n            \n\n<div class=\"kksr-icon\" style=\"width: 22px; height: 22px;\"><\/div>\n        <\/div>\n    <\/div>\n    \n<div class=\"kksr-stars-active\" style=\"width: 0px;\">\n            <div class=\"kksr-star\" style=\"padding-right: 5px\">\n            \n\n<div class=\"kksr-icon\" style=\"width: 22px; height: 22px;\"><\/div>\n        <\/div>\n            <div class=\"kksr-star\" style=\"padding-right: 5px\">\n            \n\n<div class=\"kksr-icon\" style=\"width: 22px; height: 22px;\"><\/div>\n        <\/div>\n            <div class=\"kksr-star\" style=\"padding-right: 5px\">\n            \n\n<div class=\"kksr-icon\" style=\"width: 22px; height: 22px;\"><\/div>\n        <\/div>\n            <div class=\"kksr-star\" style=\"padding-right: 5px\">\n            \n\n<div class=\"kksr-icon\" style=\"width: 22px; height: 22px;\"><\/div>\n        <\/div>\n            <div class=\"kksr-star\" style=\"padding-right: 5px\">\n            \n\n<div class=\"kksr-icon\" style=\"width: 22px; height: 22px;\"><\/div>\n        <\/div>\n    <\/div>\n<\/div>\n                \n\n<div class=\"kksr-legend\" style=\"font-size: 17.6px;\">\n            <span class=\"kksr-muted\">Valora este post<\/span>\n    <\/div>\n    <\/div>\n","protected":false},"excerpt":{"rendered":"<p>El Gobierno Planea Extender el Plazo de Prescripci\u00f3n para Delitos Sexuales Involucrando a Menores En una medida significativa, el Gobierno ha anunciado su intenci\u00f3n de extender &#8230; <a title=\"\u00a1Urgente! Gobierno expandir\u00e1 plazo para denunciar delitos sexuales contra menores\" class=\"read-more\" href=\"https:\/\/www.diario21.tv\/noticias\/urgente-gobierno-expandira-plazo-para-denunciar-delitos-sexuales-contra-menores\/\" aria-label=\"Leer m\u00e1s sobre \u00a1Urgente! Gobierno expandir\u00e1 plazo para denunciar delitos sexuales contra menores\">Seguir leyendo &rarr;<\/a><\/p>\n","protected":false},"author":20,"featured_media":5182,"comment_status":"open","ping_status":"open","sticky":false,"template":"","format":"standard","meta":{"footnotes":""},"categories":[13],"tags":[],"class_list":["post-5181","post","type-post","status-publish","format-standard","has-post-thumbnail","hentry","category-portada"],"yoast_head":"<!-- This site is optimized with the Yoast SEO plugin v25.6 - https:\/\/yoast.com\/wordpress\/plugins\/seo\/ -->\n<title>\u00a1Urgente! Gobierno expandir\u00e1 plazo para denunciar delitos sexuales contra menores - Diario 21<\/title>\n<meta name=\"robots\" content=\"index, follow, max-snippet:-1, max-image-preview:large, max-video-preview:-1\" \/>\n<link rel=\"canonical\" href=\"https:\/\/www.diario21.tv\/noticias\/urgente-gobierno-expandira-plazo-para-denunciar-delitos-sexuales-contra-menores\/\" \/>\n<meta property=\"og:locale\" content=\"es_ES\" \/>\n<meta property=\"og:type\" content=\"article\" \/>\n<meta property=\"og:title\" content=\"\u00a1Urgente! Gobierno expandir\u00e1 plazo para denunciar delitos sexuales contra menores - Diario 21\" \/>\n<meta property=\"og:description\" content=\"El Gobierno Planea Extender el Plazo de Prescripci\u00f3n para Delitos Sexuales Involucrando a Menores En una medida significativa, el Gobierno ha anunciado su intenci\u00f3n de extender ... Seguir leyendo &rarr;\" \/>\n<meta property=\"og:url\" content=\"https:\/\/www.diario21.tv\/noticias\/urgente-gobierno-expandira-plazo-para-denunciar-delitos-sexuales-contra-menores\/\" \/>\n<meta property=\"og:site_name\" content=\"Diario 21\" \/>\n<meta property=\"article:published_time\" content=\"2025-11-14T05:49:04+00:00\" \/>\n<meta property=\"article:modified_time\" content=\"2025-11-14T05:49:06+00:00\" \/>\n<meta property=\"og:image\" content=\"https:\/\/www.diario21.tv\/noticias\/wp-content\/uploads\/2025\/11\/\u00a1Urgente-Gobierno-expandira-plazo-para-denunciar-delitos-sexuales-contra-menores.jpg\" \/>\n\t<meta property=\"og:image:width\" content=\"1200\" \/>\n\t<meta property=\"og:image:height\" content=\"840\" \/>\n\t<meta property=\"og:image:type\" content=\"image\/jpeg\" \/>\n<meta name=\"author\" content=\"Juan P\u00e9rez\" \/>\n<meta name=\"twitter:card\" content=\"summary_large_image\" \/>\n<meta name=\"twitter:label1\" content=\"Escrito por\" \/>\n\t<meta name=\"twitter:data1\" content=\"Juan P\u00e9rez\" \/>\n\t<meta name=\"twitter:label2\" content=\"Tiempo de lectura\" \/>\n\t<meta name=\"twitter:data2\" content=\"2 minutos\" \/>\n<script type=\"application\/ld+json\" class=\"yoast-schema-graph\">{\"@context\":\"https:\/\/schema.org\",\"@graph\":[{\"@type\":\"WebPage\",\"@id\":\"https:\/\/www.diario21.tv\/noticias\/urgente-gobierno-expandira-plazo-para-denunciar-delitos-sexuales-contra-menores\/\",\"url\":\"https:\/\/www.diario21.tv\/noticias\/urgente-gobierno-expandira-plazo-para-denunciar-delitos-sexuales-contra-menores\/\",\"name\":\"\u00a1Urgente! Gobierno expandir\u00e1 plazo para denunciar delitos sexuales contra menores - Diario 21\",\"isPartOf\":{\"@id\":\"https:\/\/www.diario21.tv\/noticias\/#website\"},\"primaryImageOfPage\":{\"@id\":\"https:\/\/www.diario21.tv\/noticias\/urgente-gobierno-expandira-plazo-para-denunciar-delitos-sexuales-contra-menores\/#primaryimage\"},\"image\":{\"@id\":\"https:\/\/www.diario21.tv\/noticias\/urgente-gobierno-expandira-plazo-para-denunciar-delitos-sexuales-contra-menores\/#primaryimage\"},\"thumbnailUrl\":\"https:\/\/www.diario21.tv\/noticias\/wp-content\/uploads\/2025\/11\/\u00a1Urgente-Gobierno-expandira-plazo-para-denunciar-delitos-sexuales-contra-menores.jpg\",\"datePublished\":\"2025-11-14T05:49:04+00:00\",\"dateModified\":\"2025-11-14T05:49:06+00:00\",\"author\":{\"@id\":\"https:\/\/www.diario21.tv\/noticias\/#\/schema\/person\/dfb778f73814d8f09f302618446a526b\"},\"breadcrumb\":{\"@id\":\"https:\/\/www.diario21.tv\/noticias\/urgente-gobierno-expandira-plazo-para-denunciar-delitos-sexuales-contra-menores\/#breadcrumb\"},\"inLanguage\":\"es-AR\",\"potentialAction\":[{\"@type\":\"ReadAction\",\"target\":[\"https:\/\/www.diario21.tv\/noticias\/urgente-gobierno-expandira-plazo-para-denunciar-delitos-sexuales-contra-menores\/\"]}]},{\"@type\":\"ImageObject\",\"inLanguage\":\"es-AR\",\"@id\":\"https:\/\/www.diario21.tv\/noticias\/urgente-gobierno-expandira-plazo-para-denunciar-delitos-sexuales-contra-menores\/#primaryimage\",\"url\":\"https:\/\/www.diario21.tv\/noticias\/wp-content\/uploads\/2025\/11\/\u00a1Urgente-Gobierno-expandira-plazo-para-denunciar-delitos-sexuales-contra-menores.jpg\",\"contentUrl\":\"https:\/\/www.diario21.tv\/noticias\/wp-content\/uploads\/2025\/11\/\u00a1Urgente-Gobierno-expandira-plazo-para-denunciar-delitos-sexuales-contra-menores.jpg\",\"width\":1200,\"height\":840,\"caption\":\"El Gobierno ampliar\u00e1 la prescripci\u00f3n de los delitos sexuales contra menores\"},{\"@type\":\"BreadcrumbList\",\"@id\":\"https:\/\/www.diario21.tv\/noticias\/urgente-gobierno-expandira-plazo-para-denunciar-delitos-sexuales-contra-menores\/#breadcrumb\",\"itemListElement\":[{\"@type\":\"ListItem\",\"position\":1,\"name\":\"Accueil\",\"item\":\"https:\/\/www.diario21.tv\/noticias\/\"},{\"@type\":\"ListItem\",\"position\":2,\"name\":\"\u00a1Urgente! Gobierno expandir\u00e1 plazo para denunciar delitos sexuales contra menores\"}]},{\"@type\":\"WebSite\",\"@id\":\"https:\/\/www.diario21.tv\/noticias\/#website\",\"url\":\"https:\/\/www.diario21.tv\/noticias\/\",\"name\":\"Diario 21\",\"description\":\"\",\"potentialAction\":[{\"@type\":\"SearchAction\",\"target\":{\"@type\":\"EntryPoint\",\"urlTemplate\":\"https:\/\/www.diario21.tv\/noticias\/?s={search_term_string}\"},\"query-input\":{\"@type\":\"PropertyValueSpecification\",\"valueRequired\":true,\"valueName\":\"search_term_string\"}}],\"inLanguage\":\"es-AR\"},{\"@type\":\"Person\",\"@id\":\"https:\/\/www.diario21.tv\/noticias\/#\/schema\/person\/dfb778f73814d8f09f302618446a526b\",\"name\":\"Juan P\u00e9rez\",\"image\":{\"@type\":\"ImageObject\",\"inLanguage\":\"es-AR\",\"@id\":\"https:\/\/www.diario21.tv\/noticias\/#\/schema\/person\/image\/\",\"url\":\"https:\/\/secure.gravatar.com\/avatar\/c478a405bd10621167f4c3167cc770f5?s=96&d=mm&r=g\",\"contentUrl\":\"https:\/\/secure.gravatar.com\/avatar\/c478a405bd10621167f4c3167cc770f5?s=96&d=mm&r=g\",\"caption\":\"Juan P\u00e9rez\"},\"description\":\"Juan P\u00e9rez es el redactor en jefe de Diario 21. Con m\u00e1s de 10 a\u00f1os de experiencia en el periodismo, se especializa en pol\u00edtica nacional y an\u00e1lisis socioecon\u00f3mico. Su enfoque cr\u00edtico y riguroso aporta una perspectiva \u00fanica a cada art\u00edculo.\",\"sameAs\":[\"https:\/\/www.diario21.tv\/noticias\/\"],\"url\":\"https:\/\/www.diario21.tv\/noticias\/author\/juan-perez\/\"}]}<\/script>\n<!-- \/ Yoast SEO plugin. -->","yoast_head_json":{"title":"\u00a1Urgente! Gobierno expandir\u00e1 plazo para denunciar delitos sexuales contra menores - Diario 21","robots":{"index":"index","follow":"follow","max-snippet":"max-snippet:-1","max-image-preview":"max-image-preview:large","max-video-preview":"max-video-preview:-1"},"canonical":"https:\/\/www.diario21.tv\/noticias\/urgente-gobierno-expandira-plazo-para-denunciar-delitos-sexuales-contra-menores\/","og_locale":"es_ES","og_type":"article","og_title":"\u00a1Urgente! Gobierno expandir\u00e1 plazo para denunciar delitos sexuales contra menores - Diario 21","og_description":"El Gobierno Planea Extender el Plazo de Prescripci\u00f3n para Delitos Sexuales Involucrando a Menores En una medida significativa, el Gobierno ha anunciado su intenci\u00f3n de extender ... Seguir leyendo &rarr;","og_url":"https:\/\/www.diario21.tv\/noticias\/urgente-gobierno-expandira-plazo-para-denunciar-delitos-sexuales-contra-menores\/","og_site_name":"Diario 21","article_published_time":"2025-11-14T05:49:04+00:00","article_modified_time":"2025-11-14T05:49:06+00:00","og_image":[{"width":1200,"height":840,"url":"https:\/\/www.diario21.tv\/noticias\/wp-content\/uploads\/2025\/11\/\u00a1Urgente-Gobierno-expandira-plazo-para-denunciar-delitos-sexuales-contra-menores.jpg","type":"image\/jpeg"}],"author":"Juan P\u00e9rez","twitter_card":"summary_large_image","twitter_misc":{"Escrito por":"Juan P\u00e9rez","Tiempo de lectura":"2 minutos"},"schema":{"@context":"https:\/\/schema.org","@graph":[{"@type":"WebPage","@id":"https:\/\/www.diario21.tv\/noticias\/urgente-gobierno-expandira-plazo-para-denunciar-delitos-sexuales-contra-menores\/","url":"https:\/\/www.diario21.tv\/noticias\/urgente-gobierno-expandira-plazo-para-denunciar-delitos-sexuales-contra-menores\/","name":"\u00a1Urgente! Gobierno expandir\u00e1 plazo para denunciar delitos sexuales contra menores - Diario 21","isPartOf":{"@id":"https:\/\/www.diario21.tv\/noticias\/#website"},"primaryImageOfPage":{"@id":"https:\/\/www.diario21.tv\/noticias\/urgente-gobierno-expandira-plazo-para-denunciar-delitos-sexuales-contra-menores\/#primaryimage"},"image":{"@id":"https:\/\/www.diario21.tv\/noticias\/urgente-gobierno-expandira-plazo-para-denunciar-delitos-sexuales-contra-menores\/#primaryimage"},"thumbnailUrl":"https:\/\/www.diario21.tv\/noticias\/wp-content\/uploads\/2025\/11\/\u00a1Urgente-Gobierno-expandira-plazo-para-denunciar-delitos-sexuales-contra-menores.jpg","datePublished":"2025-11-14T05:49:04+00:00","dateModified":"2025-11-14T05:49:06+00:00","author":{"@id":"https:\/\/www.diario21.tv\/noticias\/#\/schema\/person\/dfb778f73814d8f09f302618446a526b"},"breadcrumb":{"@id":"https:\/\/www.diario21.tv\/noticias\/urgente-gobierno-expandira-plazo-para-denunciar-delitos-sexuales-contra-menores\/#breadcrumb"},"inLanguage":"es-AR","potentialAction":[{"@type":"ReadAction","target":["https:\/\/www.diario21.tv\/noticias\/urgente-gobierno-expandira-plazo-para-denunciar-delitos-sexuales-contra-menores\/"]}]},{"@type":"ImageObject","inLanguage":"es-AR","@id":"https:\/\/www.diario21.tv\/noticias\/urgente-gobierno-expandira-plazo-para-denunciar-delitos-sexuales-contra-menores\/#primaryimage","url":"https:\/\/www.diario21.tv\/noticias\/wp-content\/uploads\/2025\/11\/\u00a1Urgente-Gobierno-expandira-plazo-para-denunciar-delitos-sexuales-contra-menores.jpg","contentUrl":"https:\/\/www.diario21.tv\/noticias\/wp-content\/uploads\/2025\/11\/\u00a1Urgente-Gobierno-expandira-plazo-para-denunciar-delitos-sexuales-contra-menores.jpg","width":1200,"height":840,"caption":"El Gobierno ampliar\u00e1 la prescripci\u00f3n de los delitos sexuales contra menores"},{"@type":"BreadcrumbList","@id":"https:\/\/www.diario21.tv\/noticias\/urgente-gobierno-expandira-plazo-para-denunciar-delitos-sexuales-contra-menores\/#breadcrumb","itemListElement":[{"@type":"ListItem","position":1,"name":"Accueil","item":"https:\/\/www.diario21.tv\/noticias\/"},{"@type":"ListItem","position":2,"name":"\u00a1Urgente! Gobierno expandir\u00e1 plazo para denunciar delitos sexuales contra menores"}]},{"@type":"WebSite","@id":"https:\/\/www.diario21.tv\/noticias\/#website","url":"https:\/\/www.diario21.tv\/noticias\/","name":"Diario 21","description":"","potentialAction":[{"@type":"SearchAction","target":{"@type":"EntryPoint","urlTemplate":"https:\/\/www.diario21.tv\/noticias\/?s={search_term_string}"},"query-input":{"@type":"PropertyValueSpecification","valueRequired":true,"valueName":"search_term_string"}}],"inLanguage":"es-AR"},{"@type":"Person","@id":"https:\/\/www.diario21.tv\/noticias\/#\/schema\/person\/dfb778f73814d8f09f302618446a526b","name":"Juan P\u00e9rez","image":{"@type":"ImageObject","inLanguage":"es-AR","@id":"https:\/\/www.diario21.tv\/noticias\/#\/schema\/person\/image\/","url":"https:\/\/secure.gravatar.com\/avatar\/c478a405bd10621167f4c3167cc770f5?s=96&d=mm&r=g","contentUrl":"https:\/\/secure.gravatar.com\/avatar\/c478a405bd10621167f4c3167cc770f5?s=96&d=mm&r=g","caption":"Juan P\u00e9rez"},"description":"Juan P\u00e9rez es el redactor en jefe de Diario 21. Con m\u00e1s de 10 a\u00f1os de experiencia en el periodismo, se especializa en pol\u00edtica nacional y an\u00e1lisis socioecon\u00f3mico. Su enfoque cr\u00edtico y riguroso aporta una perspectiva \u00fanica a cada art\u00edculo.","sameAs":["https:\/\/www.diario21.tv\/noticias\/"],"url":"https:\/\/www.diario21.tv\/noticias\/author\/juan-perez\/"}]}},"_links":{"self":[{"href":"https:\/\/www.diario21.tv\/noticias\/wp-json\/wp\/v2\/posts\/5181"}],"collection":[{"href":"https:\/\/www.diario21.tv\/noticias\/wp-json\/wp\/v2\/posts"}],"about":[{"href":"https:\/\/www.diario21.tv\/noticias\/wp-json\/wp\/v2\/types\/post"}],"author":[{"embeddable":true,"href":"https:\/\/www.diario21.tv\/noticias\/wp-json\/wp\/v2\/users\/20"}],"replies":[{"embeddable":true,"href":"https:\/\/www.diario21.tv\/noticias\/wp-json\/wp\/v2\/comments?post=5181"}],"version-history":[{"count":1,"href":"https:\/\/www.diario21.tv\/noticias\/wp-json\/wp\/v2\/posts\/5181\/revisions"}],"predecessor-version":[{"id":5183,"href":"https:\/\/www.diario21.tv\/noticias\/wp-json\/wp\/v2\/posts\/5181\/revisions\/5183"}],"wp:featuredmedia":[{"embeddable":true,"href":"https:\/\/www.diario21.tv\/noticias\/wp-json\/wp\/v2\/media\/5182"}],"wp:attachment":[{"href":"https:\/\/www.diario21.tv\/noticias\/wp-json\/wp\/v2\/media?parent=5181"}],"wp:term":[{"taxonomy":"category","embeddable":true,"href":"https:\/\/www.diario21.tv\/noticias\/wp-json\/wp\/v2\/categories?post=5181"},{"taxonomy":"post_tag","embeddable":true,"href":"https:\/\/www.diario21.tv\/noticias\/wp-json\/wp\/v2\/tags?post=5181"}],"curies":[{"name":"wp","href":"https:\/\/api.w.org\/{rel}","templated":true}]}}