{"id":5172,"date":"2025-11-13T05:43:59","date_gmt":"2025-11-13T05:43:59","guid":{"rendered":"https:\/\/www.diario21.tv\/noticias\/crisis-climatica-exige-accion-urgente-en-cop-desafiada-por-negacionismo\/"},"modified":"2025-11-13T05:44:01","modified_gmt":"2025-11-13T05:44:01","slug":"crisis-climatica-exige-accion-urgente-en-cop-desafiada-por-negacionismo","status":"publish","type":"post","link":"https:\/\/www.diario21.tv\/noticias\/crisis-climatica-exige-accion-urgente-en-cop-desafiada-por-negacionismo\/","title":{"rendered":"Crisis clim\u00e1tica exige acci\u00f3n urgente en COP desafiada por negacionismo"},"content":{"rendered":"<h2>La Emergencia Clim\u00e1tica Exige Mayor Compromiso en la COP Afectada por el Escepticismo Clim\u00e1tico<\/h2>\n<p>En un contexto global marcado por la urgencia de abordar el cambio clim\u00e1tico, la conferencia de las partes (COP), que re\u00fane a naciones de todo el mundo, enfrenta desaf\u00edos significativos exacerbados por el aumento del negacionismo clim\u00e1tico. Este escepticismo hacia la ciencia del clima ha influido en las pol\u00edticas y compromisos de varios pa\u00edses, dificultando la cooperaci\u00f3n y la implementaci\u00f3n de medidas efectivas contra el calentamiento global.<\/p>\n<h3>Impacto del Negacionismo en las Pol\u00edticas Clim\u00e1ticas<\/h3>\n<p>El negacionismo clim\u00e1tico, que a menudo se origina en sectores pol\u00edticos y econ\u00f3micos que se benefician del status quo, ha tomado protagonismo en debates y decisiones pol\u00edticas. Esta corriente de pensamiento, que desestima las evidencias cient\u00edficas sobre el cambio clim\u00e1tico, ha logrado infiltrarse en las agendas pol\u00edticas de algunos pa\u00edses, retrasando acciones cr\u00edticas y necesarias para mitigar los efectos del cambio clim\u00e1tico.<\/p>\n<p>La reticencia de algunos gobiernos a reconocer la gravedad de la situaci\u00f3n ha resultado en una falta de compromisos firmes y en pol\u00edticas que no est\u00e1n a la altura de las recomendaciones de los cient\u00edficos clim\u00e1ticos. Esto no solo pone en riesgo los esfuerzos globales para reducir las emisiones de gases de efecto invernadero, sino que tambi\u00e9n compromete la capacidad de adaptaci\u00f3n de las naciones m\u00e1s vulnerables a los impactos clim\u00e1ticos adversos.<\/p>\n<h3>La Necesidad de Un Esfuerzo Conjunto<\/h3>\n<p>Ante esta crisis, es imperativo que los pa\u00edses involucrados en la COP adopten un enfoque m\u00e1s decidido y cohesivo. La cooperaci\u00f3n internacional se vuelve esencial para combatir el negacionismo y promover pol\u00edticas basadas en la ciencia. Los acuerdos multilaterales y las acciones conjuntas pueden fortalecer las respuestas a los desaf\u00edos clim\u00e1ticos, asegurando que se tomen medidas efectivas a nivel global.<\/p>\n<p>La educaci\u00f3n y la sensibilizaci\u00f3n sobre la realidad del cambio clim\u00e1tico tambi\u00e9n juegan un papel crucial. Informar adecuadamente a la poblaci\u00f3n mundial sobre las causas, efectos y soluciones al cambio clim\u00e1tico puede disminuir el impacto del negacionismo y fomentar una ciudadan\u00eda global m\u00e1s informada y comprometida con la protecci\u00f3n del medio ambiente.<\/p>\n<h3>Conclusi\u00f3n<\/h3>\n<p>La COP enfrenta un momento cr\u00edtico en la lucha contra el cambio clim\u00e1tico. El aumento del negacionismo clim\u00e1tico no solo amenaza con desviar la atenci\u00f3n de los problemas urgentes, sino que tambi\u00e9n dificulta la implementaci\u00f3n de soluciones efectivas. Es fundamental que los pa\u00edses participantes en la COP redoblen sus esfuerzos, trabajen de manera unida y se comprometan a tomar medidas basadas en evidencias cient\u00edficas para combatir eficazmente el cambio clim\u00e1tico. La acci\u00f3n es ahora m\u00e1s necesaria que nunca, y el tiempo para la deliberaci\u00f3n se agota r\u00e1pidamente.<\/p>\n\n\n<div class=\"kk-star-ratings kksr-auto kksr-align-left kksr-valign-bottom\"\n    data-payload='{&quot;align&quot;:&quot;left&quot;,&quot;id&quot;:&quot;5172&quot;,&quot;slug&quot;:&quot;default&quot;,&quot;valign&quot;:&quot;bottom&quot;,&quot;ignore&quot;:&quot;&quot;,&quot;reference&quot;:&quot;auto&quot;,&quot;class&quot;:&quot;&quot;,&quot;count&quot;:&quot;0&quot;,&quot;legendonly&quot;:&quot;&quot;,&quot;readonly&quot;:&quot;&quot;,&quot;score&quot;:&quot;0&quot;,&quot;starsonly&quot;:&quot;&quot;,&quot;best&quot;:&quot;5&quot;,&quot;gap&quot;:&quot;5&quot;,&quot;greet&quot;:&quot;Valora este post&quot;,&quot;legend&quot;:&quot;0\\\/5 - (0 votes)&quot;,&quot;size&quot;:&quot;22&quot;,&quot;title&quot;:&quot;Crisis clim\u00e1tica exige acci\u00f3n urgente en COP desafiada por negacionismo&quot;,&quot;width&quot;:&quot;0&quot;,&quot;_legend&quot;:&quot;{score}\\\/{best} - ({count} {votes})&quot;,&quot;font_factor&quot;:&quot;1.25&quot;}'>\n            \n<div class=\"kksr-stars\">\n    \n<div class=\"kksr-stars-inactive\">\n            <div class=\"kksr-star\" data-star=\"1\" style=\"padding-right: 5px\">\n            \n\n<div class=\"kksr-icon\" style=\"width: 22px; height: 22px;\"><\/div>\n        <\/div>\n            <div class=\"kksr-star\" data-star=\"2\" style=\"padding-right: 5px\">\n            \n\n<div class=\"kksr-icon\" style=\"width: 22px; height: 22px;\"><\/div>\n        <\/div>\n            <div class=\"kksr-star\" data-star=\"3\" style=\"padding-right: 5px\">\n            \n\n<div class=\"kksr-icon\" style=\"width: 22px; height: 22px;\"><\/div>\n        <\/div>\n            <div class=\"kksr-star\" data-star=\"4\" style=\"padding-right: 5px\">\n            \n\n<div class=\"kksr-icon\" style=\"width: 22px; height: 22px;\"><\/div>\n        <\/div>\n            <div class=\"kksr-star\" data-star=\"5\" style=\"padding-right: 5px\">\n            \n\n<div class=\"kksr-icon\" style=\"width: 22px; height: 22px;\"><\/div>\n        <\/div>\n    <\/div>\n    \n<div class=\"kksr-stars-active\" style=\"width: 0px;\">\n            <div class=\"kksr-star\" style=\"padding-right: 5px\">\n            \n\n<div class=\"kksr-icon\" style=\"width: 22px; height: 22px;\"><\/div>\n        <\/div>\n            <div class=\"kksr-star\" style=\"padding-right: 5px\">\n            \n\n<div class=\"kksr-icon\" style=\"width: 22px; height: 22px;\"><\/div>\n        <\/div>\n            <div class=\"kksr-star\" style=\"padding-right: 5px\">\n            \n\n<div class=\"kksr-icon\" style=\"width: 22px; height: 22px;\"><\/div>\n        <\/div>\n            <div class=\"kksr-star\" style=\"padding-right: 5px\">\n            \n\n<div class=\"kksr-icon\" style=\"width: 22px; height: 22px;\"><\/div>\n        <\/div>\n            <div class=\"kksr-star\" style=\"padding-right: 5px\">\n            \n\n<div class=\"kksr-icon\" style=\"width: 22px; height: 22px;\"><\/div>\n        <\/div>\n    <\/div>\n<\/div>\n                \n\n<div class=\"kksr-legend\" style=\"font-size: 17.6px;\">\n            <span class=\"kksr-muted\">Valora este post<\/span>\n    <\/div>\n    <\/div>\n","protected":false},"excerpt":{"rendered":"<p>La Emergencia Clim\u00e1tica Exige Mayor Compromiso en la COP Afectada por el Escepticismo Clim\u00e1tico En un contexto global marcado por la urgencia de abordar el cambio &#8230; <a title=\"Crisis clim\u00e1tica exige acci\u00f3n urgente en COP desafiada por negacionismo\" class=\"read-more\" href=\"https:\/\/www.diario21.tv\/noticias\/crisis-climatica-exige-accion-urgente-en-cop-desafiada-por-negacionismo\/\" aria-label=\"Leer m\u00e1s sobre Crisis clim\u00e1tica exige acci\u00f3n urgente en COP desafiada por negacionismo\">Seguir leyendo &rarr;<\/a><\/p>\n","protected":false},"author":20,"featured_media":5173,"comment_status":"open","ping_status":"open","sticky":false,"template":"","format":"standard","meta":{"footnotes":""},"categories":[13],"tags":[],"class_list":["post-5172","post","type-post","status-publish","format-standard","has-post-thumbnail","hentry","category-portada"],"yoast_head":"<!-- This site is optimized with the Yoast SEO plugin v25.6 - https:\/\/yoast.com\/wordpress\/plugins\/seo\/ -->\n<title>Crisis clim\u00e1tica exige acci\u00f3n urgente en COP desafiada por negacionismo - Diario 21<\/title>\n<meta name=\"robots\" content=\"index, follow, max-snippet:-1, max-image-preview:large, max-video-preview:-1\" \/>\n<link rel=\"canonical\" href=\"https:\/\/www.diario21.tv\/noticias\/crisis-climatica-exige-accion-urgente-en-cop-desafiada-por-negacionismo\/\" \/>\n<meta property=\"og:locale\" content=\"es_ES\" \/>\n<meta property=\"og:type\" content=\"article\" \/>\n<meta property=\"og:title\" content=\"Crisis clim\u00e1tica exige acci\u00f3n urgente en COP desafiada por negacionismo - Diario 21\" \/>\n<meta property=\"og:description\" content=\"La Emergencia Clim\u00e1tica Exige Mayor Compromiso en la COP Afectada por el Escepticismo Clim\u00e1tico En un contexto global marcado por la urgencia de abordar el cambio ... Seguir leyendo &rarr;\" \/>\n<meta property=\"og:url\" content=\"https:\/\/www.diario21.tv\/noticias\/crisis-climatica-exige-accion-urgente-en-cop-desafiada-por-negacionismo\/\" \/>\n<meta property=\"og:site_name\" content=\"Diario 21\" \/>\n<meta property=\"article:published_time\" content=\"2025-11-13T05:43:59+00:00\" \/>\n<meta property=\"article:modified_time\" content=\"2025-11-13T05:44:01+00:00\" \/>\n<meta property=\"og:image\" content=\"https:\/\/www.diario21.tv\/noticias\/wp-content\/uploads\/2025\/11\/Crisis-climatica-exige-accion-urgente-en-COP-desafiada-por-negacionismo.jpg\" \/>\n\t<meta property=\"og:image:width\" content=\"1920\" \/>\n\t<meta property=\"og:image:height\" content=\"1072\" \/>\n\t<meta property=\"og:image:type\" content=\"image\/jpeg\" \/>\n<meta name=\"author\" content=\"Juan P\u00e9rez\" \/>\n<meta name=\"twitter:card\" content=\"summary_large_image\" \/>\n<meta name=\"twitter:label1\" content=\"Escrito por\" \/>\n\t<meta name=\"twitter:data1\" content=\"Juan P\u00e9rez\" \/>\n\t<meta name=\"twitter:label2\" content=\"Tiempo de lectura\" \/>\n\t<meta name=\"twitter:data2\" content=\"2 minutos\" \/>\n<script type=\"application\/ld+json\" class=\"yoast-schema-graph\">{\"@context\":\"https:\/\/schema.org\",\"@graph\":[{\"@type\":\"WebPage\",\"@id\":\"https:\/\/www.diario21.tv\/noticias\/crisis-climatica-exige-accion-urgente-en-cop-desafiada-por-negacionismo\/\",\"url\":\"https:\/\/www.diario21.tv\/noticias\/crisis-climatica-exige-accion-urgente-en-cop-desafiada-por-negacionismo\/\",\"name\":\"Crisis clim\u00e1tica exige acci\u00f3n urgente en COP desafiada por negacionismo - Diario 21\",\"isPartOf\":{\"@id\":\"https:\/\/www.diario21.tv\/noticias\/#website\"},\"primaryImageOfPage\":{\"@id\":\"https:\/\/www.diario21.tv\/noticias\/crisis-climatica-exige-accion-urgente-en-cop-desafiada-por-negacionismo\/#primaryimage\"},\"image\":{\"@id\":\"https:\/\/www.diario21.tv\/noticias\/crisis-climatica-exige-accion-urgente-en-cop-desafiada-por-negacionismo\/#primaryimage\"},\"thumbnailUrl\":\"https:\/\/www.diario21.tv\/noticias\/wp-content\/uploads\/2025\/11\/Crisis-climatica-exige-accion-urgente-en-COP-desafiada-por-negacionismo.jpg\",\"datePublished\":\"2025-11-13T05:43:59+00:00\",\"dateModified\":\"2025-11-13T05:44:01+00:00\",\"author\":{\"@id\":\"https:\/\/www.diario21.tv\/noticias\/#\/schema\/person\/dfb778f73814d8f09f302618446a526b\"},\"breadcrumb\":{\"@id\":\"https:\/\/www.diario21.tv\/noticias\/crisis-climatica-exige-accion-urgente-en-cop-desafiada-por-negacionismo\/#breadcrumb\"},\"inLanguage\":\"es-AR\",\"potentialAction\":[{\"@type\":\"ReadAction\",\"target\":[\"https:\/\/www.diario21.tv\/noticias\/crisis-climatica-exige-accion-urgente-en-cop-desafiada-por-negacionismo\/\"]}]},{\"@type\":\"ImageObject\",\"inLanguage\":\"es-AR\",\"@id\":\"https:\/\/www.diario21.tv\/noticias\/crisis-climatica-exige-accion-urgente-en-cop-desafiada-por-negacionismo\/#primaryimage\",\"url\":\"https:\/\/www.diario21.tv\/noticias\/wp-content\/uploads\/2025\/11\/Crisis-climatica-exige-accion-urgente-en-COP-desafiada-por-negacionismo.jpg\",\"contentUrl\":\"https:\/\/www.diario21.tv\/noticias\/wp-content\/uploads\/2025\/11\/Crisis-climatica-exige-accion-urgente-en-COP-desafiada-por-negacionismo.jpg\",\"width\":1920,\"height\":1072,\"caption\":\"La crisis clim\u00e1tica pide m\u00e1s esfuerzo a los pa\u00edses reunidos en una COP tocada por el negacionismo\"},{\"@type\":\"BreadcrumbList\",\"@id\":\"https:\/\/www.diario21.tv\/noticias\/crisis-climatica-exige-accion-urgente-en-cop-desafiada-por-negacionismo\/#breadcrumb\",\"itemListElement\":[{\"@type\":\"ListItem\",\"position\":1,\"name\":\"Accueil\",\"item\":\"https:\/\/www.diario21.tv\/noticias\/\"},{\"@type\":\"ListItem\",\"position\":2,\"name\":\"Crisis clim\u00e1tica exige acci\u00f3n urgente en COP desafiada por negacionismo\"}]},{\"@type\":\"WebSite\",\"@id\":\"https:\/\/www.diario21.tv\/noticias\/#website\",\"url\":\"https:\/\/www.diario21.tv\/noticias\/\",\"name\":\"Diario 21\",\"description\":\"\",\"potentialAction\":[{\"@type\":\"SearchAction\",\"target\":{\"@type\":\"EntryPoint\",\"urlTemplate\":\"https:\/\/www.diario21.tv\/noticias\/?s={search_term_string}\"},\"query-input\":{\"@type\":\"PropertyValueSpecification\",\"valueRequired\":true,\"valueName\":\"search_term_string\"}}],\"inLanguage\":\"es-AR\"},{\"@type\":\"Person\",\"@id\":\"https:\/\/www.diario21.tv\/noticias\/#\/schema\/person\/dfb778f73814d8f09f302618446a526b\",\"name\":\"Juan P\u00e9rez\",\"image\":{\"@type\":\"ImageObject\",\"inLanguage\":\"es-AR\",\"@id\":\"https:\/\/www.diario21.tv\/noticias\/#\/schema\/person\/image\/\",\"url\":\"https:\/\/secure.gravatar.com\/avatar\/c478a405bd10621167f4c3167cc770f5?s=96&d=mm&r=g\",\"contentUrl\":\"https:\/\/secure.gravatar.com\/avatar\/c478a405bd10621167f4c3167cc770f5?s=96&d=mm&r=g\",\"caption\":\"Juan P\u00e9rez\"},\"description\":\"Juan P\u00e9rez es el redactor en jefe de Diario 21. Con m\u00e1s de 10 a\u00f1os de experiencia en el periodismo, se especializa en pol\u00edtica nacional y an\u00e1lisis socioecon\u00f3mico. Su enfoque cr\u00edtico y riguroso aporta una perspectiva \u00fanica a cada art\u00edculo.\",\"sameAs\":[\"https:\/\/www.diario21.tv\/noticias\/\"],\"url\":\"https:\/\/www.diario21.tv\/noticias\/author\/juan-perez\/\"}]}<\/script>\n<!-- \/ Yoast SEO plugin. -->","yoast_head_json":{"title":"Crisis clim\u00e1tica exige acci\u00f3n urgente en COP desafiada por negacionismo - Diario 21","robots":{"index":"index","follow":"follow","max-snippet":"max-snippet:-1","max-image-preview":"max-image-preview:large","max-video-preview":"max-video-preview:-1"},"canonical":"https:\/\/www.diario21.tv\/noticias\/crisis-climatica-exige-accion-urgente-en-cop-desafiada-por-negacionismo\/","og_locale":"es_ES","og_type":"article","og_title":"Crisis clim\u00e1tica exige acci\u00f3n urgente en COP desafiada por negacionismo - Diario 21","og_description":"La Emergencia Clim\u00e1tica Exige Mayor Compromiso en la COP Afectada por el Escepticismo Clim\u00e1tico En un contexto global marcado por la urgencia de abordar el cambio ... Seguir leyendo &rarr;","og_url":"https:\/\/www.diario21.tv\/noticias\/crisis-climatica-exige-accion-urgente-en-cop-desafiada-por-negacionismo\/","og_site_name":"Diario 21","article_published_time":"2025-11-13T05:43:59+00:00","article_modified_time":"2025-11-13T05:44:01+00:00","og_image":[{"width":1920,"height":1072,"url":"https:\/\/www.diario21.tv\/noticias\/wp-content\/uploads\/2025\/11\/Crisis-climatica-exige-accion-urgente-en-COP-desafiada-por-negacionismo.jpg","type":"image\/jpeg"}],"author":"Juan P\u00e9rez","twitter_card":"summary_large_image","twitter_misc":{"Escrito por":"Juan P\u00e9rez","Tiempo de lectura":"2 minutos"},"schema":{"@context":"https:\/\/schema.org","@graph":[{"@type":"WebPage","@id":"https:\/\/www.diario21.tv\/noticias\/crisis-climatica-exige-accion-urgente-en-cop-desafiada-por-negacionismo\/","url":"https:\/\/www.diario21.tv\/noticias\/crisis-climatica-exige-accion-urgente-en-cop-desafiada-por-negacionismo\/","name":"Crisis clim\u00e1tica exige acci\u00f3n urgente en COP desafiada por negacionismo - Diario 21","isPartOf":{"@id":"https:\/\/www.diario21.tv\/noticias\/#website"},"primaryImageOfPage":{"@id":"https:\/\/www.diario21.tv\/noticias\/crisis-climatica-exige-accion-urgente-en-cop-desafiada-por-negacionismo\/#primaryimage"},"image":{"@id":"https:\/\/www.diario21.tv\/noticias\/crisis-climatica-exige-accion-urgente-en-cop-desafiada-por-negacionismo\/#primaryimage"},"thumbnailUrl":"https:\/\/www.diario21.tv\/noticias\/wp-content\/uploads\/2025\/11\/Crisis-climatica-exige-accion-urgente-en-COP-desafiada-por-negacionismo.jpg","datePublished":"2025-11-13T05:43:59+00:00","dateModified":"2025-11-13T05:44:01+00:00","author":{"@id":"https:\/\/www.diario21.tv\/noticias\/#\/schema\/person\/dfb778f73814d8f09f302618446a526b"},"breadcrumb":{"@id":"https:\/\/www.diario21.tv\/noticias\/crisis-climatica-exige-accion-urgente-en-cop-desafiada-por-negacionismo\/#breadcrumb"},"inLanguage":"es-AR","potentialAction":[{"@type":"ReadAction","target":["https:\/\/www.diario21.tv\/noticias\/crisis-climatica-exige-accion-urgente-en-cop-desafiada-por-negacionismo\/"]}]},{"@type":"ImageObject","inLanguage":"es-AR","@id":"https:\/\/www.diario21.tv\/noticias\/crisis-climatica-exige-accion-urgente-en-cop-desafiada-por-negacionismo\/#primaryimage","url":"https:\/\/www.diario21.tv\/noticias\/wp-content\/uploads\/2025\/11\/Crisis-climatica-exige-accion-urgente-en-COP-desafiada-por-negacionismo.jpg","contentUrl":"https:\/\/www.diario21.tv\/noticias\/wp-content\/uploads\/2025\/11\/Crisis-climatica-exige-accion-urgente-en-COP-desafiada-por-negacionismo.jpg","width":1920,"height":1072,"caption":"La crisis clim\u00e1tica pide m\u00e1s esfuerzo a los pa\u00edses reunidos en una COP tocada por el negacionismo"},{"@type":"BreadcrumbList","@id":"https:\/\/www.diario21.tv\/noticias\/crisis-climatica-exige-accion-urgente-en-cop-desafiada-por-negacionismo\/#breadcrumb","itemListElement":[{"@type":"ListItem","position":1,"name":"Accueil","item":"https:\/\/www.diario21.tv\/noticias\/"},{"@type":"ListItem","position":2,"name":"Crisis clim\u00e1tica exige acci\u00f3n urgente en COP desafiada por negacionismo"}]},{"@type":"WebSite","@id":"https:\/\/www.diario21.tv\/noticias\/#website","url":"https:\/\/www.diario21.tv\/noticias\/","name":"Diario 21","description":"","potentialAction":[{"@type":"SearchAction","target":{"@type":"EntryPoint","urlTemplate":"https:\/\/www.diario21.tv\/noticias\/?s={search_term_string}"},"query-input":{"@type":"PropertyValueSpecification","valueRequired":true,"valueName":"search_term_string"}}],"inLanguage":"es-AR"},{"@type":"Person","@id":"https:\/\/www.diario21.tv\/noticias\/#\/schema\/person\/dfb778f73814d8f09f302618446a526b","name":"Juan P\u00e9rez","image":{"@type":"ImageObject","inLanguage":"es-AR","@id":"https:\/\/www.diario21.tv\/noticias\/#\/schema\/person\/image\/","url":"https:\/\/secure.gravatar.com\/avatar\/c478a405bd10621167f4c3167cc770f5?s=96&d=mm&r=g","contentUrl":"https:\/\/secure.gravatar.com\/avatar\/c478a405bd10621167f4c3167cc770f5?s=96&d=mm&r=g","caption":"Juan P\u00e9rez"},"description":"Juan P\u00e9rez es el redactor en jefe de Diario 21. Con m\u00e1s de 10 a\u00f1os de experiencia en el periodismo, se especializa en pol\u00edtica nacional y an\u00e1lisis socioecon\u00f3mico. Su enfoque cr\u00edtico y riguroso aporta una perspectiva \u00fanica a cada art\u00edculo.","sameAs":["https:\/\/www.diario21.tv\/noticias\/"],"url":"https:\/\/www.diario21.tv\/noticias\/author\/juan-perez\/"}]}},"_links":{"self":[{"href":"https:\/\/www.diario21.tv\/noticias\/wp-json\/wp\/v2\/posts\/5172"}],"collection":[{"href":"https:\/\/www.diario21.tv\/noticias\/wp-json\/wp\/v2\/posts"}],"about":[{"href":"https:\/\/www.diario21.tv\/noticias\/wp-json\/wp\/v2\/types\/post"}],"author":[{"embeddable":true,"href":"https:\/\/www.diario21.tv\/noticias\/wp-json\/wp\/v2\/users\/20"}],"replies":[{"embeddable":true,"href":"https:\/\/www.diario21.tv\/noticias\/wp-json\/wp\/v2\/comments?post=5172"}],"version-history":[{"count":1,"href":"https:\/\/www.diario21.tv\/noticias\/wp-json\/wp\/v2\/posts\/5172\/revisions"}],"predecessor-version":[{"id":5174,"href":"https:\/\/www.diario21.tv\/noticias\/wp-json\/wp\/v2\/posts\/5172\/revisions\/5174"}],"wp:featuredmedia":[{"embeddable":true,"href":"https:\/\/www.diario21.tv\/noticias\/wp-json\/wp\/v2\/media\/5173"}],"wp:attachment":[{"href":"https:\/\/www.diario21.tv\/noticias\/wp-json\/wp\/v2\/media?parent=5172"}],"wp:term":[{"taxonomy":"category","embeddable":true,"href":"https:\/\/www.diario21.tv\/noticias\/wp-json\/wp\/v2\/categories?post=5172"},{"taxonomy":"post_tag","embeddable":true,"href":"https:\/\/www.diario21.tv\/noticias\/wp-json\/wp\/v2\/tags?post=5172"}],"curies":[{"name":"wp","href":"https:\/\/api.w.org\/{rel}","templated":true}]}}