{"id":5169,"date":"2025-11-12T23:43:11","date_gmt":"2025-11-12T23:43:11","guid":{"rendered":"https:\/\/www.diario21.tv\/noticias\/descubre-los-lugares-donde-el-10-de-noviembre-es-festivo-y-que-celebran\/"},"modified":"2025-11-12T23:43:12","modified_gmt":"2025-11-12T23:43:12","slug":"descubre-los-lugares-donde-el-10-de-noviembre-es-festivo-y-que-celebran","status":"publish","type":"post","link":"https:\/\/www.diario21.tv\/noticias\/descubre-los-lugares-donde-el-10-de-noviembre-es-festivo-y-que-celebran\/","title":{"rendered":"Descubre los lugares donde el 10 de noviembre es festivo y qu\u00e9 celebran"},"content":{"rendered":"<h2>\u00bfQu\u00e9 se celebra el 10 de noviembre y en qu\u00e9 lugares es d\u00eda festivo?<\/h2>\n<p>El 10 de noviembre es una fecha significativa en varios pa\u00edses por diversas razones, ya sea por eventos hist\u00f3ricos relevantes o por festividades culturales. En este art\u00edculo, exploraremos los lugares donde el 10 de noviembre es considerado un d\u00eda festivo y los motivos de dicha celebraci\u00f3n.<\/p>\n<h3>Festividades en Am\u00e9rica Latina<\/h3>\n<p>En algunos pa\u00edses de Am\u00e9rica Latina, el 10 de noviembre es un d\u00eda marcado por celebraciones de independencia o conmemoraciones hist\u00f3ricas. Por ejemplo, en Panam\u00e1, este d\u00eda es conocido como el &#8220;Primer Grito de Independencia de la Villa de Los Santos&#8221; contra el dominio espa\u00f1ol en 1821. Este evento es considerado uno de los primeros actos que desencadenaron el proceso de independencia del pa\u00eds, que se consolidar\u00eda poco despu\u00e9s. Es un d\u00eda lleno de actos c\u00edvicos, desfiles y ceremonias en todo el pa\u00eds.<\/p>\n<h3>Celebraciones en Europa<\/h3>\n<p>Aunque no es un d\u00eda festivo en muchos pa\u00edses europeos, el 10 de noviembre tiene su importancia en ciertos contextos espec\u00edficos. Por ejemplo, en pa\u00edses como Polonia, se celebra el D\u00eda de la Independencia un d\u00eda antes, el 9 de noviembre, pero las celebraciones y eventos relacionados a menudo se extienden hasta el d\u00eda siguiente. En otros lugares de Europa, aunque no se considera un d\u00eda festivo oficial, puede haber conmemoraciones o eventos culturales relacionados con acontecimientos hist\u00f3ricos de relevancia.<\/p>\n<h3>Eventos espec\u00edficos en otras partes del mundo<\/h3>\n<p>M\u00e1s all\u00e1 de Am\u00e9rica Latina y Europa, el 10 de noviembre tambi\u00e9n puede ser significativo en otros contextos. Por ejemplo, en los Estados Unidos y algunos otros pa\u00edses, noviembre es el mes de la conciencia hist\u00f3rica o de ciertas celebraciones culturales, aunque el 10 de noviembre en s\u00ed mismo no suele ser un d\u00eda festivo oficial. Sin embargo, puede haber eventos o actividades espec\u00edficas relacionadas con la historia o cultura local que coincidan con esta fecha.<\/p>\n<p>En resumen, el 10 de noviembre es un d\u00eda de significado variado dependiendo de d\u00f3nde se encuentre uno. Desde celebraciones de independencia hasta conmemoraciones hist\u00f3ricas, es un d\u00eda que, en ciertos lugares, est\u00e1 marcado por eventos importantes. Aunque no es universalmente reconocido como d\u00eda festivo, su importancia se observa en diferentes formas a lo largo de diversos pa\u00edses y culturas.<\/p>\n\n\n<div class=\"kk-star-ratings kksr-auto kksr-align-left kksr-valign-bottom\"\n    data-payload='{&quot;align&quot;:&quot;left&quot;,&quot;id&quot;:&quot;5169&quot;,&quot;slug&quot;:&quot;default&quot;,&quot;valign&quot;:&quot;bottom&quot;,&quot;ignore&quot;:&quot;&quot;,&quot;reference&quot;:&quot;auto&quot;,&quot;class&quot;:&quot;&quot;,&quot;count&quot;:&quot;0&quot;,&quot;legendonly&quot;:&quot;&quot;,&quot;readonly&quot;:&quot;&quot;,&quot;score&quot;:&quot;0&quot;,&quot;starsonly&quot;:&quot;&quot;,&quot;best&quot;:&quot;5&quot;,&quot;gap&quot;:&quot;5&quot;,&quot;greet&quot;:&quot;Valora este post&quot;,&quot;legend&quot;:&quot;0\\\/5 - (0 votes)&quot;,&quot;size&quot;:&quot;22&quot;,&quot;title&quot;:&quot;Descubre los lugares donde el 10 de noviembre es festivo y qu\u00e9 celebran&quot;,&quot;width&quot;:&quot;0&quot;,&quot;_legend&quot;:&quot;{score}\\\/{best} - ({count} {votes})&quot;,&quot;font_factor&quot;:&quot;1.25&quot;}'>\n            \n<div class=\"kksr-stars\">\n    \n<div class=\"kksr-stars-inactive\">\n            <div class=\"kksr-star\" data-star=\"1\" style=\"padding-right: 5px\">\n            \n\n<div class=\"kksr-icon\" style=\"width: 22px; height: 22px;\"><\/div>\n        <\/div>\n            <div class=\"kksr-star\" data-star=\"2\" style=\"padding-right: 5px\">\n            \n\n<div class=\"kksr-icon\" style=\"width: 22px; height: 22px;\"><\/div>\n        <\/div>\n            <div class=\"kksr-star\" data-star=\"3\" style=\"padding-right: 5px\">\n            \n\n<div class=\"kksr-icon\" style=\"width: 22px; height: 22px;\"><\/div>\n        <\/div>\n            <div class=\"kksr-star\" data-star=\"4\" style=\"padding-right: 5px\">\n            \n\n<div class=\"kksr-icon\" style=\"width: 22px; height: 22px;\"><\/div>\n        <\/div>\n            <div class=\"kksr-star\" data-star=\"5\" style=\"padding-right: 5px\">\n            \n\n<div class=\"kksr-icon\" style=\"width: 22px; height: 22px;\"><\/div>\n        <\/div>\n    <\/div>\n    \n<div class=\"kksr-stars-active\" style=\"width: 0px;\">\n            <div class=\"kksr-star\" style=\"padding-right: 5px\">\n            \n\n<div class=\"kksr-icon\" style=\"width: 22px; height: 22px;\"><\/div>\n        <\/div>\n            <div class=\"kksr-star\" style=\"padding-right: 5px\">\n            \n\n<div class=\"kksr-icon\" style=\"width: 22px; height: 22px;\"><\/div>\n        <\/div>\n            <div class=\"kksr-star\" style=\"padding-right: 5px\">\n            \n\n<div class=\"kksr-icon\" style=\"width: 22px; height: 22px;\"><\/div>\n        <\/div>\n            <div class=\"kksr-star\" style=\"padding-right: 5px\">\n            \n\n<div class=\"kksr-icon\" style=\"width: 22px; height: 22px;\"><\/div>\n        <\/div>\n            <div class=\"kksr-star\" style=\"padding-right: 5px\">\n            \n\n<div class=\"kksr-icon\" style=\"width: 22px; height: 22px;\"><\/div>\n        <\/div>\n    <\/div>\n<\/div>\n                \n\n<div class=\"kksr-legend\" style=\"font-size: 17.6px;\">\n            <span class=\"kksr-muted\">Valora este post<\/span>\n    <\/div>\n    <\/div>\n","protected":false},"excerpt":{"rendered":"<p>\u00bfQu\u00e9 se celebra el 10 de noviembre y en qu\u00e9 lugares es d\u00eda festivo? El 10 de noviembre es una fecha significativa en varios pa\u00edses por &#8230; <a title=\"Descubre los lugares donde el 10 de noviembre es festivo y qu\u00e9 celebran\" class=\"read-more\" href=\"https:\/\/www.diario21.tv\/noticias\/descubre-los-lugares-donde-el-10-de-noviembre-es-festivo-y-que-celebran\/\" aria-label=\"Leer m\u00e1s sobre Descubre los lugares donde el 10 de noviembre es festivo y qu\u00e9 celebran\">Seguir leyendo &rarr;<\/a><\/p>\n","protected":false},"author":20,"featured_media":5170,"comment_status":"open","ping_status":"open","sticky":false,"template":"","format":"standard","meta":{"footnotes":""},"categories":[13],"tags":[],"class_list":["post-5169","post","type-post","status-publish","format-standard","has-post-thumbnail","hentry","category-portada"],"yoast_head":"<!-- This site is optimized with the Yoast SEO plugin v25.6 - https:\/\/yoast.com\/wordpress\/plugins\/seo\/ -->\n<title>Descubre los lugares donde el 10 de noviembre es festivo y qu\u00e9 celebran - Diario 21<\/title>\n<meta name=\"robots\" content=\"index, follow, max-snippet:-1, max-image-preview:large, max-video-preview:-1\" \/>\n<link rel=\"canonical\" href=\"https:\/\/www.diario21.tv\/noticias\/descubre-los-lugares-donde-el-10-de-noviembre-es-festivo-y-que-celebran\/\" \/>\n<meta property=\"og:locale\" content=\"es_ES\" \/>\n<meta property=\"og:type\" content=\"article\" \/>\n<meta property=\"og:title\" content=\"Descubre los lugares donde el 10 de noviembre es festivo y qu\u00e9 celebran - Diario 21\" \/>\n<meta property=\"og:description\" content=\"\u00bfQu\u00e9 se celebra el 10 de noviembre y en qu\u00e9 lugares es d\u00eda festivo? El 10 de noviembre es una fecha significativa en varios pa\u00edses por ... Seguir leyendo &rarr;\" \/>\n<meta property=\"og:url\" content=\"https:\/\/www.diario21.tv\/noticias\/descubre-los-lugares-donde-el-10-de-noviembre-es-festivo-y-que-celebran\/\" \/>\n<meta property=\"og:site_name\" content=\"Diario 21\" \/>\n<meta property=\"article:published_time\" content=\"2025-11-12T23:43:11+00:00\" \/>\n<meta property=\"article:modified_time\" content=\"2025-11-12T23:43:12+00:00\" \/>\n<meta property=\"og:image\" content=\"https:\/\/www.diario21.tv\/noticias\/wp-content\/uploads\/2025\/11\/Descubre-los-lugares-donde-el-10-de-noviembre-es-festivo.jpg\" \/>\n\t<meta property=\"og:image:width\" content=\"1200\" \/>\n\t<meta property=\"og:image:height\" content=\"840\" \/>\n\t<meta property=\"og:image:type\" content=\"image\/jpeg\" \/>\n<meta name=\"author\" content=\"Juan P\u00e9rez\" \/>\n<meta name=\"twitter:card\" content=\"summary_large_image\" \/>\n<meta name=\"twitter:label1\" content=\"Escrito por\" \/>\n\t<meta name=\"twitter:data1\" content=\"Juan P\u00e9rez\" \/>\n\t<meta name=\"twitter:label2\" content=\"Tiempo de lectura\" \/>\n\t<meta name=\"twitter:data2\" content=\"2 minutos\" \/>\n<script type=\"application\/ld+json\" class=\"yoast-schema-graph\">{\"@context\":\"https:\/\/schema.org\",\"@graph\":[{\"@type\":\"WebPage\",\"@id\":\"https:\/\/www.diario21.tv\/noticias\/descubre-los-lugares-donde-el-10-de-noviembre-es-festivo-y-que-celebran\/\",\"url\":\"https:\/\/www.diario21.tv\/noticias\/descubre-los-lugares-donde-el-10-de-noviembre-es-festivo-y-que-celebran\/\",\"name\":\"Descubre los lugares donde el 10 de noviembre es festivo y qu\u00e9 celebran - Diario 21\",\"isPartOf\":{\"@id\":\"https:\/\/www.diario21.tv\/noticias\/#website\"},\"primaryImageOfPage\":{\"@id\":\"https:\/\/www.diario21.tv\/noticias\/descubre-los-lugares-donde-el-10-de-noviembre-es-festivo-y-que-celebran\/#primaryimage\"},\"image\":{\"@id\":\"https:\/\/www.diario21.tv\/noticias\/descubre-los-lugares-donde-el-10-de-noviembre-es-festivo-y-que-celebran\/#primaryimage\"},\"thumbnailUrl\":\"https:\/\/www.diario21.tv\/noticias\/wp-content\/uploads\/2025\/11\/Descubre-los-lugares-donde-el-10-de-noviembre-es-festivo.jpg\",\"datePublished\":\"2025-11-12T23:43:11+00:00\",\"dateModified\":\"2025-11-12T23:43:12+00:00\",\"author\":{\"@id\":\"https:\/\/www.diario21.tv\/noticias\/#\/schema\/person\/dfb778f73814d8f09f302618446a526b\"},\"breadcrumb\":{\"@id\":\"https:\/\/www.diario21.tv\/noticias\/descubre-los-lugares-donde-el-10-de-noviembre-es-festivo-y-que-celebran\/#breadcrumb\"},\"inLanguage\":\"es-AR\",\"potentialAction\":[{\"@type\":\"ReadAction\",\"target\":[\"https:\/\/www.diario21.tv\/noticias\/descubre-los-lugares-donde-el-10-de-noviembre-es-festivo-y-que-celebran\/\"]}]},{\"@type\":\"ImageObject\",\"inLanguage\":\"es-AR\",\"@id\":\"https:\/\/www.diario21.tv\/noticias\/descubre-los-lugares-donde-el-10-de-noviembre-es-festivo-y-que-celebran\/#primaryimage\",\"url\":\"https:\/\/www.diario21.tv\/noticias\/wp-content\/uploads\/2025\/11\/Descubre-los-lugares-donde-el-10-de-noviembre-es-festivo.jpg\",\"contentUrl\":\"https:\/\/www.diario21.tv\/noticias\/wp-content\/uploads\/2025\/11\/Descubre-los-lugares-donde-el-10-de-noviembre-es-festivo.jpg\",\"width\":1200,\"height\":840,\"caption\":\"D\u00f3nde es festivo el 10 de noviembre y qu\u00e9 se celebra\"},{\"@type\":\"BreadcrumbList\",\"@id\":\"https:\/\/www.diario21.tv\/noticias\/descubre-los-lugares-donde-el-10-de-noviembre-es-festivo-y-que-celebran\/#breadcrumb\",\"itemListElement\":[{\"@type\":\"ListItem\",\"position\":1,\"name\":\"Accueil\",\"item\":\"https:\/\/www.diario21.tv\/noticias\/\"},{\"@type\":\"ListItem\",\"position\":2,\"name\":\"Descubre los lugares donde el 10 de noviembre es festivo y qu\u00e9 celebran\"}]},{\"@type\":\"WebSite\",\"@id\":\"https:\/\/www.diario21.tv\/noticias\/#website\",\"url\":\"https:\/\/www.diario21.tv\/noticias\/\",\"name\":\"Diario 21\",\"description\":\"\",\"potentialAction\":[{\"@type\":\"SearchAction\",\"target\":{\"@type\":\"EntryPoint\",\"urlTemplate\":\"https:\/\/www.diario21.tv\/noticias\/?s={search_term_string}\"},\"query-input\":{\"@type\":\"PropertyValueSpecification\",\"valueRequired\":true,\"valueName\":\"search_term_string\"}}],\"inLanguage\":\"es-AR\"},{\"@type\":\"Person\",\"@id\":\"https:\/\/www.diario21.tv\/noticias\/#\/schema\/person\/dfb778f73814d8f09f302618446a526b\",\"name\":\"Juan P\u00e9rez\",\"image\":{\"@type\":\"ImageObject\",\"inLanguage\":\"es-AR\",\"@id\":\"https:\/\/www.diario21.tv\/noticias\/#\/schema\/person\/image\/\",\"url\":\"https:\/\/secure.gravatar.com\/avatar\/c478a405bd10621167f4c3167cc770f5?s=96&d=mm&r=g\",\"contentUrl\":\"https:\/\/secure.gravatar.com\/avatar\/c478a405bd10621167f4c3167cc770f5?s=96&d=mm&r=g\",\"caption\":\"Juan P\u00e9rez\"},\"description\":\"Juan P\u00e9rez es el redactor en jefe de Diario 21. Con m\u00e1s de 10 a\u00f1os de experiencia en el periodismo, se especializa en pol\u00edtica nacional y an\u00e1lisis socioecon\u00f3mico. Su enfoque cr\u00edtico y riguroso aporta una perspectiva \u00fanica a cada art\u00edculo.\",\"sameAs\":[\"https:\/\/www.diario21.tv\/noticias\/\"],\"url\":\"https:\/\/www.diario21.tv\/noticias\/author\/juan-perez\/\"}]}<\/script>\n<!-- \/ Yoast SEO plugin. -->","yoast_head_json":{"title":"Descubre los lugares donde el 10 de noviembre es festivo y qu\u00e9 celebran - Diario 21","robots":{"index":"index","follow":"follow","max-snippet":"max-snippet:-1","max-image-preview":"max-image-preview:large","max-video-preview":"max-video-preview:-1"},"canonical":"https:\/\/www.diario21.tv\/noticias\/descubre-los-lugares-donde-el-10-de-noviembre-es-festivo-y-que-celebran\/","og_locale":"es_ES","og_type":"article","og_title":"Descubre los lugares donde el 10 de noviembre es festivo y qu\u00e9 celebran - Diario 21","og_description":"\u00bfQu\u00e9 se celebra el 10 de noviembre y en qu\u00e9 lugares es d\u00eda festivo? El 10 de noviembre es una fecha significativa en varios pa\u00edses por ... Seguir leyendo &rarr;","og_url":"https:\/\/www.diario21.tv\/noticias\/descubre-los-lugares-donde-el-10-de-noviembre-es-festivo-y-que-celebran\/","og_site_name":"Diario 21","article_published_time":"2025-11-12T23:43:11+00:00","article_modified_time":"2025-11-12T23:43:12+00:00","og_image":[{"width":1200,"height":840,"url":"https:\/\/www.diario21.tv\/noticias\/wp-content\/uploads\/2025\/11\/Descubre-los-lugares-donde-el-10-de-noviembre-es-festivo.jpg","type":"image\/jpeg"}],"author":"Juan P\u00e9rez","twitter_card":"summary_large_image","twitter_misc":{"Escrito por":"Juan P\u00e9rez","Tiempo de lectura":"2 minutos"},"schema":{"@context":"https:\/\/schema.org","@graph":[{"@type":"WebPage","@id":"https:\/\/www.diario21.tv\/noticias\/descubre-los-lugares-donde-el-10-de-noviembre-es-festivo-y-que-celebran\/","url":"https:\/\/www.diario21.tv\/noticias\/descubre-los-lugares-donde-el-10-de-noviembre-es-festivo-y-que-celebran\/","name":"Descubre los lugares donde el 10 de noviembre es festivo y qu\u00e9 celebran - Diario 21","isPartOf":{"@id":"https:\/\/www.diario21.tv\/noticias\/#website"},"primaryImageOfPage":{"@id":"https:\/\/www.diario21.tv\/noticias\/descubre-los-lugares-donde-el-10-de-noviembre-es-festivo-y-que-celebran\/#primaryimage"},"image":{"@id":"https:\/\/www.diario21.tv\/noticias\/descubre-los-lugares-donde-el-10-de-noviembre-es-festivo-y-que-celebran\/#primaryimage"},"thumbnailUrl":"https:\/\/www.diario21.tv\/noticias\/wp-content\/uploads\/2025\/11\/Descubre-los-lugares-donde-el-10-de-noviembre-es-festivo.jpg","datePublished":"2025-11-12T23:43:11+00:00","dateModified":"2025-11-12T23:43:12+00:00","author":{"@id":"https:\/\/www.diario21.tv\/noticias\/#\/schema\/person\/dfb778f73814d8f09f302618446a526b"},"breadcrumb":{"@id":"https:\/\/www.diario21.tv\/noticias\/descubre-los-lugares-donde-el-10-de-noviembre-es-festivo-y-que-celebran\/#breadcrumb"},"inLanguage":"es-AR","potentialAction":[{"@type":"ReadAction","target":["https:\/\/www.diario21.tv\/noticias\/descubre-los-lugares-donde-el-10-de-noviembre-es-festivo-y-que-celebran\/"]}]},{"@type":"ImageObject","inLanguage":"es-AR","@id":"https:\/\/www.diario21.tv\/noticias\/descubre-los-lugares-donde-el-10-de-noviembre-es-festivo-y-que-celebran\/#primaryimage","url":"https:\/\/www.diario21.tv\/noticias\/wp-content\/uploads\/2025\/11\/Descubre-los-lugares-donde-el-10-de-noviembre-es-festivo.jpg","contentUrl":"https:\/\/www.diario21.tv\/noticias\/wp-content\/uploads\/2025\/11\/Descubre-los-lugares-donde-el-10-de-noviembre-es-festivo.jpg","width":1200,"height":840,"caption":"D\u00f3nde es festivo el 10 de noviembre y qu\u00e9 se celebra"},{"@type":"BreadcrumbList","@id":"https:\/\/www.diario21.tv\/noticias\/descubre-los-lugares-donde-el-10-de-noviembre-es-festivo-y-que-celebran\/#breadcrumb","itemListElement":[{"@type":"ListItem","position":1,"name":"Accueil","item":"https:\/\/www.diario21.tv\/noticias\/"},{"@type":"ListItem","position":2,"name":"Descubre los lugares donde el 10 de noviembre es festivo y qu\u00e9 celebran"}]},{"@type":"WebSite","@id":"https:\/\/www.diario21.tv\/noticias\/#website","url":"https:\/\/www.diario21.tv\/noticias\/","name":"Diario 21","description":"","potentialAction":[{"@type":"SearchAction","target":{"@type":"EntryPoint","urlTemplate":"https:\/\/www.diario21.tv\/noticias\/?s={search_term_string}"},"query-input":{"@type":"PropertyValueSpecification","valueRequired":true,"valueName":"search_term_string"}}],"inLanguage":"es-AR"},{"@type":"Person","@id":"https:\/\/www.diario21.tv\/noticias\/#\/schema\/person\/dfb778f73814d8f09f302618446a526b","name":"Juan P\u00e9rez","image":{"@type":"ImageObject","inLanguage":"es-AR","@id":"https:\/\/www.diario21.tv\/noticias\/#\/schema\/person\/image\/","url":"https:\/\/secure.gravatar.com\/avatar\/c478a405bd10621167f4c3167cc770f5?s=96&d=mm&r=g","contentUrl":"https:\/\/secure.gravatar.com\/avatar\/c478a405bd10621167f4c3167cc770f5?s=96&d=mm&r=g","caption":"Juan P\u00e9rez"},"description":"Juan P\u00e9rez es el redactor en jefe de Diario 21. Con m\u00e1s de 10 a\u00f1os de experiencia en el periodismo, se especializa en pol\u00edtica nacional y an\u00e1lisis socioecon\u00f3mico. Su enfoque cr\u00edtico y riguroso aporta una perspectiva \u00fanica a cada art\u00edculo.","sameAs":["https:\/\/www.diario21.tv\/noticias\/"],"url":"https:\/\/www.diario21.tv\/noticias\/author\/juan-perez\/"}]}},"_links":{"self":[{"href":"https:\/\/www.diario21.tv\/noticias\/wp-json\/wp\/v2\/posts\/5169"}],"collection":[{"href":"https:\/\/www.diario21.tv\/noticias\/wp-json\/wp\/v2\/posts"}],"about":[{"href":"https:\/\/www.diario21.tv\/noticias\/wp-json\/wp\/v2\/types\/post"}],"author":[{"embeddable":true,"href":"https:\/\/www.diario21.tv\/noticias\/wp-json\/wp\/v2\/users\/20"}],"replies":[{"embeddable":true,"href":"https:\/\/www.diario21.tv\/noticias\/wp-json\/wp\/v2\/comments?post=5169"}],"version-history":[{"count":1,"href":"https:\/\/www.diario21.tv\/noticias\/wp-json\/wp\/v2\/posts\/5169\/revisions"}],"predecessor-version":[{"id":5171,"href":"https:\/\/www.diario21.tv\/noticias\/wp-json\/wp\/v2\/posts\/5169\/revisions\/5171"}],"wp:featuredmedia":[{"embeddable":true,"href":"https:\/\/www.diario21.tv\/noticias\/wp-json\/wp\/v2\/media\/5170"}],"wp:attachment":[{"href":"https:\/\/www.diario21.tv\/noticias\/wp-json\/wp\/v2\/media?parent=5169"}],"wp:term":[{"taxonomy":"category","embeddable":true,"href":"https:\/\/www.diario21.tv\/noticias\/wp-json\/wp\/v2\/categories?post=5169"},{"taxonomy":"post_tag","embeddable":true,"href":"https:\/\/www.diario21.tv\/noticias\/wp-json\/wp\/v2\/tags?post=5169"}],"curies":[{"name":"wp","href":"https:\/\/api.w.org\/{rel}","templated":true}]}}