{"id":5145,"date":"2025-11-10T23:33:37","date_gmt":"2025-11-10T23:33:37","guid":{"rendered":"https:\/\/www.diario21.tv\/noticias\/impactante-policia-gravemente-herido-en-tiroteo-durante-operativo-antinarcoticos-en-sevilla\/"},"modified":"2025-11-10T23:33:39","modified_gmt":"2025-11-10T23:33:39","slug":"impactante-policia-gravemente-herido-en-tiroteo-durante-operativo-antinarcoticos-en-sevilla","status":"publish","type":"post","link":"https:\/\/www.diario21.tv\/noticias\/impactante-policia-gravemente-herido-en-tiroteo-durante-operativo-antinarcoticos-en-sevilla\/","title":{"rendered":"\u00a1Impactante! Polic\u00eda gravemente herido en tiroteo durante operativo antinarc\u00f3ticos en Sevilla"},"content":{"rendered":"<h2>Un agente de polic\u00eda gravemente herido en un enfrentamiento armado en Sevilla<\/h2>\n<p>En un reciente operativo antidrogas en Sevilla, un agente de polic\u00eda result\u00f3 gravemente herido tras un tiroteo que estall\u00f3 durante la intervenci\u00f3n. El suceso ha conmocionado a la comunidad y ha puesto de relieve los peligros a los que se enfrentan las autoridades en la lucha contra el narcotr\u00e1fico en la regi\u00f3n.<\/p>\n<h3>Detalles del enfrentamiento<\/h3>\n<p>El incidente ocurri\u00f3 cuando unidades especiales de la polic\u00eda llevaron a cabo una operaci\u00f3n dirigida a desmantelar una red de tr\u00e1fico de drogas que operaba en la zona. Durante el operativo, los agentes fueron recibidos con disparos, lo que provoc\u00f3 un intenso intercambio de balas. Uno de los polic\u00edas, cuya identidad no ha sido revelada por razones de seguridad, sufri\u00f3 heridas graves y fue trasladado de urgencia al hospital m\u00e1s cercano.<\/p>\n<p>El estado del agente se reporta como cr\u00edtico, y los m\u00e9dicos est\u00e1n haciendo todo lo posible por estabilizarlo y asegurar su recuperaci\u00f3n. La comunidad policial y los ciudadanos est\u00e1n mostrando su apoyo y solidaridad hacia el agente herido y su familia durante este dif\u00edcil momento.<\/p>\n<h3>Reacciones y consecuencias<\/h3>\n<p>Tras el tiroteo, se ha desplegado un mayor n\u00famero de fuerzas de seguridad en la regi\u00f3n para garantizar la paz y el orden. Adem\u00e1s, se est\u00e1 llevando a cabo una investigaci\u00f3n exhaustiva para capturar a los responsables del ataque al polic\u00eda y desarticular completamente la red de narcotr\u00e1fico implicada.<\/p>\n<p>El suceso ha generado una amplia condena por parte de autoridades y ciudadanos, quienes exigen medidas m\u00e1s efectivas y seguras para combatir el crimen organizado y proteger a los encargados de hacer cumplir la ley.<\/p>\n<p>Este tr\u00e1gico evento subraya los riesgos inherentes a las operaciones contra el narcotr\u00e1fico y la necesidad de estrategias m\u00e1s efectivas y seguras para enfrentar este desaf\u00edo. La comunidad espera que este incidente sirva como un llamado a la acci\u00f3n para mejorar la seguridad de los agentes que ponen sus vidas en riesgo para proteger a la sociedad.<\/p>\n\n\n<div class=\"kk-star-ratings kksr-auto kksr-align-left kksr-valign-bottom\"\n    data-payload='{&quot;align&quot;:&quot;left&quot;,&quot;id&quot;:&quot;5145&quot;,&quot;slug&quot;:&quot;default&quot;,&quot;valign&quot;:&quot;bottom&quot;,&quot;ignore&quot;:&quot;&quot;,&quot;reference&quot;:&quot;auto&quot;,&quot;class&quot;:&quot;&quot;,&quot;count&quot;:&quot;0&quot;,&quot;legendonly&quot;:&quot;&quot;,&quot;readonly&quot;:&quot;&quot;,&quot;score&quot;:&quot;0&quot;,&quot;starsonly&quot;:&quot;&quot;,&quot;best&quot;:&quot;5&quot;,&quot;gap&quot;:&quot;5&quot;,&quot;greet&quot;:&quot;Valora este post&quot;,&quot;legend&quot;:&quot;0\\\/5 - (0 votes)&quot;,&quot;size&quot;:&quot;22&quot;,&quot;title&quot;:&quot;\u00a1Impactante! Polic\u00eda gravemente herido en tiroteo durante operativo antinarc\u00f3ticos en Sevilla&quot;,&quot;width&quot;:&quot;0&quot;,&quot;_legend&quot;:&quot;{score}\\\/{best} - ({count} {votes})&quot;,&quot;font_factor&quot;:&quot;1.25&quot;}'>\n            \n<div class=\"kksr-stars\">\n    \n<div class=\"kksr-stars-inactive\">\n            <div class=\"kksr-star\" data-star=\"1\" style=\"padding-right: 5px\">\n            \n\n<div class=\"kksr-icon\" style=\"width: 22px; height: 22px;\"><\/div>\n        <\/div>\n            <div class=\"kksr-star\" data-star=\"2\" style=\"padding-right: 5px\">\n            \n\n<div class=\"kksr-icon\" style=\"width: 22px; height: 22px;\"><\/div>\n        <\/div>\n            <div class=\"kksr-star\" data-star=\"3\" style=\"padding-right: 5px\">\n            \n\n<div class=\"kksr-icon\" style=\"width: 22px; height: 22px;\"><\/div>\n        <\/div>\n            <div class=\"kksr-star\" data-star=\"4\" style=\"padding-right: 5px\">\n            \n\n<div class=\"kksr-icon\" style=\"width: 22px; height: 22px;\"><\/div>\n        <\/div>\n            <div class=\"kksr-star\" data-star=\"5\" style=\"padding-right: 5px\">\n            \n\n<div class=\"kksr-icon\" style=\"width: 22px; height: 22px;\"><\/div>\n        <\/div>\n    <\/div>\n    \n<div class=\"kksr-stars-active\" style=\"width: 0px;\">\n            <div class=\"kksr-star\" style=\"padding-right: 5px\">\n            \n\n<div class=\"kksr-icon\" style=\"width: 22px; height: 22px;\"><\/div>\n        <\/div>\n            <div class=\"kksr-star\" style=\"padding-right: 5px\">\n            \n\n<div class=\"kksr-icon\" style=\"width: 22px; height: 22px;\"><\/div>\n        <\/div>\n            <div class=\"kksr-star\" style=\"padding-right: 5px\">\n            \n\n<div class=\"kksr-icon\" style=\"width: 22px; height: 22px;\"><\/div>\n        <\/div>\n            <div class=\"kksr-star\" style=\"padding-right: 5px\">\n            \n\n<div class=\"kksr-icon\" style=\"width: 22px; height: 22px;\"><\/div>\n        <\/div>\n            <div class=\"kksr-star\" style=\"padding-right: 5px\">\n            \n\n<div class=\"kksr-icon\" style=\"width: 22px; height: 22px;\"><\/div>\n        <\/div>\n    <\/div>\n<\/div>\n                \n\n<div class=\"kksr-legend\" style=\"font-size: 17.6px;\">\n            <span class=\"kksr-muted\">Valora este post<\/span>\n    <\/div>\n    <\/div>\n","protected":false},"excerpt":{"rendered":"<p>Un agente de polic\u00eda gravemente herido en un enfrentamiento armado en Sevilla En un reciente operativo antidrogas en Sevilla, un agente de polic\u00eda result\u00f3 gravemente herido &#8230; <a title=\"\u00a1Impactante! Polic\u00eda gravemente herido en tiroteo durante operativo antinarc\u00f3ticos en Sevilla\" class=\"read-more\" href=\"https:\/\/www.diario21.tv\/noticias\/impactante-policia-gravemente-herido-en-tiroteo-durante-operativo-antinarcoticos-en-sevilla\/\" aria-label=\"Leer m\u00e1s sobre \u00a1Impactante! Polic\u00eda gravemente herido en tiroteo durante operativo antinarc\u00f3ticos en Sevilla\">Seguir leyendo &rarr;<\/a><\/p>\n","protected":false},"author":20,"featured_media":5146,"comment_status":"open","ping_status":"open","sticky":false,"template":"","format":"standard","meta":{"footnotes":""},"categories":[13],"tags":[],"class_list":["post-5145","post","type-post","status-publish","format-standard","has-post-thumbnail","hentry","category-portada"],"yoast_head":"<!-- This site is optimized with the Yoast SEO plugin v25.6 - https:\/\/yoast.com\/wordpress\/plugins\/seo\/ -->\n<title>\u00a1Impactante! Polic\u00eda gravemente herido en tiroteo durante operativo antinarc\u00f3ticos en Sevilla - Diario 21<\/title>\n<meta name=\"robots\" content=\"index, follow, max-snippet:-1, max-image-preview:large, max-video-preview:-1\" \/>\n<link rel=\"canonical\" href=\"https:\/\/www.diario21.tv\/noticias\/impactante-policia-gravemente-herido-en-tiroteo-durante-operativo-antinarcoticos-en-sevilla\/\" \/>\n<meta property=\"og:locale\" content=\"es_ES\" \/>\n<meta property=\"og:type\" content=\"article\" \/>\n<meta property=\"og:title\" content=\"\u00a1Impactante! Polic\u00eda gravemente herido en tiroteo durante operativo antinarc\u00f3ticos en Sevilla - Diario 21\" \/>\n<meta property=\"og:description\" content=\"Un agente de polic\u00eda gravemente herido en un enfrentamiento armado en Sevilla En un reciente operativo antidrogas en Sevilla, un agente de polic\u00eda result\u00f3 gravemente herido ... Seguir leyendo &rarr;\" \/>\n<meta property=\"og:url\" content=\"https:\/\/www.diario21.tv\/noticias\/impactante-policia-gravemente-herido-en-tiroteo-durante-operativo-antinarcoticos-en-sevilla\/\" \/>\n<meta property=\"og:site_name\" content=\"Diario 21\" \/>\n<meta property=\"article:published_time\" content=\"2025-11-10T23:33:37+00:00\" \/>\n<meta property=\"article:modified_time\" content=\"2025-11-10T23:33:39+00:00\" \/>\n<meta property=\"og:image\" content=\"https:\/\/www.diario21.tv\/noticias\/wp-content\/uploads\/2025\/11\/\u00a1Impactante-Policia-gravemente-herido-en-tiroteo-durante-operativo-antinarcoticos-en.jpg\" \/>\n\t<meta property=\"og:image:width\" content=\"1200\" \/>\n\t<meta property=\"og:image:height\" content=\"840\" \/>\n\t<meta property=\"og:image:type\" content=\"image\/jpeg\" \/>\n<meta name=\"author\" content=\"Juan P\u00e9rez\" \/>\n<meta name=\"twitter:card\" content=\"summary_large_image\" \/>\n<meta name=\"twitter:label1\" content=\"Escrito por\" \/>\n\t<meta name=\"twitter:data1\" content=\"Juan P\u00e9rez\" \/>\n\t<meta name=\"twitter:label2\" content=\"Tiempo de lectura\" \/>\n\t<meta name=\"twitter:data2\" content=\"2 minutos\" \/>\n<script type=\"application\/ld+json\" class=\"yoast-schema-graph\">{\"@context\":\"https:\/\/schema.org\",\"@graph\":[{\"@type\":\"WebPage\",\"@id\":\"https:\/\/www.diario21.tv\/noticias\/impactante-policia-gravemente-herido-en-tiroteo-durante-operativo-antinarcoticos-en-sevilla\/\",\"url\":\"https:\/\/www.diario21.tv\/noticias\/impactante-policia-gravemente-herido-en-tiroteo-durante-operativo-antinarcoticos-en-sevilla\/\",\"name\":\"\u00a1Impactante! Polic\u00eda gravemente herido en tiroteo durante operativo antinarc\u00f3ticos en Sevilla - Diario 21\",\"isPartOf\":{\"@id\":\"https:\/\/www.diario21.tv\/noticias\/#website\"},\"primaryImageOfPage\":{\"@id\":\"https:\/\/www.diario21.tv\/noticias\/impactante-policia-gravemente-herido-en-tiroteo-durante-operativo-antinarcoticos-en-sevilla\/#primaryimage\"},\"image\":{\"@id\":\"https:\/\/www.diario21.tv\/noticias\/impactante-policia-gravemente-herido-en-tiroteo-durante-operativo-antinarcoticos-en-sevilla\/#primaryimage\"},\"thumbnailUrl\":\"https:\/\/www.diario21.tv\/noticias\/wp-content\/uploads\/2025\/11\/\u00a1Impactante-Policia-gravemente-herido-en-tiroteo-durante-operativo-antinarcoticos-en.jpg\",\"datePublished\":\"2025-11-10T23:33:37+00:00\",\"dateModified\":\"2025-11-10T23:33:39+00:00\",\"author\":{\"@id\":\"https:\/\/www.diario21.tv\/noticias\/#\/schema\/person\/dfb778f73814d8f09f302618446a526b\"},\"breadcrumb\":{\"@id\":\"https:\/\/www.diario21.tv\/noticias\/impactante-policia-gravemente-herido-en-tiroteo-durante-operativo-antinarcoticos-en-sevilla\/#breadcrumb\"},\"inLanguage\":\"es-AR\",\"potentialAction\":[{\"@type\":\"ReadAction\",\"target\":[\"https:\/\/www.diario21.tv\/noticias\/impactante-policia-gravemente-herido-en-tiroteo-durante-operativo-antinarcoticos-en-sevilla\/\"]}]},{\"@type\":\"ImageObject\",\"inLanguage\":\"es-AR\",\"@id\":\"https:\/\/www.diario21.tv\/noticias\/impactante-policia-gravemente-herido-en-tiroteo-durante-operativo-antinarcoticos-en-sevilla\/#primaryimage\",\"url\":\"https:\/\/www.diario21.tv\/noticias\/wp-content\/uploads\/2025\/11\/\u00a1Impactante-Policia-gravemente-herido-en-tiroteo-durante-operativo-antinarcoticos-en.jpg\",\"contentUrl\":\"https:\/\/www.diario21.tv\/noticias\/wp-content\/uploads\/2025\/11\/\u00a1Impactante-Policia-gravemente-herido-en-tiroteo-durante-operativo-antinarcoticos-en.jpg\",\"width\":1200,\"height\":840,\"caption\":\"Herido grave un polic\u00eda en un tiroteo durante un dispositivo contra el narcotr\u00e1fico en Sevilla\"},{\"@type\":\"BreadcrumbList\",\"@id\":\"https:\/\/www.diario21.tv\/noticias\/impactante-policia-gravemente-herido-en-tiroteo-durante-operativo-antinarcoticos-en-sevilla\/#breadcrumb\",\"itemListElement\":[{\"@type\":\"ListItem\",\"position\":1,\"name\":\"Accueil\",\"item\":\"https:\/\/www.diario21.tv\/noticias\/\"},{\"@type\":\"ListItem\",\"position\":2,\"name\":\"\u00a1Impactante! Polic\u00eda gravemente herido en tiroteo durante operativo antinarc\u00f3ticos en Sevilla\"}]},{\"@type\":\"WebSite\",\"@id\":\"https:\/\/www.diario21.tv\/noticias\/#website\",\"url\":\"https:\/\/www.diario21.tv\/noticias\/\",\"name\":\"Diario 21\",\"description\":\"\",\"potentialAction\":[{\"@type\":\"SearchAction\",\"target\":{\"@type\":\"EntryPoint\",\"urlTemplate\":\"https:\/\/www.diario21.tv\/noticias\/?s={search_term_string}\"},\"query-input\":{\"@type\":\"PropertyValueSpecification\",\"valueRequired\":true,\"valueName\":\"search_term_string\"}}],\"inLanguage\":\"es-AR\"},{\"@type\":\"Person\",\"@id\":\"https:\/\/www.diario21.tv\/noticias\/#\/schema\/person\/dfb778f73814d8f09f302618446a526b\",\"name\":\"Juan P\u00e9rez\",\"image\":{\"@type\":\"ImageObject\",\"inLanguage\":\"es-AR\",\"@id\":\"https:\/\/www.diario21.tv\/noticias\/#\/schema\/person\/image\/\",\"url\":\"https:\/\/secure.gravatar.com\/avatar\/c478a405bd10621167f4c3167cc770f5?s=96&d=mm&r=g\",\"contentUrl\":\"https:\/\/secure.gravatar.com\/avatar\/c478a405bd10621167f4c3167cc770f5?s=96&d=mm&r=g\",\"caption\":\"Juan P\u00e9rez\"},\"description\":\"Juan P\u00e9rez es el redactor en jefe de Diario 21. Con m\u00e1s de 10 a\u00f1os de experiencia en el periodismo, se especializa en pol\u00edtica nacional y an\u00e1lisis socioecon\u00f3mico. Su enfoque cr\u00edtico y riguroso aporta una perspectiva \u00fanica a cada art\u00edculo.\",\"sameAs\":[\"https:\/\/www.diario21.tv\/noticias\/\"],\"url\":\"https:\/\/www.diario21.tv\/noticias\/author\/juan-perez\/\"}]}<\/script>\n<!-- \/ Yoast SEO plugin. -->","yoast_head_json":{"title":"\u00a1Impactante! Polic\u00eda gravemente herido en tiroteo durante operativo antinarc\u00f3ticos en Sevilla - Diario 21","robots":{"index":"index","follow":"follow","max-snippet":"max-snippet:-1","max-image-preview":"max-image-preview:large","max-video-preview":"max-video-preview:-1"},"canonical":"https:\/\/www.diario21.tv\/noticias\/impactante-policia-gravemente-herido-en-tiroteo-durante-operativo-antinarcoticos-en-sevilla\/","og_locale":"es_ES","og_type":"article","og_title":"\u00a1Impactante! Polic\u00eda gravemente herido en tiroteo durante operativo antinarc\u00f3ticos en Sevilla - Diario 21","og_description":"Un agente de polic\u00eda gravemente herido en un enfrentamiento armado en Sevilla En un reciente operativo antidrogas en Sevilla, un agente de polic\u00eda result\u00f3 gravemente herido ... Seguir leyendo &rarr;","og_url":"https:\/\/www.diario21.tv\/noticias\/impactante-policia-gravemente-herido-en-tiroteo-durante-operativo-antinarcoticos-en-sevilla\/","og_site_name":"Diario 21","article_published_time":"2025-11-10T23:33:37+00:00","article_modified_time":"2025-11-10T23:33:39+00:00","og_image":[{"width":1200,"height":840,"url":"https:\/\/www.diario21.tv\/noticias\/wp-content\/uploads\/2025\/11\/\u00a1Impactante-Policia-gravemente-herido-en-tiroteo-durante-operativo-antinarcoticos-en.jpg","type":"image\/jpeg"}],"author":"Juan P\u00e9rez","twitter_card":"summary_large_image","twitter_misc":{"Escrito por":"Juan P\u00e9rez","Tiempo de lectura":"2 minutos"},"schema":{"@context":"https:\/\/schema.org","@graph":[{"@type":"WebPage","@id":"https:\/\/www.diario21.tv\/noticias\/impactante-policia-gravemente-herido-en-tiroteo-durante-operativo-antinarcoticos-en-sevilla\/","url":"https:\/\/www.diario21.tv\/noticias\/impactante-policia-gravemente-herido-en-tiroteo-durante-operativo-antinarcoticos-en-sevilla\/","name":"\u00a1Impactante! Polic\u00eda gravemente herido en tiroteo durante operativo antinarc\u00f3ticos en Sevilla - Diario 21","isPartOf":{"@id":"https:\/\/www.diario21.tv\/noticias\/#website"},"primaryImageOfPage":{"@id":"https:\/\/www.diario21.tv\/noticias\/impactante-policia-gravemente-herido-en-tiroteo-durante-operativo-antinarcoticos-en-sevilla\/#primaryimage"},"image":{"@id":"https:\/\/www.diario21.tv\/noticias\/impactante-policia-gravemente-herido-en-tiroteo-durante-operativo-antinarcoticos-en-sevilla\/#primaryimage"},"thumbnailUrl":"https:\/\/www.diario21.tv\/noticias\/wp-content\/uploads\/2025\/11\/\u00a1Impactante-Policia-gravemente-herido-en-tiroteo-durante-operativo-antinarcoticos-en.jpg","datePublished":"2025-11-10T23:33:37+00:00","dateModified":"2025-11-10T23:33:39+00:00","author":{"@id":"https:\/\/www.diario21.tv\/noticias\/#\/schema\/person\/dfb778f73814d8f09f302618446a526b"},"breadcrumb":{"@id":"https:\/\/www.diario21.tv\/noticias\/impactante-policia-gravemente-herido-en-tiroteo-durante-operativo-antinarcoticos-en-sevilla\/#breadcrumb"},"inLanguage":"es-AR","potentialAction":[{"@type":"ReadAction","target":["https:\/\/www.diario21.tv\/noticias\/impactante-policia-gravemente-herido-en-tiroteo-durante-operativo-antinarcoticos-en-sevilla\/"]}]},{"@type":"ImageObject","inLanguage":"es-AR","@id":"https:\/\/www.diario21.tv\/noticias\/impactante-policia-gravemente-herido-en-tiroteo-durante-operativo-antinarcoticos-en-sevilla\/#primaryimage","url":"https:\/\/www.diario21.tv\/noticias\/wp-content\/uploads\/2025\/11\/\u00a1Impactante-Policia-gravemente-herido-en-tiroteo-durante-operativo-antinarcoticos-en.jpg","contentUrl":"https:\/\/www.diario21.tv\/noticias\/wp-content\/uploads\/2025\/11\/\u00a1Impactante-Policia-gravemente-herido-en-tiroteo-durante-operativo-antinarcoticos-en.jpg","width":1200,"height":840,"caption":"Herido grave un polic\u00eda en un tiroteo durante un dispositivo contra el narcotr\u00e1fico en Sevilla"},{"@type":"BreadcrumbList","@id":"https:\/\/www.diario21.tv\/noticias\/impactante-policia-gravemente-herido-en-tiroteo-durante-operativo-antinarcoticos-en-sevilla\/#breadcrumb","itemListElement":[{"@type":"ListItem","position":1,"name":"Accueil","item":"https:\/\/www.diario21.tv\/noticias\/"},{"@type":"ListItem","position":2,"name":"\u00a1Impactante! Polic\u00eda gravemente herido en tiroteo durante operativo antinarc\u00f3ticos en Sevilla"}]},{"@type":"WebSite","@id":"https:\/\/www.diario21.tv\/noticias\/#website","url":"https:\/\/www.diario21.tv\/noticias\/","name":"Diario 21","description":"","potentialAction":[{"@type":"SearchAction","target":{"@type":"EntryPoint","urlTemplate":"https:\/\/www.diario21.tv\/noticias\/?s={search_term_string}"},"query-input":{"@type":"PropertyValueSpecification","valueRequired":true,"valueName":"search_term_string"}}],"inLanguage":"es-AR"},{"@type":"Person","@id":"https:\/\/www.diario21.tv\/noticias\/#\/schema\/person\/dfb778f73814d8f09f302618446a526b","name":"Juan P\u00e9rez","image":{"@type":"ImageObject","inLanguage":"es-AR","@id":"https:\/\/www.diario21.tv\/noticias\/#\/schema\/person\/image\/","url":"https:\/\/secure.gravatar.com\/avatar\/c478a405bd10621167f4c3167cc770f5?s=96&d=mm&r=g","contentUrl":"https:\/\/secure.gravatar.com\/avatar\/c478a405bd10621167f4c3167cc770f5?s=96&d=mm&r=g","caption":"Juan P\u00e9rez"},"description":"Juan P\u00e9rez es el redactor en jefe de Diario 21. Con m\u00e1s de 10 a\u00f1os de experiencia en el periodismo, se especializa en pol\u00edtica nacional y an\u00e1lisis socioecon\u00f3mico. Su enfoque cr\u00edtico y riguroso aporta una perspectiva \u00fanica a cada art\u00edculo.","sameAs":["https:\/\/www.diario21.tv\/noticias\/"],"url":"https:\/\/www.diario21.tv\/noticias\/author\/juan-perez\/"}]}},"_links":{"self":[{"href":"https:\/\/www.diario21.tv\/noticias\/wp-json\/wp\/v2\/posts\/5145"}],"collection":[{"href":"https:\/\/www.diario21.tv\/noticias\/wp-json\/wp\/v2\/posts"}],"about":[{"href":"https:\/\/www.diario21.tv\/noticias\/wp-json\/wp\/v2\/types\/post"}],"author":[{"embeddable":true,"href":"https:\/\/www.diario21.tv\/noticias\/wp-json\/wp\/v2\/users\/20"}],"replies":[{"embeddable":true,"href":"https:\/\/www.diario21.tv\/noticias\/wp-json\/wp\/v2\/comments?post=5145"}],"version-history":[{"count":1,"href":"https:\/\/www.diario21.tv\/noticias\/wp-json\/wp\/v2\/posts\/5145\/revisions"}],"predecessor-version":[{"id":5147,"href":"https:\/\/www.diario21.tv\/noticias\/wp-json\/wp\/v2\/posts\/5145\/revisions\/5147"}],"wp:featuredmedia":[{"embeddable":true,"href":"https:\/\/www.diario21.tv\/noticias\/wp-json\/wp\/v2\/media\/5146"}],"wp:attachment":[{"href":"https:\/\/www.diario21.tv\/noticias\/wp-json\/wp\/v2\/media?parent=5145"}],"wp:term":[{"taxonomy":"category","embeddable":true,"href":"https:\/\/www.diario21.tv\/noticias\/wp-json\/wp\/v2\/categories?post=5145"},{"taxonomy":"post_tag","embeddable":true,"href":"https:\/\/www.diario21.tv\/noticias\/wp-json\/wp\/v2\/tags?post=5145"}],"curies":[{"name":"wp","href":"https:\/\/api.w.org\/{rel}","templated":true}]}}