{"id":5142,"date":"2025-11-10T17:32:53","date_gmt":"2025-11-10T17:32:53","guid":{"rendered":"https:\/\/www.diario21.tv\/noticias\/fallece-james-watson-a-los-97-anos-nobel-y-pionero-del-adn\/"},"modified":"2025-11-10T17:32:55","modified_gmt":"2025-11-10T17:32:55","slug":"fallece-james-watson-a-los-97-anos-nobel-y-pionero-del-adn","status":"publish","type":"post","link":"https:\/\/www.diario21.tv\/noticias\/fallece-james-watson-a-los-97-anos-nobel-y-pionero-del-adn\/","title":{"rendered":"Fallece James Watson a los 97 a\u00f1os, Nobel y pionero del ADN"},"content":{"rendered":"<h2>Muere James Watson, Nobel de Medicina y pionero en el estudio del ADN, a los 97 a\u00f1os<\/h2>\n<p>El cient\u00edfico estadounidense James Watson, quien fue galardonado con el Premio Nobel de Medicina por su co-descubrimiento de la estructura del ADN, ha fallecido a la edad de 97 a\u00f1os. Watson fue una figura clave en el campo de la gen\u00e9tica, y su trabajo ha tenido un impacto duradero en la ciencia y la medicina modernas.<\/p>\n<h3>Un legado cient\u00edfico inigualable<\/h3>\n<p>James Watson, junto con Francis Crick y Maurice Wilkins, logr\u00f3 descifrar la estructura en doble h\u00e9lice del ADN en 1953, un hallazgo que revolucion\u00f3 la biolog\u00eda y proporcion\u00f3 la base para avances significativos en gen\u00e9tica y biotecnolog\u00eda. Este descubrimiento fue fundamental para entender c\u00f3mo se transmiten los genes de una generaci\u00f3n a otra y c\u00f3mo se almacena y se utiliza la informaci\u00f3n gen\u00e9tica en los seres vivos.<\/p>\n<p>El trabajo de Watson no solo le vali\u00f3 el Premio Nobel en 1962, sino que tambi\u00e9n inaugur\u00f3 una nueva era en la ciencia, permitiendo desarrollos como la ingenier\u00eda gen\u00e9tica, la clonaci\u00f3n, y las terapias gen\u00e9ticas, los cuales han tenido profundos efectos en la medicina, la agricultura y la industria.<\/p>\n<h3>Controversias y debates<\/h3>\n<p>A lo largo de su carrera, Watson tambi\u00e9n fue una figura pol\u00e9mica, conocido por sus declaraciones y opiniones que a menudo generaban debate y cr\u00edtica. Su perspectiva franca sobre diferentes temas cient\u00edficos y sociales a veces atrajo la controversia, lo que lo coloc\u00f3 en el centro de numerosos debates p\u00fablicos sobre \u00e9tica en la ciencia.<\/p>\n<p>A pesar de las controversias, el impacto de Watson en el campo de la gen\u00e9tica y su contribuci\u00f3n al entendimiento del ADN no pueden ser subestimados. Su legado perdura a trav\u00e9s de las numerosas innovaciones y tratamientos m\u00e9dicos que su investigaci\u00f3n ha hecho posibles.<\/p>\n<h3>Recordando a un pionero<\/h3>\n<p>La comunidad cient\u00edfica y acad\u00e9mica ha expresado su profundo pesar por la muerte de Watson, record\u00e1ndolo no solo por su contribuci\u00f3n cient\u00edfica, sino tambi\u00e9n por su capacidad para inspirar a generaciones de investigadores. A lo largo de su carrera, Watson fue un mentor para muchos j\u00f3venes cient\u00edficos, y su pasi\u00f3n por la ciencia y su dedicaci\u00f3n al avance del conocimiento dejaron una marca indeleble en aquellos que trabajaron con \u00e9l.<\/p>\n<p>James Watson deja tras de s\u00ed un mundo transformado por sus descubrimientos y un campo de estudio que sigue expandi\u00e9ndose y evolucionando gracias a su pionero trabajo. Su fallecimiento marca el fin de una era en la biolog\u00eda, pero su legado seguir\u00e1 influyendo en la ciencia y la medicina por muchas generaciones venideras.<\/p>\n\n\n<div class=\"kk-star-ratings kksr-auto kksr-align-left kksr-valign-bottom\"\n    data-payload='{&quot;align&quot;:&quot;left&quot;,&quot;id&quot;:&quot;5142&quot;,&quot;slug&quot;:&quot;default&quot;,&quot;valign&quot;:&quot;bottom&quot;,&quot;ignore&quot;:&quot;&quot;,&quot;reference&quot;:&quot;auto&quot;,&quot;class&quot;:&quot;&quot;,&quot;count&quot;:&quot;0&quot;,&quot;legendonly&quot;:&quot;&quot;,&quot;readonly&quot;:&quot;&quot;,&quot;score&quot;:&quot;0&quot;,&quot;starsonly&quot;:&quot;&quot;,&quot;best&quot;:&quot;5&quot;,&quot;gap&quot;:&quot;5&quot;,&quot;greet&quot;:&quot;Valora este post&quot;,&quot;legend&quot;:&quot;0\\\/5 - (0 votes)&quot;,&quot;size&quot;:&quot;22&quot;,&quot;title&quot;:&quot;Fallece James Watson a los 97 a\u00f1os, Nobel y pionero del ADN&quot;,&quot;width&quot;:&quot;0&quot;,&quot;_legend&quot;:&quot;{score}\\\/{best} - ({count} {votes})&quot;,&quot;font_factor&quot;:&quot;1.25&quot;}'>\n            \n<div class=\"kksr-stars\">\n    \n<div class=\"kksr-stars-inactive\">\n            <div class=\"kksr-star\" data-star=\"1\" style=\"padding-right: 5px\">\n            \n\n<div class=\"kksr-icon\" style=\"width: 22px; height: 22px;\"><\/div>\n        <\/div>\n            <div class=\"kksr-star\" data-star=\"2\" style=\"padding-right: 5px\">\n            \n\n<div class=\"kksr-icon\" style=\"width: 22px; height: 22px;\"><\/div>\n        <\/div>\n            <div class=\"kksr-star\" data-star=\"3\" style=\"padding-right: 5px\">\n            \n\n<div class=\"kksr-icon\" style=\"width: 22px; height: 22px;\"><\/div>\n        <\/div>\n            <div class=\"kksr-star\" data-star=\"4\" style=\"padding-right: 5px\">\n            \n\n<div class=\"kksr-icon\" style=\"width: 22px; height: 22px;\"><\/div>\n        <\/div>\n            <div class=\"kksr-star\" data-star=\"5\" style=\"padding-right: 5px\">\n            \n\n<div class=\"kksr-icon\" style=\"width: 22px; height: 22px;\"><\/div>\n        <\/div>\n    <\/div>\n    \n<div class=\"kksr-stars-active\" style=\"width: 0px;\">\n            <div class=\"kksr-star\" style=\"padding-right: 5px\">\n            \n\n<div class=\"kksr-icon\" style=\"width: 22px; height: 22px;\"><\/div>\n        <\/div>\n            <div class=\"kksr-star\" style=\"padding-right: 5px\">\n            \n\n<div class=\"kksr-icon\" style=\"width: 22px; height: 22px;\"><\/div>\n        <\/div>\n            <div class=\"kksr-star\" style=\"padding-right: 5px\">\n            \n\n<div class=\"kksr-icon\" style=\"width: 22px; height: 22px;\"><\/div>\n        <\/div>\n            <div class=\"kksr-star\" style=\"padding-right: 5px\">\n            \n\n<div class=\"kksr-icon\" style=\"width: 22px; height: 22px;\"><\/div>\n        <\/div>\n            <div class=\"kksr-star\" style=\"padding-right: 5px\">\n            \n\n<div class=\"kksr-icon\" style=\"width: 22px; height: 22px;\"><\/div>\n        <\/div>\n    <\/div>\n<\/div>\n                \n\n<div class=\"kksr-legend\" style=\"font-size: 17.6px;\">\n            <span class=\"kksr-muted\">Valora este post<\/span>\n    <\/div>\n    <\/div>\n","protected":false},"excerpt":{"rendered":"<p>Muere James Watson, Nobel de Medicina y pionero en el estudio del ADN, a los 97 a\u00f1os El cient\u00edfico estadounidense James Watson, quien fue galardonado con &#8230; <a title=\"Fallece James Watson a los 97 a\u00f1os, Nobel y pionero del ADN\" class=\"read-more\" href=\"https:\/\/www.diario21.tv\/noticias\/fallece-james-watson-a-los-97-anos-nobel-y-pionero-del-adn\/\" aria-label=\"Leer m\u00e1s sobre Fallece James Watson a los 97 a\u00f1os, Nobel y pionero del ADN\">Seguir leyendo &rarr;<\/a><\/p>\n","protected":false},"author":20,"featured_media":5143,"comment_status":"open","ping_status":"open","sticky":false,"template":"","format":"standard","meta":{"footnotes":""},"categories":[13],"tags":[],"class_list":["post-5142","post","type-post","status-publish","format-standard","has-post-thumbnail","hentry","category-portada"],"yoast_head":"<!-- This site is optimized with the Yoast SEO plugin v25.6 - https:\/\/yoast.com\/wordpress\/plugins\/seo\/ -->\n<title>Fallece James Watson a los 97 a\u00f1os, Nobel y pionero del ADN - Diario 21<\/title>\n<meta name=\"robots\" content=\"index, follow, max-snippet:-1, max-image-preview:large, max-video-preview:-1\" \/>\n<link rel=\"canonical\" href=\"https:\/\/www.diario21.tv\/noticias\/fallece-james-watson-a-los-97-anos-nobel-y-pionero-del-adn\/\" \/>\n<meta property=\"og:locale\" content=\"es_ES\" \/>\n<meta property=\"og:type\" content=\"article\" \/>\n<meta property=\"og:title\" content=\"Fallece James Watson a los 97 a\u00f1os, Nobel y pionero del ADN - Diario 21\" \/>\n<meta property=\"og:description\" content=\"Muere James Watson, Nobel de Medicina y pionero en el estudio del ADN, a los 97 a\u00f1os El cient\u00edfico estadounidense James Watson, quien fue galardonado con ... Seguir leyendo &rarr;\" \/>\n<meta property=\"og:url\" content=\"https:\/\/www.diario21.tv\/noticias\/fallece-james-watson-a-los-97-anos-nobel-y-pionero-del-adn\/\" \/>\n<meta property=\"og:site_name\" content=\"Diario 21\" \/>\n<meta property=\"article:published_time\" content=\"2025-11-10T17:32:53+00:00\" \/>\n<meta property=\"article:modified_time\" content=\"2025-11-10T17:32:55+00:00\" \/>\n<meta property=\"og:image\" content=\"https:\/\/www.diario21.tv\/noticias\/wp-content\/uploads\/2025\/11\/Fallece-James-Watson-a-los-97-anos-Nobel-y-pionero.jpg\" \/>\n\t<meta property=\"og:image:width\" content=\"1200\" \/>\n\t<meta property=\"og:image:height\" content=\"840\" \/>\n\t<meta property=\"og:image:type\" content=\"image\/jpeg\" \/>\n<meta name=\"author\" content=\"Juan P\u00e9rez\" \/>\n<meta name=\"twitter:card\" content=\"summary_large_image\" \/>\n<meta name=\"twitter:label1\" content=\"Escrito por\" \/>\n\t<meta name=\"twitter:data1\" content=\"Juan P\u00e9rez\" \/>\n\t<meta name=\"twitter:label2\" content=\"Tiempo de lectura\" \/>\n\t<meta name=\"twitter:data2\" content=\"2 minutos\" \/>\n<script type=\"application\/ld+json\" class=\"yoast-schema-graph\">{\"@context\":\"https:\/\/schema.org\",\"@graph\":[{\"@type\":\"WebPage\",\"@id\":\"https:\/\/www.diario21.tv\/noticias\/fallece-james-watson-a-los-97-anos-nobel-y-pionero-del-adn\/\",\"url\":\"https:\/\/www.diario21.tv\/noticias\/fallece-james-watson-a-los-97-anos-nobel-y-pionero-del-adn\/\",\"name\":\"Fallece James Watson a los 97 a\u00f1os, Nobel y pionero del ADN - Diario 21\",\"isPartOf\":{\"@id\":\"https:\/\/www.diario21.tv\/noticias\/#website\"},\"primaryImageOfPage\":{\"@id\":\"https:\/\/www.diario21.tv\/noticias\/fallece-james-watson-a-los-97-anos-nobel-y-pionero-del-adn\/#primaryimage\"},\"image\":{\"@id\":\"https:\/\/www.diario21.tv\/noticias\/fallece-james-watson-a-los-97-anos-nobel-y-pionero-del-adn\/#primaryimage\"},\"thumbnailUrl\":\"https:\/\/www.diario21.tv\/noticias\/wp-content\/uploads\/2025\/11\/Fallece-James-Watson-a-los-97-anos-Nobel-y-pionero.jpg\",\"datePublished\":\"2025-11-10T17:32:53+00:00\",\"dateModified\":\"2025-11-10T17:32:55+00:00\",\"author\":{\"@id\":\"https:\/\/www.diario21.tv\/noticias\/#\/schema\/person\/dfb778f73814d8f09f302618446a526b\"},\"breadcrumb\":{\"@id\":\"https:\/\/www.diario21.tv\/noticias\/fallece-james-watson-a-los-97-anos-nobel-y-pionero-del-adn\/#breadcrumb\"},\"inLanguage\":\"es-AR\",\"potentialAction\":[{\"@type\":\"ReadAction\",\"target\":[\"https:\/\/www.diario21.tv\/noticias\/fallece-james-watson-a-los-97-anos-nobel-y-pionero-del-adn\/\"]}]},{\"@type\":\"ImageObject\",\"inLanguage\":\"es-AR\",\"@id\":\"https:\/\/www.diario21.tv\/noticias\/fallece-james-watson-a-los-97-anos-nobel-y-pionero-del-adn\/#primaryimage\",\"url\":\"https:\/\/www.diario21.tv\/noticias\/wp-content\/uploads\/2025\/11\/Fallece-James-Watson-a-los-97-anos-Nobel-y-pionero.jpg\",\"contentUrl\":\"https:\/\/www.diario21.tv\/noticias\/wp-content\/uploads\/2025\/11\/Fallece-James-Watson-a-los-97-anos-Nobel-y-pionero.jpg\",\"width\":1200,\"height\":840,\"caption\":\"Muere a los 97 a\u00f1os el Nobel de Medicina James Watson, codescubridor de la estructura del ADN\"},{\"@type\":\"BreadcrumbList\",\"@id\":\"https:\/\/www.diario21.tv\/noticias\/fallece-james-watson-a-los-97-anos-nobel-y-pionero-del-adn\/#breadcrumb\",\"itemListElement\":[{\"@type\":\"ListItem\",\"position\":1,\"name\":\"Accueil\",\"item\":\"https:\/\/www.diario21.tv\/noticias\/\"},{\"@type\":\"ListItem\",\"position\":2,\"name\":\"Fallece James Watson a los 97 a\u00f1os, Nobel y pionero del ADN\"}]},{\"@type\":\"WebSite\",\"@id\":\"https:\/\/www.diario21.tv\/noticias\/#website\",\"url\":\"https:\/\/www.diario21.tv\/noticias\/\",\"name\":\"Diario 21\",\"description\":\"\",\"potentialAction\":[{\"@type\":\"SearchAction\",\"target\":{\"@type\":\"EntryPoint\",\"urlTemplate\":\"https:\/\/www.diario21.tv\/noticias\/?s={search_term_string}\"},\"query-input\":{\"@type\":\"PropertyValueSpecification\",\"valueRequired\":true,\"valueName\":\"search_term_string\"}}],\"inLanguage\":\"es-AR\"},{\"@type\":\"Person\",\"@id\":\"https:\/\/www.diario21.tv\/noticias\/#\/schema\/person\/dfb778f73814d8f09f302618446a526b\",\"name\":\"Juan P\u00e9rez\",\"image\":{\"@type\":\"ImageObject\",\"inLanguage\":\"es-AR\",\"@id\":\"https:\/\/www.diario21.tv\/noticias\/#\/schema\/person\/image\/\",\"url\":\"https:\/\/secure.gravatar.com\/avatar\/c478a405bd10621167f4c3167cc770f5?s=96&d=mm&r=g\",\"contentUrl\":\"https:\/\/secure.gravatar.com\/avatar\/c478a405bd10621167f4c3167cc770f5?s=96&d=mm&r=g\",\"caption\":\"Juan P\u00e9rez\"},\"description\":\"Juan P\u00e9rez es el redactor en jefe de Diario 21. Con m\u00e1s de 10 a\u00f1os de experiencia en el periodismo, se especializa en pol\u00edtica nacional y an\u00e1lisis socioecon\u00f3mico. Su enfoque cr\u00edtico y riguroso aporta una perspectiva \u00fanica a cada art\u00edculo.\",\"sameAs\":[\"https:\/\/www.diario21.tv\/noticias\/\"],\"url\":\"https:\/\/www.diario21.tv\/noticias\/author\/juan-perez\/\"}]}<\/script>\n<!-- \/ Yoast SEO plugin. -->","yoast_head_json":{"title":"Fallece James Watson a los 97 a\u00f1os, Nobel y pionero del ADN - Diario 21","robots":{"index":"index","follow":"follow","max-snippet":"max-snippet:-1","max-image-preview":"max-image-preview:large","max-video-preview":"max-video-preview:-1"},"canonical":"https:\/\/www.diario21.tv\/noticias\/fallece-james-watson-a-los-97-anos-nobel-y-pionero-del-adn\/","og_locale":"es_ES","og_type":"article","og_title":"Fallece James Watson a los 97 a\u00f1os, Nobel y pionero del ADN - Diario 21","og_description":"Muere James Watson, Nobel de Medicina y pionero en el estudio del ADN, a los 97 a\u00f1os El cient\u00edfico estadounidense James Watson, quien fue galardonado con ... Seguir leyendo &rarr;","og_url":"https:\/\/www.diario21.tv\/noticias\/fallece-james-watson-a-los-97-anos-nobel-y-pionero-del-adn\/","og_site_name":"Diario 21","article_published_time":"2025-11-10T17:32:53+00:00","article_modified_time":"2025-11-10T17:32:55+00:00","og_image":[{"width":1200,"height":840,"url":"https:\/\/www.diario21.tv\/noticias\/wp-content\/uploads\/2025\/11\/Fallece-James-Watson-a-los-97-anos-Nobel-y-pionero.jpg","type":"image\/jpeg"}],"author":"Juan P\u00e9rez","twitter_card":"summary_large_image","twitter_misc":{"Escrito por":"Juan P\u00e9rez","Tiempo de lectura":"2 minutos"},"schema":{"@context":"https:\/\/schema.org","@graph":[{"@type":"WebPage","@id":"https:\/\/www.diario21.tv\/noticias\/fallece-james-watson-a-los-97-anos-nobel-y-pionero-del-adn\/","url":"https:\/\/www.diario21.tv\/noticias\/fallece-james-watson-a-los-97-anos-nobel-y-pionero-del-adn\/","name":"Fallece James Watson a los 97 a\u00f1os, Nobel y pionero del ADN - Diario 21","isPartOf":{"@id":"https:\/\/www.diario21.tv\/noticias\/#website"},"primaryImageOfPage":{"@id":"https:\/\/www.diario21.tv\/noticias\/fallece-james-watson-a-los-97-anos-nobel-y-pionero-del-adn\/#primaryimage"},"image":{"@id":"https:\/\/www.diario21.tv\/noticias\/fallece-james-watson-a-los-97-anos-nobel-y-pionero-del-adn\/#primaryimage"},"thumbnailUrl":"https:\/\/www.diario21.tv\/noticias\/wp-content\/uploads\/2025\/11\/Fallece-James-Watson-a-los-97-anos-Nobel-y-pionero.jpg","datePublished":"2025-11-10T17:32:53+00:00","dateModified":"2025-11-10T17:32:55+00:00","author":{"@id":"https:\/\/www.diario21.tv\/noticias\/#\/schema\/person\/dfb778f73814d8f09f302618446a526b"},"breadcrumb":{"@id":"https:\/\/www.diario21.tv\/noticias\/fallece-james-watson-a-los-97-anos-nobel-y-pionero-del-adn\/#breadcrumb"},"inLanguage":"es-AR","potentialAction":[{"@type":"ReadAction","target":["https:\/\/www.diario21.tv\/noticias\/fallece-james-watson-a-los-97-anos-nobel-y-pionero-del-adn\/"]}]},{"@type":"ImageObject","inLanguage":"es-AR","@id":"https:\/\/www.diario21.tv\/noticias\/fallece-james-watson-a-los-97-anos-nobel-y-pionero-del-adn\/#primaryimage","url":"https:\/\/www.diario21.tv\/noticias\/wp-content\/uploads\/2025\/11\/Fallece-James-Watson-a-los-97-anos-Nobel-y-pionero.jpg","contentUrl":"https:\/\/www.diario21.tv\/noticias\/wp-content\/uploads\/2025\/11\/Fallece-James-Watson-a-los-97-anos-Nobel-y-pionero.jpg","width":1200,"height":840,"caption":"Muere a los 97 a\u00f1os el Nobel de Medicina James Watson, codescubridor de la estructura del ADN"},{"@type":"BreadcrumbList","@id":"https:\/\/www.diario21.tv\/noticias\/fallece-james-watson-a-los-97-anos-nobel-y-pionero-del-adn\/#breadcrumb","itemListElement":[{"@type":"ListItem","position":1,"name":"Accueil","item":"https:\/\/www.diario21.tv\/noticias\/"},{"@type":"ListItem","position":2,"name":"Fallece James Watson a los 97 a\u00f1os, Nobel y pionero del ADN"}]},{"@type":"WebSite","@id":"https:\/\/www.diario21.tv\/noticias\/#website","url":"https:\/\/www.diario21.tv\/noticias\/","name":"Diario 21","description":"","potentialAction":[{"@type":"SearchAction","target":{"@type":"EntryPoint","urlTemplate":"https:\/\/www.diario21.tv\/noticias\/?s={search_term_string}"},"query-input":{"@type":"PropertyValueSpecification","valueRequired":true,"valueName":"search_term_string"}}],"inLanguage":"es-AR"},{"@type":"Person","@id":"https:\/\/www.diario21.tv\/noticias\/#\/schema\/person\/dfb778f73814d8f09f302618446a526b","name":"Juan P\u00e9rez","image":{"@type":"ImageObject","inLanguage":"es-AR","@id":"https:\/\/www.diario21.tv\/noticias\/#\/schema\/person\/image\/","url":"https:\/\/secure.gravatar.com\/avatar\/c478a405bd10621167f4c3167cc770f5?s=96&d=mm&r=g","contentUrl":"https:\/\/secure.gravatar.com\/avatar\/c478a405bd10621167f4c3167cc770f5?s=96&d=mm&r=g","caption":"Juan P\u00e9rez"},"description":"Juan P\u00e9rez es el redactor en jefe de Diario 21. Con m\u00e1s de 10 a\u00f1os de experiencia en el periodismo, se especializa en pol\u00edtica nacional y an\u00e1lisis socioecon\u00f3mico. Su enfoque cr\u00edtico y riguroso aporta una perspectiva \u00fanica a cada art\u00edculo.","sameAs":["https:\/\/www.diario21.tv\/noticias\/"],"url":"https:\/\/www.diario21.tv\/noticias\/author\/juan-perez\/"}]}},"_links":{"self":[{"href":"https:\/\/www.diario21.tv\/noticias\/wp-json\/wp\/v2\/posts\/5142"}],"collection":[{"href":"https:\/\/www.diario21.tv\/noticias\/wp-json\/wp\/v2\/posts"}],"about":[{"href":"https:\/\/www.diario21.tv\/noticias\/wp-json\/wp\/v2\/types\/post"}],"author":[{"embeddable":true,"href":"https:\/\/www.diario21.tv\/noticias\/wp-json\/wp\/v2\/users\/20"}],"replies":[{"embeddable":true,"href":"https:\/\/www.diario21.tv\/noticias\/wp-json\/wp\/v2\/comments?post=5142"}],"version-history":[{"count":1,"href":"https:\/\/www.diario21.tv\/noticias\/wp-json\/wp\/v2\/posts\/5142\/revisions"}],"predecessor-version":[{"id":5144,"href":"https:\/\/www.diario21.tv\/noticias\/wp-json\/wp\/v2\/posts\/5142\/revisions\/5144"}],"wp:featuredmedia":[{"embeddable":true,"href":"https:\/\/www.diario21.tv\/noticias\/wp-json\/wp\/v2\/media\/5143"}],"wp:attachment":[{"href":"https:\/\/www.diario21.tv\/noticias\/wp-json\/wp\/v2\/media?parent=5142"}],"wp:term":[{"taxonomy":"category","embeddable":true,"href":"https:\/\/www.diario21.tv\/noticias\/wp-json\/wp\/v2\/categories?post=5142"},{"taxonomy":"post_tag","embeddable":true,"href":"https:\/\/www.diario21.tv\/noticias\/wp-json\/wp\/v2\/tags?post=5142"}],"curies":[{"name":"wp","href":"https:\/\/api.w.org\/{rel}","templated":true}]}}