{"id":5124,"date":"2025-11-08T23:23:05","date_gmt":"2025-11-08T23:23:05","guid":{"rendered":"https:\/\/www.diario21.tv\/noticias\/imperdible-esta-noche-la-superluna-del-castor-2025-ilumina-el-cielo\/"},"modified":"2025-11-08T23:23:07","modified_gmt":"2025-11-08T23:23:07","slug":"imperdible-esta-noche-la-superluna-del-castor-2025-ilumina-el-cielo","status":"publish","type":"post","link":"https:\/\/www.diario21.tv\/noticias\/imperdible-esta-noche-la-superluna-del-castor-2025-ilumina-el-cielo\/","title":{"rendered":"\u00a1Imperdible esta noche! La Superluna del Castor 2025 ilumina el cielo"},"content":{"rendered":"<h2>La Superluna del Castor de 2025: Un Espect\u00e1culo Celestial Nocturno<\/h2>\n<p>Esta noche, los aficionados a la astronom\u00eda y el p\u00fablico en general tendr\u00e1n la oportunidad de observar un fen\u00f3meno lunar impresionante conocido como la Superluna del Castor. Este evento se caracteriza por la aparici\u00f3n de una luna llena m\u00e1s grande y brillante de lo habitual, un espect\u00e1culo que no solo fascina a los observadores por su belleza, sino tambi\u00e9n por su significado cultural y cient\u00edfico.<\/p>\n<h3>\u00bfQu\u00e9 es la Superluna del Castor?<\/h3>\n<p>El t\u00e9rmino &#8220;Superluna&#8221; se refiere a la coincidencia de la luna llena con el momento en que la Luna est\u00e1 especialmente cerca de la Tierra en su \u00f3rbita, un punto conocido como perigeo. Durante este tiempo, la Luna puede parecer hasta un 14% m\u00e1s grande y un 30% m\u00e1s brillante comparada con una luna llena en el apogeo, que es cuando la Luna est\u00e1 m\u00e1s lejos de la Tierra.<\/p>\n<p>La Superluna del Castor debe su nombre al tiempo del a\u00f1o en que ocurre, coincidiendo con la temporada en que los castores comienzan a prepararse para el invierno, seg\u00fan antiguas tradiciones de los nativos americanos y los colonos europeos. Esta nomenclatura ayuda a recordar el comportamiento de los castores, que intensifican la construcci\u00f3n de sus represas en preparaci\u00f3n para el fr\u00edo inminente.<\/p>\n<h3>Observando el Espect\u00e1culo Lunar<\/h3>\n<p>Para aquellos interesados en disfrutar de este fen\u00f3meno, no se requiere equipo especial. La Superluna ser\u00e1 visible a simple vista, proyectando una luz intensa y clara, siempre que el cielo est\u00e9 despejado. Sin embargo, los binoculares o un telescopio pueden enriquecer la experiencia, permitiendo a los espectadores apreciar mejor los detalles de la superficie lunar.<\/p>\n<p>Es recomendable buscar un lugar con poca contaminaci\u00f3n lum\u00ednica para observar la Superluna. Lugares alejados de las luces de la ciudad, como parques o reservas naturales, pueden ofrecer una mejor vista. Adem\u00e1s, dado que la luna saldr\u00e1 al atardecer y alcanzar\u00e1 su punto m\u00e1s alto alrededor de la medianoche, planificar con antelaci\u00f3n puede ayudar a no perderse este majestuoso evento celestial.<\/p>\n<h3>Importancia Cient\u00edfica y Cultural<\/h3>\n<p>M\u00e1s all\u00e1 de su impacto visual, la Superluna del Castor ofrece una oportunidad para la educaci\u00f3n y la investigaci\u00f3n cient\u00edfica. Astr\u00f3nomos profesionales y aficionados aprovechan estos eventos para estudiar la geolog\u00eda de la Luna y sus efectos sobre la Tierra, como las mareas y la estabilidad de la \u00f3rbita lunar.<\/p>\n<p>Culturalmente, la Superluna proporciona un momento para recordar y ense\u00f1ar sobre las tradiciones y conocimientos de los pueblos nativos americanos y otros grupos culturales que se guiaban por el calendario lunar para sus actividades cotidianas y rituales.<\/p>\n<p>En resumen, la Superluna del Castor de 2025 no solo embellece nuestro cielo nocturno, sino que tambi\u00e9n enriquece nuestro conocimiento y nuestra conexi\u00f3n con el universo natural. As\u00ed que esta noche, no olvides mirar hacia arriba y dejarte cautivar por este maravilloso espect\u00e1culo lunar.<\/p>\n\n\n<div class=\"kk-star-ratings kksr-auto kksr-align-left kksr-valign-bottom\"\n    data-payload='{&quot;align&quot;:&quot;left&quot;,&quot;id&quot;:&quot;5124&quot;,&quot;slug&quot;:&quot;default&quot;,&quot;valign&quot;:&quot;bottom&quot;,&quot;ignore&quot;:&quot;&quot;,&quot;reference&quot;:&quot;auto&quot;,&quot;class&quot;:&quot;&quot;,&quot;count&quot;:&quot;0&quot;,&quot;legendonly&quot;:&quot;&quot;,&quot;readonly&quot;:&quot;&quot;,&quot;score&quot;:&quot;0&quot;,&quot;starsonly&quot;:&quot;&quot;,&quot;best&quot;:&quot;5&quot;,&quot;gap&quot;:&quot;5&quot;,&quot;greet&quot;:&quot;Valora este post&quot;,&quot;legend&quot;:&quot;0\\\/5 - (0 votes)&quot;,&quot;size&quot;:&quot;22&quot;,&quot;title&quot;:&quot;\u00a1Imperdible esta noche! La Superluna del Castor 2025 ilumina el cielo&quot;,&quot;width&quot;:&quot;0&quot;,&quot;_legend&quot;:&quot;{score}\\\/{best} - ({count} {votes})&quot;,&quot;font_factor&quot;:&quot;1.25&quot;}'>\n            \n<div class=\"kksr-stars\">\n    \n<div class=\"kksr-stars-inactive\">\n            <div class=\"kksr-star\" data-star=\"1\" style=\"padding-right: 5px\">\n            \n\n<div class=\"kksr-icon\" style=\"width: 22px; height: 22px;\"><\/div>\n        <\/div>\n            <div class=\"kksr-star\" data-star=\"2\" style=\"padding-right: 5px\">\n            \n\n<div class=\"kksr-icon\" style=\"width: 22px; height: 22px;\"><\/div>\n        <\/div>\n            <div class=\"kksr-star\" data-star=\"3\" style=\"padding-right: 5px\">\n            \n\n<div class=\"kksr-icon\" style=\"width: 22px; height: 22px;\"><\/div>\n        <\/div>\n            <div class=\"kksr-star\" data-star=\"4\" style=\"padding-right: 5px\">\n            \n\n<div class=\"kksr-icon\" style=\"width: 22px; height: 22px;\"><\/div>\n        <\/div>\n            <div class=\"kksr-star\" data-star=\"5\" style=\"padding-right: 5px\">\n            \n\n<div class=\"kksr-icon\" style=\"width: 22px; height: 22px;\"><\/div>\n        <\/div>\n    <\/div>\n    \n<div class=\"kksr-stars-active\" style=\"width: 0px;\">\n            <div class=\"kksr-star\" style=\"padding-right: 5px\">\n            \n\n<div class=\"kksr-icon\" style=\"width: 22px; height: 22px;\"><\/div>\n        <\/div>\n            <div class=\"kksr-star\" style=\"padding-right: 5px\">\n            \n\n<div class=\"kksr-icon\" style=\"width: 22px; height: 22px;\"><\/div>\n        <\/div>\n            <div class=\"kksr-star\" style=\"padding-right: 5px\">\n            \n\n<div class=\"kksr-icon\" style=\"width: 22px; height: 22px;\"><\/div>\n        <\/div>\n            <div class=\"kksr-star\" style=\"padding-right: 5px\">\n            \n\n<div class=\"kksr-icon\" style=\"width: 22px; height: 22px;\"><\/div>\n        <\/div>\n            <div class=\"kksr-star\" style=\"padding-right: 5px\">\n            \n\n<div class=\"kksr-icon\" style=\"width: 22px; height: 22px;\"><\/div>\n        <\/div>\n    <\/div>\n<\/div>\n                \n\n<div class=\"kksr-legend\" style=\"font-size: 17.6px;\">\n            <span class=\"kksr-muted\">Valora este post<\/span>\n    <\/div>\n    <\/div>\n","protected":false},"excerpt":{"rendered":"<p>La Superluna del Castor de 2025: Un Espect\u00e1culo Celestial Nocturno Esta noche, los aficionados a la astronom\u00eda y el p\u00fablico en general tendr\u00e1n la oportunidad de &#8230; <a title=\"\u00a1Imperdible esta noche! La Superluna del Castor 2025 ilumina el cielo\" class=\"read-more\" href=\"https:\/\/www.diario21.tv\/noticias\/imperdible-esta-noche-la-superluna-del-castor-2025-ilumina-el-cielo\/\" aria-label=\"Leer m\u00e1s sobre \u00a1Imperdible esta noche! La Superluna del Castor 2025 ilumina el cielo\">Seguir leyendo &rarr;<\/a><\/p>\n","protected":false},"author":20,"featured_media":5125,"comment_status":"open","ping_status":"open","sticky":false,"template":"","format":"standard","meta":{"footnotes":""},"categories":[13],"tags":[],"class_list":["post-5124","post","type-post","status-publish","format-standard","has-post-thumbnail","hentry","category-portada"],"yoast_head":"<!-- This site is optimized with the Yoast SEO plugin v25.6 - https:\/\/yoast.com\/wordpress\/plugins\/seo\/ -->\n<title>\u00a1Imperdible esta noche! La Superluna del Castor 2025 ilumina el cielo - Diario 21<\/title>\n<meta name=\"robots\" content=\"index, follow, max-snippet:-1, max-image-preview:large, max-video-preview:-1\" \/>\n<link rel=\"canonical\" href=\"https:\/\/www.diario21.tv\/noticias\/imperdible-esta-noche-la-superluna-del-castor-2025-ilumina-el-cielo\/\" \/>\n<meta property=\"og:locale\" content=\"es_ES\" \/>\n<meta property=\"og:type\" content=\"article\" \/>\n<meta property=\"og:title\" content=\"\u00a1Imperdible esta noche! La Superluna del Castor 2025 ilumina el cielo - Diario 21\" \/>\n<meta property=\"og:description\" content=\"La Superluna del Castor de 2025: Un Espect\u00e1culo Celestial Nocturno Esta noche, los aficionados a la astronom\u00eda y el p\u00fablico en general tendr\u00e1n la oportunidad de ... Seguir leyendo &rarr;\" \/>\n<meta property=\"og:url\" content=\"https:\/\/www.diario21.tv\/noticias\/imperdible-esta-noche-la-superluna-del-castor-2025-ilumina-el-cielo\/\" \/>\n<meta property=\"og:site_name\" content=\"Diario 21\" \/>\n<meta property=\"article:published_time\" content=\"2025-11-08T23:23:05+00:00\" \/>\n<meta property=\"article:modified_time\" content=\"2025-11-08T23:23:07+00:00\" \/>\n<meta property=\"og:image\" content=\"https:\/\/www.diario21.tv\/noticias\/wp-content\/uploads\/2025\/11\/\u00a1Imperdible-esta-noche-La-Superluna-del-Castor-2025-ilumina-el.jpg\" \/>\n\t<meta property=\"og:image:width\" content=\"1200\" \/>\n\t<meta property=\"og:image:height\" content=\"838\" \/>\n\t<meta property=\"og:image:type\" content=\"image\/jpeg\" \/>\n<meta name=\"author\" content=\"Juan P\u00e9rez\" \/>\n<meta name=\"twitter:card\" content=\"summary_large_image\" \/>\n<meta name=\"twitter:label1\" content=\"Escrito por\" \/>\n\t<meta name=\"twitter:data1\" content=\"Juan P\u00e9rez\" \/>\n\t<meta name=\"twitter:label2\" content=\"Tiempo de lectura\" \/>\n\t<meta name=\"twitter:data2\" content=\"3 minutos\" \/>\n<script type=\"application\/ld+json\" class=\"yoast-schema-graph\">{\"@context\":\"https:\/\/schema.org\",\"@graph\":[{\"@type\":\"WebPage\",\"@id\":\"https:\/\/www.diario21.tv\/noticias\/imperdible-esta-noche-la-superluna-del-castor-2025-ilumina-el-cielo\/\",\"url\":\"https:\/\/www.diario21.tv\/noticias\/imperdible-esta-noche-la-superluna-del-castor-2025-ilumina-el-cielo\/\",\"name\":\"\u00a1Imperdible esta noche! La Superluna del Castor 2025 ilumina el cielo - Diario 21\",\"isPartOf\":{\"@id\":\"https:\/\/www.diario21.tv\/noticias\/#website\"},\"primaryImageOfPage\":{\"@id\":\"https:\/\/www.diario21.tv\/noticias\/imperdible-esta-noche-la-superluna-del-castor-2025-ilumina-el-cielo\/#primaryimage\"},\"image\":{\"@id\":\"https:\/\/www.diario21.tv\/noticias\/imperdible-esta-noche-la-superluna-del-castor-2025-ilumina-el-cielo\/#primaryimage\"},\"thumbnailUrl\":\"https:\/\/www.diario21.tv\/noticias\/wp-content\/uploads\/2025\/11\/\u00a1Imperdible-esta-noche-La-Superluna-del-Castor-2025-ilumina-el.jpg\",\"datePublished\":\"2025-11-08T23:23:05+00:00\",\"dateModified\":\"2025-11-08T23:23:07+00:00\",\"author\":{\"@id\":\"https:\/\/www.diario21.tv\/noticias\/#\/schema\/person\/dfb778f73814d8f09f302618446a526b\"},\"breadcrumb\":{\"@id\":\"https:\/\/www.diario21.tv\/noticias\/imperdible-esta-noche-la-superluna-del-castor-2025-ilumina-el-cielo\/#breadcrumb\"},\"inLanguage\":\"es-AR\",\"potentialAction\":[{\"@type\":\"ReadAction\",\"target\":[\"https:\/\/www.diario21.tv\/noticias\/imperdible-esta-noche-la-superluna-del-castor-2025-ilumina-el-cielo\/\"]}]},{\"@type\":\"ImageObject\",\"inLanguage\":\"es-AR\",\"@id\":\"https:\/\/www.diario21.tv\/noticias\/imperdible-esta-noche-la-superluna-del-castor-2025-ilumina-el-cielo\/#primaryimage\",\"url\":\"https:\/\/www.diario21.tv\/noticias\/wp-content\/uploads\/2025\/11\/\u00a1Imperdible-esta-noche-La-Superluna-del-Castor-2025-ilumina-el.jpg\",\"contentUrl\":\"https:\/\/www.diario21.tv\/noticias\/wp-content\/uploads\/2025\/11\/\u00a1Imperdible-esta-noche-La-Superluna-del-Castor-2025-ilumina-el.jpg\",\"width\":1200,\"height\":838,\"caption\":\"La Superluna del Castor: el gran espect\u00e1culo lunar de 2025 que llega esta noche\"},{\"@type\":\"BreadcrumbList\",\"@id\":\"https:\/\/www.diario21.tv\/noticias\/imperdible-esta-noche-la-superluna-del-castor-2025-ilumina-el-cielo\/#breadcrumb\",\"itemListElement\":[{\"@type\":\"ListItem\",\"position\":1,\"name\":\"Accueil\",\"item\":\"https:\/\/www.diario21.tv\/noticias\/\"},{\"@type\":\"ListItem\",\"position\":2,\"name\":\"\u00a1Imperdible esta noche! La Superluna del Castor 2025 ilumina el cielo\"}]},{\"@type\":\"WebSite\",\"@id\":\"https:\/\/www.diario21.tv\/noticias\/#website\",\"url\":\"https:\/\/www.diario21.tv\/noticias\/\",\"name\":\"Diario 21\",\"description\":\"\",\"potentialAction\":[{\"@type\":\"SearchAction\",\"target\":{\"@type\":\"EntryPoint\",\"urlTemplate\":\"https:\/\/www.diario21.tv\/noticias\/?s={search_term_string}\"},\"query-input\":{\"@type\":\"PropertyValueSpecification\",\"valueRequired\":true,\"valueName\":\"search_term_string\"}}],\"inLanguage\":\"es-AR\"},{\"@type\":\"Person\",\"@id\":\"https:\/\/www.diario21.tv\/noticias\/#\/schema\/person\/dfb778f73814d8f09f302618446a526b\",\"name\":\"Juan P\u00e9rez\",\"image\":{\"@type\":\"ImageObject\",\"inLanguage\":\"es-AR\",\"@id\":\"https:\/\/www.diario21.tv\/noticias\/#\/schema\/person\/image\/\",\"url\":\"https:\/\/secure.gravatar.com\/avatar\/c478a405bd10621167f4c3167cc770f5?s=96&d=mm&r=g\",\"contentUrl\":\"https:\/\/secure.gravatar.com\/avatar\/c478a405bd10621167f4c3167cc770f5?s=96&d=mm&r=g\",\"caption\":\"Juan P\u00e9rez\"},\"description\":\"Juan P\u00e9rez es el redactor en jefe de Diario 21. Con m\u00e1s de 10 a\u00f1os de experiencia en el periodismo, se especializa en pol\u00edtica nacional y an\u00e1lisis socioecon\u00f3mico. Su enfoque cr\u00edtico y riguroso aporta una perspectiva \u00fanica a cada art\u00edculo.\",\"sameAs\":[\"https:\/\/www.diario21.tv\/noticias\/\"],\"url\":\"https:\/\/www.diario21.tv\/noticias\/author\/juan-perez\/\"}]}<\/script>\n<!-- \/ Yoast SEO plugin. -->","yoast_head_json":{"title":"\u00a1Imperdible esta noche! La Superluna del Castor 2025 ilumina el cielo - Diario 21","robots":{"index":"index","follow":"follow","max-snippet":"max-snippet:-1","max-image-preview":"max-image-preview:large","max-video-preview":"max-video-preview:-1"},"canonical":"https:\/\/www.diario21.tv\/noticias\/imperdible-esta-noche-la-superluna-del-castor-2025-ilumina-el-cielo\/","og_locale":"es_ES","og_type":"article","og_title":"\u00a1Imperdible esta noche! La Superluna del Castor 2025 ilumina el cielo - Diario 21","og_description":"La Superluna del Castor de 2025: Un Espect\u00e1culo Celestial Nocturno Esta noche, los aficionados a la astronom\u00eda y el p\u00fablico en general tendr\u00e1n la oportunidad de ... Seguir leyendo &rarr;","og_url":"https:\/\/www.diario21.tv\/noticias\/imperdible-esta-noche-la-superluna-del-castor-2025-ilumina-el-cielo\/","og_site_name":"Diario 21","article_published_time":"2025-11-08T23:23:05+00:00","article_modified_time":"2025-11-08T23:23:07+00:00","og_image":[{"width":1200,"height":838,"url":"https:\/\/www.diario21.tv\/noticias\/wp-content\/uploads\/2025\/11\/\u00a1Imperdible-esta-noche-La-Superluna-del-Castor-2025-ilumina-el.jpg","type":"image\/jpeg"}],"author":"Juan P\u00e9rez","twitter_card":"summary_large_image","twitter_misc":{"Escrito por":"Juan P\u00e9rez","Tiempo de lectura":"3 minutos"},"schema":{"@context":"https:\/\/schema.org","@graph":[{"@type":"WebPage","@id":"https:\/\/www.diario21.tv\/noticias\/imperdible-esta-noche-la-superluna-del-castor-2025-ilumina-el-cielo\/","url":"https:\/\/www.diario21.tv\/noticias\/imperdible-esta-noche-la-superluna-del-castor-2025-ilumina-el-cielo\/","name":"\u00a1Imperdible esta noche! La Superluna del Castor 2025 ilumina el cielo - Diario 21","isPartOf":{"@id":"https:\/\/www.diario21.tv\/noticias\/#website"},"primaryImageOfPage":{"@id":"https:\/\/www.diario21.tv\/noticias\/imperdible-esta-noche-la-superluna-del-castor-2025-ilumina-el-cielo\/#primaryimage"},"image":{"@id":"https:\/\/www.diario21.tv\/noticias\/imperdible-esta-noche-la-superluna-del-castor-2025-ilumina-el-cielo\/#primaryimage"},"thumbnailUrl":"https:\/\/www.diario21.tv\/noticias\/wp-content\/uploads\/2025\/11\/\u00a1Imperdible-esta-noche-La-Superluna-del-Castor-2025-ilumina-el.jpg","datePublished":"2025-11-08T23:23:05+00:00","dateModified":"2025-11-08T23:23:07+00:00","author":{"@id":"https:\/\/www.diario21.tv\/noticias\/#\/schema\/person\/dfb778f73814d8f09f302618446a526b"},"breadcrumb":{"@id":"https:\/\/www.diario21.tv\/noticias\/imperdible-esta-noche-la-superluna-del-castor-2025-ilumina-el-cielo\/#breadcrumb"},"inLanguage":"es-AR","potentialAction":[{"@type":"ReadAction","target":["https:\/\/www.diario21.tv\/noticias\/imperdible-esta-noche-la-superluna-del-castor-2025-ilumina-el-cielo\/"]}]},{"@type":"ImageObject","inLanguage":"es-AR","@id":"https:\/\/www.diario21.tv\/noticias\/imperdible-esta-noche-la-superluna-del-castor-2025-ilumina-el-cielo\/#primaryimage","url":"https:\/\/www.diario21.tv\/noticias\/wp-content\/uploads\/2025\/11\/\u00a1Imperdible-esta-noche-La-Superluna-del-Castor-2025-ilumina-el.jpg","contentUrl":"https:\/\/www.diario21.tv\/noticias\/wp-content\/uploads\/2025\/11\/\u00a1Imperdible-esta-noche-La-Superluna-del-Castor-2025-ilumina-el.jpg","width":1200,"height":838,"caption":"La Superluna del Castor: el gran espect\u00e1culo lunar de 2025 que llega esta noche"},{"@type":"BreadcrumbList","@id":"https:\/\/www.diario21.tv\/noticias\/imperdible-esta-noche-la-superluna-del-castor-2025-ilumina-el-cielo\/#breadcrumb","itemListElement":[{"@type":"ListItem","position":1,"name":"Accueil","item":"https:\/\/www.diario21.tv\/noticias\/"},{"@type":"ListItem","position":2,"name":"\u00a1Imperdible esta noche! La Superluna del Castor 2025 ilumina el cielo"}]},{"@type":"WebSite","@id":"https:\/\/www.diario21.tv\/noticias\/#website","url":"https:\/\/www.diario21.tv\/noticias\/","name":"Diario 21","description":"","potentialAction":[{"@type":"SearchAction","target":{"@type":"EntryPoint","urlTemplate":"https:\/\/www.diario21.tv\/noticias\/?s={search_term_string}"},"query-input":{"@type":"PropertyValueSpecification","valueRequired":true,"valueName":"search_term_string"}}],"inLanguage":"es-AR"},{"@type":"Person","@id":"https:\/\/www.diario21.tv\/noticias\/#\/schema\/person\/dfb778f73814d8f09f302618446a526b","name":"Juan P\u00e9rez","image":{"@type":"ImageObject","inLanguage":"es-AR","@id":"https:\/\/www.diario21.tv\/noticias\/#\/schema\/person\/image\/","url":"https:\/\/secure.gravatar.com\/avatar\/c478a405bd10621167f4c3167cc770f5?s=96&d=mm&r=g","contentUrl":"https:\/\/secure.gravatar.com\/avatar\/c478a405bd10621167f4c3167cc770f5?s=96&d=mm&r=g","caption":"Juan P\u00e9rez"},"description":"Juan P\u00e9rez es el redactor en jefe de Diario 21. Con m\u00e1s de 10 a\u00f1os de experiencia en el periodismo, se especializa en pol\u00edtica nacional y an\u00e1lisis socioecon\u00f3mico. Su enfoque cr\u00edtico y riguroso aporta una perspectiva \u00fanica a cada art\u00edculo.","sameAs":["https:\/\/www.diario21.tv\/noticias\/"],"url":"https:\/\/www.diario21.tv\/noticias\/author\/juan-perez\/"}]}},"_links":{"self":[{"href":"https:\/\/www.diario21.tv\/noticias\/wp-json\/wp\/v2\/posts\/5124"}],"collection":[{"href":"https:\/\/www.diario21.tv\/noticias\/wp-json\/wp\/v2\/posts"}],"about":[{"href":"https:\/\/www.diario21.tv\/noticias\/wp-json\/wp\/v2\/types\/post"}],"author":[{"embeddable":true,"href":"https:\/\/www.diario21.tv\/noticias\/wp-json\/wp\/v2\/users\/20"}],"replies":[{"embeddable":true,"href":"https:\/\/www.diario21.tv\/noticias\/wp-json\/wp\/v2\/comments?post=5124"}],"version-history":[{"count":1,"href":"https:\/\/www.diario21.tv\/noticias\/wp-json\/wp\/v2\/posts\/5124\/revisions"}],"predecessor-version":[{"id":5126,"href":"https:\/\/www.diario21.tv\/noticias\/wp-json\/wp\/v2\/posts\/5124\/revisions\/5126"}],"wp:featuredmedia":[{"embeddable":true,"href":"https:\/\/www.diario21.tv\/noticias\/wp-json\/wp\/v2\/media\/5125"}],"wp:attachment":[{"href":"https:\/\/www.diario21.tv\/noticias\/wp-json\/wp\/v2\/media?parent=5124"}],"wp:term":[{"taxonomy":"category","embeddable":true,"href":"https:\/\/www.diario21.tv\/noticias\/wp-json\/wp\/v2\/categories?post=5124"},{"taxonomy":"post_tag","embeddable":true,"href":"https:\/\/www.diario21.tv\/noticias\/wp-json\/wp\/v2\/tags?post=5124"}],"curies":[{"name":"wp","href":"https:\/\/api.w.org\/{rel}","templated":true}]}}