{"id":5118,"date":"2025-11-08T11:18:54","date_gmt":"2025-11-08T11:18:54","guid":{"rendered":"https:\/\/www.diario21.tv\/noticias\/alerta-padres-consumo-de-tabaco-y-cannabis-en-adolescentes-alcanza-minimos-historicos\/"},"modified":"2025-11-08T11:18:55","modified_gmt":"2025-11-08T11:18:55","slug":"alerta-padres-consumo-de-tabaco-y-cannabis-en-adolescentes-alcanza-minimos-historicos","status":"publish","type":"post","link":"https:\/\/www.diario21.tv\/noticias\/alerta-padres-consumo-de-tabaco-y-cannabis-en-adolescentes-alcanza-minimos-historicos\/","title":{"rendered":"\u00a1Alerta padres! Consumo de tabaco y cannabis en adolescentes alcanza m\u00ednimos hist\u00f3ricos"},"content":{"rendered":"<h2>Descenso hist\u00f3rico en el uso de tabaco y cannabis entre los j\u00f3venes<\/h2>\n<p>En los \u00faltimos a\u00f1os, hemos sido testigos de una reducci\u00f3n significativa en el consumo de tabaco y cannabis entre la poblaci\u00f3n adolescente, alcanzando cifras que no se hab\u00edan visto en d\u00e9cadas. Este fen\u00f3meno ha capturado la atenci\u00f3n de expertos y autoridades sanitarias, quienes analizan las causas y consecuencias de tal tendencia.<\/p>\n<h3>Factores detr\u00e1s de la reducci\u00f3n<\/h3>\n<p>Varios elementos han contribuido a esta notable disminuci\u00f3n. En primer lugar, las campa\u00f1as de concienciaci\u00f3n sobre los riesgos asociados al consumo de tabaco y cannabis han tenido un mayor alcance y efectividad. Estas iniciativas, muchas veces respaldadas por investigaciones cient\u00edficas, han logrado calar en la conciencia de los j\u00f3venes, quienes cada vez m\u00e1s optan por estilos de vida saludables.<\/p>\n<p>Adem\u00e1s, las restricciones legales y las pol\u00edticas p\u00fablicas tambi\u00e9n han jugado un papel crucial. La edad legal para la compra de estos productos ha aumentado en muchos lugares, y se han implementado leyes m\u00e1s estrictas respecto al consumo en espacios p\u00fablicos. Esto no solo dificulta el acceso a estas sustancias, sino que tambi\u00e9n estigmatiza su uso entre los menores.<\/p>\n<h3>Impacto en la salud p\u00fablica<\/h3>\n<p>La disminuci\u00f3n en el consumo de tabaco y cannabis entre los adolescentes tiene implicaciones positivas para la salud p\u00fablica. Est\u00e1 bien documentado que el uso de estas sustancias puede tener efectos perjudiciales en el desarrollo f\u00edsico y mental de los j\u00f3venes. Por lo tanto, una reducci\u00f3n en su consumo puede traducirse en una mejora en la salud general de esta poblaci\u00f3n.<\/p>\n<p>Los sistemas de salud podr\u00edan, a largo plazo, experimentar una disminuci\u00f3n en la incidencia de enfermedades relacionadas con el tabaco y el cannabis. Adem\u00e1s, esto podr\u00eda llevar a una reducci\u00f3n en los costos de atenci\u00f3n m\u00e9dica asociados con el tratamiento de tales condiciones.<\/p>\n<h3>\u00bfContinuar\u00e1 esta tendencia?<\/h3>\n<p>Aunque los datos actuales son alentadores, los expertos se muestran cautelosos sobre si esta tendencia continuar\u00e1 en el futuro. El entorno social y cultural est\u00e1 en constante cambio, y factores como la presi\u00f3n de grupo, la publicidad y la disponibilidad de sustancias il\u00edcitas pueden influir de manera significativa en los patrones de consumo juvenil.<\/p>\n<p>Es esencial que las campa\u00f1as de prevenci\u00f3n sigan adapt\u00e1ndose a las nuevas realidades y tecnolog\u00edas para mantener su relevancia y eficacia. La educaci\u00f3n continua y el di\u00e1logo abierto entre j\u00f3venes, padres y educadores son clave para fortalecer la resiliencia de los adolescentes frente a las presiones de consumo.<\/p>\n<h3>Conclusi\u00f3n<\/h3>\n<p>El descenso en el consumo de tabaco y cannabis entre los adolescentes es una noticia positiva que refleja los esfuerzos combinados de la sociedad para proteger la salud de los j\u00f3venes. Sin embargo, es crucial continuar con las pol\u00edticas y estrategias que han demostrado ser eficaces, as\u00ed como permanecer vigilantes ante cualquier se\u00f1al de cambio en esta tendencia. Solo as\u00ed podremos asegurar un futuro m\u00e1s saludable para las pr\u00f3ximas generaciones.<\/p>\n\n\n<div class=\"kk-star-ratings kksr-auto kksr-align-left kksr-valign-bottom\"\n    data-payload='{&quot;align&quot;:&quot;left&quot;,&quot;id&quot;:&quot;5118&quot;,&quot;slug&quot;:&quot;default&quot;,&quot;valign&quot;:&quot;bottom&quot;,&quot;ignore&quot;:&quot;&quot;,&quot;reference&quot;:&quot;auto&quot;,&quot;class&quot;:&quot;&quot;,&quot;count&quot;:&quot;0&quot;,&quot;legendonly&quot;:&quot;&quot;,&quot;readonly&quot;:&quot;&quot;,&quot;score&quot;:&quot;0&quot;,&quot;starsonly&quot;:&quot;&quot;,&quot;best&quot;:&quot;5&quot;,&quot;gap&quot;:&quot;5&quot;,&quot;greet&quot;:&quot;Valora este post&quot;,&quot;legend&quot;:&quot;0\\\/5 - (0 votes)&quot;,&quot;size&quot;:&quot;22&quot;,&quot;title&quot;:&quot;\u00a1Alerta padres! Consumo de tabaco y cannabis en adolescentes alcanza m\u00ednimos hist\u00f3ricos&quot;,&quot;width&quot;:&quot;0&quot;,&quot;_legend&quot;:&quot;{score}\\\/{best} - ({count} {votes})&quot;,&quot;font_factor&quot;:&quot;1.25&quot;}'>\n            \n<div class=\"kksr-stars\">\n    \n<div class=\"kksr-stars-inactive\">\n            <div class=\"kksr-star\" data-star=\"1\" style=\"padding-right: 5px\">\n            \n\n<div class=\"kksr-icon\" style=\"width: 22px; height: 22px;\"><\/div>\n        <\/div>\n            <div class=\"kksr-star\" data-star=\"2\" style=\"padding-right: 5px\">\n            \n\n<div class=\"kksr-icon\" style=\"width: 22px; height: 22px;\"><\/div>\n        <\/div>\n            <div class=\"kksr-star\" data-star=\"3\" style=\"padding-right: 5px\">\n            \n\n<div class=\"kksr-icon\" style=\"width: 22px; height: 22px;\"><\/div>\n        <\/div>\n            <div class=\"kksr-star\" data-star=\"4\" style=\"padding-right: 5px\">\n            \n\n<div class=\"kksr-icon\" style=\"width: 22px; height: 22px;\"><\/div>\n        <\/div>\n            <div class=\"kksr-star\" data-star=\"5\" style=\"padding-right: 5px\">\n            \n\n<div class=\"kksr-icon\" style=\"width: 22px; height: 22px;\"><\/div>\n        <\/div>\n    <\/div>\n    \n<div class=\"kksr-stars-active\" style=\"width: 0px;\">\n            <div class=\"kksr-star\" style=\"padding-right: 5px\">\n            \n\n<div class=\"kksr-icon\" style=\"width: 22px; height: 22px;\"><\/div>\n        <\/div>\n            <div class=\"kksr-star\" style=\"padding-right: 5px\">\n            \n\n<div class=\"kksr-icon\" style=\"width: 22px; height: 22px;\"><\/div>\n        <\/div>\n            <div class=\"kksr-star\" style=\"padding-right: 5px\">\n            \n\n<div class=\"kksr-icon\" style=\"width: 22px; height: 22px;\"><\/div>\n        <\/div>\n            <div class=\"kksr-star\" style=\"padding-right: 5px\">\n            \n\n<div class=\"kksr-icon\" style=\"width: 22px; height: 22px;\"><\/div>\n        <\/div>\n            <div class=\"kksr-star\" style=\"padding-right: 5px\">\n            \n\n<div class=\"kksr-icon\" style=\"width: 22px; height: 22px;\"><\/div>\n        <\/div>\n    <\/div>\n<\/div>\n                \n\n<div class=\"kksr-legend\" style=\"font-size: 17.6px;\">\n            <span class=\"kksr-muted\">Valora este post<\/span>\n    <\/div>\n    <\/div>\n","protected":false},"excerpt":{"rendered":"<p>Descenso hist\u00f3rico en el uso de tabaco y cannabis entre los j\u00f3venes En los \u00faltimos a\u00f1os, hemos sido testigos de una reducci\u00f3n significativa en el consumo &#8230; <a title=\"\u00a1Alerta padres! Consumo de tabaco y cannabis en adolescentes alcanza m\u00ednimos hist\u00f3ricos\" class=\"read-more\" href=\"https:\/\/www.diario21.tv\/noticias\/alerta-padres-consumo-de-tabaco-y-cannabis-en-adolescentes-alcanza-minimos-historicos\/\" aria-label=\"Leer m\u00e1s sobre \u00a1Alerta padres! Consumo de tabaco y cannabis en adolescentes alcanza m\u00ednimos hist\u00f3ricos\">Seguir leyendo &rarr;<\/a><\/p>\n","protected":false},"author":20,"featured_media":5119,"comment_status":"open","ping_status":"open","sticky":false,"template":"","format":"standard","meta":{"footnotes":""},"categories":[13],"tags":[],"class_list":["post-5118","post","type-post","status-publish","format-standard","has-post-thumbnail","hentry","category-portada"],"yoast_head":"<!-- This site is optimized with the Yoast SEO plugin v25.6 - https:\/\/yoast.com\/wordpress\/plugins\/seo\/ -->\n<title>\u00a1Alerta padres! Consumo de tabaco y cannabis en adolescentes alcanza m\u00ednimos hist\u00f3ricos - Diario 21<\/title>\n<meta name=\"robots\" content=\"index, follow, max-snippet:-1, max-image-preview:large, max-video-preview:-1\" \/>\n<link rel=\"canonical\" href=\"https:\/\/www.diario21.tv\/noticias\/alerta-padres-consumo-de-tabaco-y-cannabis-en-adolescentes-alcanza-minimos-historicos\/\" \/>\n<meta property=\"og:locale\" content=\"es_ES\" \/>\n<meta property=\"og:type\" content=\"article\" \/>\n<meta property=\"og:title\" content=\"\u00a1Alerta padres! Consumo de tabaco y cannabis en adolescentes alcanza m\u00ednimos hist\u00f3ricos - Diario 21\" \/>\n<meta property=\"og:description\" content=\"Descenso hist\u00f3rico en el uso de tabaco y cannabis entre los j\u00f3venes En los \u00faltimos a\u00f1os, hemos sido testigos de una reducci\u00f3n significativa en el consumo ... Seguir leyendo &rarr;\" \/>\n<meta property=\"og:url\" content=\"https:\/\/www.diario21.tv\/noticias\/alerta-padres-consumo-de-tabaco-y-cannabis-en-adolescentes-alcanza-minimos-historicos\/\" \/>\n<meta property=\"og:site_name\" content=\"Diario 21\" \/>\n<meta property=\"article:published_time\" content=\"2025-11-08T11:18:54+00:00\" \/>\n<meta property=\"article:modified_time\" content=\"2025-11-08T11:18:55+00:00\" \/>\n<meta property=\"og:image\" content=\"https:\/\/www.diario21.tv\/noticias\/wp-content\/uploads\/2025\/11\/\u00a1Alerta-padres-Consumo-de-tabaco-y-cannabis-en-adolescentes-alcanza.JPEG\" \/>\n\t<meta property=\"og:image:width\" content=\"1200\" \/>\n\t<meta property=\"og:image:height\" content=\"840\" \/>\n\t<meta property=\"og:image:type\" content=\"image\/jpeg\" \/>\n<meta name=\"author\" content=\"Juan P\u00e9rez\" \/>\n<meta name=\"twitter:card\" content=\"summary_large_image\" \/>\n<meta name=\"twitter:label1\" content=\"Escrito por\" \/>\n\t<meta name=\"twitter:data1\" content=\"Juan P\u00e9rez\" \/>\n\t<meta name=\"twitter:label2\" content=\"Tiempo de lectura\" \/>\n\t<meta name=\"twitter:data2\" content=\"3 minutos\" \/>\n<script type=\"application\/ld+json\" class=\"yoast-schema-graph\">{\"@context\":\"https:\/\/schema.org\",\"@graph\":[{\"@type\":\"WebPage\",\"@id\":\"https:\/\/www.diario21.tv\/noticias\/alerta-padres-consumo-de-tabaco-y-cannabis-en-adolescentes-alcanza-minimos-historicos\/\",\"url\":\"https:\/\/www.diario21.tv\/noticias\/alerta-padres-consumo-de-tabaco-y-cannabis-en-adolescentes-alcanza-minimos-historicos\/\",\"name\":\"\u00a1Alerta padres! Consumo de tabaco y cannabis en adolescentes alcanza m\u00ednimos hist\u00f3ricos - Diario 21\",\"isPartOf\":{\"@id\":\"https:\/\/www.diario21.tv\/noticias\/#website\"},\"primaryImageOfPage\":{\"@id\":\"https:\/\/www.diario21.tv\/noticias\/alerta-padres-consumo-de-tabaco-y-cannabis-en-adolescentes-alcanza-minimos-historicos\/#primaryimage\"},\"image\":{\"@id\":\"https:\/\/www.diario21.tv\/noticias\/alerta-padres-consumo-de-tabaco-y-cannabis-en-adolescentes-alcanza-minimos-historicos\/#primaryimage\"},\"thumbnailUrl\":\"https:\/\/www.diario21.tv\/noticias\/wp-content\/uploads\/2025\/11\/\u00a1Alerta-padres-Consumo-de-tabaco-y-cannabis-en-adolescentes-alcanza.JPEG\",\"datePublished\":\"2025-11-08T11:18:54+00:00\",\"dateModified\":\"2025-11-08T11:18:55+00:00\",\"author\":{\"@id\":\"https:\/\/www.diario21.tv\/noticias\/#\/schema\/person\/dfb778f73814d8f09f302618446a526b\"},\"breadcrumb\":{\"@id\":\"https:\/\/www.diario21.tv\/noticias\/alerta-padres-consumo-de-tabaco-y-cannabis-en-adolescentes-alcanza-minimos-historicos\/#breadcrumb\"},\"inLanguage\":\"es-AR\",\"potentialAction\":[{\"@type\":\"ReadAction\",\"target\":[\"https:\/\/www.diario21.tv\/noticias\/alerta-padres-consumo-de-tabaco-y-cannabis-en-adolescentes-alcanza-minimos-historicos\/\"]}]},{\"@type\":\"ImageObject\",\"inLanguage\":\"es-AR\",\"@id\":\"https:\/\/www.diario21.tv\/noticias\/alerta-padres-consumo-de-tabaco-y-cannabis-en-adolescentes-alcanza-minimos-historicos\/#primaryimage\",\"url\":\"https:\/\/www.diario21.tv\/noticias\/wp-content\/uploads\/2025\/11\/\u00a1Alerta-padres-Consumo-de-tabaco-y-cannabis-en-adolescentes-alcanza.JPEG\",\"contentUrl\":\"https:\/\/www.diario21.tv\/noticias\/wp-content\/uploads\/2025\/11\/\u00a1Alerta-padres-Consumo-de-tabaco-y-cannabis-en-adolescentes-alcanza.JPEG\",\"width\":1200,\"height\":840,\"caption\":\"El consumo de tabaco y cannabis entre adolescentes est\u00e1 en m\u00ednimos hist\u00f3ricos\"},{\"@type\":\"BreadcrumbList\",\"@id\":\"https:\/\/www.diario21.tv\/noticias\/alerta-padres-consumo-de-tabaco-y-cannabis-en-adolescentes-alcanza-minimos-historicos\/#breadcrumb\",\"itemListElement\":[{\"@type\":\"ListItem\",\"position\":1,\"name\":\"Accueil\",\"item\":\"https:\/\/www.diario21.tv\/noticias\/\"},{\"@type\":\"ListItem\",\"position\":2,\"name\":\"\u00a1Alerta padres! Consumo de tabaco y cannabis en adolescentes alcanza m\u00ednimos hist\u00f3ricos\"}]},{\"@type\":\"WebSite\",\"@id\":\"https:\/\/www.diario21.tv\/noticias\/#website\",\"url\":\"https:\/\/www.diario21.tv\/noticias\/\",\"name\":\"Diario 21\",\"description\":\"\",\"potentialAction\":[{\"@type\":\"SearchAction\",\"target\":{\"@type\":\"EntryPoint\",\"urlTemplate\":\"https:\/\/www.diario21.tv\/noticias\/?s={search_term_string}\"},\"query-input\":{\"@type\":\"PropertyValueSpecification\",\"valueRequired\":true,\"valueName\":\"search_term_string\"}}],\"inLanguage\":\"es-AR\"},{\"@type\":\"Person\",\"@id\":\"https:\/\/www.diario21.tv\/noticias\/#\/schema\/person\/dfb778f73814d8f09f302618446a526b\",\"name\":\"Juan P\u00e9rez\",\"image\":{\"@type\":\"ImageObject\",\"inLanguage\":\"es-AR\",\"@id\":\"https:\/\/www.diario21.tv\/noticias\/#\/schema\/person\/image\/\",\"url\":\"https:\/\/secure.gravatar.com\/avatar\/c478a405bd10621167f4c3167cc770f5?s=96&d=mm&r=g\",\"contentUrl\":\"https:\/\/secure.gravatar.com\/avatar\/c478a405bd10621167f4c3167cc770f5?s=96&d=mm&r=g\",\"caption\":\"Juan P\u00e9rez\"},\"description\":\"Juan P\u00e9rez es el redactor en jefe de Diario 21. Con m\u00e1s de 10 a\u00f1os de experiencia en el periodismo, se especializa en pol\u00edtica nacional y an\u00e1lisis socioecon\u00f3mico. Su enfoque cr\u00edtico y riguroso aporta una perspectiva \u00fanica a cada art\u00edculo.\",\"sameAs\":[\"https:\/\/www.diario21.tv\/noticias\/\"],\"url\":\"https:\/\/www.diario21.tv\/noticias\/author\/juan-perez\/\"}]}<\/script>\n<!-- \/ Yoast SEO plugin. -->","yoast_head_json":{"title":"\u00a1Alerta padres! Consumo de tabaco y cannabis en adolescentes alcanza m\u00ednimos hist\u00f3ricos - Diario 21","robots":{"index":"index","follow":"follow","max-snippet":"max-snippet:-1","max-image-preview":"max-image-preview:large","max-video-preview":"max-video-preview:-1"},"canonical":"https:\/\/www.diario21.tv\/noticias\/alerta-padres-consumo-de-tabaco-y-cannabis-en-adolescentes-alcanza-minimos-historicos\/","og_locale":"es_ES","og_type":"article","og_title":"\u00a1Alerta padres! Consumo de tabaco y cannabis en adolescentes alcanza m\u00ednimos hist\u00f3ricos - Diario 21","og_description":"Descenso hist\u00f3rico en el uso de tabaco y cannabis entre los j\u00f3venes En los \u00faltimos a\u00f1os, hemos sido testigos de una reducci\u00f3n significativa en el consumo ... Seguir leyendo &rarr;","og_url":"https:\/\/www.diario21.tv\/noticias\/alerta-padres-consumo-de-tabaco-y-cannabis-en-adolescentes-alcanza-minimos-historicos\/","og_site_name":"Diario 21","article_published_time":"2025-11-08T11:18:54+00:00","article_modified_time":"2025-11-08T11:18:55+00:00","og_image":[{"width":1200,"height":840,"url":"https:\/\/www.diario21.tv\/noticias\/wp-content\/uploads\/2025\/11\/\u00a1Alerta-padres-Consumo-de-tabaco-y-cannabis-en-adolescentes-alcanza.JPEG","type":"image\/jpeg"}],"author":"Juan P\u00e9rez","twitter_card":"summary_large_image","twitter_misc":{"Escrito por":"Juan P\u00e9rez","Tiempo de lectura":"3 minutos"},"schema":{"@context":"https:\/\/schema.org","@graph":[{"@type":"WebPage","@id":"https:\/\/www.diario21.tv\/noticias\/alerta-padres-consumo-de-tabaco-y-cannabis-en-adolescentes-alcanza-minimos-historicos\/","url":"https:\/\/www.diario21.tv\/noticias\/alerta-padres-consumo-de-tabaco-y-cannabis-en-adolescentes-alcanza-minimos-historicos\/","name":"\u00a1Alerta padres! Consumo de tabaco y cannabis en adolescentes alcanza m\u00ednimos hist\u00f3ricos - Diario 21","isPartOf":{"@id":"https:\/\/www.diario21.tv\/noticias\/#website"},"primaryImageOfPage":{"@id":"https:\/\/www.diario21.tv\/noticias\/alerta-padres-consumo-de-tabaco-y-cannabis-en-adolescentes-alcanza-minimos-historicos\/#primaryimage"},"image":{"@id":"https:\/\/www.diario21.tv\/noticias\/alerta-padres-consumo-de-tabaco-y-cannabis-en-adolescentes-alcanza-minimos-historicos\/#primaryimage"},"thumbnailUrl":"https:\/\/www.diario21.tv\/noticias\/wp-content\/uploads\/2025\/11\/\u00a1Alerta-padres-Consumo-de-tabaco-y-cannabis-en-adolescentes-alcanza.JPEG","datePublished":"2025-11-08T11:18:54+00:00","dateModified":"2025-11-08T11:18:55+00:00","author":{"@id":"https:\/\/www.diario21.tv\/noticias\/#\/schema\/person\/dfb778f73814d8f09f302618446a526b"},"breadcrumb":{"@id":"https:\/\/www.diario21.tv\/noticias\/alerta-padres-consumo-de-tabaco-y-cannabis-en-adolescentes-alcanza-minimos-historicos\/#breadcrumb"},"inLanguage":"es-AR","potentialAction":[{"@type":"ReadAction","target":["https:\/\/www.diario21.tv\/noticias\/alerta-padres-consumo-de-tabaco-y-cannabis-en-adolescentes-alcanza-minimos-historicos\/"]}]},{"@type":"ImageObject","inLanguage":"es-AR","@id":"https:\/\/www.diario21.tv\/noticias\/alerta-padres-consumo-de-tabaco-y-cannabis-en-adolescentes-alcanza-minimos-historicos\/#primaryimage","url":"https:\/\/www.diario21.tv\/noticias\/wp-content\/uploads\/2025\/11\/\u00a1Alerta-padres-Consumo-de-tabaco-y-cannabis-en-adolescentes-alcanza.JPEG","contentUrl":"https:\/\/www.diario21.tv\/noticias\/wp-content\/uploads\/2025\/11\/\u00a1Alerta-padres-Consumo-de-tabaco-y-cannabis-en-adolescentes-alcanza.JPEG","width":1200,"height":840,"caption":"El consumo de tabaco y cannabis entre adolescentes est\u00e1 en m\u00ednimos hist\u00f3ricos"},{"@type":"BreadcrumbList","@id":"https:\/\/www.diario21.tv\/noticias\/alerta-padres-consumo-de-tabaco-y-cannabis-en-adolescentes-alcanza-minimos-historicos\/#breadcrumb","itemListElement":[{"@type":"ListItem","position":1,"name":"Accueil","item":"https:\/\/www.diario21.tv\/noticias\/"},{"@type":"ListItem","position":2,"name":"\u00a1Alerta padres! Consumo de tabaco y cannabis en adolescentes alcanza m\u00ednimos hist\u00f3ricos"}]},{"@type":"WebSite","@id":"https:\/\/www.diario21.tv\/noticias\/#website","url":"https:\/\/www.diario21.tv\/noticias\/","name":"Diario 21","description":"","potentialAction":[{"@type":"SearchAction","target":{"@type":"EntryPoint","urlTemplate":"https:\/\/www.diario21.tv\/noticias\/?s={search_term_string}"},"query-input":{"@type":"PropertyValueSpecification","valueRequired":true,"valueName":"search_term_string"}}],"inLanguage":"es-AR"},{"@type":"Person","@id":"https:\/\/www.diario21.tv\/noticias\/#\/schema\/person\/dfb778f73814d8f09f302618446a526b","name":"Juan P\u00e9rez","image":{"@type":"ImageObject","inLanguage":"es-AR","@id":"https:\/\/www.diario21.tv\/noticias\/#\/schema\/person\/image\/","url":"https:\/\/secure.gravatar.com\/avatar\/c478a405bd10621167f4c3167cc770f5?s=96&d=mm&r=g","contentUrl":"https:\/\/secure.gravatar.com\/avatar\/c478a405bd10621167f4c3167cc770f5?s=96&d=mm&r=g","caption":"Juan P\u00e9rez"},"description":"Juan P\u00e9rez es el redactor en jefe de Diario 21. Con m\u00e1s de 10 a\u00f1os de experiencia en el periodismo, se especializa en pol\u00edtica nacional y an\u00e1lisis socioecon\u00f3mico. Su enfoque cr\u00edtico y riguroso aporta una perspectiva \u00fanica a cada art\u00edculo.","sameAs":["https:\/\/www.diario21.tv\/noticias\/"],"url":"https:\/\/www.diario21.tv\/noticias\/author\/juan-perez\/"}]}},"_links":{"self":[{"href":"https:\/\/www.diario21.tv\/noticias\/wp-json\/wp\/v2\/posts\/5118"}],"collection":[{"href":"https:\/\/www.diario21.tv\/noticias\/wp-json\/wp\/v2\/posts"}],"about":[{"href":"https:\/\/www.diario21.tv\/noticias\/wp-json\/wp\/v2\/types\/post"}],"author":[{"embeddable":true,"href":"https:\/\/www.diario21.tv\/noticias\/wp-json\/wp\/v2\/users\/20"}],"replies":[{"embeddable":true,"href":"https:\/\/www.diario21.tv\/noticias\/wp-json\/wp\/v2\/comments?post=5118"}],"version-history":[{"count":1,"href":"https:\/\/www.diario21.tv\/noticias\/wp-json\/wp\/v2\/posts\/5118\/revisions"}],"predecessor-version":[{"id":5120,"href":"https:\/\/www.diario21.tv\/noticias\/wp-json\/wp\/v2\/posts\/5118\/revisions\/5120"}],"wp:featuredmedia":[{"embeddable":true,"href":"https:\/\/www.diario21.tv\/noticias\/wp-json\/wp\/v2\/media\/5119"}],"wp:attachment":[{"href":"https:\/\/www.diario21.tv\/noticias\/wp-json\/wp\/v2\/media?parent=5118"}],"wp:term":[{"taxonomy":"category","embeddable":true,"href":"https:\/\/www.diario21.tv\/noticias\/wp-json\/wp\/v2\/categories?post=5118"},{"taxonomy":"post_tag","embeddable":true,"href":"https:\/\/www.diario21.tv\/noticias\/wp-json\/wp\/v2\/tags?post=5118"}],"curies":[{"name":"wp","href":"https:\/\/api.w.org\/{rel}","templated":true}]}}