{"id":5115,"date":"2025-11-08T05:17:55","date_gmt":"2025-11-08T05:17:55","guid":{"rendered":"https:\/\/www.diario21.tv\/noticias\/condena-ejemplar-masajista-de-guipuzcoa-recibe-26-anos-de-carcel-por-agresion-sexual-a-menores\/"},"modified":"2025-11-08T05:17:56","modified_gmt":"2025-11-08T05:17:56","slug":"condena-ejemplar-masajista-de-guipuzcoa-recibe-26-anos-de-carcel-por-agresion-sexual-a-menores","status":"publish","type":"post","link":"https:\/\/www.diario21.tv\/noticias\/condena-ejemplar-masajista-de-guipuzcoa-recibe-26-anos-de-carcel-por-agresion-sexual-a-menores\/","title":{"rendered":"\u00a1Condena ejemplar! Masajista de Guip\u00fazcoa recibe 26 a\u00f1os de c\u00e1rcel por agresi\u00f3n sexual a menores"},"content":{"rendered":"<h2>Un masajista en Guip\u00fazcoa es sentenciado a 26 a\u00f1os de prisi\u00f3n por abusos sexuales a menores<\/h2>\n<p>En un reciente fallo judicial, un masajista de la provincia de Guip\u00fazcoa ha sido condenado a un total de 26 a\u00f1os de c\u00e1rcel despu\u00e9s de ser encontrado culpable de cometer agresiones sexuales contra tres j\u00f3venes menores de edad. Este caso ha generado una considerable alarma social en la comunidad, dada la gravedad de los hechos y la vulnerabilidad de las v\u00edctimas involucradas.<\/p>\n<h3>Detalles del caso<\/h3>\n<p>Seg\u00fan la informaci\u00f3n proporcionada por las autoridades judiciales, las agresiones se llevaron a cabo en diferentes ocasiones, aprovechando las sesiones de masaje durante las cuales el acusado estaba a solas con las v\u00edctimas. Las menores afectadas, todas ellas por debajo de los 18 a\u00f1os de edad, fueron sometidas a diversos actos indebidos por parte del masajista, quien abus\u00f3 de su posici\u00f3n de confianza y autoridad.<\/p>\n<h3>La investigaci\u00f3n y el juicio<\/h3>\n<p>La investigaci\u00f3n del caso comenz\u00f3 cuando una de las v\u00edctimas decidi\u00f3 romper el silencio y denunciar los hechos ante las autoridades. Esto llev\u00f3 a un exhaustivo proceso de recolecci\u00f3n de pruebas, incluyendo testimonios de las v\u00edctimas, an\u00e1lisis forenses y revisi\u00f3n de las circunstancias de cada encuentro. Durante el juicio, que se llev\u00f3 a cabo bajo estrictas medidas de seguridad, se presentaron evidencias contundentes que apoyaron los relatos de las j\u00f3venes, culminando en la condena del acusado.<\/p>\n<h3>Reacciones y consecuencias<\/h3>\n<p>La sentencia ha sido recibida con sentimientos encontrados en la comunidad. Por un lado, hay un sentido de alivio por el hecho de que se haya hecho justicia y se haya reconocido el sufrimiento de las v\u00edctimas. Por otro lado, persiste una profunda preocupaci\u00f3n por la seguridad de los menores en entornos supuestamente seguros, como lo son las consultas de profesionales de la salud y bienestar.<\/p>\n<p>El tribunal, adem\u00e1s de dictar la sentencia de prisi\u00f3n, ha impuesto al condenado la obligaci\u00f3n de mantenerse alejado de las v\u00edctimas por un periodo no menor a 30 a\u00f1os tras su liberaci\u00f3n, y la prohibici\u00f3n de ejercer cualquier actividad profesional que implique un contacto directo con menores.<\/p>\n<h3>Impacto en la comunidad y medidas preventivas<\/h3>\n<p>Este caso ha impulsado un debate sobre la necesidad de implementar medidas m\u00e1s estrictas para la protecci\u00f3n de los menores en todos los \u00e1mbitos profesionales. Organizaciones locales y nacionales est\u00e1n revisando sus protocolos de seguridad y formaci\u00f3n, especialmente en \u00e1reas que involucran el cuidado y la atenci\u00f3n directa a ni\u00f1os y adolescentes.<\/p>\n<p>A nivel local, en Guip\u00fazcoa, se est\u00e1n llevando a cabo talleres y seminarios con el fin de educar a los profesionales sobre la importancia del respeto a la integridad f\u00edsica y emocional de todos sus pacientes, especialmente los m\u00e1s j\u00f3venes y vulnerables.<\/p>\n<p>Este lamentable suceso ha dejado una marca indeleble en la comunidad, recordando a todos la importancia de estar vigilantes y activos en la protecci\u00f3n de los derechos y la seguridad de los ni\u00f1os y adolescentes.<\/p>\n\n\n<div class=\"kk-star-ratings kksr-auto kksr-align-left kksr-valign-bottom\"\n    data-payload='{&quot;align&quot;:&quot;left&quot;,&quot;id&quot;:&quot;5115&quot;,&quot;slug&quot;:&quot;default&quot;,&quot;valign&quot;:&quot;bottom&quot;,&quot;ignore&quot;:&quot;&quot;,&quot;reference&quot;:&quot;auto&quot;,&quot;class&quot;:&quot;&quot;,&quot;count&quot;:&quot;0&quot;,&quot;legendonly&quot;:&quot;&quot;,&quot;readonly&quot;:&quot;&quot;,&quot;score&quot;:&quot;0&quot;,&quot;starsonly&quot;:&quot;&quot;,&quot;best&quot;:&quot;5&quot;,&quot;gap&quot;:&quot;5&quot;,&quot;greet&quot;:&quot;Valora este post&quot;,&quot;legend&quot;:&quot;0\\\/5 - (0 votes)&quot;,&quot;size&quot;:&quot;22&quot;,&quot;title&quot;:&quot;\u00a1Condena ejemplar! Masajista de Guip\u00fazcoa recibe 26 a\u00f1os de c\u00e1rcel por agresi\u00f3n sexual a menores&quot;,&quot;width&quot;:&quot;0&quot;,&quot;_legend&quot;:&quot;{score}\\\/{best} - ({count} {votes})&quot;,&quot;font_factor&quot;:&quot;1.25&quot;}'>\n            \n<div class=\"kksr-stars\">\n    \n<div class=\"kksr-stars-inactive\">\n            <div class=\"kksr-star\" data-star=\"1\" style=\"padding-right: 5px\">\n            \n\n<div class=\"kksr-icon\" style=\"width: 22px; height: 22px;\"><\/div>\n        <\/div>\n            <div class=\"kksr-star\" data-star=\"2\" style=\"padding-right: 5px\">\n            \n\n<div class=\"kksr-icon\" style=\"width: 22px; height: 22px;\"><\/div>\n        <\/div>\n            <div class=\"kksr-star\" data-star=\"3\" style=\"padding-right: 5px\">\n            \n\n<div class=\"kksr-icon\" style=\"width: 22px; height: 22px;\"><\/div>\n        <\/div>\n            <div class=\"kksr-star\" data-star=\"4\" style=\"padding-right: 5px\">\n            \n\n<div class=\"kksr-icon\" style=\"width: 22px; height: 22px;\"><\/div>\n        <\/div>\n            <div class=\"kksr-star\" data-star=\"5\" style=\"padding-right: 5px\">\n            \n\n<div class=\"kksr-icon\" style=\"width: 22px; height: 22px;\"><\/div>\n        <\/div>\n    <\/div>\n    \n<div class=\"kksr-stars-active\" style=\"width: 0px;\">\n            <div class=\"kksr-star\" style=\"padding-right: 5px\">\n            \n\n<div class=\"kksr-icon\" style=\"width: 22px; height: 22px;\"><\/div>\n        <\/div>\n            <div class=\"kksr-star\" style=\"padding-right: 5px\">\n            \n\n<div class=\"kksr-icon\" style=\"width: 22px; height: 22px;\"><\/div>\n        <\/div>\n            <div class=\"kksr-star\" style=\"padding-right: 5px\">\n            \n\n<div class=\"kksr-icon\" style=\"width: 22px; height: 22px;\"><\/div>\n        <\/div>\n            <div class=\"kksr-star\" style=\"padding-right: 5px\">\n            \n\n<div class=\"kksr-icon\" style=\"width: 22px; height: 22px;\"><\/div>\n        <\/div>\n            <div class=\"kksr-star\" style=\"padding-right: 5px\">\n            \n\n<div class=\"kksr-icon\" style=\"width: 22px; height: 22px;\"><\/div>\n        <\/div>\n    <\/div>\n<\/div>\n                \n\n<div class=\"kksr-legend\" style=\"font-size: 17.6px;\">\n            <span class=\"kksr-muted\">Valora este post<\/span>\n    <\/div>\n    <\/div>\n","protected":false},"excerpt":{"rendered":"<p>Un masajista en Guip\u00fazcoa es sentenciado a 26 a\u00f1os de prisi\u00f3n por abusos sexuales a menores En un reciente fallo judicial, un masajista de la provincia &#8230; <a title=\"\u00a1Condena ejemplar! Masajista de Guip\u00fazcoa recibe 26 a\u00f1os de c\u00e1rcel por agresi\u00f3n sexual a menores\" class=\"read-more\" href=\"https:\/\/www.diario21.tv\/noticias\/condena-ejemplar-masajista-de-guipuzcoa-recibe-26-anos-de-carcel-por-agresion-sexual-a-menores\/\" aria-label=\"Leer m\u00e1s sobre \u00a1Condena ejemplar! Masajista de Guip\u00fazcoa recibe 26 a\u00f1os de c\u00e1rcel por agresi\u00f3n sexual a menores\">Seguir leyendo &rarr;<\/a><\/p>\n","protected":false},"author":20,"featured_media":5116,"comment_status":"open","ping_status":"open","sticky":false,"template":"","format":"standard","meta":{"footnotes":""},"categories":[13],"tags":[],"class_list":["post-5115","post","type-post","status-publish","format-standard","has-post-thumbnail","hentry","category-portada"],"yoast_head":"<!-- This site is optimized with the Yoast SEO plugin v25.6 - https:\/\/yoast.com\/wordpress\/plugins\/seo\/ -->\n<title>\u00a1Condena ejemplar! Masajista de Guip\u00fazcoa recibe 26 a\u00f1os de c\u00e1rcel por agresi\u00f3n sexual a menores - Diario 21<\/title>\n<meta name=\"robots\" content=\"index, follow, max-snippet:-1, max-image-preview:large, max-video-preview:-1\" \/>\n<link rel=\"canonical\" href=\"https:\/\/www.diario21.tv\/noticias\/condena-ejemplar-masajista-de-guipuzcoa-recibe-26-anos-de-carcel-por-agresion-sexual-a-menores\/\" \/>\n<meta property=\"og:locale\" content=\"es_ES\" \/>\n<meta property=\"og:type\" content=\"article\" \/>\n<meta property=\"og:title\" content=\"\u00a1Condena ejemplar! Masajista de Guip\u00fazcoa recibe 26 a\u00f1os de c\u00e1rcel por agresi\u00f3n sexual a menores - Diario 21\" \/>\n<meta property=\"og:description\" content=\"Un masajista en Guip\u00fazcoa es sentenciado a 26 a\u00f1os de prisi\u00f3n por abusos sexuales a menores En un reciente fallo judicial, un masajista de la provincia ... Seguir leyendo &rarr;\" \/>\n<meta property=\"og:url\" content=\"https:\/\/www.diario21.tv\/noticias\/condena-ejemplar-masajista-de-guipuzcoa-recibe-26-anos-de-carcel-por-agresion-sexual-a-menores\/\" \/>\n<meta property=\"og:site_name\" content=\"Diario 21\" \/>\n<meta property=\"article:published_time\" content=\"2025-11-08T05:17:55+00:00\" \/>\n<meta property=\"article:modified_time\" content=\"2025-11-08T05:17:56+00:00\" \/>\n<meta property=\"og:image\" content=\"https:\/\/www.diario21.tv\/noticias\/wp-content\/uploads\/2025\/11\/\u00a1Condena-ejemplar-Masajista-de-Guipuzcoa-recibe-26-anos-de-carcel.jpg\" \/>\n\t<meta property=\"og:image:width\" content=\"1200\" \/>\n\t<meta property=\"og:image:height\" content=\"840\" \/>\n\t<meta property=\"og:image:type\" content=\"image\/jpeg\" \/>\n<meta name=\"author\" content=\"Juan P\u00e9rez\" \/>\n<meta name=\"twitter:card\" content=\"summary_large_image\" \/>\n<meta name=\"twitter:label1\" content=\"Escrito por\" \/>\n\t<meta name=\"twitter:data1\" content=\"Juan P\u00e9rez\" \/>\n\t<meta name=\"twitter:label2\" content=\"Tiempo de lectura\" \/>\n\t<meta name=\"twitter:data2\" content=\"3 minutos\" \/>\n<script type=\"application\/ld+json\" class=\"yoast-schema-graph\">{\"@context\":\"https:\/\/schema.org\",\"@graph\":[{\"@type\":\"WebPage\",\"@id\":\"https:\/\/www.diario21.tv\/noticias\/condena-ejemplar-masajista-de-guipuzcoa-recibe-26-anos-de-carcel-por-agresion-sexual-a-menores\/\",\"url\":\"https:\/\/www.diario21.tv\/noticias\/condena-ejemplar-masajista-de-guipuzcoa-recibe-26-anos-de-carcel-por-agresion-sexual-a-menores\/\",\"name\":\"\u00a1Condena ejemplar! Masajista de Guip\u00fazcoa recibe 26 a\u00f1os de c\u00e1rcel por agresi\u00f3n sexual a menores - Diario 21\",\"isPartOf\":{\"@id\":\"https:\/\/www.diario21.tv\/noticias\/#website\"},\"primaryImageOfPage\":{\"@id\":\"https:\/\/www.diario21.tv\/noticias\/condena-ejemplar-masajista-de-guipuzcoa-recibe-26-anos-de-carcel-por-agresion-sexual-a-menores\/#primaryimage\"},\"image\":{\"@id\":\"https:\/\/www.diario21.tv\/noticias\/condena-ejemplar-masajista-de-guipuzcoa-recibe-26-anos-de-carcel-por-agresion-sexual-a-menores\/#primaryimage\"},\"thumbnailUrl\":\"https:\/\/www.diario21.tv\/noticias\/wp-content\/uploads\/2025\/11\/\u00a1Condena-ejemplar-Masajista-de-Guipuzcoa-recibe-26-anos-de-carcel.jpg\",\"datePublished\":\"2025-11-08T05:17:55+00:00\",\"dateModified\":\"2025-11-08T05:17:56+00:00\",\"author\":{\"@id\":\"https:\/\/www.diario21.tv\/noticias\/#\/schema\/person\/dfb778f73814d8f09f302618446a526b\"},\"breadcrumb\":{\"@id\":\"https:\/\/www.diario21.tv\/noticias\/condena-ejemplar-masajista-de-guipuzcoa-recibe-26-anos-de-carcel-por-agresion-sexual-a-menores\/#breadcrumb\"},\"inLanguage\":\"es-AR\",\"potentialAction\":[{\"@type\":\"ReadAction\",\"target\":[\"https:\/\/www.diario21.tv\/noticias\/condena-ejemplar-masajista-de-guipuzcoa-recibe-26-anos-de-carcel-por-agresion-sexual-a-menores\/\"]}]},{\"@type\":\"ImageObject\",\"inLanguage\":\"es-AR\",\"@id\":\"https:\/\/www.diario21.tv\/noticias\/condena-ejemplar-masajista-de-guipuzcoa-recibe-26-anos-de-carcel-por-agresion-sexual-a-menores\/#primaryimage\",\"url\":\"https:\/\/www.diario21.tv\/noticias\/wp-content\/uploads\/2025\/11\/\u00a1Condena-ejemplar-Masajista-de-Guipuzcoa-recibe-26-anos-de-carcel.jpg\",\"contentUrl\":\"https:\/\/www.diario21.tv\/noticias\/wp-content\/uploads\/2025\/11\/\u00a1Condena-ejemplar-Masajista-de-Guipuzcoa-recibe-26-anos-de-carcel.jpg\",\"width\":1200,\"height\":840,\"caption\":\"Condenado a 26 a\u00f1os de c\u00e1rcel el masajista de Guip\u00fazcoa por agredir sexualmente a tres menores\"},{\"@type\":\"BreadcrumbList\",\"@id\":\"https:\/\/www.diario21.tv\/noticias\/condena-ejemplar-masajista-de-guipuzcoa-recibe-26-anos-de-carcel-por-agresion-sexual-a-menores\/#breadcrumb\",\"itemListElement\":[{\"@type\":\"ListItem\",\"position\":1,\"name\":\"Accueil\",\"item\":\"https:\/\/www.diario21.tv\/noticias\/\"},{\"@type\":\"ListItem\",\"position\":2,\"name\":\"\u00a1Condena ejemplar! Masajista de Guip\u00fazcoa recibe 26 a\u00f1os de c\u00e1rcel por agresi\u00f3n sexual a menores\"}]},{\"@type\":\"WebSite\",\"@id\":\"https:\/\/www.diario21.tv\/noticias\/#website\",\"url\":\"https:\/\/www.diario21.tv\/noticias\/\",\"name\":\"Diario 21\",\"description\":\"\",\"potentialAction\":[{\"@type\":\"SearchAction\",\"target\":{\"@type\":\"EntryPoint\",\"urlTemplate\":\"https:\/\/www.diario21.tv\/noticias\/?s={search_term_string}\"},\"query-input\":{\"@type\":\"PropertyValueSpecification\",\"valueRequired\":true,\"valueName\":\"search_term_string\"}}],\"inLanguage\":\"es-AR\"},{\"@type\":\"Person\",\"@id\":\"https:\/\/www.diario21.tv\/noticias\/#\/schema\/person\/dfb778f73814d8f09f302618446a526b\",\"name\":\"Juan P\u00e9rez\",\"image\":{\"@type\":\"ImageObject\",\"inLanguage\":\"es-AR\",\"@id\":\"https:\/\/www.diario21.tv\/noticias\/#\/schema\/person\/image\/\",\"url\":\"https:\/\/secure.gravatar.com\/avatar\/c478a405bd10621167f4c3167cc770f5?s=96&d=mm&r=g\",\"contentUrl\":\"https:\/\/secure.gravatar.com\/avatar\/c478a405bd10621167f4c3167cc770f5?s=96&d=mm&r=g\",\"caption\":\"Juan P\u00e9rez\"},\"description\":\"Juan P\u00e9rez es el redactor en jefe de Diario 21. Con m\u00e1s de 10 a\u00f1os de experiencia en el periodismo, se especializa en pol\u00edtica nacional y an\u00e1lisis socioecon\u00f3mico. Su enfoque cr\u00edtico y riguroso aporta una perspectiva \u00fanica a cada art\u00edculo.\",\"sameAs\":[\"https:\/\/www.diario21.tv\/noticias\/\"],\"url\":\"https:\/\/www.diario21.tv\/noticias\/author\/juan-perez\/\"}]}<\/script>\n<!-- \/ Yoast SEO plugin. -->","yoast_head_json":{"title":"\u00a1Condena ejemplar! Masajista de Guip\u00fazcoa recibe 26 a\u00f1os de c\u00e1rcel por agresi\u00f3n sexual a menores - Diario 21","robots":{"index":"index","follow":"follow","max-snippet":"max-snippet:-1","max-image-preview":"max-image-preview:large","max-video-preview":"max-video-preview:-1"},"canonical":"https:\/\/www.diario21.tv\/noticias\/condena-ejemplar-masajista-de-guipuzcoa-recibe-26-anos-de-carcel-por-agresion-sexual-a-menores\/","og_locale":"es_ES","og_type":"article","og_title":"\u00a1Condena ejemplar! Masajista de Guip\u00fazcoa recibe 26 a\u00f1os de c\u00e1rcel por agresi\u00f3n sexual a menores - Diario 21","og_description":"Un masajista en Guip\u00fazcoa es sentenciado a 26 a\u00f1os de prisi\u00f3n por abusos sexuales a menores En un reciente fallo judicial, un masajista de la provincia ... Seguir leyendo &rarr;","og_url":"https:\/\/www.diario21.tv\/noticias\/condena-ejemplar-masajista-de-guipuzcoa-recibe-26-anos-de-carcel-por-agresion-sexual-a-menores\/","og_site_name":"Diario 21","article_published_time":"2025-11-08T05:17:55+00:00","article_modified_time":"2025-11-08T05:17:56+00:00","og_image":[{"width":1200,"height":840,"url":"https:\/\/www.diario21.tv\/noticias\/wp-content\/uploads\/2025\/11\/\u00a1Condena-ejemplar-Masajista-de-Guipuzcoa-recibe-26-anos-de-carcel.jpg","type":"image\/jpeg"}],"author":"Juan P\u00e9rez","twitter_card":"summary_large_image","twitter_misc":{"Escrito por":"Juan P\u00e9rez","Tiempo de lectura":"3 minutos"},"schema":{"@context":"https:\/\/schema.org","@graph":[{"@type":"WebPage","@id":"https:\/\/www.diario21.tv\/noticias\/condena-ejemplar-masajista-de-guipuzcoa-recibe-26-anos-de-carcel-por-agresion-sexual-a-menores\/","url":"https:\/\/www.diario21.tv\/noticias\/condena-ejemplar-masajista-de-guipuzcoa-recibe-26-anos-de-carcel-por-agresion-sexual-a-menores\/","name":"\u00a1Condena ejemplar! Masajista de Guip\u00fazcoa recibe 26 a\u00f1os de c\u00e1rcel por agresi\u00f3n sexual a menores - Diario 21","isPartOf":{"@id":"https:\/\/www.diario21.tv\/noticias\/#website"},"primaryImageOfPage":{"@id":"https:\/\/www.diario21.tv\/noticias\/condena-ejemplar-masajista-de-guipuzcoa-recibe-26-anos-de-carcel-por-agresion-sexual-a-menores\/#primaryimage"},"image":{"@id":"https:\/\/www.diario21.tv\/noticias\/condena-ejemplar-masajista-de-guipuzcoa-recibe-26-anos-de-carcel-por-agresion-sexual-a-menores\/#primaryimage"},"thumbnailUrl":"https:\/\/www.diario21.tv\/noticias\/wp-content\/uploads\/2025\/11\/\u00a1Condena-ejemplar-Masajista-de-Guipuzcoa-recibe-26-anos-de-carcel.jpg","datePublished":"2025-11-08T05:17:55+00:00","dateModified":"2025-11-08T05:17:56+00:00","author":{"@id":"https:\/\/www.diario21.tv\/noticias\/#\/schema\/person\/dfb778f73814d8f09f302618446a526b"},"breadcrumb":{"@id":"https:\/\/www.diario21.tv\/noticias\/condena-ejemplar-masajista-de-guipuzcoa-recibe-26-anos-de-carcel-por-agresion-sexual-a-menores\/#breadcrumb"},"inLanguage":"es-AR","potentialAction":[{"@type":"ReadAction","target":["https:\/\/www.diario21.tv\/noticias\/condena-ejemplar-masajista-de-guipuzcoa-recibe-26-anos-de-carcel-por-agresion-sexual-a-menores\/"]}]},{"@type":"ImageObject","inLanguage":"es-AR","@id":"https:\/\/www.diario21.tv\/noticias\/condena-ejemplar-masajista-de-guipuzcoa-recibe-26-anos-de-carcel-por-agresion-sexual-a-menores\/#primaryimage","url":"https:\/\/www.diario21.tv\/noticias\/wp-content\/uploads\/2025\/11\/\u00a1Condena-ejemplar-Masajista-de-Guipuzcoa-recibe-26-anos-de-carcel.jpg","contentUrl":"https:\/\/www.diario21.tv\/noticias\/wp-content\/uploads\/2025\/11\/\u00a1Condena-ejemplar-Masajista-de-Guipuzcoa-recibe-26-anos-de-carcel.jpg","width":1200,"height":840,"caption":"Condenado a 26 a\u00f1os de c\u00e1rcel el masajista de Guip\u00fazcoa por agredir sexualmente a tres menores"},{"@type":"BreadcrumbList","@id":"https:\/\/www.diario21.tv\/noticias\/condena-ejemplar-masajista-de-guipuzcoa-recibe-26-anos-de-carcel-por-agresion-sexual-a-menores\/#breadcrumb","itemListElement":[{"@type":"ListItem","position":1,"name":"Accueil","item":"https:\/\/www.diario21.tv\/noticias\/"},{"@type":"ListItem","position":2,"name":"\u00a1Condena ejemplar! Masajista de Guip\u00fazcoa recibe 26 a\u00f1os de c\u00e1rcel por agresi\u00f3n sexual a menores"}]},{"@type":"WebSite","@id":"https:\/\/www.diario21.tv\/noticias\/#website","url":"https:\/\/www.diario21.tv\/noticias\/","name":"Diario 21","description":"","potentialAction":[{"@type":"SearchAction","target":{"@type":"EntryPoint","urlTemplate":"https:\/\/www.diario21.tv\/noticias\/?s={search_term_string}"},"query-input":{"@type":"PropertyValueSpecification","valueRequired":true,"valueName":"search_term_string"}}],"inLanguage":"es-AR"},{"@type":"Person","@id":"https:\/\/www.diario21.tv\/noticias\/#\/schema\/person\/dfb778f73814d8f09f302618446a526b","name":"Juan P\u00e9rez","image":{"@type":"ImageObject","inLanguage":"es-AR","@id":"https:\/\/www.diario21.tv\/noticias\/#\/schema\/person\/image\/","url":"https:\/\/secure.gravatar.com\/avatar\/c478a405bd10621167f4c3167cc770f5?s=96&d=mm&r=g","contentUrl":"https:\/\/secure.gravatar.com\/avatar\/c478a405bd10621167f4c3167cc770f5?s=96&d=mm&r=g","caption":"Juan P\u00e9rez"},"description":"Juan P\u00e9rez es el redactor en jefe de Diario 21. Con m\u00e1s de 10 a\u00f1os de experiencia en el periodismo, se especializa en pol\u00edtica nacional y an\u00e1lisis socioecon\u00f3mico. Su enfoque cr\u00edtico y riguroso aporta una perspectiva \u00fanica a cada art\u00edculo.","sameAs":["https:\/\/www.diario21.tv\/noticias\/"],"url":"https:\/\/www.diario21.tv\/noticias\/author\/juan-perez\/"}]}},"_links":{"self":[{"href":"https:\/\/www.diario21.tv\/noticias\/wp-json\/wp\/v2\/posts\/5115"}],"collection":[{"href":"https:\/\/www.diario21.tv\/noticias\/wp-json\/wp\/v2\/posts"}],"about":[{"href":"https:\/\/www.diario21.tv\/noticias\/wp-json\/wp\/v2\/types\/post"}],"author":[{"embeddable":true,"href":"https:\/\/www.diario21.tv\/noticias\/wp-json\/wp\/v2\/users\/20"}],"replies":[{"embeddable":true,"href":"https:\/\/www.diario21.tv\/noticias\/wp-json\/wp\/v2\/comments?post=5115"}],"version-history":[{"count":1,"href":"https:\/\/www.diario21.tv\/noticias\/wp-json\/wp\/v2\/posts\/5115\/revisions"}],"predecessor-version":[{"id":5117,"href":"https:\/\/www.diario21.tv\/noticias\/wp-json\/wp\/v2\/posts\/5115\/revisions\/5117"}],"wp:featuredmedia":[{"embeddable":true,"href":"https:\/\/www.diario21.tv\/noticias\/wp-json\/wp\/v2\/media\/5116"}],"wp:attachment":[{"href":"https:\/\/www.diario21.tv\/noticias\/wp-json\/wp\/v2\/media?parent=5115"}],"wp:term":[{"taxonomy":"category","embeddable":true,"href":"https:\/\/www.diario21.tv\/noticias\/wp-json\/wp\/v2\/categories?post=5115"},{"taxonomy":"post_tag","embeddable":true,"href":"https:\/\/www.diario21.tv\/noticias\/wp-json\/wp\/v2\/tags?post=5115"}],"curies":[{"name":"wp","href":"https:\/\/api.w.org\/{rel}","templated":true}]}}