{"id":5109,"date":"2025-11-07T17:16:10","date_gmt":"2025-11-07T17:16:10","guid":{"rendered":"https:\/\/www.diario21.tv\/noticias\/alerta-en-canarias-investigacion-a-tres-por-tener-felinos-salvajes-ilegalmente\/"},"modified":"2025-11-07T17:16:12","modified_gmt":"2025-11-07T17:16:12","slug":"alerta-en-canarias-investigacion-a-tres-por-tener-felinos-salvajes-ilegalmente","status":"publish","type":"post","link":"https:\/\/www.diario21.tv\/noticias\/alerta-en-canarias-investigacion-a-tres-por-tener-felinos-salvajes-ilegalmente\/","title":{"rendered":"\u00a1Alerta en Canarias! Investigaci\u00f3n a tres por tener felinos salvajes ilegalmente"},"content":{"rendered":"<h2>Investigaci\u00f3n en Canarias por Posesi\u00f3n Ilegal de Felinos Ex\u00f3ticos<\/h2>\n<p>Recientemente, las autoridades en Canarias han iniciado una investigaci\u00f3n en contra de tres individuos por la presunta tenencia ilegal de felinos salvajes. Este caso pone de manifiesto la problem\u00e1tica en torno a la posesi\u00f3n de animales ex\u00f3ticos, que no solo plantea cuestiones legales, sino tambi\u00e9n preocupaciones sobre el bienestar animal y la seguridad p\u00fablica.<\/p>\n<h3>Detalles de la Investigaci\u00f3n<\/h3>\n<p>Seg\u00fan fuentes oficiales, la investigaci\u00f3n comenz\u00f3 tras recibir varias denuncias an\u00f3nimas que apuntaban a la posesi\u00f3n no autorizada de estos animales en propiedades particulares en distintos puntos de las islas. Los informes suger\u00edan que entre los felinos se encontraban especies como leones y tigres, cuya tenencia est\u00e1 estrictamente regulada bajo la legislaci\u00f3n espa\u00f1ola y las normativas internacionales de protecci\u00f3n de la fauna.<\/p>\n<p>Las fuerzas del orden procedieron a realizar inspecciones en las residencias se\u00f1aladas, encontrando en una de ellas jaulas adecuadas para el tama\u00f1o y caracter\u00edsticas de grandes felinos. Aunque en el momento de la inspecci\u00f3n no se encontraron animales, los elementos hallados sugieren que las instalaciones eran utilizadas para albergar a estos peligrosos depredadores.<\/p>\n<h3>Marco Legal y Riesgos Asociados<\/h3>\n<p>La tenencia de animales salvajes como mascotas est\u00e1 regulada en Espa\u00f1a por diversas leyes que buscan proteger tanto el bienestar de los animales como la seguridad de las personas. Importar o poseer especies ex\u00f3ticas sin las licencias adecuadas puede resultar en severas penalizaciones, incluyendo multas significativas y posible tiempo en prisi\u00f3n.<\/p>\n<p>Adem\u00e1s de los aspectos legales, el manejo inadecuado de felinos salvajes puede acarrear graves riesgos. Estos animales, incluso criados en cautividad, conservan sus instintos naturales y pueden ser impredecibles y extremadamente peligrosos. Los ataques a humanos, aunque raros, pueden ser fatales.<\/p>\n<h3>Implicaciones para la Conservaci\u00f3n<\/h3>\n<p>El comercio y la posesi\u00f3n ilegal de especies salvajes tambi\u00e9n tienen un impacto negativo en los esfuerzos de conservaci\u00f3n. Este tipo de pr\u00e1cticas fomenta el tr\u00e1fico ilegal de animales, que es una de las principales amenazas para muchas especies en peligro de extinci\u00f3n. Adem\u00e1s, la crianza en cautiverio fuera de programas controlados y reconocidos puede llevar a problemas de consanguinidad y otros problemas gen\u00e9ticos, que a largo plazo deterioran la salud y viabilidad de las poblaciones de estos animales.<\/p>\n<h3>Conclusi\u00f3n<\/h3>\n<p>Las autoridades contin\u00faan con la investigaci\u00f3n y han apelado a la colaboraci\u00f3n ciudadana para obtener m\u00e1s informaci\u00f3n que pueda llevar a la localizaci\u00f3n de los animales, si es que a\u00fan se encuentran en el territorio. Este caso resalta la necesidad de una regulaci\u00f3n m\u00e1s estricta y de una mayor conciencia p\u00fablica sobre los riesgos y las responsabilidades que conlleva la tenencia de animales ex\u00f3ticos y salvajes.<\/p>\n\n\n<div class=\"kk-star-ratings kksr-auto kksr-align-left kksr-valign-bottom\"\n    data-payload='{&quot;align&quot;:&quot;left&quot;,&quot;id&quot;:&quot;5109&quot;,&quot;slug&quot;:&quot;default&quot;,&quot;valign&quot;:&quot;bottom&quot;,&quot;ignore&quot;:&quot;&quot;,&quot;reference&quot;:&quot;auto&quot;,&quot;class&quot;:&quot;&quot;,&quot;count&quot;:&quot;0&quot;,&quot;legendonly&quot;:&quot;&quot;,&quot;readonly&quot;:&quot;&quot;,&quot;score&quot;:&quot;0&quot;,&quot;starsonly&quot;:&quot;&quot;,&quot;best&quot;:&quot;5&quot;,&quot;gap&quot;:&quot;5&quot;,&quot;greet&quot;:&quot;Valora este post&quot;,&quot;legend&quot;:&quot;0\\\/5 - (0 votes)&quot;,&quot;size&quot;:&quot;22&quot;,&quot;title&quot;:&quot;\u00a1Alerta en Canarias! Investigaci\u00f3n a tres por tener felinos salvajes ilegalmente&quot;,&quot;width&quot;:&quot;0&quot;,&quot;_legend&quot;:&quot;{score}\\\/{best} - ({count} {votes})&quot;,&quot;font_factor&quot;:&quot;1.25&quot;}'>\n            \n<div class=\"kksr-stars\">\n    \n<div class=\"kksr-stars-inactive\">\n            <div class=\"kksr-star\" data-star=\"1\" style=\"padding-right: 5px\">\n            \n\n<div class=\"kksr-icon\" style=\"width: 22px; height: 22px;\"><\/div>\n        <\/div>\n            <div class=\"kksr-star\" data-star=\"2\" style=\"padding-right: 5px\">\n            \n\n<div class=\"kksr-icon\" style=\"width: 22px; height: 22px;\"><\/div>\n        <\/div>\n            <div class=\"kksr-star\" data-star=\"3\" style=\"padding-right: 5px\">\n            \n\n<div class=\"kksr-icon\" style=\"width: 22px; height: 22px;\"><\/div>\n        <\/div>\n            <div class=\"kksr-star\" data-star=\"4\" style=\"padding-right: 5px\">\n            \n\n<div class=\"kksr-icon\" style=\"width: 22px; height: 22px;\"><\/div>\n        <\/div>\n            <div class=\"kksr-star\" data-star=\"5\" style=\"padding-right: 5px\">\n            \n\n<div class=\"kksr-icon\" style=\"width: 22px; height: 22px;\"><\/div>\n        <\/div>\n    <\/div>\n    \n<div class=\"kksr-stars-active\" style=\"width: 0px;\">\n            <div class=\"kksr-star\" style=\"padding-right: 5px\">\n            \n\n<div class=\"kksr-icon\" style=\"width: 22px; height: 22px;\"><\/div>\n        <\/div>\n            <div class=\"kksr-star\" style=\"padding-right: 5px\">\n            \n\n<div class=\"kksr-icon\" style=\"width: 22px; height: 22px;\"><\/div>\n        <\/div>\n            <div class=\"kksr-star\" style=\"padding-right: 5px\">\n            \n\n<div class=\"kksr-icon\" style=\"width: 22px; height: 22px;\"><\/div>\n        <\/div>\n            <div class=\"kksr-star\" style=\"padding-right: 5px\">\n            \n\n<div class=\"kksr-icon\" style=\"width: 22px; height: 22px;\"><\/div>\n        <\/div>\n            <div class=\"kksr-star\" style=\"padding-right: 5px\">\n            \n\n<div class=\"kksr-icon\" style=\"width: 22px; height: 22px;\"><\/div>\n        <\/div>\n    <\/div>\n<\/div>\n                \n\n<div class=\"kksr-legend\" style=\"font-size: 17.6px;\">\n            <span class=\"kksr-muted\">Valora este post<\/span>\n    <\/div>\n    <\/div>\n","protected":false},"excerpt":{"rendered":"<p>Investigaci\u00f3n en Canarias por Posesi\u00f3n Ilegal de Felinos Ex\u00f3ticos Recientemente, las autoridades en Canarias han iniciado una investigaci\u00f3n en contra de tres individuos por la presunta &#8230; <a title=\"\u00a1Alerta en Canarias! Investigaci\u00f3n a tres por tener felinos salvajes ilegalmente\" class=\"read-more\" href=\"https:\/\/www.diario21.tv\/noticias\/alerta-en-canarias-investigacion-a-tres-por-tener-felinos-salvajes-ilegalmente\/\" aria-label=\"Leer m\u00e1s sobre \u00a1Alerta en Canarias! Investigaci\u00f3n a tres por tener felinos salvajes ilegalmente\">Seguir leyendo &rarr;<\/a><\/p>\n","protected":false},"author":20,"featured_media":5110,"comment_status":"open","ping_status":"open","sticky":false,"template":"","format":"standard","meta":{"footnotes":""},"categories":[13],"tags":[],"class_list":["post-5109","post","type-post","status-publish","format-standard","has-post-thumbnail","hentry","category-portada"],"yoast_head":"<!-- This site is optimized with the Yoast SEO plugin v25.6 - https:\/\/yoast.com\/wordpress\/plugins\/seo\/ -->\n<title>\u00a1Alerta en Canarias! Investigaci\u00f3n a tres por tener felinos salvajes ilegalmente - Diario 21<\/title>\n<meta name=\"robots\" content=\"index, follow, max-snippet:-1, max-image-preview:large, max-video-preview:-1\" \/>\n<link rel=\"canonical\" href=\"https:\/\/www.diario21.tv\/noticias\/alerta-en-canarias-investigacion-a-tres-por-tener-felinos-salvajes-ilegalmente\/\" \/>\n<meta property=\"og:locale\" content=\"es_ES\" \/>\n<meta property=\"og:type\" content=\"article\" \/>\n<meta property=\"og:title\" content=\"\u00a1Alerta en Canarias! Investigaci\u00f3n a tres por tener felinos salvajes ilegalmente - Diario 21\" \/>\n<meta property=\"og:description\" content=\"Investigaci\u00f3n en Canarias por Posesi\u00f3n Ilegal de Felinos Ex\u00f3ticos Recientemente, las autoridades en Canarias han iniciado una investigaci\u00f3n en contra de tres individuos por la presunta ... Seguir leyendo &rarr;\" \/>\n<meta property=\"og:url\" content=\"https:\/\/www.diario21.tv\/noticias\/alerta-en-canarias-investigacion-a-tres-por-tener-felinos-salvajes-ilegalmente\/\" \/>\n<meta property=\"og:site_name\" content=\"Diario 21\" \/>\n<meta property=\"article:published_time\" content=\"2025-11-07T17:16:10+00:00\" \/>\n<meta property=\"article:modified_time\" content=\"2025-11-07T17:16:12+00:00\" \/>\n<meta property=\"og:image\" content=\"https:\/\/www.diario21.tv\/noticias\/wp-content\/uploads\/2025\/11\/\u00a1Alerta-en-Canarias-Investigacion-a-tres-por-tener-felinos-salvajes.jpg\" \/>\n\t<meta property=\"og:image:width\" content=\"1200\" \/>\n\t<meta property=\"og:image:height\" content=\"840\" \/>\n\t<meta property=\"og:image:type\" content=\"image\/jpeg\" \/>\n<meta name=\"author\" content=\"Juan P\u00e9rez\" \/>\n<meta name=\"twitter:card\" content=\"summary_large_image\" \/>\n<meta name=\"twitter:label1\" content=\"Escrito por\" \/>\n\t<meta name=\"twitter:data1\" content=\"Juan P\u00e9rez\" \/>\n\t<meta name=\"twitter:label2\" content=\"Tiempo de lectura\" \/>\n\t<meta name=\"twitter:data2\" content=\"2 minutos\" \/>\n<script type=\"application\/ld+json\" class=\"yoast-schema-graph\">{\"@context\":\"https:\/\/schema.org\",\"@graph\":[{\"@type\":\"WebPage\",\"@id\":\"https:\/\/www.diario21.tv\/noticias\/alerta-en-canarias-investigacion-a-tres-por-tener-felinos-salvajes-ilegalmente\/\",\"url\":\"https:\/\/www.diario21.tv\/noticias\/alerta-en-canarias-investigacion-a-tres-por-tener-felinos-salvajes-ilegalmente\/\",\"name\":\"\u00a1Alerta en Canarias! Investigaci\u00f3n a tres por tener felinos salvajes ilegalmente - Diario 21\",\"isPartOf\":{\"@id\":\"https:\/\/www.diario21.tv\/noticias\/#website\"},\"primaryImageOfPage\":{\"@id\":\"https:\/\/www.diario21.tv\/noticias\/alerta-en-canarias-investigacion-a-tres-por-tener-felinos-salvajes-ilegalmente\/#primaryimage\"},\"image\":{\"@id\":\"https:\/\/www.diario21.tv\/noticias\/alerta-en-canarias-investigacion-a-tres-por-tener-felinos-salvajes-ilegalmente\/#primaryimage\"},\"thumbnailUrl\":\"https:\/\/www.diario21.tv\/noticias\/wp-content\/uploads\/2025\/11\/\u00a1Alerta-en-Canarias-Investigacion-a-tres-por-tener-felinos-salvajes.jpg\",\"datePublished\":\"2025-11-07T17:16:10+00:00\",\"dateModified\":\"2025-11-07T17:16:12+00:00\",\"author\":{\"@id\":\"https:\/\/www.diario21.tv\/noticias\/#\/schema\/person\/dfb778f73814d8f09f302618446a526b\"},\"breadcrumb\":{\"@id\":\"https:\/\/www.diario21.tv\/noticias\/alerta-en-canarias-investigacion-a-tres-por-tener-felinos-salvajes-ilegalmente\/#breadcrumb\"},\"inLanguage\":\"es-AR\",\"potentialAction\":[{\"@type\":\"ReadAction\",\"target\":[\"https:\/\/www.diario21.tv\/noticias\/alerta-en-canarias-investigacion-a-tres-por-tener-felinos-salvajes-ilegalmente\/\"]}]},{\"@type\":\"ImageObject\",\"inLanguage\":\"es-AR\",\"@id\":\"https:\/\/www.diario21.tv\/noticias\/alerta-en-canarias-investigacion-a-tres-por-tener-felinos-salvajes-ilegalmente\/#primaryimage\",\"url\":\"https:\/\/www.diario21.tv\/noticias\/wp-content\/uploads\/2025\/11\/\u00a1Alerta-en-Canarias-Investigacion-a-tres-por-tener-felinos-salvajes.jpg\",\"contentUrl\":\"https:\/\/www.diario21.tv\/noticias\/wp-content\/uploads\/2025\/11\/\u00a1Alerta-en-Canarias-Investigacion-a-tres-por-tener-felinos-salvajes.jpg\",\"width\":1200,\"height\":840,\"caption\":\"Tres personas son investigadas por tenencia ilegal de felinos salvajes en Canarias\"},{\"@type\":\"BreadcrumbList\",\"@id\":\"https:\/\/www.diario21.tv\/noticias\/alerta-en-canarias-investigacion-a-tres-por-tener-felinos-salvajes-ilegalmente\/#breadcrumb\",\"itemListElement\":[{\"@type\":\"ListItem\",\"position\":1,\"name\":\"Accueil\",\"item\":\"https:\/\/www.diario21.tv\/noticias\/\"},{\"@type\":\"ListItem\",\"position\":2,\"name\":\"\u00a1Alerta en Canarias! Investigaci\u00f3n a tres por tener felinos salvajes ilegalmente\"}]},{\"@type\":\"WebSite\",\"@id\":\"https:\/\/www.diario21.tv\/noticias\/#website\",\"url\":\"https:\/\/www.diario21.tv\/noticias\/\",\"name\":\"Diario 21\",\"description\":\"\",\"potentialAction\":[{\"@type\":\"SearchAction\",\"target\":{\"@type\":\"EntryPoint\",\"urlTemplate\":\"https:\/\/www.diario21.tv\/noticias\/?s={search_term_string}\"},\"query-input\":{\"@type\":\"PropertyValueSpecification\",\"valueRequired\":true,\"valueName\":\"search_term_string\"}}],\"inLanguage\":\"es-AR\"},{\"@type\":\"Person\",\"@id\":\"https:\/\/www.diario21.tv\/noticias\/#\/schema\/person\/dfb778f73814d8f09f302618446a526b\",\"name\":\"Juan P\u00e9rez\",\"image\":{\"@type\":\"ImageObject\",\"inLanguage\":\"es-AR\",\"@id\":\"https:\/\/www.diario21.tv\/noticias\/#\/schema\/person\/image\/\",\"url\":\"https:\/\/secure.gravatar.com\/avatar\/c478a405bd10621167f4c3167cc770f5?s=96&d=mm&r=g\",\"contentUrl\":\"https:\/\/secure.gravatar.com\/avatar\/c478a405bd10621167f4c3167cc770f5?s=96&d=mm&r=g\",\"caption\":\"Juan P\u00e9rez\"},\"description\":\"Juan P\u00e9rez es el redactor en jefe de Diario 21. Con m\u00e1s de 10 a\u00f1os de experiencia en el periodismo, se especializa en pol\u00edtica nacional y an\u00e1lisis socioecon\u00f3mico. Su enfoque cr\u00edtico y riguroso aporta una perspectiva \u00fanica a cada art\u00edculo.\",\"sameAs\":[\"https:\/\/www.diario21.tv\/noticias\/\"],\"url\":\"https:\/\/www.diario21.tv\/noticias\/author\/juan-perez\/\"}]}<\/script>\n<!-- \/ Yoast SEO plugin. -->","yoast_head_json":{"title":"\u00a1Alerta en Canarias! Investigaci\u00f3n a tres por tener felinos salvajes ilegalmente - Diario 21","robots":{"index":"index","follow":"follow","max-snippet":"max-snippet:-1","max-image-preview":"max-image-preview:large","max-video-preview":"max-video-preview:-1"},"canonical":"https:\/\/www.diario21.tv\/noticias\/alerta-en-canarias-investigacion-a-tres-por-tener-felinos-salvajes-ilegalmente\/","og_locale":"es_ES","og_type":"article","og_title":"\u00a1Alerta en Canarias! Investigaci\u00f3n a tres por tener felinos salvajes ilegalmente - Diario 21","og_description":"Investigaci\u00f3n en Canarias por Posesi\u00f3n Ilegal de Felinos Ex\u00f3ticos Recientemente, las autoridades en Canarias han iniciado una investigaci\u00f3n en contra de tres individuos por la presunta ... Seguir leyendo &rarr;","og_url":"https:\/\/www.diario21.tv\/noticias\/alerta-en-canarias-investigacion-a-tres-por-tener-felinos-salvajes-ilegalmente\/","og_site_name":"Diario 21","article_published_time":"2025-11-07T17:16:10+00:00","article_modified_time":"2025-11-07T17:16:12+00:00","og_image":[{"width":1200,"height":840,"url":"https:\/\/www.diario21.tv\/noticias\/wp-content\/uploads\/2025\/11\/\u00a1Alerta-en-Canarias-Investigacion-a-tres-por-tener-felinos-salvajes.jpg","type":"image\/jpeg"}],"author":"Juan P\u00e9rez","twitter_card":"summary_large_image","twitter_misc":{"Escrito por":"Juan P\u00e9rez","Tiempo de lectura":"2 minutos"},"schema":{"@context":"https:\/\/schema.org","@graph":[{"@type":"WebPage","@id":"https:\/\/www.diario21.tv\/noticias\/alerta-en-canarias-investigacion-a-tres-por-tener-felinos-salvajes-ilegalmente\/","url":"https:\/\/www.diario21.tv\/noticias\/alerta-en-canarias-investigacion-a-tres-por-tener-felinos-salvajes-ilegalmente\/","name":"\u00a1Alerta en Canarias! Investigaci\u00f3n a tres por tener felinos salvajes ilegalmente - Diario 21","isPartOf":{"@id":"https:\/\/www.diario21.tv\/noticias\/#website"},"primaryImageOfPage":{"@id":"https:\/\/www.diario21.tv\/noticias\/alerta-en-canarias-investigacion-a-tres-por-tener-felinos-salvajes-ilegalmente\/#primaryimage"},"image":{"@id":"https:\/\/www.diario21.tv\/noticias\/alerta-en-canarias-investigacion-a-tres-por-tener-felinos-salvajes-ilegalmente\/#primaryimage"},"thumbnailUrl":"https:\/\/www.diario21.tv\/noticias\/wp-content\/uploads\/2025\/11\/\u00a1Alerta-en-Canarias-Investigacion-a-tres-por-tener-felinos-salvajes.jpg","datePublished":"2025-11-07T17:16:10+00:00","dateModified":"2025-11-07T17:16:12+00:00","author":{"@id":"https:\/\/www.diario21.tv\/noticias\/#\/schema\/person\/dfb778f73814d8f09f302618446a526b"},"breadcrumb":{"@id":"https:\/\/www.diario21.tv\/noticias\/alerta-en-canarias-investigacion-a-tres-por-tener-felinos-salvajes-ilegalmente\/#breadcrumb"},"inLanguage":"es-AR","potentialAction":[{"@type":"ReadAction","target":["https:\/\/www.diario21.tv\/noticias\/alerta-en-canarias-investigacion-a-tres-por-tener-felinos-salvajes-ilegalmente\/"]}]},{"@type":"ImageObject","inLanguage":"es-AR","@id":"https:\/\/www.diario21.tv\/noticias\/alerta-en-canarias-investigacion-a-tres-por-tener-felinos-salvajes-ilegalmente\/#primaryimage","url":"https:\/\/www.diario21.tv\/noticias\/wp-content\/uploads\/2025\/11\/\u00a1Alerta-en-Canarias-Investigacion-a-tres-por-tener-felinos-salvajes.jpg","contentUrl":"https:\/\/www.diario21.tv\/noticias\/wp-content\/uploads\/2025\/11\/\u00a1Alerta-en-Canarias-Investigacion-a-tres-por-tener-felinos-salvajes.jpg","width":1200,"height":840,"caption":"Tres personas son investigadas por tenencia ilegal de felinos salvajes en Canarias"},{"@type":"BreadcrumbList","@id":"https:\/\/www.diario21.tv\/noticias\/alerta-en-canarias-investigacion-a-tres-por-tener-felinos-salvajes-ilegalmente\/#breadcrumb","itemListElement":[{"@type":"ListItem","position":1,"name":"Accueil","item":"https:\/\/www.diario21.tv\/noticias\/"},{"@type":"ListItem","position":2,"name":"\u00a1Alerta en Canarias! Investigaci\u00f3n a tres por tener felinos salvajes ilegalmente"}]},{"@type":"WebSite","@id":"https:\/\/www.diario21.tv\/noticias\/#website","url":"https:\/\/www.diario21.tv\/noticias\/","name":"Diario 21","description":"","potentialAction":[{"@type":"SearchAction","target":{"@type":"EntryPoint","urlTemplate":"https:\/\/www.diario21.tv\/noticias\/?s={search_term_string}"},"query-input":{"@type":"PropertyValueSpecification","valueRequired":true,"valueName":"search_term_string"}}],"inLanguage":"es-AR"},{"@type":"Person","@id":"https:\/\/www.diario21.tv\/noticias\/#\/schema\/person\/dfb778f73814d8f09f302618446a526b","name":"Juan P\u00e9rez","image":{"@type":"ImageObject","inLanguage":"es-AR","@id":"https:\/\/www.diario21.tv\/noticias\/#\/schema\/person\/image\/","url":"https:\/\/secure.gravatar.com\/avatar\/c478a405bd10621167f4c3167cc770f5?s=96&d=mm&r=g","contentUrl":"https:\/\/secure.gravatar.com\/avatar\/c478a405bd10621167f4c3167cc770f5?s=96&d=mm&r=g","caption":"Juan P\u00e9rez"},"description":"Juan P\u00e9rez es el redactor en jefe de Diario 21. Con m\u00e1s de 10 a\u00f1os de experiencia en el periodismo, se especializa en pol\u00edtica nacional y an\u00e1lisis socioecon\u00f3mico. Su enfoque cr\u00edtico y riguroso aporta una perspectiva \u00fanica a cada art\u00edculo.","sameAs":["https:\/\/www.diario21.tv\/noticias\/"],"url":"https:\/\/www.diario21.tv\/noticias\/author\/juan-perez\/"}]}},"_links":{"self":[{"href":"https:\/\/www.diario21.tv\/noticias\/wp-json\/wp\/v2\/posts\/5109"}],"collection":[{"href":"https:\/\/www.diario21.tv\/noticias\/wp-json\/wp\/v2\/posts"}],"about":[{"href":"https:\/\/www.diario21.tv\/noticias\/wp-json\/wp\/v2\/types\/post"}],"author":[{"embeddable":true,"href":"https:\/\/www.diario21.tv\/noticias\/wp-json\/wp\/v2\/users\/20"}],"replies":[{"embeddable":true,"href":"https:\/\/www.diario21.tv\/noticias\/wp-json\/wp\/v2\/comments?post=5109"}],"version-history":[{"count":1,"href":"https:\/\/www.diario21.tv\/noticias\/wp-json\/wp\/v2\/posts\/5109\/revisions"}],"predecessor-version":[{"id":5111,"href":"https:\/\/www.diario21.tv\/noticias\/wp-json\/wp\/v2\/posts\/5109\/revisions\/5111"}],"wp:featuredmedia":[{"embeddable":true,"href":"https:\/\/www.diario21.tv\/noticias\/wp-json\/wp\/v2\/media\/5110"}],"wp:attachment":[{"href":"https:\/\/www.diario21.tv\/noticias\/wp-json\/wp\/v2\/media?parent=5109"}],"wp:term":[{"taxonomy":"category","embeddable":true,"href":"https:\/\/www.diario21.tv\/noticias\/wp-json\/wp\/v2\/categories?post=5109"},{"taxonomy":"post_tag","embeddable":true,"href":"https:\/\/www.diario21.tv\/noticias\/wp-json\/wp\/v2\/tags?post=5109"}],"curies":[{"name":"wp","href":"https:\/\/api.w.org\/{rel}","templated":true}]}}