{"id":5103,"date":"2025-11-07T05:13:13","date_gmt":"2025-11-07T05:13:13","guid":{"rendered":"https:\/\/www.diario21.tv\/noticias\/conmovedor-camionero-de-zaragoza-busca-familia-de-victima-tras-un-ano-de-la-devastadora-dana\/"},"modified":"2025-11-07T05:13:15","modified_gmt":"2025-11-07T05:13:15","slug":"conmovedor-camionero-de-zaragoza-busca-familia-de-victima-tras-un-ano-de-la-devastadora-dana","status":"publish","type":"post","link":"https:\/\/www.diario21.tv\/noticias\/conmovedor-camionero-de-zaragoza-busca-familia-de-victima-tras-un-ano-de-la-devastadora-dana\/","title":{"rendered":"\u00a1Conmovedor! Camionero de Zaragoza busca familia de v\u00edctima tras un a\u00f1o de la devastadora Dana"},"content":{"rendered":"<h2>La incansable b\u00fasqueda de un camionero zaragozano para encontrar a la familia de una v\u00edctima de la DANA<\/h2>\n<p>Durante m\u00e1s de un a\u00f1o, un camionero de Zaragoza ha estado dedicado a una misi\u00f3n muy personal y conmovedora: localizar a los familiares de una persona fallecida durante la devastadora DANA (Depresi\u00f3n Aislada en Niveles Altos) que azot\u00f3 Espa\u00f1a. Este fen\u00f3meno meteorol\u00f3gico, caracterizado por lluvias intensas y tormentas, caus\u00f3 considerable destrucci\u00f3n y varias v\u00edctimas mortales.<\/p>\n<h3>El inicio de la b\u00fasqueda<\/h3>\n<p>Todo comenz\u00f3 cuando el camionero, en medio de su ruta habitual, se encontr\u00f3 con los efectos destructivos de la DANA. Entre los escombros y la confusi\u00f3n, descubri\u00f3 pertenencias personales que, intuy\u00f3, tendr\u00edan un gran valor sentimental para la familia del fallecido. Movido por un profundo sentido de responsabilidad y compasi\u00f3n, decidi\u00f3 que har\u00eda todo lo posible por devolver esos objetos a los parientes del difunto, creyendo que podr\u00edan ofrecerles algo de consuelo en un momento de inmenso dolor.<\/p>\n<h3>Desaf\u00edos en el camino<\/h3>\n<p>La tarea no ha sido f\u00e1cil. A pesar de sus esfuerzos continuos, incluyendo la b\u00fasqueda en redes sociales, la colaboraci\u00f3n con autoridades locales y la consulta en diversos registros, el camionero a\u00fan no ha logrado localizar a la familia. La falta de informaci\u00f3n concreta sobre la identidad de la v\u00edctima y la posible dispersi\u00f3n geogr\u00e1fica de sus familiares han sido obst\u00e1culos significativos en su b\u00fasqueda.<\/p>\n<h3>La perseverancia ante la adversidad<\/h3>\n<p>Sin embargo, el camionero no se da por vencido. Su determinaci\u00f3n es firme y su esperanza se renueva cada d\u00eda con la posibilidad de que alg\u00fan nuevo dato surja o que su historia alcance a alguien que pueda proporcionar informaci\u00f3n relevante. \u00c9l sigue haciendo llamados a trav\u00e9s de diferentes medios y participando en foros y grupos de discusi\u00f3n relacionados con la DANA y sus consecuencias, con la esperanza de que su persistencia eventualmente se traduzca en un final feliz.<\/p>\n<h3>Un llamado a la colaboraci\u00f3n<\/h3>\n<p>Adem\u00e1s, el camionero hace un llamado a todos aquellos que puedan tener informaci\u00f3n, no importa cu\u00e1n peque\u00f1a, a que la compartan. Subraya la importancia de la solidaridad y la ayuda mutua en tiempos de crisis y desastre. A trav\u00e9s de su historia, tambi\u00e9n se refleja la empat\u00eda y la humanidad que a menudo surgen en los momentos m\u00e1s dif\u00edciles, mostrando c\u00f3mo un gesto aparentemente peque\u00f1o puede tener un gran impacto en la vida de las personas.<\/p>\n<h3>Esperanza para el futuro<\/h3>\n<p>Mientras tanto, el camionero contin\u00faa con su vida y su trabajo, pero siempre con un ojo puesto en esta misi\u00f3n personal. Est\u00e1 convencido de que, tarde o temprano, encontrar\u00e1 a la familia de la v\u00edctima y podr\u00e1 entregarles las pertenencias que rescat\u00f3. Hasta entonces, sigue siendo un testigo de la bondad y la resiliencia humana, y un ejemplo de c\u00f3mo incluso en las tragedias m\u00e1s grandes, pueden encontrarse actos de compasi\u00f3n y cuidado que nos unen como comunidad.<\/p>\n\n\n<div class=\"kk-star-ratings kksr-auto kksr-align-left kksr-valign-bottom\"\n    data-payload='{&quot;align&quot;:&quot;left&quot;,&quot;id&quot;:&quot;5103&quot;,&quot;slug&quot;:&quot;default&quot;,&quot;valign&quot;:&quot;bottom&quot;,&quot;ignore&quot;:&quot;&quot;,&quot;reference&quot;:&quot;auto&quot;,&quot;class&quot;:&quot;&quot;,&quot;count&quot;:&quot;0&quot;,&quot;legendonly&quot;:&quot;&quot;,&quot;readonly&quot;:&quot;&quot;,&quot;score&quot;:&quot;0&quot;,&quot;starsonly&quot;:&quot;&quot;,&quot;best&quot;:&quot;5&quot;,&quot;gap&quot;:&quot;5&quot;,&quot;greet&quot;:&quot;Valora este post&quot;,&quot;legend&quot;:&quot;0\\\/5 - (0 votes)&quot;,&quot;size&quot;:&quot;22&quot;,&quot;title&quot;:&quot;\u00a1Conmovedor! Camionero de Zaragoza busca familia de v\u00edctima tras un a\u00f1o de la devastadora Dana&quot;,&quot;width&quot;:&quot;0&quot;,&quot;_legend&quot;:&quot;{score}\\\/{best} - ({count} {votes})&quot;,&quot;font_factor&quot;:&quot;1.25&quot;}'>\n            \n<div class=\"kksr-stars\">\n    \n<div class=\"kksr-stars-inactive\">\n            <div class=\"kksr-star\" data-star=\"1\" style=\"padding-right: 5px\">\n            \n\n<div class=\"kksr-icon\" style=\"width: 22px; height: 22px;\"><\/div>\n        <\/div>\n            <div class=\"kksr-star\" data-star=\"2\" style=\"padding-right: 5px\">\n            \n\n<div class=\"kksr-icon\" style=\"width: 22px; height: 22px;\"><\/div>\n        <\/div>\n            <div class=\"kksr-star\" data-star=\"3\" style=\"padding-right: 5px\">\n            \n\n<div class=\"kksr-icon\" style=\"width: 22px; height: 22px;\"><\/div>\n        <\/div>\n            <div class=\"kksr-star\" data-star=\"4\" style=\"padding-right: 5px\">\n            \n\n<div class=\"kksr-icon\" style=\"width: 22px; height: 22px;\"><\/div>\n        <\/div>\n            <div class=\"kksr-star\" data-star=\"5\" style=\"padding-right: 5px\">\n            \n\n<div class=\"kksr-icon\" style=\"width: 22px; height: 22px;\"><\/div>\n        <\/div>\n    <\/div>\n    \n<div class=\"kksr-stars-active\" style=\"width: 0px;\">\n            <div class=\"kksr-star\" style=\"padding-right: 5px\">\n            \n\n<div class=\"kksr-icon\" style=\"width: 22px; height: 22px;\"><\/div>\n        <\/div>\n            <div class=\"kksr-star\" style=\"padding-right: 5px\">\n            \n\n<div class=\"kksr-icon\" style=\"width: 22px; height: 22px;\"><\/div>\n        <\/div>\n            <div class=\"kksr-star\" style=\"padding-right: 5px\">\n            \n\n<div class=\"kksr-icon\" style=\"width: 22px; height: 22px;\"><\/div>\n        <\/div>\n            <div class=\"kksr-star\" style=\"padding-right: 5px\">\n            \n\n<div class=\"kksr-icon\" style=\"width: 22px; height: 22px;\"><\/div>\n        <\/div>\n            <div class=\"kksr-star\" style=\"padding-right: 5px\">\n            \n\n<div class=\"kksr-icon\" style=\"width: 22px; height: 22px;\"><\/div>\n        <\/div>\n    <\/div>\n<\/div>\n                \n\n<div class=\"kksr-legend\" style=\"font-size: 17.6px;\">\n            <span class=\"kksr-muted\">Valora este post<\/span>\n    <\/div>\n    <\/div>\n","protected":false},"excerpt":{"rendered":"<p>La incansable b\u00fasqueda de un camionero zaragozano para encontrar a la familia de una v\u00edctima de la DANA Durante m\u00e1s de un a\u00f1o, un camionero de &#8230; <a title=\"\u00a1Conmovedor! Camionero de Zaragoza busca familia de v\u00edctima tras un a\u00f1o de la devastadora Dana\" class=\"read-more\" href=\"https:\/\/www.diario21.tv\/noticias\/conmovedor-camionero-de-zaragoza-busca-familia-de-victima-tras-un-ano-de-la-devastadora-dana\/\" aria-label=\"Leer m\u00e1s sobre \u00a1Conmovedor! Camionero de Zaragoza busca familia de v\u00edctima tras un a\u00f1o de la devastadora Dana\">Seguir leyendo &rarr;<\/a><\/p>\n","protected":false},"author":20,"featured_media":5104,"comment_status":"open","ping_status":"open","sticky":false,"template":"","format":"standard","meta":{"footnotes":""},"categories":[13],"tags":[],"class_list":["post-5103","post","type-post","status-publish","format-standard","has-post-thumbnail","hentry","category-portada"],"yoast_head":"<!-- This site is optimized with the Yoast SEO plugin v25.6 - https:\/\/yoast.com\/wordpress\/plugins\/seo\/ -->\n<title>\u00a1Conmovedor! Camionero de Zaragoza busca familia de v\u00edctima tras un a\u00f1o de la devastadora Dana - Diario 21<\/title>\n<meta name=\"robots\" content=\"index, follow, max-snippet:-1, max-image-preview:large, max-video-preview:-1\" \/>\n<link rel=\"canonical\" href=\"https:\/\/www.diario21.tv\/noticias\/conmovedor-camionero-de-zaragoza-busca-familia-de-victima-tras-un-ano-de-la-devastadora-dana\/\" \/>\n<meta property=\"og:locale\" content=\"es_ES\" \/>\n<meta property=\"og:type\" content=\"article\" \/>\n<meta property=\"og:title\" content=\"\u00a1Conmovedor! Camionero de Zaragoza busca familia de v\u00edctima tras un a\u00f1o de la devastadora Dana - Diario 21\" \/>\n<meta property=\"og:description\" content=\"La incansable b\u00fasqueda de un camionero zaragozano para encontrar a la familia de una v\u00edctima de la DANA Durante m\u00e1s de un a\u00f1o, un camionero de ... Seguir leyendo &rarr;\" \/>\n<meta property=\"og:url\" content=\"https:\/\/www.diario21.tv\/noticias\/conmovedor-camionero-de-zaragoza-busca-familia-de-victima-tras-un-ano-de-la-devastadora-dana\/\" \/>\n<meta property=\"og:site_name\" content=\"Diario 21\" \/>\n<meta property=\"article:published_time\" content=\"2025-11-07T05:13:13+00:00\" \/>\n<meta property=\"article:modified_time\" content=\"2025-11-07T05:13:15+00:00\" \/>\n<meta property=\"og:image\" content=\"https:\/\/www.diario21.tv\/noticias\/wp-content\/uploads\/2025\/11\/\u00a1Conmovedor-Camionero-de-Zaragoza-busca-familia-de-victima-tras-un.jpg\" \/>\n\t<meta property=\"og:image:width\" content=\"1200\" \/>\n\t<meta property=\"og:image:height\" content=\"840\" \/>\n\t<meta property=\"og:image:type\" content=\"image\/jpeg\" \/>\n<meta name=\"author\" content=\"Juan P\u00e9rez\" \/>\n<meta name=\"twitter:card\" content=\"summary_large_image\" \/>\n<meta name=\"twitter:label1\" content=\"Escrito por\" \/>\n\t<meta name=\"twitter:data1\" content=\"Juan P\u00e9rez\" \/>\n\t<meta name=\"twitter:label2\" content=\"Tiempo de lectura\" \/>\n\t<meta name=\"twitter:data2\" content=\"3 minutos\" \/>\n<script type=\"application\/ld+json\" class=\"yoast-schema-graph\">{\"@context\":\"https:\/\/schema.org\",\"@graph\":[{\"@type\":\"WebPage\",\"@id\":\"https:\/\/www.diario21.tv\/noticias\/conmovedor-camionero-de-zaragoza-busca-familia-de-victima-tras-un-ano-de-la-devastadora-dana\/\",\"url\":\"https:\/\/www.diario21.tv\/noticias\/conmovedor-camionero-de-zaragoza-busca-familia-de-victima-tras-un-ano-de-la-devastadora-dana\/\",\"name\":\"\u00a1Conmovedor! Camionero de Zaragoza busca familia de v\u00edctima tras un a\u00f1o de la devastadora Dana - Diario 21\",\"isPartOf\":{\"@id\":\"https:\/\/www.diario21.tv\/noticias\/#website\"},\"primaryImageOfPage\":{\"@id\":\"https:\/\/www.diario21.tv\/noticias\/conmovedor-camionero-de-zaragoza-busca-familia-de-victima-tras-un-ano-de-la-devastadora-dana\/#primaryimage\"},\"image\":{\"@id\":\"https:\/\/www.diario21.tv\/noticias\/conmovedor-camionero-de-zaragoza-busca-familia-de-victima-tras-un-ano-de-la-devastadora-dana\/#primaryimage\"},\"thumbnailUrl\":\"https:\/\/www.diario21.tv\/noticias\/wp-content\/uploads\/2025\/11\/\u00a1Conmovedor-Camionero-de-Zaragoza-busca-familia-de-victima-tras-un.jpg\",\"datePublished\":\"2025-11-07T05:13:13+00:00\",\"dateModified\":\"2025-11-07T05:13:15+00:00\",\"author\":{\"@id\":\"https:\/\/www.diario21.tv\/noticias\/#\/schema\/person\/dfb778f73814d8f09f302618446a526b\"},\"breadcrumb\":{\"@id\":\"https:\/\/www.diario21.tv\/noticias\/conmovedor-camionero-de-zaragoza-busca-familia-de-victima-tras-un-ano-de-la-devastadora-dana\/#breadcrumb\"},\"inLanguage\":\"es-AR\",\"potentialAction\":[{\"@type\":\"ReadAction\",\"target\":[\"https:\/\/www.diario21.tv\/noticias\/conmovedor-camionero-de-zaragoza-busca-familia-de-victima-tras-un-ano-de-la-devastadora-dana\/\"]}]},{\"@type\":\"ImageObject\",\"inLanguage\":\"es-AR\",\"@id\":\"https:\/\/www.diario21.tv\/noticias\/conmovedor-camionero-de-zaragoza-busca-familia-de-victima-tras-un-ano-de-la-devastadora-dana\/#primaryimage\",\"url\":\"https:\/\/www.diario21.tv\/noticias\/wp-content\/uploads\/2025\/11\/\u00a1Conmovedor-Camionero-de-Zaragoza-busca-familia-de-victima-tras-un.jpg\",\"contentUrl\":\"https:\/\/www.diario21.tv\/noticias\/wp-content\/uploads\/2025\/11\/\u00a1Conmovedor-Camionero-de-Zaragoza-busca-familia-de-victima-tras-un.jpg\",\"width\":1200,\"height\":840,\"caption\":\"El camionero de Zaragoza que lleva un a\u00f1o buscando a la familia de una v\u00edctima de la dana\"},{\"@type\":\"BreadcrumbList\",\"@id\":\"https:\/\/www.diario21.tv\/noticias\/conmovedor-camionero-de-zaragoza-busca-familia-de-victima-tras-un-ano-de-la-devastadora-dana\/#breadcrumb\",\"itemListElement\":[{\"@type\":\"ListItem\",\"position\":1,\"name\":\"Accueil\",\"item\":\"https:\/\/www.diario21.tv\/noticias\/\"},{\"@type\":\"ListItem\",\"position\":2,\"name\":\"\u00a1Conmovedor! Camionero de Zaragoza busca familia de v\u00edctima tras un a\u00f1o de la devastadora Dana\"}]},{\"@type\":\"WebSite\",\"@id\":\"https:\/\/www.diario21.tv\/noticias\/#website\",\"url\":\"https:\/\/www.diario21.tv\/noticias\/\",\"name\":\"Diario 21\",\"description\":\"\",\"potentialAction\":[{\"@type\":\"SearchAction\",\"target\":{\"@type\":\"EntryPoint\",\"urlTemplate\":\"https:\/\/www.diario21.tv\/noticias\/?s={search_term_string}\"},\"query-input\":{\"@type\":\"PropertyValueSpecification\",\"valueRequired\":true,\"valueName\":\"search_term_string\"}}],\"inLanguage\":\"es-AR\"},{\"@type\":\"Person\",\"@id\":\"https:\/\/www.diario21.tv\/noticias\/#\/schema\/person\/dfb778f73814d8f09f302618446a526b\",\"name\":\"Juan P\u00e9rez\",\"image\":{\"@type\":\"ImageObject\",\"inLanguage\":\"es-AR\",\"@id\":\"https:\/\/www.diario21.tv\/noticias\/#\/schema\/person\/image\/\",\"url\":\"https:\/\/secure.gravatar.com\/avatar\/c478a405bd10621167f4c3167cc770f5?s=96&d=mm&r=g\",\"contentUrl\":\"https:\/\/secure.gravatar.com\/avatar\/c478a405bd10621167f4c3167cc770f5?s=96&d=mm&r=g\",\"caption\":\"Juan P\u00e9rez\"},\"description\":\"Juan P\u00e9rez es el redactor en jefe de Diario 21. Con m\u00e1s de 10 a\u00f1os de experiencia en el periodismo, se especializa en pol\u00edtica nacional y an\u00e1lisis socioecon\u00f3mico. Su enfoque cr\u00edtico y riguroso aporta una perspectiva \u00fanica a cada art\u00edculo.\",\"sameAs\":[\"https:\/\/www.diario21.tv\/noticias\/\"],\"url\":\"https:\/\/www.diario21.tv\/noticias\/author\/juan-perez\/\"}]}<\/script>\n<!-- \/ Yoast SEO plugin. -->","yoast_head_json":{"title":"\u00a1Conmovedor! Camionero de Zaragoza busca familia de v\u00edctima tras un a\u00f1o de la devastadora Dana - Diario 21","robots":{"index":"index","follow":"follow","max-snippet":"max-snippet:-1","max-image-preview":"max-image-preview:large","max-video-preview":"max-video-preview:-1"},"canonical":"https:\/\/www.diario21.tv\/noticias\/conmovedor-camionero-de-zaragoza-busca-familia-de-victima-tras-un-ano-de-la-devastadora-dana\/","og_locale":"es_ES","og_type":"article","og_title":"\u00a1Conmovedor! Camionero de Zaragoza busca familia de v\u00edctima tras un a\u00f1o de la devastadora Dana - Diario 21","og_description":"La incansable b\u00fasqueda de un camionero zaragozano para encontrar a la familia de una v\u00edctima de la DANA Durante m\u00e1s de un a\u00f1o, un camionero de ... Seguir leyendo &rarr;","og_url":"https:\/\/www.diario21.tv\/noticias\/conmovedor-camionero-de-zaragoza-busca-familia-de-victima-tras-un-ano-de-la-devastadora-dana\/","og_site_name":"Diario 21","article_published_time":"2025-11-07T05:13:13+00:00","article_modified_time":"2025-11-07T05:13:15+00:00","og_image":[{"width":1200,"height":840,"url":"https:\/\/www.diario21.tv\/noticias\/wp-content\/uploads\/2025\/11\/\u00a1Conmovedor-Camionero-de-Zaragoza-busca-familia-de-victima-tras-un.jpg","type":"image\/jpeg"}],"author":"Juan P\u00e9rez","twitter_card":"summary_large_image","twitter_misc":{"Escrito por":"Juan P\u00e9rez","Tiempo de lectura":"3 minutos"},"schema":{"@context":"https:\/\/schema.org","@graph":[{"@type":"WebPage","@id":"https:\/\/www.diario21.tv\/noticias\/conmovedor-camionero-de-zaragoza-busca-familia-de-victima-tras-un-ano-de-la-devastadora-dana\/","url":"https:\/\/www.diario21.tv\/noticias\/conmovedor-camionero-de-zaragoza-busca-familia-de-victima-tras-un-ano-de-la-devastadora-dana\/","name":"\u00a1Conmovedor! Camionero de Zaragoza busca familia de v\u00edctima tras un a\u00f1o de la devastadora Dana - Diario 21","isPartOf":{"@id":"https:\/\/www.diario21.tv\/noticias\/#website"},"primaryImageOfPage":{"@id":"https:\/\/www.diario21.tv\/noticias\/conmovedor-camionero-de-zaragoza-busca-familia-de-victima-tras-un-ano-de-la-devastadora-dana\/#primaryimage"},"image":{"@id":"https:\/\/www.diario21.tv\/noticias\/conmovedor-camionero-de-zaragoza-busca-familia-de-victima-tras-un-ano-de-la-devastadora-dana\/#primaryimage"},"thumbnailUrl":"https:\/\/www.diario21.tv\/noticias\/wp-content\/uploads\/2025\/11\/\u00a1Conmovedor-Camionero-de-Zaragoza-busca-familia-de-victima-tras-un.jpg","datePublished":"2025-11-07T05:13:13+00:00","dateModified":"2025-11-07T05:13:15+00:00","author":{"@id":"https:\/\/www.diario21.tv\/noticias\/#\/schema\/person\/dfb778f73814d8f09f302618446a526b"},"breadcrumb":{"@id":"https:\/\/www.diario21.tv\/noticias\/conmovedor-camionero-de-zaragoza-busca-familia-de-victima-tras-un-ano-de-la-devastadora-dana\/#breadcrumb"},"inLanguage":"es-AR","potentialAction":[{"@type":"ReadAction","target":["https:\/\/www.diario21.tv\/noticias\/conmovedor-camionero-de-zaragoza-busca-familia-de-victima-tras-un-ano-de-la-devastadora-dana\/"]}]},{"@type":"ImageObject","inLanguage":"es-AR","@id":"https:\/\/www.diario21.tv\/noticias\/conmovedor-camionero-de-zaragoza-busca-familia-de-victima-tras-un-ano-de-la-devastadora-dana\/#primaryimage","url":"https:\/\/www.diario21.tv\/noticias\/wp-content\/uploads\/2025\/11\/\u00a1Conmovedor-Camionero-de-Zaragoza-busca-familia-de-victima-tras-un.jpg","contentUrl":"https:\/\/www.diario21.tv\/noticias\/wp-content\/uploads\/2025\/11\/\u00a1Conmovedor-Camionero-de-Zaragoza-busca-familia-de-victima-tras-un.jpg","width":1200,"height":840,"caption":"El camionero de Zaragoza que lleva un a\u00f1o buscando a la familia de una v\u00edctima de la dana"},{"@type":"BreadcrumbList","@id":"https:\/\/www.diario21.tv\/noticias\/conmovedor-camionero-de-zaragoza-busca-familia-de-victima-tras-un-ano-de-la-devastadora-dana\/#breadcrumb","itemListElement":[{"@type":"ListItem","position":1,"name":"Accueil","item":"https:\/\/www.diario21.tv\/noticias\/"},{"@type":"ListItem","position":2,"name":"\u00a1Conmovedor! Camionero de Zaragoza busca familia de v\u00edctima tras un a\u00f1o de la devastadora Dana"}]},{"@type":"WebSite","@id":"https:\/\/www.diario21.tv\/noticias\/#website","url":"https:\/\/www.diario21.tv\/noticias\/","name":"Diario 21","description":"","potentialAction":[{"@type":"SearchAction","target":{"@type":"EntryPoint","urlTemplate":"https:\/\/www.diario21.tv\/noticias\/?s={search_term_string}"},"query-input":{"@type":"PropertyValueSpecification","valueRequired":true,"valueName":"search_term_string"}}],"inLanguage":"es-AR"},{"@type":"Person","@id":"https:\/\/www.diario21.tv\/noticias\/#\/schema\/person\/dfb778f73814d8f09f302618446a526b","name":"Juan P\u00e9rez","image":{"@type":"ImageObject","inLanguage":"es-AR","@id":"https:\/\/www.diario21.tv\/noticias\/#\/schema\/person\/image\/","url":"https:\/\/secure.gravatar.com\/avatar\/c478a405bd10621167f4c3167cc770f5?s=96&d=mm&r=g","contentUrl":"https:\/\/secure.gravatar.com\/avatar\/c478a405bd10621167f4c3167cc770f5?s=96&d=mm&r=g","caption":"Juan P\u00e9rez"},"description":"Juan P\u00e9rez es el redactor en jefe de Diario 21. Con m\u00e1s de 10 a\u00f1os de experiencia en el periodismo, se especializa en pol\u00edtica nacional y an\u00e1lisis socioecon\u00f3mico. Su enfoque cr\u00edtico y riguroso aporta una perspectiva \u00fanica a cada art\u00edculo.","sameAs":["https:\/\/www.diario21.tv\/noticias\/"],"url":"https:\/\/www.diario21.tv\/noticias\/author\/juan-perez\/"}]}},"_links":{"self":[{"href":"https:\/\/www.diario21.tv\/noticias\/wp-json\/wp\/v2\/posts\/5103"}],"collection":[{"href":"https:\/\/www.diario21.tv\/noticias\/wp-json\/wp\/v2\/posts"}],"about":[{"href":"https:\/\/www.diario21.tv\/noticias\/wp-json\/wp\/v2\/types\/post"}],"author":[{"embeddable":true,"href":"https:\/\/www.diario21.tv\/noticias\/wp-json\/wp\/v2\/users\/20"}],"replies":[{"embeddable":true,"href":"https:\/\/www.diario21.tv\/noticias\/wp-json\/wp\/v2\/comments?post=5103"}],"version-history":[{"count":1,"href":"https:\/\/www.diario21.tv\/noticias\/wp-json\/wp\/v2\/posts\/5103\/revisions"}],"predecessor-version":[{"id":5105,"href":"https:\/\/www.diario21.tv\/noticias\/wp-json\/wp\/v2\/posts\/5103\/revisions\/5105"}],"wp:featuredmedia":[{"embeddable":true,"href":"https:\/\/www.diario21.tv\/noticias\/wp-json\/wp\/v2\/media\/5104"}],"wp:attachment":[{"href":"https:\/\/www.diario21.tv\/noticias\/wp-json\/wp\/v2\/media?parent=5103"}],"wp:term":[{"taxonomy":"category","embeddable":true,"href":"https:\/\/www.diario21.tv\/noticias\/wp-json\/wp\/v2\/categories?post=5103"},{"taxonomy":"post_tag","embeddable":true,"href":"https:\/\/www.diario21.tv\/noticias\/wp-json\/wp\/v2\/tags?post=5103"}],"curies":[{"name":"wp","href":"https:\/\/api.w.org\/{rel}","templated":true}]}}