{"id":5067,"date":"2025-11-03T22:43:42","date_gmt":"2025-11-03T22:43:42","guid":{"rendered":"https:\/\/www.diario21.tv\/noticias\/alerta-en-espana-hombre-en-albacete-detenido-por-estafar-a-vendedores-de-la-once\/"},"modified":"2025-11-03T22:43:43","modified_gmt":"2025-11-03T22:43:43","slug":"alerta-en-espana-hombre-en-albacete-detenido-por-estafar-a-vendedores-de-la-once","status":"publish","type":"post","link":"https:\/\/www.diario21.tv\/noticias\/alerta-en-espana-hombre-en-albacete-detenido-por-estafar-a-vendedores-de-la-once\/","title":{"rendered":"\u00a1Alerta en Espa\u00f1a! Hombre en Albacete detenido por estafar a vendedores de la ONCE"},"content":{"rendered":"<h2>Arresto en Albacete por Estafas a Vendedores de la ONCE a Nivel Nacional<\/h2>\n<p>En un reciente operativo policial en Albacete, las autoridades han detenido a un individuo acusado de cometer estafas contra m\u00faltiples vendedores de la Organizaci\u00f3n Nacional de Ciegos Espa\u00f1oles (ONCE) en varias regiones de Espa\u00f1a. Este caso destaca por el m\u00e9todo utilizado y el amplio alcance geogr\u00e1fico de las actividades delictivas.<\/p>\n<h3>Modus Operandi del Estafador<\/h3>\n<p>El sospechoso, cuya identidad no ha sido divulgada, empleaba una t\u00e9cnica consistente en ganarse la confianza de los vendedores de cupones de la ONCE. Inicialmente, realizaba compras menores y pagaba sin inconvenientes, estableciendo una relaci\u00f3n cordial con los vendedores. Una vez que se ganaba su confianza, proced\u00eda a realizar pedidos m\u00e1s grandes, prometiendo pagos que nunca se efectuaban.<\/p>\n<p>Los vendedores, creyendo en la buena fe del comprador debido a las transacciones anteriores satisfactorias, entregaban grandes cantidades de cupones esperando recibir el pago posteriormente. Sin embargo, el estafador desaparec\u00eda sin cumplir con el pago, dejando a los vendedores con significativas p\u00e9rdidas econ\u00f3micas.<\/p>\n<h3>Investigaci\u00f3n y Detenci\u00f3n<\/h3>\n<p>La investigaci\u00f3n comenz\u00f3 cuando varios vendedores afectados decidieron denunciar las anomal\u00edas ante las autoridades. La polic\u00eda, tras recoger m\u00faltiples testimonios y pruebas, logr\u00f3 identificar al sospechoso y procedi\u00f3 a su captura en Albacete.<\/p>\n<p>El detenido es acusado de estafa y se est\u00e1 llevando a cabo una investigaci\u00f3n m\u00e1s profunda para determinar el total de afectados en todo el pa\u00eds. La polic\u00eda tambi\u00e9n est\u00e1 investigando si el estafador operaba solo o si formaba parte de una red m\u00e1s amplia.<\/p>\n<h3>Impacto de la Estafa en la Comunidad ONCE<\/h3>\n<p>Este incidente ha causado consternaci\u00f3n entre la comunidad de vendedores de la ONCE, quienes desempe\u00f1an su labor bajo la premisa de confianza y honestidad. La ONCE ha emitido un comunicado expresando su apoyo a los vendedores afectados y reafirmando su compromiso con la seguridad y el bienestar de su personal.<\/p>\n<p>Las autoridades han hecho un llamado a otros posibles afectados a que se presenten y denuncien, para as\u00ed poder obtener una imagen completa del alcance de la estafa y asegurar que se haga justicia. Asimismo, se est\u00e1n revisando los procedimientos de venta para implementar medidas que prevengan incidentes similares en el futuro.<\/p>\n<p>Este caso subraya la importancia de la vigilancia y la precauci\u00f3n en todas las transacciones comerciales, especialmente aquellas que involucran a personas con discapacidad que conf\u00edan en la honestidad de los compradores.<\/p>\n\n\n<div class=\"kk-star-ratings kksr-auto kksr-align-left kksr-valign-bottom\"\n    data-payload='{&quot;align&quot;:&quot;left&quot;,&quot;id&quot;:&quot;5067&quot;,&quot;slug&quot;:&quot;default&quot;,&quot;valign&quot;:&quot;bottom&quot;,&quot;ignore&quot;:&quot;&quot;,&quot;reference&quot;:&quot;auto&quot;,&quot;class&quot;:&quot;&quot;,&quot;count&quot;:&quot;0&quot;,&quot;legendonly&quot;:&quot;&quot;,&quot;readonly&quot;:&quot;&quot;,&quot;score&quot;:&quot;0&quot;,&quot;starsonly&quot;:&quot;&quot;,&quot;best&quot;:&quot;5&quot;,&quot;gap&quot;:&quot;5&quot;,&quot;greet&quot;:&quot;Valora este post&quot;,&quot;legend&quot;:&quot;0\\\/5 - (0 votes)&quot;,&quot;size&quot;:&quot;22&quot;,&quot;title&quot;:&quot;\u00a1Alerta en Espa\u00f1a! Hombre en Albacete detenido por estafar a vendedores de la ONCE&quot;,&quot;width&quot;:&quot;0&quot;,&quot;_legend&quot;:&quot;{score}\\\/{best} - ({count} {votes})&quot;,&quot;font_factor&quot;:&quot;1.25&quot;}'>\n            \n<div class=\"kksr-stars\">\n    \n<div class=\"kksr-stars-inactive\">\n            <div class=\"kksr-star\" data-star=\"1\" style=\"padding-right: 5px\">\n            \n\n<div class=\"kksr-icon\" style=\"width: 22px; height: 22px;\"><\/div>\n        <\/div>\n            <div class=\"kksr-star\" data-star=\"2\" style=\"padding-right: 5px\">\n            \n\n<div class=\"kksr-icon\" style=\"width: 22px; height: 22px;\"><\/div>\n        <\/div>\n            <div class=\"kksr-star\" data-star=\"3\" style=\"padding-right: 5px\">\n            \n\n<div class=\"kksr-icon\" style=\"width: 22px; height: 22px;\"><\/div>\n        <\/div>\n            <div class=\"kksr-star\" data-star=\"4\" style=\"padding-right: 5px\">\n            \n\n<div class=\"kksr-icon\" style=\"width: 22px; height: 22px;\"><\/div>\n        <\/div>\n            <div class=\"kksr-star\" data-star=\"5\" style=\"padding-right: 5px\">\n            \n\n<div class=\"kksr-icon\" style=\"width: 22px; height: 22px;\"><\/div>\n        <\/div>\n    <\/div>\n    \n<div class=\"kksr-stars-active\" style=\"width: 0px;\">\n            <div class=\"kksr-star\" style=\"padding-right: 5px\">\n            \n\n<div class=\"kksr-icon\" style=\"width: 22px; height: 22px;\"><\/div>\n        <\/div>\n            <div class=\"kksr-star\" style=\"padding-right: 5px\">\n            \n\n<div class=\"kksr-icon\" style=\"width: 22px; height: 22px;\"><\/div>\n        <\/div>\n            <div class=\"kksr-star\" style=\"padding-right: 5px\">\n            \n\n<div class=\"kksr-icon\" style=\"width: 22px; height: 22px;\"><\/div>\n        <\/div>\n            <div class=\"kksr-star\" style=\"padding-right: 5px\">\n            \n\n<div class=\"kksr-icon\" style=\"width: 22px; height: 22px;\"><\/div>\n        <\/div>\n            <div class=\"kksr-star\" style=\"padding-right: 5px\">\n            \n\n<div class=\"kksr-icon\" style=\"width: 22px; height: 22px;\"><\/div>\n        <\/div>\n    <\/div>\n<\/div>\n                \n\n<div class=\"kksr-legend\" style=\"font-size: 17.6px;\">\n            <span class=\"kksr-muted\">Valora este post<\/span>\n    <\/div>\n    <\/div>\n","protected":false},"excerpt":{"rendered":"<p>Arresto en Albacete por Estafas a Vendedores de la ONCE a Nivel Nacional En un reciente operativo policial en Albacete, las autoridades han detenido a un &#8230; <a title=\"\u00a1Alerta en Espa\u00f1a! Hombre en Albacete detenido por estafar a vendedores de la ONCE\" class=\"read-more\" href=\"https:\/\/www.diario21.tv\/noticias\/alerta-en-espana-hombre-en-albacete-detenido-por-estafar-a-vendedores-de-la-once\/\" aria-label=\"Leer m\u00e1s sobre \u00a1Alerta en Espa\u00f1a! Hombre en Albacete detenido por estafar a vendedores de la ONCE\">Seguir leyendo &rarr;<\/a><\/p>\n","protected":false},"author":20,"featured_media":5068,"comment_status":"open","ping_status":"open","sticky":false,"template":"","format":"standard","meta":{"footnotes":""},"categories":[13],"tags":[],"class_list":["post-5067","post","type-post","status-publish","format-standard","has-post-thumbnail","hentry","category-portada"],"yoast_head":"<!-- This site is optimized with the Yoast SEO plugin v25.6 - https:\/\/yoast.com\/wordpress\/plugins\/seo\/ -->\n<title>\u00a1Alerta en Espa\u00f1a! Hombre en Albacete detenido por estafar a vendedores de la ONCE - Diario 21<\/title>\n<meta name=\"robots\" content=\"index, follow, max-snippet:-1, max-image-preview:large, max-video-preview:-1\" \/>\n<link rel=\"canonical\" href=\"https:\/\/www.diario21.tv\/noticias\/alerta-en-espana-hombre-en-albacete-detenido-por-estafar-a-vendedores-de-la-once\/\" \/>\n<meta property=\"og:locale\" content=\"es_ES\" \/>\n<meta property=\"og:type\" content=\"article\" \/>\n<meta property=\"og:title\" content=\"\u00a1Alerta en Espa\u00f1a! Hombre en Albacete detenido por estafar a vendedores de la ONCE - Diario 21\" \/>\n<meta property=\"og:description\" content=\"Arresto en Albacete por Estafas a Vendedores de la ONCE a Nivel Nacional En un reciente operativo policial en Albacete, las autoridades han detenido a un ... Seguir leyendo &rarr;\" \/>\n<meta property=\"og:url\" content=\"https:\/\/www.diario21.tv\/noticias\/alerta-en-espana-hombre-en-albacete-detenido-por-estafar-a-vendedores-de-la-once\/\" \/>\n<meta property=\"og:site_name\" content=\"Diario 21\" \/>\n<meta property=\"article:published_time\" content=\"2025-11-03T22:43:42+00:00\" \/>\n<meta property=\"article:modified_time\" content=\"2025-11-03T22:43:43+00:00\" \/>\n<meta property=\"og:image\" content=\"https:\/\/www.diario21.tv\/noticias\/wp-content\/uploads\/2025\/11\/\u00a1Alerta-en-Espana-Hombre-en-Albacete-detenido-por-estafar-a.jpg\" \/>\n\t<meta property=\"og:image:width\" content=\"1200\" \/>\n\t<meta property=\"og:image:height\" content=\"840\" \/>\n\t<meta property=\"og:image:type\" content=\"image\/jpeg\" \/>\n<meta name=\"author\" content=\"Juan P\u00e9rez\" \/>\n<meta name=\"twitter:card\" content=\"summary_large_image\" \/>\n<meta name=\"twitter:label1\" content=\"Escrito por\" \/>\n\t<meta name=\"twitter:data1\" content=\"Juan P\u00e9rez\" \/>\n\t<meta name=\"twitter:label2\" content=\"Tiempo de lectura\" \/>\n\t<meta name=\"twitter:data2\" content=\"2 minutos\" \/>\n<script type=\"application\/ld+json\" class=\"yoast-schema-graph\">{\"@context\":\"https:\/\/schema.org\",\"@graph\":[{\"@type\":\"WebPage\",\"@id\":\"https:\/\/www.diario21.tv\/noticias\/alerta-en-espana-hombre-en-albacete-detenido-por-estafar-a-vendedores-de-la-once\/\",\"url\":\"https:\/\/www.diario21.tv\/noticias\/alerta-en-espana-hombre-en-albacete-detenido-por-estafar-a-vendedores-de-la-once\/\",\"name\":\"\u00a1Alerta en Espa\u00f1a! Hombre en Albacete detenido por estafar a vendedores de la ONCE - Diario 21\",\"isPartOf\":{\"@id\":\"https:\/\/www.diario21.tv\/noticias\/#website\"},\"primaryImageOfPage\":{\"@id\":\"https:\/\/www.diario21.tv\/noticias\/alerta-en-espana-hombre-en-albacete-detenido-por-estafar-a-vendedores-de-la-once\/#primaryimage\"},\"image\":{\"@id\":\"https:\/\/www.diario21.tv\/noticias\/alerta-en-espana-hombre-en-albacete-detenido-por-estafar-a-vendedores-de-la-once\/#primaryimage\"},\"thumbnailUrl\":\"https:\/\/www.diario21.tv\/noticias\/wp-content\/uploads\/2025\/11\/\u00a1Alerta-en-Espana-Hombre-en-Albacete-detenido-por-estafar-a.jpg\",\"datePublished\":\"2025-11-03T22:43:42+00:00\",\"dateModified\":\"2025-11-03T22:43:43+00:00\",\"author\":{\"@id\":\"https:\/\/www.diario21.tv\/noticias\/#\/schema\/person\/dfb778f73814d8f09f302618446a526b\"},\"breadcrumb\":{\"@id\":\"https:\/\/www.diario21.tv\/noticias\/alerta-en-espana-hombre-en-albacete-detenido-por-estafar-a-vendedores-de-la-once\/#breadcrumb\"},\"inLanguage\":\"es-AR\",\"potentialAction\":[{\"@type\":\"ReadAction\",\"target\":[\"https:\/\/www.diario21.tv\/noticias\/alerta-en-espana-hombre-en-albacete-detenido-por-estafar-a-vendedores-de-la-once\/\"]}]},{\"@type\":\"ImageObject\",\"inLanguage\":\"es-AR\",\"@id\":\"https:\/\/www.diario21.tv\/noticias\/alerta-en-espana-hombre-en-albacete-detenido-por-estafar-a-vendedores-de-la-once\/#primaryimage\",\"url\":\"https:\/\/www.diario21.tv\/noticias\/wp-content\/uploads\/2025\/11\/\u00a1Alerta-en-Espana-Hombre-en-Albacete-detenido-por-estafar-a.jpg\",\"contentUrl\":\"https:\/\/www.diario21.tv\/noticias\/wp-content\/uploads\/2025\/11\/\u00a1Alerta-en-Espana-Hombre-en-Albacete-detenido-por-estafar-a.jpg\",\"width\":1200,\"height\":840,\"caption\":\"Detenido un hombre en Albacete por estafar a vendedores de la ONCE por toda Espa\u00f1a\"},{\"@type\":\"BreadcrumbList\",\"@id\":\"https:\/\/www.diario21.tv\/noticias\/alerta-en-espana-hombre-en-albacete-detenido-por-estafar-a-vendedores-de-la-once\/#breadcrumb\",\"itemListElement\":[{\"@type\":\"ListItem\",\"position\":1,\"name\":\"Accueil\",\"item\":\"https:\/\/www.diario21.tv\/noticias\/\"},{\"@type\":\"ListItem\",\"position\":2,\"name\":\"\u00a1Alerta en Espa\u00f1a! Hombre en Albacete detenido por estafar a vendedores de la ONCE\"}]},{\"@type\":\"WebSite\",\"@id\":\"https:\/\/www.diario21.tv\/noticias\/#website\",\"url\":\"https:\/\/www.diario21.tv\/noticias\/\",\"name\":\"Diario 21\",\"description\":\"\",\"potentialAction\":[{\"@type\":\"SearchAction\",\"target\":{\"@type\":\"EntryPoint\",\"urlTemplate\":\"https:\/\/www.diario21.tv\/noticias\/?s={search_term_string}\"},\"query-input\":{\"@type\":\"PropertyValueSpecification\",\"valueRequired\":true,\"valueName\":\"search_term_string\"}}],\"inLanguage\":\"es-AR\"},{\"@type\":\"Person\",\"@id\":\"https:\/\/www.diario21.tv\/noticias\/#\/schema\/person\/dfb778f73814d8f09f302618446a526b\",\"name\":\"Juan P\u00e9rez\",\"image\":{\"@type\":\"ImageObject\",\"inLanguage\":\"es-AR\",\"@id\":\"https:\/\/www.diario21.tv\/noticias\/#\/schema\/person\/image\/\",\"url\":\"https:\/\/secure.gravatar.com\/avatar\/c478a405bd10621167f4c3167cc770f5?s=96&d=mm&r=g\",\"contentUrl\":\"https:\/\/secure.gravatar.com\/avatar\/c478a405bd10621167f4c3167cc770f5?s=96&d=mm&r=g\",\"caption\":\"Juan P\u00e9rez\"},\"description\":\"Juan P\u00e9rez es el redactor en jefe de Diario 21. Con m\u00e1s de 10 a\u00f1os de experiencia en el periodismo, se especializa en pol\u00edtica nacional y an\u00e1lisis socioecon\u00f3mico. Su enfoque cr\u00edtico y riguroso aporta una perspectiva \u00fanica a cada art\u00edculo.\",\"sameAs\":[\"https:\/\/www.diario21.tv\/noticias\/\"],\"url\":\"https:\/\/www.diario21.tv\/noticias\/author\/juan-perez\/\"}]}<\/script>\n<!-- \/ Yoast SEO plugin. -->","yoast_head_json":{"title":"\u00a1Alerta en Espa\u00f1a! Hombre en Albacete detenido por estafar a vendedores de la ONCE - Diario 21","robots":{"index":"index","follow":"follow","max-snippet":"max-snippet:-1","max-image-preview":"max-image-preview:large","max-video-preview":"max-video-preview:-1"},"canonical":"https:\/\/www.diario21.tv\/noticias\/alerta-en-espana-hombre-en-albacete-detenido-por-estafar-a-vendedores-de-la-once\/","og_locale":"es_ES","og_type":"article","og_title":"\u00a1Alerta en Espa\u00f1a! Hombre en Albacete detenido por estafar a vendedores de la ONCE - Diario 21","og_description":"Arresto en Albacete por Estafas a Vendedores de la ONCE a Nivel Nacional En un reciente operativo policial en Albacete, las autoridades han detenido a un ... Seguir leyendo &rarr;","og_url":"https:\/\/www.diario21.tv\/noticias\/alerta-en-espana-hombre-en-albacete-detenido-por-estafar-a-vendedores-de-la-once\/","og_site_name":"Diario 21","article_published_time":"2025-11-03T22:43:42+00:00","article_modified_time":"2025-11-03T22:43:43+00:00","og_image":[{"width":1200,"height":840,"url":"https:\/\/www.diario21.tv\/noticias\/wp-content\/uploads\/2025\/11\/\u00a1Alerta-en-Espana-Hombre-en-Albacete-detenido-por-estafar-a.jpg","type":"image\/jpeg"}],"author":"Juan P\u00e9rez","twitter_card":"summary_large_image","twitter_misc":{"Escrito por":"Juan P\u00e9rez","Tiempo de lectura":"2 minutos"},"schema":{"@context":"https:\/\/schema.org","@graph":[{"@type":"WebPage","@id":"https:\/\/www.diario21.tv\/noticias\/alerta-en-espana-hombre-en-albacete-detenido-por-estafar-a-vendedores-de-la-once\/","url":"https:\/\/www.diario21.tv\/noticias\/alerta-en-espana-hombre-en-albacete-detenido-por-estafar-a-vendedores-de-la-once\/","name":"\u00a1Alerta en Espa\u00f1a! Hombre en Albacete detenido por estafar a vendedores de la ONCE - Diario 21","isPartOf":{"@id":"https:\/\/www.diario21.tv\/noticias\/#website"},"primaryImageOfPage":{"@id":"https:\/\/www.diario21.tv\/noticias\/alerta-en-espana-hombre-en-albacete-detenido-por-estafar-a-vendedores-de-la-once\/#primaryimage"},"image":{"@id":"https:\/\/www.diario21.tv\/noticias\/alerta-en-espana-hombre-en-albacete-detenido-por-estafar-a-vendedores-de-la-once\/#primaryimage"},"thumbnailUrl":"https:\/\/www.diario21.tv\/noticias\/wp-content\/uploads\/2025\/11\/\u00a1Alerta-en-Espana-Hombre-en-Albacete-detenido-por-estafar-a.jpg","datePublished":"2025-11-03T22:43:42+00:00","dateModified":"2025-11-03T22:43:43+00:00","author":{"@id":"https:\/\/www.diario21.tv\/noticias\/#\/schema\/person\/dfb778f73814d8f09f302618446a526b"},"breadcrumb":{"@id":"https:\/\/www.diario21.tv\/noticias\/alerta-en-espana-hombre-en-albacete-detenido-por-estafar-a-vendedores-de-la-once\/#breadcrumb"},"inLanguage":"es-AR","potentialAction":[{"@type":"ReadAction","target":["https:\/\/www.diario21.tv\/noticias\/alerta-en-espana-hombre-en-albacete-detenido-por-estafar-a-vendedores-de-la-once\/"]}]},{"@type":"ImageObject","inLanguage":"es-AR","@id":"https:\/\/www.diario21.tv\/noticias\/alerta-en-espana-hombre-en-albacete-detenido-por-estafar-a-vendedores-de-la-once\/#primaryimage","url":"https:\/\/www.diario21.tv\/noticias\/wp-content\/uploads\/2025\/11\/\u00a1Alerta-en-Espana-Hombre-en-Albacete-detenido-por-estafar-a.jpg","contentUrl":"https:\/\/www.diario21.tv\/noticias\/wp-content\/uploads\/2025\/11\/\u00a1Alerta-en-Espana-Hombre-en-Albacete-detenido-por-estafar-a.jpg","width":1200,"height":840,"caption":"Detenido un hombre en Albacete por estafar a vendedores de la ONCE por toda Espa\u00f1a"},{"@type":"BreadcrumbList","@id":"https:\/\/www.diario21.tv\/noticias\/alerta-en-espana-hombre-en-albacete-detenido-por-estafar-a-vendedores-de-la-once\/#breadcrumb","itemListElement":[{"@type":"ListItem","position":1,"name":"Accueil","item":"https:\/\/www.diario21.tv\/noticias\/"},{"@type":"ListItem","position":2,"name":"\u00a1Alerta en Espa\u00f1a! Hombre en Albacete detenido por estafar a vendedores de la ONCE"}]},{"@type":"WebSite","@id":"https:\/\/www.diario21.tv\/noticias\/#website","url":"https:\/\/www.diario21.tv\/noticias\/","name":"Diario 21","description":"","potentialAction":[{"@type":"SearchAction","target":{"@type":"EntryPoint","urlTemplate":"https:\/\/www.diario21.tv\/noticias\/?s={search_term_string}"},"query-input":{"@type":"PropertyValueSpecification","valueRequired":true,"valueName":"search_term_string"}}],"inLanguage":"es-AR"},{"@type":"Person","@id":"https:\/\/www.diario21.tv\/noticias\/#\/schema\/person\/dfb778f73814d8f09f302618446a526b","name":"Juan P\u00e9rez","image":{"@type":"ImageObject","inLanguage":"es-AR","@id":"https:\/\/www.diario21.tv\/noticias\/#\/schema\/person\/image\/","url":"https:\/\/secure.gravatar.com\/avatar\/c478a405bd10621167f4c3167cc770f5?s=96&d=mm&r=g","contentUrl":"https:\/\/secure.gravatar.com\/avatar\/c478a405bd10621167f4c3167cc770f5?s=96&d=mm&r=g","caption":"Juan P\u00e9rez"},"description":"Juan P\u00e9rez es el redactor en jefe de Diario 21. Con m\u00e1s de 10 a\u00f1os de experiencia en el periodismo, se especializa en pol\u00edtica nacional y an\u00e1lisis socioecon\u00f3mico. Su enfoque cr\u00edtico y riguroso aporta una perspectiva \u00fanica a cada art\u00edculo.","sameAs":["https:\/\/www.diario21.tv\/noticias\/"],"url":"https:\/\/www.diario21.tv\/noticias\/author\/juan-perez\/"}]}},"_links":{"self":[{"href":"https:\/\/www.diario21.tv\/noticias\/wp-json\/wp\/v2\/posts\/5067"}],"collection":[{"href":"https:\/\/www.diario21.tv\/noticias\/wp-json\/wp\/v2\/posts"}],"about":[{"href":"https:\/\/www.diario21.tv\/noticias\/wp-json\/wp\/v2\/types\/post"}],"author":[{"embeddable":true,"href":"https:\/\/www.diario21.tv\/noticias\/wp-json\/wp\/v2\/users\/20"}],"replies":[{"embeddable":true,"href":"https:\/\/www.diario21.tv\/noticias\/wp-json\/wp\/v2\/comments?post=5067"}],"version-history":[{"count":1,"href":"https:\/\/www.diario21.tv\/noticias\/wp-json\/wp\/v2\/posts\/5067\/revisions"}],"predecessor-version":[{"id":5069,"href":"https:\/\/www.diario21.tv\/noticias\/wp-json\/wp\/v2\/posts\/5067\/revisions\/5069"}],"wp:featuredmedia":[{"embeddable":true,"href":"https:\/\/www.diario21.tv\/noticias\/wp-json\/wp\/v2\/media\/5068"}],"wp:attachment":[{"href":"https:\/\/www.diario21.tv\/noticias\/wp-json\/wp\/v2\/media?parent=5067"}],"wp:term":[{"taxonomy":"category","embeddable":true,"href":"https:\/\/www.diario21.tv\/noticias\/wp-json\/wp\/v2\/categories?post=5067"},{"taxonomy":"post_tag","embeddable":true,"href":"https:\/\/www.diario21.tv\/noticias\/wp-json\/wp\/v2\/tags?post=5067"}],"curies":[{"name":"wp","href":"https:\/\/api.w.org\/{rel}","templated":true}]}}