{"id":5061,"date":"2025-11-03T10:41:05","date_gmt":"2025-11-03T10:41:05","guid":{"rendered":"https:\/\/www.diario21.tv\/noticias\/alerta-empresas-tecnologicas-culpables-de-arruinar-la-escritura-segun-ciudadanos\/"},"modified":"2025-11-03T10:41:06","modified_gmt":"2025-11-03T10:41:06","slug":"alerta-empresas-tecnologicas-culpables-de-arruinar-la-escritura-segun-ciudadanos","status":"publish","type":"post","link":"https:\/\/www.diario21.tv\/noticias\/alerta-empresas-tecnologicas-culpables-de-arruinar-la-escritura-segun-ciudadanos\/","title":{"rendered":"\u00a1Alerta! Empresas tecnol\u00f3gicas culpables de arruinar la escritura, seg\u00fan ciudadanos"},"content":{"rendered":"<h2>Opini\u00f3n P\u00fablica Responsabiliza a las Empresas de Tecnolog\u00eda por la Degradaci\u00f3n del Arte de Escribir<\/h2>\n<p>En una era dominada por avances tecnol\u00f3gicos r\u00e1pidos y constantes, la percepci\u00f3n p\u00fablica hacia las grandes corporaciones tecnol\u00f3gicas se ha tornado cada vez m\u00e1s cr\u00edtica, especialmente en lo que respecta a su impacto en las habilidades de escritura tradicionales. Un n\u00famero creciente de personas argumenta que estas entidades tienen un papel considerable en la erosi\u00f3n de la calidad de la escritura.<\/p>\n<h3>El Impacto de la Tecnolog\u00eda en la Escritura<\/h3>\n<p>La integraci\u00f3n de la tecnolog\u00eda en la vida cotidiana ha tra\u00eddo consigo numerosas ventajas, como el acceso mejorado a la informaci\u00f3n y la comunicaci\u00f3n facilitada. Sin embargo, tambi\u00e9n ha surgido una preocupaci\u00f3n significativa respecto a c\u00f3mo las plataformas digitales y los dispositivos influyen negativamente en la escritura manual y la composici\u00f3n literaria. Muchos cr\u00edticos sostienen que el uso prevalente de dispositivos inteligentes y software de comunicaci\u00f3n ha llevado a una dependencia excesiva de herramientas como la correcci\u00f3n autom\u00e1tica y las respuestas predise\u00f1adas, lo que a su vez puede disminuir la habilidad de escribir de manera reflexiva y detallada.<\/p>\n<h3>La Responsabilidad de las Corporaciones Tecnol\u00f3gicas<\/h3>\n<p>No se puede negar que las empresas de tecnolog\u00eda juegan un rol fundamental en la configuraci\u00f3n de las herramientas de comunicaci\u00f3n modernas. Desde procesadores de texto hasta aplicaciones de mensajer\u00eda instant\u00e1nea, estas herramientas est\u00e1n dise\u00f1adas para aumentar la eficiencia en la comunicaci\u00f3n, pero no necesariamente para mejorar la calidad de la escritura. Algunos expertos en el campo de la educaci\u00f3n y la ling\u00fc\u00edstica argumentan que deber\u00eda existir una mayor responsabilidad por parte de estas empresas para fomentar el desarrollo de habilidades de escritura m\u00e1s robustas entre sus usuarios.<\/p>\n<p>Esta postura es apoyada por una parte de la comunidad educativa que ve con preocupaci\u00f3n c\u00f3mo los m\u00e9todos de ense\u00f1anza deben adaptarse y, a veces, luchar contra las muletillas tecnol\u00f3gicas que los estudiantes traen al aula. Los educadores enfrentan el desaf\u00edo de ense\u00f1ar t\u00e9cnicas de escritura efectivas mientras compiten con la gratificaci\u00f3n instant\u00e1nea y la brevedad que caracterizan a muchas formas de comunicaci\u00f3n digital.<\/p>\n<h3>Posibles Soluciones y Caminos a Seguir<\/h3>\n<p>Ante este panorama, se discuten diversas soluciones. Una de ellas es la integraci\u00f3n de programas educativos que no solo se centren en el uso tecnol\u00f3gico, sino tambi\u00e9n en el desarrollo de habilidades de escritura a trav\u00e9s de la tecnolog\u00eda. Esto podr\u00eda incluir software que ayude a los usuarios a mejorar su gram\u00e1tica y estilo de escritura de manera m\u00e1s interactiva y profunda.<\/p>\n<p>Adem\u00e1s, algunas voces sugieren que las empresas tecnol\u00f3gicas podr\u00edan dise\u00f1ar sus productos con opciones que incentiven pr\u00e1cticas de escritura m\u00e1s reflexivas, como configuraciones que fomenten la redacci\u00f3n detallada en lugar de respuestas r\u00e1pidas y autom\u00e1ticas.<\/p>\n<h3>Conclusi\u00f3n<\/h3>\n<p>La relaci\u00f3n entre tecnolog\u00eda y escritura es compleja y multifac\u00e9tica. Aunque las herramientas tecnol\u00f3gicas ofrecen numerosos beneficios para la comunicaci\u00f3n, es crucial reconocer y abordar sus efectos potencialmente adversos sobre las habilidades de escritura. Incrementar la conciencia sobre esta problem\u00e1tica y promover un uso m\u00e1s balanceado y consciente de la tecnolog\u00eda podr\u00eda ser clave para preservar la riqueza y efectividad de la escritura en las futuras generaciones.<\/p>\n\n\n<div class=\"kk-star-ratings kksr-auto kksr-align-left kksr-valign-bottom\"\n    data-payload='{&quot;align&quot;:&quot;left&quot;,&quot;id&quot;:&quot;5061&quot;,&quot;slug&quot;:&quot;default&quot;,&quot;valign&quot;:&quot;bottom&quot;,&quot;ignore&quot;:&quot;&quot;,&quot;reference&quot;:&quot;auto&quot;,&quot;class&quot;:&quot;&quot;,&quot;count&quot;:&quot;0&quot;,&quot;legendonly&quot;:&quot;&quot;,&quot;readonly&quot;:&quot;&quot;,&quot;score&quot;:&quot;0&quot;,&quot;starsonly&quot;:&quot;&quot;,&quot;best&quot;:&quot;5&quot;,&quot;gap&quot;:&quot;5&quot;,&quot;greet&quot;:&quot;Valora este post&quot;,&quot;legend&quot;:&quot;0\\\/5 - (0 votes)&quot;,&quot;size&quot;:&quot;22&quot;,&quot;title&quot;:&quot;\u00a1Alerta! Empresas tecnol\u00f3gicas culpables de arruinar la escritura, seg\u00fan ciudadanos&quot;,&quot;width&quot;:&quot;0&quot;,&quot;_legend&quot;:&quot;{score}\\\/{best} - ({count} {votes})&quot;,&quot;font_factor&quot;:&quot;1.25&quot;}'>\n            \n<div class=\"kksr-stars\">\n    \n<div class=\"kksr-stars-inactive\">\n            <div class=\"kksr-star\" data-star=\"1\" style=\"padding-right: 5px\">\n            \n\n<div class=\"kksr-icon\" style=\"width: 22px; height: 22px;\"><\/div>\n        <\/div>\n            <div class=\"kksr-star\" data-star=\"2\" style=\"padding-right: 5px\">\n            \n\n<div class=\"kksr-icon\" style=\"width: 22px; height: 22px;\"><\/div>\n        <\/div>\n            <div class=\"kksr-star\" data-star=\"3\" style=\"padding-right: 5px\">\n            \n\n<div class=\"kksr-icon\" style=\"width: 22px; height: 22px;\"><\/div>\n        <\/div>\n            <div class=\"kksr-star\" data-star=\"4\" style=\"padding-right: 5px\">\n            \n\n<div class=\"kksr-icon\" style=\"width: 22px; height: 22px;\"><\/div>\n        <\/div>\n            <div class=\"kksr-star\" data-star=\"5\" style=\"padding-right: 5px\">\n            \n\n<div class=\"kksr-icon\" style=\"width: 22px; height: 22px;\"><\/div>\n        <\/div>\n    <\/div>\n    \n<div class=\"kksr-stars-active\" style=\"width: 0px;\">\n            <div class=\"kksr-star\" style=\"padding-right: 5px\">\n            \n\n<div class=\"kksr-icon\" style=\"width: 22px; height: 22px;\"><\/div>\n        <\/div>\n            <div class=\"kksr-star\" style=\"padding-right: 5px\">\n            \n\n<div class=\"kksr-icon\" style=\"width: 22px; height: 22px;\"><\/div>\n        <\/div>\n            <div class=\"kksr-star\" style=\"padding-right: 5px\">\n            \n\n<div class=\"kksr-icon\" style=\"width: 22px; height: 22px;\"><\/div>\n        <\/div>\n            <div class=\"kksr-star\" style=\"padding-right: 5px\">\n            \n\n<div class=\"kksr-icon\" style=\"width: 22px; height: 22px;\"><\/div>\n        <\/div>\n            <div class=\"kksr-star\" style=\"padding-right: 5px\">\n            \n\n<div class=\"kksr-icon\" style=\"width: 22px; height: 22px;\"><\/div>\n        <\/div>\n    <\/div>\n<\/div>\n                \n\n<div class=\"kksr-legend\" style=\"font-size: 17.6px;\">\n            <span class=\"kksr-muted\">Valora este post<\/span>\n    <\/div>\n    <\/div>\n","protected":false},"excerpt":{"rendered":"<p>Opini\u00f3n P\u00fablica Responsabiliza a las Empresas de Tecnolog\u00eda por la Degradaci\u00f3n del Arte de Escribir En una era dominada por avances tecnol\u00f3gicos r\u00e1pidos y constantes, la &#8230; <a title=\"\u00a1Alerta! Empresas tecnol\u00f3gicas culpables de arruinar la escritura, seg\u00fan ciudadanos\" class=\"read-more\" href=\"https:\/\/www.diario21.tv\/noticias\/alerta-empresas-tecnologicas-culpables-de-arruinar-la-escritura-segun-ciudadanos\/\" aria-label=\"Leer m\u00e1s sobre \u00a1Alerta! Empresas tecnol\u00f3gicas culpables de arruinar la escritura, seg\u00fan ciudadanos\">Seguir leyendo &rarr;<\/a><\/p>\n","protected":false},"author":20,"featured_media":5062,"comment_status":"open","ping_status":"open","sticky":false,"template":"","format":"standard","meta":{"footnotes":""},"categories":[13],"tags":[],"class_list":["post-5061","post","type-post","status-publish","format-standard","has-post-thumbnail","hentry","category-portada"],"yoast_head":"<!-- This site is optimized with the Yoast SEO plugin v25.6 - https:\/\/yoast.com\/wordpress\/plugins\/seo\/ -->\n<title>\u00a1Alerta! Empresas tecnol\u00f3gicas culpables de arruinar la escritura, seg\u00fan ciudadanos - Diario 21<\/title>\n<meta name=\"robots\" content=\"index, follow, max-snippet:-1, max-image-preview:large, max-video-preview:-1\" \/>\n<link rel=\"canonical\" href=\"https:\/\/www.diario21.tv\/noticias\/alerta-empresas-tecnologicas-culpables-de-arruinar-la-escritura-segun-ciudadanos\/\" \/>\n<meta property=\"og:locale\" content=\"es_ES\" \/>\n<meta property=\"og:type\" content=\"article\" \/>\n<meta property=\"og:title\" content=\"\u00a1Alerta! Empresas tecnol\u00f3gicas culpables de arruinar la escritura, seg\u00fan ciudadanos - Diario 21\" \/>\n<meta property=\"og:description\" content=\"Opini\u00f3n P\u00fablica Responsabiliza a las Empresas de Tecnolog\u00eda por la Degradaci\u00f3n del Arte de Escribir En una era dominada por avances tecnol\u00f3gicos r\u00e1pidos y constantes, la ... Seguir leyendo &rarr;\" \/>\n<meta property=\"og:url\" content=\"https:\/\/www.diario21.tv\/noticias\/alerta-empresas-tecnologicas-culpables-de-arruinar-la-escritura-segun-ciudadanos\/\" \/>\n<meta property=\"og:site_name\" content=\"Diario 21\" \/>\n<meta property=\"article:published_time\" content=\"2025-11-03T10:41:05+00:00\" \/>\n<meta property=\"article:modified_time\" content=\"2025-11-03T10:41:06+00:00\" \/>\n<meta property=\"og:image\" content=\"https:\/\/www.diario21.tv\/noticias\/wp-content\/uploads\/2025\/11\/\u00a1Alerta-Empresas-tecnologicas-culpables-de-arruinar-la-escritura-segun-ciudadanos.JPG\" \/>\n\t<meta property=\"og:image:width\" content=\"1200\" \/>\n\t<meta property=\"og:image:height\" content=\"840\" \/>\n\t<meta property=\"og:image:type\" content=\"image\/jpeg\" \/>\n<meta name=\"author\" content=\"Juan P\u00e9rez\" \/>\n<meta name=\"twitter:card\" content=\"summary_large_image\" \/>\n<meta name=\"twitter:label1\" content=\"Escrito por\" \/>\n\t<meta name=\"twitter:data1\" content=\"Juan P\u00e9rez\" \/>\n\t<meta name=\"twitter:label2\" content=\"Tiempo de lectura\" \/>\n\t<meta name=\"twitter:data2\" content=\"3 minutos\" \/>\n<script type=\"application\/ld+json\" class=\"yoast-schema-graph\">{\"@context\":\"https:\/\/schema.org\",\"@graph\":[{\"@type\":\"WebPage\",\"@id\":\"https:\/\/www.diario21.tv\/noticias\/alerta-empresas-tecnologicas-culpables-de-arruinar-la-escritura-segun-ciudadanos\/\",\"url\":\"https:\/\/www.diario21.tv\/noticias\/alerta-empresas-tecnologicas-culpables-de-arruinar-la-escritura-segun-ciudadanos\/\",\"name\":\"\u00a1Alerta! Empresas tecnol\u00f3gicas culpables de arruinar la escritura, seg\u00fan ciudadanos - Diario 21\",\"isPartOf\":{\"@id\":\"https:\/\/www.diario21.tv\/noticias\/#website\"},\"primaryImageOfPage\":{\"@id\":\"https:\/\/www.diario21.tv\/noticias\/alerta-empresas-tecnologicas-culpables-de-arruinar-la-escritura-segun-ciudadanos\/#primaryimage\"},\"image\":{\"@id\":\"https:\/\/www.diario21.tv\/noticias\/alerta-empresas-tecnologicas-culpables-de-arruinar-la-escritura-segun-ciudadanos\/#primaryimage\"},\"thumbnailUrl\":\"https:\/\/www.diario21.tv\/noticias\/wp-content\/uploads\/2025\/11\/\u00a1Alerta-Empresas-tecnologicas-culpables-de-arruinar-la-escritura-segun-ciudadanos.JPG\",\"datePublished\":\"2025-11-03T10:41:05+00:00\",\"dateModified\":\"2025-11-03T10:41:06+00:00\",\"author\":{\"@id\":\"https:\/\/www.diario21.tv\/noticias\/#\/schema\/person\/dfb778f73814d8f09f302618446a526b\"},\"breadcrumb\":{\"@id\":\"https:\/\/www.diario21.tv\/noticias\/alerta-empresas-tecnologicas-culpables-de-arruinar-la-escritura-segun-ciudadanos\/#breadcrumb\"},\"inLanguage\":\"es-AR\",\"potentialAction\":[{\"@type\":\"ReadAction\",\"target\":[\"https:\/\/www.diario21.tv\/noticias\/alerta-empresas-tecnologicas-culpables-de-arruinar-la-escritura-segun-ciudadanos\/\"]}]},{\"@type\":\"ImageObject\",\"inLanguage\":\"es-AR\",\"@id\":\"https:\/\/www.diario21.tv\/noticias\/alerta-empresas-tecnologicas-culpables-de-arruinar-la-escritura-segun-ciudadanos\/#primaryimage\",\"url\":\"https:\/\/www.diario21.tv\/noticias\/wp-content\/uploads\/2025\/11\/\u00a1Alerta-Empresas-tecnologicas-culpables-de-arruinar-la-escritura-segun-ciudadanos.JPG\",\"contentUrl\":\"https:\/\/www.diario21.tv\/noticias\/wp-content\/uploads\/2025\/11\/\u00a1Alerta-Empresas-tecnologicas-culpables-de-arruinar-la-escritura-segun-ciudadanos.JPG\",\"width\":1200,\"height\":840,\"caption\":\"Los ciudadanos consideran que las empresas tecnol\u00f3gicas son responsables de la devaluaci\u00f3n de la escritura\"},{\"@type\":\"BreadcrumbList\",\"@id\":\"https:\/\/www.diario21.tv\/noticias\/alerta-empresas-tecnologicas-culpables-de-arruinar-la-escritura-segun-ciudadanos\/#breadcrumb\",\"itemListElement\":[{\"@type\":\"ListItem\",\"position\":1,\"name\":\"Accueil\",\"item\":\"https:\/\/www.diario21.tv\/noticias\/\"},{\"@type\":\"ListItem\",\"position\":2,\"name\":\"\u00a1Alerta! Empresas tecnol\u00f3gicas culpables de arruinar la escritura, seg\u00fan ciudadanos\"}]},{\"@type\":\"WebSite\",\"@id\":\"https:\/\/www.diario21.tv\/noticias\/#website\",\"url\":\"https:\/\/www.diario21.tv\/noticias\/\",\"name\":\"Diario 21\",\"description\":\"\",\"potentialAction\":[{\"@type\":\"SearchAction\",\"target\":{\"@type\":\"EntryPoint\",\"urlTemplate\":\"https:\/\/www.diario21.tv\/noticias\/?s={search_term_string}\"},\"query-input\":{\"@type\":\"PropertyValueSpecification\",\"valueRequired\":true,\"valueName\":\"search_term_string\"}}],\"inLanguage\":\"es-AR\"},{\"@type\":\"Person\",\"@id\":\"https:\/\/www.diario21.tv\/noticias\/#\/schema\/person\/dfb778f73814d8f09f302618446a526b\",\"name\":\"Juan P\u00e9rez\",\"image\":{\"@type\":\"ImageObject\",\"inLanguage\":\"es-AR\",\"@id\":\"https:\/\/www.diario21.tv\/noticias\/#\/schema\/person\/image\/\",\"url\":\"https:\/\/secure.gravatar.com\/avatar\/c478a405bd10621167f4c3167cc770f5?s=96&d=mm&r=g\",\"contentUrl\":\"https:\/\/secure.gravatar.com\/avatar\/c478a405bd10621167f4c3167cc770f5?s=96&d=mm&r=g\",\"caption\":\"Juan P\u00e9rez\"},\"description\":\"Juan P\u00e9rez es el redactor en jefe de Diario 21. Con m\u00e1s de 10 a\u00f1os de experiencia en el periodismo, se especializa en pol\u00edtica nacional y an\u00e1lisis socioecon\u00f3mico. Su enfoque cr\u00edtico y riguroso aporta una perspectiva \u00fanica a cada art\u00edculo.\",\"sameAs\":[\"https:\/\/www.diario21.tv\/noticias\/\"],\"url\":\"https:\/\/www.diario21.tv\/noticias\/author\/juan-perez\/\"}]}<\/script>\n<!-- \/ Yoast SEO plugin. -->","yoast_head_json":{"title":"\u00a1Alerta! Empresas tecnol\u00f3gicas culpables de arruinar la escritura, seg\u00fan ciudadanos - Diario 21","robots":{"index":"index","follow":"follow","max-snippet":"max-snippet:-1","max-image-preview":"max-image-preview:large","max-video-preview":"max-video-preview:-1"},"canonical":"https:\/\/www.diario21.tv\/noticias\/alerta-empresas-tecnologicas-culpables-de-arruinar-la-escritura-segun-ciudadanos\/","og_locale":"es_ES","og_type":"article","og_title":"\u00a1Alerta! Empresas tecnol\u00f3gicas culpables de arruinar la escritura, seg\u00fan ciudadanos - Diario 21","og_description":"Opini\u00f3n P\u00fablica Responsabiliza a las Empresas de Tecnolog\u00eda por la Degradaci\u00f3n del Arte de Escribir En una era dominada por avances tecnol\u00f3gicos r\u00e1pidos y constantes, la ... Seguir leyendo &rarr;","og_url":"https:\/\/www.diario21.tv\/noticias\/alerta-empresas-tecnologicas-culpables-de-arruinar-la-escritura-segun-ciudadanos\/","og_site_name":"Diario 21","article_published_time":"2025-11-03T10:41:05+00:00","article_modified_time":"2025-11-03T10:41:06+00:00","og_image":[{"width":1200,"height":840,"url":"https:\/\/www.diario21.tv\/noticias\/wp-content\/uploads\/2025\/11\/\u00a1Alerta-Empresas-tecnologicas-culpables-de-arruinar-la-escritura-segun-ciudadanos.JPG","type":"image\/jpeg"}],"author":"Juan P\u00e9rez","twitter_card":"summary_large_image","twitter_misc":{"Escrito por":"Juan P\u00e9rez","Tiempo de lectura":"3 minutos"},"schema":{"@context":"https:\/\/schema.org","@graph":[{"@type":"WebPage","@id":"https:\/\/www.diario21.tv\/noticias\/alerta-empresas-tecnologicas-culpables-de-arruinar-la-escritura-segun-ciudadanos\/","url":"https:\/\/www.diario21.tv\/noticias\/alerta-empresas-tecnologicas-culpables-de-arruinar-la-escritura-segun-ciudadanos\/","name":"\u00a1Alerta! Empresas tecnol\u00f3gicas culpables de arruinar la escritura, seg\u00fan ciudadanos - Diario 21","isPartOf":{"@id":"https:\/\/www.diario21.tv\/noticias\/#website"},"primaryImageOfPage":{"@id":"https:\/\/www.diario21.tv\/noticias\/alerta-empresas-tecnologicas-culpables-de-arruinar-la-escritura-segun-ciudadanos\/#primaryimage"},"image":{"@id":"https:\/\/www.diario21.tv\/noticias\/alerta-empresas-tecnologicas-culpables-de-arruinar-la-escritura-segun-ciudadanos\/#primaryimage"},"thumbnailUrl":"https:\/\/www.diario21.tv\/noticias\/wp-content\/uploads\/2025\/11\/\u00a1Alerta-Empresas-tecnologicas-culpables-de-arruinar-la-escritura-segun-ciudadanos.JPG","datePublished":"2025-11-03T10:41:05+00:00","dateModified":"2025-11-03T10:41:06+00:00","author":{"@id":"https:\/\/www.diario21.tv\/noticias\/#\/schema\/person\/dfb778f73814d8f09f302618446a526b"},"breadcrumb":{"@id":"https:\/\/www.diario21.tv\/noticias\/alerta-empresas-tecnologicas-culpables-de-arruinar-la-escritura-segun-ciudadanos\/#breadcrumb"},"inLanguage":"es-AR","potentialAction":[{"@type":"ReadAction","target":["https:\/\/www.diario21.tv\/noticias\/alerta-empresas-tecnologicas-culpables-de-arruinar-la-escritura-segun-ciudadanos\/"]}]},{"@type":"ImageObject","inLanguage":"es-AR","@id":"https:\/\/www.diario21.tv\/noticias\/alerta-empresas-tecnologicas-culpables-de-arruinar-la-escritura-segun-ciudadanos\/#primaryimage","url":"https:\/\/www.diario21.tv\/noticias\/wp-content\/uploads\/2025\/11\/\u00a1Alerta-Empresas-tecnologicas-culpables-de-arruinar-la-escritura-segun-ciudadanos.JPG","contentUrl":"https:\/\/www.diario21.tv\/noticias\/wp-content\/uploads\/2025\/11\/\u00a1Alerta-Empresas-tecnologicas-culpables-de-arruinar-la-escritura-segun-ciudadanos.JPG","width":1200,"height":840,"caption":"Los ciudadanos consideran que las empresas tecnol\u00f3gicas son responsables de la devaluaci\u00f3n de la escritura"},{"@type":"BreadcrumbList","@id":"https:\/\/www.diario21.tv\/noticias\/alerta-empresas-tecnologicas-culpables-de-arruinar-la-escritura-segun-ciudadanos\/#breadcrumb","itemListElement":[{"@type":"ListItem","position":1,"name":"Accueil","item":"https:\/\/www.diario21.tv\/noticias\/"},{"@type":"ListItem","position":2,"name":"\u00a1Alerta! Empresas tecnol\u00f3gicas culpables de arruinar la escritura, seg\u00fan ciudadanos"}]},{"@type":"WebSite","@id":"https:\/\/www.diario21.tv\/noticias\/#website","url":"https:\/\/www.diario21.tv\/noticias\/","name":"Diario 21","description":"","potentialAction":[{"@type":"SearchAction","target":{"@type":"EntryPoint","urlTemplate":"https:\/\/www.diario21.tv\/noticias\/?s={search_term_string}"},"query-input":{"@type":"PropertyValueSpecification","valueRequired":true,"valueName":"search_term_string"}}],"inLanguage":"es-AR"},{"@type":"Person","@id":"https:\/\/www.diario21.tv\/noticias\/#\/schema\/person\/dfb778f73814d8f09f302618446a526b","name":"Juan P\u00e9rez","image":{"@type":"ImageObject","inLanguage":"es-AR","@id":"https:\/\/www.diario21.tv\/noticias\/#\/schema\/person\/image\/","url":"https:\/\/secure.gravatar.com\/avatar\/c478a405bd10621167f4c3167cc770f5?s=96&d=mm&r=g","contentUrl":"https:\/\/secure.gravatar.com\/avatar\/c478a405bd10621167f4c3167cc770f5?s=96&d=mm&r=g","caption":"Juan P\u00e9rez"},"description":"Juan P\u00e9rez es el redactor en jefe de Diario 21. Con m\u00e1s de 10 a\u00f1os de experiencia en el periodismo, se especializa en pol\u00edtica nacional y an\u00e1lisis socioecon\u00f3mico. Su enfoque cr\u00edtico y riguroso aporta una perspectiva \u00fanica a cada art\u00edculo.","sameAs":["https:\/\/www.diario21.tv\/noticias\/"],"url":"https:\/\/www.diario21.tv\/noticias\/author\/juan-perez\/"}]}},"_links":{"self":[{"href":"https:\/\/www.diario21.tv\/noticias\/wp-json\/wp\/v2\/posts\/5061"}],"collection":[{"href":"https:\/\/www.diario21.tv\/noticias\/wp-json\/wp\/v2\/posts"}],"about":[{"href":"https:\/\/www.diario21.tv\/noticias\/wp-json\/wp\/v2\/types\/post"}],"author":[{"embeddable":true,"href":"https:\/\/www.diario21.tv\/noticias\/wp-json\/wp\/v2\/users\/20"}],"replies":[{"embeddable":true,"href":"https:\/\/www.diario21.tv\/noticias\/wp-json\/wp\/v2\/comments?post=5061"}],"version-history":[{"count":1,"href":"https:\/\/www.diario21.tv\/noticias\/wp-json\/wp\/v2\/posts\/5061\/revisions"}],"predecessor-version":[{"id":5063,"href":"https:\/\/www.diario21.tv\/noticias\/wp-json\/wp\/v2\/posts\/5061\/revisions\/5063"}],"wp:featuredmedia":[{"embeddable":true,"href":"https:\/\/www.diario21.tv\/noticias\/wp-json\/wp\/v2\/media\/5062"}],"wp:attachment":[{"href":"https:\/\/www.diario21.tv\/noticias\/wp-json\/wp\/v2\/media?parent=5061"}],"wp:term":[{"taxonomy":"category","embeddable":true,"href":"https:\/\/www.diario21.tv\/noticias\/wp-json\/wp\/v2\/categories?post=5061"},{"taxonomy":"post_tag","embeddable":true,"href":"https:\/\/www.diario21.tv\/noticias\/wp-json\/wp\/v2\/tags?post=5061"}],"curies":[{"name":"wp","href":"https:\/\/api.w.org\/{rel}","templated":true}]}}