{"id":504,"date":"2024-09-21T22:59:45","date_gmt":"2024-09-21T22:59:45","guid":{"rendered":"https:\/\/www.diario21.tv\/noticias\/bruselas-exige-prohibir-fumar-y-vapear-en-terrazas-piscinas-parques-y-paradas-de-autobus\/"},"modified":"2024-10-14T09:42:52","modified_gmt":"2024-10-14T09:42:52","slug":"bruselas-exige-prohibir-fumar-y-vapear-en-terrazas-piscinas-parques-y-paradas-de-autobus","status":"publish","type":"post","link":"https:\/\/www.diario21.tv\/noticias\/bruselas-exige-prohibir-fumar-y-vapear-en-terrazas-piscinas-parques-y-paradas-de-autobus\/","title":{"rendered":"\u00a1Bruselas EXIGE Prohibir Fumar y Vapear en Terrazas, Piscinas, Parques y Paradas de Autob\u00fas!"},"content":{"rendered":"<h2>Bruselas solicita la prohibici\u00f3n de fumar y vapear en terrazas, piscinas, parques y paradas de autobuses<\/h2>\n<p>La capital belga, Bruselas, ha solicitado que se implemente una prohibici\u00f3n que impida tanto fumar como vapear en espacios p\u00fablicos al aire libre, como terrazas, piscinas, parques y paradas de autobuses.<\/p>\n<p>El objetivo de esta propuesta es proteger la salud p\u00fablica y mejorar la calidad del aire en la ciudad. La presencia de humo de tabaco en estos espacios p\u00fablicos puede ser perjudicial para la salud de los no fumadores, especialmente para los ni\u00f1os, las personas mayores y las personas con enfermedades respiratorias.<\/p>\n<h2>Una medida para proteger la salud p\u00fablica<\/h2>\n<p>La propuesta busca, adem\u00e1s, desalentar el consumo de tabaco y productos similares, especialmente entre los j\u00f3venes. La visibilidad del acto de fumar o vapear en lugares p\u00fablicos puede normalizar su consumo y fomentar su inicio en personas que a\u00fan no lo han probado.<\/p>\n<p>El humo del tabaco es un contaminante del aire que puede ser perjudicial para la salud, incluso cuando se inhala en peque\u00f1as cantidades. Las personas que est\u00e1n cerca de los fumadores en espacios p\u00fablicos pueden inhalar este humo de segunda mano, que ha sido asociado con una serie de problemas de salud, incluyendo enfermedades card\u00edacas y pulmonares.<\/p>\n<h2>Buscando mejorar la calidad del aire<\/h2>\n<p>La prohibici\u00f3n propuesta no solo tiene como objetivo proteger la salud de los no fumadores, sino tambi\u00e9n mejorar la calidad del aire en la ciudad. El humo del tabaco contribuye a la contaminaci\u00f3n del aire, que puede ser perjudicial para la salud de todos los residentes de la ciudad, no solo para los que est\u00e1n cerca de los fumadores.<\/p>\n<p>Adem\u00e1s, los residuos de los cigarrillos, como las colillas, son una fuente importante de contaminaci\u00f3n ambiental. Al prohibir fumar en estos lugares p\u00fablicos, se espera tambi\u00e9n reducir la cantidad de estos residuos en las calles de la ciudad.<\/p>\n<h2>Una propuesta en l\u00ednea con las tendencias actuales<\/h2>\n<p>La propuesta de Bruselas sigue una tendencia global de implementar restricciones cada vez m\u00e1s estrictas sobre d\u00f3nde se puede fumar. Muchas ciudades alrededor del mundo ya han implementado prohibiciones similares en un esfuerzo por proteger la salud p\u00fablica y el medio ambiente.<\/p>\n<p>En resumen, la ciudad de Bruselas busca implementar una prohibici\u00f3n de fumar y vapear en espacios p\u00fablicos al aire libre como terrazas, piscinas, parques y paradas de autobuses. Esta medida busca proteger la salud p\u00fablica y mejorar la calidad del aire en la ciudad.<\/p>\n\n\n<div class=\"kk-star-ratings kksr-auto kksr-align-left kksr-valign-bottom\"\n    data-payload='{&quot;align&quot;:&quot;left&quot;,&quot;id&quot;:&quot;504&quot;,&quot;slug&quot;:&quot;default&quot;,&quot;valign&quot;:&quot;bottom&quot;,&quot;ignore&quot;:&quot;&quot;,&quot;reference&quot;:&quot;auto&quot;,&quot;class&quot;:&quot;&quot;,&quot;count&quot;:&quot;0&quot;,&quot;legendonly&quot;:&quot;&quot;,&quot;readonly&quot;:&quot;&quot;,&quot;score&quot;:&quot;0&quot;,&quot;starsonly&quot;:&quot;&quot;,&quot;best&quot;:&quot;5&quot;,&quot;gap&quot;:&quot;5&quot;,&quot;greet&quot;:&quot;Valora este post&quot;,&quot;legend&quot;:&quot;0\\\/5 - (0 votes)&quot;,&quot;size&quot;:&quot;22&quot;,&quot;title&quot;:&quot;\u00a1Bruselas EXIGE Prohibir Fumar y Vapear en Terrazas, Piscinas, Parques y Paradas de Autob\u00fas!&quot;,&quot;width&quot;:&quot;0&quot;,&quot;_legend&quot;:&quot;{score}\\\/{best} - ({count} {votes})&quot;,&quot;font_factor&quot;:&quot;1.25&quot;}'>\n            \n<div class=\"kksr-stars\">\n    \n<div class=\"kksr-stars-inactive\">\n            <div class=\"kksr-star\" data-star=\"1\" style=\"padding-right: 5px\">\n            \n\n<div class=\"kksr-icon\" style=\"width: 22px; height: 22px;\"><\/div>\n        <\/div>\n            <div class=\"kksr-star\" data-star=\"2\" style=\"padding-right: 5px\">\n            \n\n<div class=\"kksr-icon\" style=\"width: 22px; height: 22px;\"><\/div>\n        <\/div>\n            <div class=\"kksr-star\" data-star=\"3\" style=\"padding-right: 5px\">\n            \n\n<div class=\"kksr-icon\" style=\"width: 22px; height: 22px;\"><\/div>\n        <\/div>\n            <div class=\"kksr-star\" data-star=\"4\" style=\"padding-right: 5px\">\n            \n\n<div class=\"kksr-icon\" style=\"width: 22px; height: 22px;\"><\/div>\n        <\/div>\n            <div class=\"kksr-star\" data-star=\"5\" style=\"padding-right: 5px\">\n            \n\n<div class=\"kksr-icon\" style=\"width: 22px; height: 22px;\"><\/div>\n        <\/div>\n    <\/div>\n    \n<div class=\"kksr-stars-active\" style=\"width: 0px;\">\n            <div class=\"kksr-star\" style=\"padding-right: 5px\">\n            \n\n<div class=\"kksr-icon\" style=\"width: 22px; height: 22px;\"><\/div>\n        <\/div>\n            <div class=\"kksr-star\" style=\"padding-right: 5px\">\n            \n\n<div class=\"kksr-icon\" style=\"width: 22px; height: 22px;\"><\/div>\n        <\/div>\n            <div class=\"kksr-star\" style=\"padding-right: 5px\">\n            \n\n<div class=\"kksr-icon\" style=\"width: 22px; height: 22px;\"><\/div>\n        <\/div>\n            <div class=\"kksr-star\" style=\"padding-right: 5px\">\n            \n\n<div class=\"kksr-icon\" style=\"width: 22px; height: 22px;\"><\/div>\n        <\/div>\n            <div class=\"kksr-star\" style=\"padding-right: 5px\">\n            \n\n<div class=\"kksr-icon\" style=\"width: 22px; height: 22px;\"><\/div>\n        <\/div>\n    <\/div>\n<\/div>\n                \n\n<div class=\"kksr-legend\" style=\"font-size: 17.6px;\">\n            <span class=\"kksr-muted\">Valora este post<\/span>\n    <\/div>\n    <\/div>\n","protected":false},"excerpt":{"rendered":"<p>Bruselas solicita la prohibici\u00f3n de fumar y vapear en terrazas, piscinas, parques y paradas de autobuses La capital belga, Bruselas, ha solicitado que se implemente una &#8230; <a title=\"\u00a1Bruselas EXIGE Prohibir Fumar y Vapear en Terrazas, Piscinas, Parques y Paradas de Autob\u00fas!\" class=\"read-more\" href=\"https:\/\/www.diario21.tv\/noticias\/bruselas-exige-prohibir-fumar-y-vapear-en-terrazas-piscinas-parques-y-paradas-de-autobus\/\" aria-label=\"Leer m\u00e1s sobre \u00a1Bruselas EXIGE Prohibir Fumar y Vapear en Terrazas, Piscinas, Parques y Paradas de Autob\u00fas!\">Seguir leyendo &rarr;<\/a><\/p>\n","protected":false},"author":20,"featured_media":505,"comment_status":"open","ping_status":"open","sticky":false,"template":"","format":"standard","meta":{"footnotes":""},"categories":[12],"tags":[],"class_list":["post-504","post","type-post","status-publish","format-standard","has-post-thumbnail","hentry","category-tendencia"],"yoast_head":"<!-- This site is optimized with the Yoast SEO plugin v25.6 - https:\/\/yoast.com\/wordpress\/plugins\/seo\/ -->\n<title>\u00a1Bruselas EXIGE Prohibir Fumar y Vapear en Terrazas, Piscinas, Parques y Paradas de Autob\u00fas! - Diario 21<\/title>\n<meta name=\"robots\" content=\"index, follow, max-snippet:-1, max-image-preview:large, max-video-preview:-1\" \/>\n<link rel=\"canonical\" href=\"https:\/\/www.diario21.tv\/noticias\/bruselas-exige-prohibir-fumar-y-vapear-en-terrazas-piscinas-parques-y-paradas-de-autobus\/\" \/>\n<meta property=\"og:locale\" content=\"es_ES\" \/>\n<meta property=\"og:type\" content=\"article\" \/>\n<meta property=\"og:title\" content=\"\u00a1Bruselas EXIGE Prohibir Fumar y Vapear en Terrazas, Piscinas, Parques y Paradas de Autob\u00fas! - Diario 21\" \/>\n<meta property=\"og:description\" content=\"Bruselas solicita la prohibici\u00f3n de fumar y vapear en terrazas, piscinas, parques y paradas de autobuses La capital belga, Bruselas, ha solicitado que se implemente una ... Seguir leyendo &rarr;\" \/>\n<meta property=\"og:url\" content=\"https:\/\/www.diario21.tv\/noticias\/bruselas-exige-prohibir-fumar-y-vapear-en-terrazas-piscinas-parques-y-paradas-de-autobus\/\" \/>\n<meta property=\"og:site_name\" content=\"Diario 21\" \/>\n<meta property=\"article:published_time\" content=\"2024-09-21T22:59:45+00:00\" \/>\n<meta property=\"article:modified_time\" content=\"2024-10-14T09:42:52+00:00\" \/>\n<meta property=\"og:image\" content=\"https:\/\/www.diario21.tv\/noticias\/wp-content\/uploads\/2024\/09\/\u00a1Bruselas-EXIGE-Prohibir-Fumar-y-Vapear-en-Terrazas-Piscinas-Parques.jpg\" \/>\n\t<meta property=\"og:image:width\" content=\"1920\" \/>\n\t<meta property=\"og:image:height\" content=\"1080\" \/>\n\t<meta property=\"og:image:type\" content=\"image\/jpeg\" \/>\n<meta name=\"author\" content=\"Juan P\u00e9rez\" \/>\n<meta name=\"twitter:card\" content=\"summary_large_image\" \/>\n<meta name=\"twitter:label1\" content=\"Escrito por\" \/>\n\t<meta name=\"twitter:data1\" content=\"Juan P\u00e9rez\" \/>\n\t<meta name=\"twitter:label2\" content=\"Tiempo de lectura\" \/>\n\t<meta name=\"twitter:data2\" content=\"2 minutos\" \/>\n<script type=\"application\/ld+json\" class=\"yoast-schema-graph\">{\"@context\":\"https:\/\/schema.org\",\"@graph\":[{\"@type\":\"WebPage\",\"@id\":\"https:\/\/www.diario21.tv\/noticias\/bruselas-exige-prohibir-fumar-y-vapear-en-terrazas-piscinas-parques-y-paradas-de-autobus\/\",\"url\":\"https:\/\/www.diario21.tv\/noticias\/bruselas-exige-prohibir-fumar-y-vapear-en-terrazas-piscinas-parques-y-paradas-de-autobus\/\",\"name\":\"\u00a1Bruselas EXIGE Prohibir Fumar y Vapear en Terrazas, Piscinas, Parques y Paradas de Autob\u00fas! - Diario 21\",\"isPartOf\":{\"@id\":\"https:\/\/www.diario21.tv\/noticias\/#website\"},\"primaryImageOfPage\":{\"@id\":\"https:\/\/www.diario21.tv\/noticias\/bruselas-exige-prohibir-fumar-y-vapear-en-terrazas-piscinas-parques-y-paradas-de-autobus\/#primaryimage\"},\"image\":{\"@id\":\"https:\/\/www.diario21.tv\/noticias\/bruselas-exige-prohibir-fumar-y-vapear-en-terrazas-piscinas-parques-y-paradas-de-autobus\/#primaryimage\"},\"thumbnailUrl\":\"https:\/\/www.diario21.tv\/noticias\/wp-content\/uploads\/2024\/09\/\u00a1Bruselas-EXIGE-Prohibir-Fumar-y-Vapear-en-Terrazas-Piscinas-Parques.jpg\",\"datePublished\":\"2024-09-21T22:59:45+00:00\",\"dateModified\":\"2024-10-14T09:42:52+00:00\",\"author\":{\"@id\":\"https:\/\/www.diario21.tv\/noticias\/#\/schema\/person\/dfb778f73814d8f09f302618446a526b\"},\"breadcrumb\":{\"@id\":\"https:\/\/www.diario21.tv\/noticias\/bruselas-exige-prohibir-fumar-y-vapear-en-terrazas-piscinas-parques-y-paradas-de-autobus\/#breadcrumb\"},\"inLanguage\":\"es-AR\",\"potentialAction\":[{\"@type\":\"ReadAction\",\"target\":[\"https:\/\/www.diario21.tv\/noticias\/bruselas-exige-prohibir-fumar-y-vapear-en-terrazas-piscinas-parques-y-paradas-de-autobus\/\"]}]},{\"@type\":\"ImageObject\",\"inLanguage\":\"es-AR\",\"@id\":\"https:\/\/www.diario21.tv\/noticias\/bruselas-exige-prohibir-fumar-y-vapear-en-terrazas-piscinas-parques-y-paradas-de-autobus\/#primaryimage\",\"url\":\"https:\/\/www.diario21.tv\/noticias\/wp-content\/uploads\/2024\/09\/\u00a1Bruselas-EXIGE-Prohibir-Fumar-y-Vapear-en-Terrazas-Piscinas-Parques.jpg\",\"contentUrl\":\"https:\/\/www.diario21.tv\/noticias\/wp-content\/uploads\/2024\/09\/\u00a1Bruselas-EXIGE-Prohibir-Fumar-y-Vapear-en-Terrazas-Piscinas-Parques.jpg\",\"width\":1920,\"height\":1080,\"caption\":\"Bruselas pide que no se pueda fumar ni vapear en terrazas, piscinas, parques y paradas de autob\u00fas\"},{\"@type\":\"BreadcrumbList\",\"@id\":\"https:\/\/www.diario21.tv\/noticias\/bruselas-exige-prohibir-fumar-y-vapear-en-terrazas-piscinas-parques-y-paradas-de-autobus\/#breadcrumb\",\"itemListElement\":[{\"@type\":\"ListItem\",\"position\":1,\"name\":\"Accueil\",\"item\":\"https:\/\/www.diario21.tv\/noticias\/\"},{\"@type\":\"ListItem\",\"position\":2,\"name\":\"\u00a1Bruselas EXIGE Prohibir Fumar y Vapear en Terrazas, Piscinas, Parques y Paradas de Autob\u00fas!\"}]},{\"@type\":\"WebSite\",\"@id\":\"https:\/\/www.diario21.tv\/noticias\/#website\",\"url\":\"https:\/\/www.diario21.tv\/noticias\/\",\"name\":\"Diario 21\",\"description\":\"\",\"potentialAction\":[{\"@type\":\"SearchAction\",\"target\":{\"@type\":\"EntryPoint\",\"urlTemplate\":\"https:\/\/www.diario21.tv\/noticias\/?s={search_term_string}\"},\"query-input\":{\"@type\":\"PropertyValueSpecification\",\"valueRequired\":true,\"valueName\":\"search_term_string\"}}],\"inLanguage\":\"es-AR\"},{\"@type\":\"Person\",\"@id\":\"https:\/\/www.diario21.tv\/noticias\/#\/schema\/person\/dfb778f73814d8f09f302618446a526b\",\"name\":\"Juan P\u00e9rez\",\"image\":{\"@type\":\"ImageObject\",\"inLanguage\":\"es-AR\",\"@id\":\"https:\/\/www.diario21.tv\/noticias\/#\/schema\/person\/image\/\",\"url\":\"https:\/\/secure.gravatar.com\/avatar\/c478a405bd10621167f4c3167cc770f5?s=96&d=mm&r=g\",\"contentUrl\":\"https:\/\/secure.gravatar.com\/avatar\/c478a405bd10621167f4c3167cc770f5?s=96&d=mm&r=g\",\"caption\":\"Juan P\u00e9rez\"},\"description\":\"Juan P\u00e9rez es el redactor en jefe de Diario 21. Con m\u00e1s de 10 a\u00f1os de experiencia en el periodismo, se especializa en pol\u00edtica nacional y an\u00e1lisis socioecon\u00f3mico. Su enfoque cr\u00edtico y riguroso aporta una perspectiva \u00fanica a cada art\u00edculo.\",\"sameAs\":[\"https:\/\/www.diario21.tv\/noticias\/\"],\"url\":\"https:\/\/www.diario21.tv\/noticias\/author\/juan-perez\/\"}]}<\/script>\n<!-- \/ Yoast SEO plugin. -->","yoast_head_json":{"title":"\u00a1Bruselas EXIGE Prohibir Fumar y Vapear en Terrazas, Piscinas, Parques y Paradas de Autob\u00fas! - Diario 21","robots":{"index":"index","follow":"follow","max-snippet":"max-snippet:-1","max-image-preview":"max-image-preview:large","max-video-preview":"max-video-preview:-1"},"canonical":"https:\/\/www.diario21.tv\/noticias\/bruselas-exige-prohibir-fumar-y-vapear-en-terrazas-piscinas-parques-y-paradas-de-autobus\/","og_locale":"es_ES","og_type":"article","og_title":"\u00a1Bruselas EXIGE Prohibir Fumar y Vapear en Terrazas, Piscinas, Parques y Paradas de Autob\u00fas! - Diario 21","og_description":"Bruselas solicita la prohibici\u00f3n de fumar y vapear en terrazas, piscinas, parques y paradas de autobuses La capital belga, Bruselas, ha solicitado que se implemente una ... Seguir leyendo &rarr;","og_url":"https:\/\/www.diario21.tv\/noticias\/bruselas-exige-prohibir-fumar-y-vapear-en-terrazas-piscinas-parques-y-paradas-de-autobus\/","og_site_name":"Diario 21","article_published_time":"2024-09-21T22:59:45+00:00","article_modified_time":"2024-10-14T09:42:52+00:00","og_image":[{"width":1920,"height":1080,"url":"https:\/\/www.diario21.tv\/noticias\/wp-content\/uploads\/2024\/09\/\u00a1Bruselas-EXIGE-Prohibir-Fumar-y-Vapear-en-Terrazas-Piscinas-Parques.jpg","type":"image\/jpeg"}],"author":"Juan P\u00e9rez","twitter_card":"summary_large_image","twitter_misc":{"Escrito por":"Juan P\u00e9rez","Tiempo de lectura":"2 minutos"},"schema":{"@context":"https:\/\/schema.org","@graph":[{"@type":"WebPage","@id":"https:\/\/www.diario21.tv\/noticias\/bruselas-exige-prohibir-fumar-y-vapear-en-terrazas-piscinas-parques-y-paradas-de-autobus\/","url":"https:\/\/www.diario21.tv\/noticias\/bruselas-exige-prohibir-fumar-y-vapear-en-terrazas-piscinas-parques-y-paradas-de-autobus\/","name":"\u00a1Bruselas EXIGE Prohibir Fumar y Vapear en Terrazas, Piscinas, Parques y Paradas de Autob\u00fas! - Diario 21","isPartOf":{"@id":"https:\/\/www.diario21.tv\/noticias\/#website"},"primaryImageOfPage":{"@id":"https:\/\/www.diario21.tv\/noticias\/bruselas-exige-prohibir-fumar-y-vapear-en-terrazas-piscinas-parques-y-paradas-de-autobus\/#primaryimage"},"image":{"@id":"https:\/\/www.diario21.tv\/noticias\/bruselas-exige-prohibir-fumar-y-vapear-en-terrazas-piscinas-parques-y-paradas-de-autobus\/#primaryimage"},"thumbnailUrl":"https:\/\/www.diario21.tv\/noticias\/wp-content\/uploads\/2024\/09\/\u00a1Bruselas-EXIGE-Prohibir-Fumar-y-Vapear-en-Terrazas-Piscinas-Parques.jpg","datePublished":"2024-09-21T22:59:45+00:00","dateModified":"2024-10-14T09:42:52+00:00","author":{"@id":"https:\/\/www.diario21.tv\/noticias\/#\/schema\/person\/dfb778f73814d8f09f302618446a526b"},"breadcrumb":{"@id":"https:\/\/www.diario21.tv\/noticias\/bruselas-exige-prohibir-fumar-y-vapear-en-terrazas-piscinas-parques-y-paradas-de-autobus\/#breadcrumb"},"inLanguage":"es-AR","potentialAction":[{"@type":"ReadAction","target":["https:\/\/www.diario21.tv\/noticias\/bruselas-exige-prohibir-fumar-y-vapear-en-terrazas-piscinas-parques-y-paradas-de-autobus\/"]}]},{"@type":"ImageObject","inLanguage":"es-AR","@id":"https:\/\/www.diario21.tv\/noticias\/bruselas-exige-prohibir-fumar-y-vapear-en-terrazas-piscinas-parques-y-paradas-de-autobus\/#primaryimage","url":"https:\/\/www.diario21.tv\/noticias\/wp-content\/uploads\/2024\/09\/\u00a1Bruselas-EXIGE-Prohibir-Fumar-y-Vapear-en-Terrazas-Piscinas-Parques.jpg","contentUrl":"https:\/\/www.diario21.tv\/noticias\/wp-content\/uploads\/2024\/09\/\u00a1Bruselas-EXIGE-Prohibir-Fumar-y-Vapear-en-Terrazas-Piscinas-Parques.jpg","width":1920,"height":1080,"caption":"Bruselas pide que no se pueda fumar ni vapear en terrazas, piscinas, parques y paradas de autob\u00fas"},{"@type":"BreadcrumbList","@id":"https:\/\/www.diario21.tv\/noticias\/bruselas-exige-prohibir-fumar-y-vapear-en-terrazas-piscinas-parques-y-paradas-de-autobus\/#breadcrumb","itemListElement":[{"@type":"ListItem","position":1,"name":"Accueil","item":"https:\/\/www.diario21.tv\/noticias\/"},{"@type":"ListItem","position":2,"name":"\u00a1Bruselas EXIGE Prohibir Fumar y Vapear en Terrazas, Piscinas, Parques y Paradas de Autob\u00fas!"}]},{"@type":"WebSite","@id":"https:\/\/www.diario21.tv\/noticias\/#website","url":"https:\/\/www.diario21.tv\/noticias\/","name":"Diario 21","description":"","potentialAction":[{"@type":"SearchAction","target":{"@type":"EntryPoint","urlTemplate":"https:\/\/www.diario21.tv\/noticias\/?s={search_term_string}"},"query-input":{"@type":"PropertyValueSpecification","valueRequired":true,"valueName":"search_term_string"}}],"inLanguage":"es-AR"},{"@type":"Person","@id":"https:\/\/www.diario21.tv\/noticias\/#\/schema\/person\/dfb778f73814d8f09f302618446a526b","name":"Juan P\u00e9rez","image":{"@type":"ImageObject","inLanguage":"es-AR","@id":"https:\/\/www.diario21.tv\/noticias\/#\/schema\/person\/image\/","url":"https:\/\/secure.gravatar.com\/avatar\/c478a405bd10621167f4c3167cc770f5?s=96&d=mm&r=g","contentUrl":"https:\/\/secure.gravatar.com\/avatar\/c478a405bd10621167f4c3167cc770f5?s=96&d=mm&r=g","caption":"Juan P\u00e9rez"},"description":"Juan P\u00e9rez es el redactor en jefe de Diario 21. Con m\u00e1s de 10 a\u00f1os de experiencia en el periodismo, se especializa en pol\u00edtica nacional y an\u00e1lisis socioecon\u00f3mico. Su enfoque cr\u00edtico y riguroso aporta una perspectiva \u00fanica a cada art\u00edculo.","sameAs":["https:\/\/www.diario21.tv\/noticias\/"],"url":"https:\/\/www.diario21.tv\/noticias\/author\/juan-perez\/"}]}},"_links":{"self":[{"href":"https:\/\/www.diario21.tv\/noticias\/wp-json\/wp\/v2\/posts\/504"}],"collection":[{"href":"https:\/\/www.diario21.tv\/noticias\/wp-json\/wp\/v2\/posts"}],"about":[{"href":"https:\/\/www.diario21.tv\/noticias\/wp-json\/wp\/v2\/types\/post"}],"author":[{"embeddable":true,"href":"https:\/\/www.diario21.tv\/noticias\/wp-json\/wp\/v2\/users\/20"}],"replies":[{"embeddable":true,"href":"https:\/\/www.diario21.tv\/noticias\/wp-json\/wp\/v2\/comments?post=504"}],"version-history":[{"count":1,"href":"https:\/\/www.diario21.tv\/noticias\/wp-json\/wp\/v2\/posts\/504\/revisions"}],"predecessor-version":[{"id":506,"href":"https:\/\/www.diario21.tv\/noticias\/wp-json\/wp\/v2\/posts\/504\/revisions\/506"}],"wp:featuredmedia":[{"embeddable":true,"href":"https:\/\/www.diario21.tv\/noticias\/wp-json\/wp\/v2\/media\/505"}],"wp:attachment":[{"href":"https:\/\/www.diario21.tv\/noticias\/wp-json\/wp\/v2\/media?parent=504"}],"wp:term":[{"taxonomy":"category","embeddable":true,"href":"https:\/\/www.diario21.tv\/noticias\/wp-json\/wp\/v2\/categories?post=504"},{"taxonomy":"post_tag","embeddable":true,"href":"https:\/\/www.diario21.tv\/noticias\/wp-json\/wp\/v2\/tags?post=504"}],"curies":[{"name":"wp","href":"https:\/\/api.w.org\/{rel}","templated":true}]}}