{"id":5034,"date":"2025-11-01T04:25:15","date_gmt":"2025-11-01T04:25:15","guid":{"rendered":"https:\/\/www.diario21.tv\/noticias\/alerta-16-de-los-mayores-enfrentan-el-riesgo-de-soledad-no-deseada\/"},"modified":"2025-11-01T04:25:16","modified_gmt":"2025-11-01T04:25:16","slug":"alerta-16-de-los-mayores-enfrentan-el-riesgo-de-soledad-no-deseada","status":"publish","type":"post","link":"https:\/\/www.diario21.tv\/noticias\/alerta-16-de-los-mayores-enfrentan-el-riesgo-de-soledad-no-deseada\/","title":{"rendered":"\u00a1Alerta! 16% de los mayores enfrentan el riesgo de soledad no deseada"},"content":{"rendered":"<h2>El Riesgo de Soledad no Deseada Afecta al 16% de los Adultos Mayores<\/h2>\n<p>En la sociedad actual, un segmento considerable de la poblaci\u00f3n de adultos mayores enfrenta el desaf\u00edo de la soledad no deseada. Seg\u00fan estudios recientes, aproximadamente el 16% de las personas mayores se encuentran en una situaci\u00f3n donde la soledad se ha convertido en una parte significativa de su vida diaria, sin que este sea un estado elegido voluntariamente.<\/p>\n<h3>Factores Contribuyentes a la Soledad en los Mayores<\/h3>\n<p>Diversos factores contribuyen a esta realidad. Entre ellos, la p\u00e9rdida de seres queridos, como c\u00f3nyuges y amigos, juega un papel crucial. Adem\u00e1s, la disminuci\u00f3n de la movilidad f\u00edsica con la edad puede limitar las oportunidades de interactuar socialmente y participar en actividades comunitarias, exacerbando el sentimiento de aislamiento.<\/p>\n<p>Otro aspecto relevante es el cambio en las estructuras familiares. En muchas ocasiones, los familiares m\u00e1s j\u00f3venes se mudan a otras ciudades o pa\u00edses en busca de oportunidades laborales, dejando atr\u00e1s a sus parientes mayores. Esto no solo reduce el apoyo emocional diario, sino que tambi\u00e9n limita las interacciones regulares que podr\u00edan ayudar a mitigar la soledad.<\/p>\n<h3>Impacto de la Soledad en la Salud<\/h3>\n<p>El impacto de la soledad en la salud de los adultos mayores es profundo y multifac\u00e9tico. Estudios han demostrado que sentirse solo y aislado puede llevar a un deterioro significativo de la salud f\u00edsica y mental. Condiciones como la depresi\u00f3n, la ansiedad y el deterioro cognitivo son m\u00e1s prevalentes entre aquellos que reportan altos niveles de soledad. Adem\u00e1s, la soledad ha sido identificada como un factor de riesgo para problemas de salud f\u00edsica, incluyendo enfermedades card\u00edacas y un sistema inmunol\u00f3gico debilitado.<\/p>\n<h3>Estrategias para Combatir la Soledad en la Tercera Edad<\/h3>\n<p>Ante este panorama, es crucial desarrollar estrategias efectivas para combatir la soledad entre los adultos mayores. Una de las medidas m\u00e1s efectivas es fomentar la participaci\u00f3n en actividades comunitarias y sociales que permitan a los mayores crear y mantener v\u00ednculos sociales. Esto no solo proporciona apoyo emocional, sino que tambi\u00e9n contribuye a su bienestar f\u00edsico y mental.<\/p>\n<p>La implementaci\u00f3n de programas de voluntariado donde los mayores puedan aportar a la comunidad y sentirse \u00fatiles es otra manera de integrarlos socialmente y reducir la sensaci\u00f3n de soledad. Adem\u00e1s, el uso de tecnolog\u00eda para mantener el contacto con familiares y amigos que no est\u00e1n f\u00edsicamente cerca puede ser una herramienta valiosa.<\/p>\n<h3>Conclusi\u00f3n<\/h3>\n<p>En resumen, la soledad no deseada en los adultos mayores es un problema significativo que afecta aproximadamente al 16% de esta poblaci\u00f3n. Abordar este desaf\u00edo requiere un enfoque multifac\u00e9tico que incluya el fortalecimiento de redes sociales y familiares, el aumento de la participaci\u00f3n en actividades significativas y el uso de la tecnolog\u00eda para mantener conexiones. Solo as\u00ed podremos asegurar que nuestros mayores vivan sus a\u00f1os dorados con la dignidad y compa\u00f1\u00eda que merecen.<\/p>\n\n\n<div class=\"kk-star-ratings kksr-auto kksr-align-left kksr-valign-bottom\"\n    data-payload='{&quot;align&quot;:&quot;left&quot;,&quot;id&quot;:&quot;5034&quot;,&quot;slug&quot;:&quot;default&quot;,&quot;valign&quot;:&quot;bottom&quot;,&quot;ignore&quot;:&quot;&quot;,&quot;reference&quot;:&quot;auto&quot;,&quot;class&quot;:&quot;&quot;,&quot;count&quot;:&quot;0&quot;,&quot;legendonly&quot;:&quot;&quot;,&quot;readonly&quot;:&quot;&quot;,&quot;score&quot;:&quot;0&quot;,&quot;starsonly&quot;:&quot;&quot;,&quot;best&quot;:&quot;5&quot;,&quot;gap&quot;:&quot;5&quot;,&quot;greet&quot;:&quot;Valora este post&quot;,&quot;legend&quot;:&quot;0\\\/5 - (0 votes)&quot;,&quot;size&quot;:&quot;22&quot;,&quot;title&quot;:&quot;\u00a1Alerta! 16% de los mayores enfrentan el riesgo de soledad no deseada&quot;,&quot;width&quot;:&quot;0&quot;,&quot;_legend&quot;:&quot;{score}\\\/{best} - ({count} {votes})&quot;,&quot;font_factor&quot;:&quot;1.25&quot;}'>\n            \n<div class=\"kksr-stars\">\n    \n<div class=\"kksr-stars-inactive\">\n            <div class=\"kksr-star\" data-star=\"1\" style=\"padding-right: 5px\">\n            \n\n<div class=\"kksr-icon\" style=\"width: 22px; height: 22px;\"><\/div>\n        <\/div>\n            <div class=\"kksr-star\" data-star=\"2\" style=\"padding-right: 5px\">\n            \n\n<div class=\"kksr-icon\" style=\"width: 22px; height: 22px;\"><\/div>\n        <\/div>\n            <div class=\"kksr-star\" data-star=\"3\" style=\"padding-right: 5px\">\n            \n\n<div class=\"kksr-icon\" style=\"width: 22px; height: 22px;\"><\/div>\n        <\/div>\n            <div class=\"kksr-star\" data-star=\"4\" style=\"padding-right: 5px\">\n            \n\n<div class=\"kksr-icon\" style=\"width: 22px; height: 22px;\"><\/div>\n        <\/div>\n            <div class=\"kksr-star\" data-star=\"5\" style=\"padding-right: 5px\">\n            \n\n<div class=\"kksr-icon\" style=\"width: 22px; height: 22px;\"><\/div>\n        <\/div>\n    <\/div>\n    \n<div class=\"kksr-stars-active\" style=\"width: 0px;\">\n            <div class=\"kksr-star\" style=\"padding-right: 5px\">\n            \n\n<div class=\"kksr-icon\" style=\"width: 22px; height: 22px;\"><\/div>\n        <\/div>\n            <div class=\"kksr-star\" style=\"padding-right: 5px\">\n            \n\n<div class=\"kksr-icon\" style=\"width: 22px; height: 22px;\"><\/div>\n        <\/div>\n            <div class=\"kksr-star\" style=\"padding-right: 5px\">\n            \n\n<div class=\"kksr-icon\" style=\"width: 22px; height: 22px;\"><\/div>\n        <\/div>\n            <div class=\"kksr-star\" style=\"padding-right: 5px\">\n            \n\n<div class=\"kksr-icon\" style=\"width: 22px; height: 22px;\"><\/div>\n        <\/div>\n            <div class=\"kksr-star\" style=\"padding-right: 5px\">\n            \n\n<div class=\"kksr-icon\" style=\"width: 22px; height: 22px;\"><\/div>\n        <\/div>\n    <\/div>\n<\/div>\n                \n\n<div class=\"kksr-legend\" style=\"font-size: 17.6px;\">\n            <span class=\"kksr-muted\">Valora este post<\/span>\n    <\/div>\n    <\/div>\n","protected":false},"excerpt":{"rendered":"<p>El Riesgo de Soledad no Deseada Afecta al 16% de los Adultos Mayores En la sociedad actual, un segmento considerable de la poblaci\u00f3n de adultos mayores &#8230; <a title=\"\u00a1Alerta! 16% de los mayores enfrentan el riesgo de soledad no deseada\" class=\"read-more\" href=\"https:\/\/www.diario21.tv\/noticias\/alerta-16-de-los-mayores-enfrentan-el-riesgo-de-soledad-no-deseada\/\" aria-label=\"Leer m\u00e1s sobre \u00a1Alerta! 16% de los mayores enfrentan el riesgo de soledad no deseada\">Seguir leyendo &rarr;<\/a><\/p>\n","protected":false},"author":20,"featured_media":5035,"comment_status":"open","ping_status":"open","sticky":false,"template":"","format":"standard","meta":{"footnotes":""},"categories":[13],"tags":[],"class_list":["post-5034","post","type-post","status-publish","format-standard","has-post-thumbnail","hentry","category-portada"],"yoast_head":"<!-- This site is optimized with the Yoast SEO plugin v25.6 - https:\/\/yoast.com\/wordpress\/plugins\/seo\/ -->\n<title>\u00a1Alerta! 16% de los mayores enfrentan el riesgo de soledad no deseada - Diario 21<\/title>\n<meta name=\"robots\" content=\"index, follow, max-snippet:-1, max-image-preview:large, max-video-preview:-1\" \/>\n<link rel=\"canonical\" href=\"https:\/\/www.diario21.tv\/noticias\/alerta-16-de-los-mayores-enfrentan-el-riesgo-de-soledad-no-deseada\/\" \/>\n<meta property=\"og:locale\" content=\"es_ES\" \/>\n<meta property=\"og:type\" content=\"article\" \/>\n<meta property=\"og:title\" content=\"\u00a1Alerta! 16% de los mayores enfrentan el riesgo de soledad no deseada - Diario 21\" \/>\n<meta property=\"og:description\" content=\"El Riesgo de Soledad no Deseada Afecta al 16% de los Adultos Mayores En la sociedad actual, un segmento considerable de la poblaci\u00f3n de adultos mayores ... Seguir leyendo &rarr;\" \/>\n<meta property=\"og:url\" content=\"https:\/\/www.diario21.tv\/noticias\/alerta-16-de-los-mayores-enfrentan-el-riesgo-de-soledad-no-deseada\/\" \/>\n<meta property=\"og:site_name\" content=\"Diario 21\" \/>\n<meta property=\"article:published_time\" content=\"2025-11-01T04:25:15+00:00\" \/>\n<meta property=\"article:modified_time\" content=\"2025-11-01T04:25:16+00:00\" \/>\n<meta property=\"og:image\" content=\"https:\/\/www.diario21.tv\/noticias\/wp-content\/uploads\/2025\/11\/\u00a1Alerta-16-de-los-mayores-enfrentan-el-riesgo-de-soledad.JPG\" \/>\n\t<meta property=\"og:image:width\" content=\"1200\" \/>\n\t<meta property=\"og:image:height\" content=\"840\" \/>\n\t<meta property=\"og:image:type\" content=\"image\/jpeg\" \/>\n<meta name=\"author\" content=\"Juan P\u00e9rez\" \/>\n<meta name=\"twitter:card\" content=\"summary_large_image\" \/>\n<meta name=\"twitter:label1\" content=\"Escrito por\" \/>\n\t<meta name=\"twitter:data1\" content=\"Juan P\u00e9rez\" \/>\n\t<meta name=\"twitter:label2\" content=\"Tiempo de lectura\" \/>\n\t<meta name=\"twitter:data2\" content=\"3 minutos\" \/>\n<script type=\"application\/ld+json\" class=\"yoast-schema-graph\">{\"@context\":\"https:\/\/schema.org\",\"@graph\":[{\"@type\":\"WebPage\",\"@id\":\"https:\/\/www.diario21.tv\/noticias\/alerta-16-de-los-mayores-enfrentan-el-riesgo-de-soledad-no-deseada\/\",\"url\":\"https:\/\/www.diario21.tv\/noticias\/alerta-16-de-los-mayores-enfrentan-el-riesgo-de-soledad-no-deseada\/\",\"name\":\"\u00a1Alerta! 16% de los mayores enfrentan el riesgo de soledad no deseada - Diario 21\",\"isPartOf\":{\"@id\":\"https:\/\/www.diario21.tv\/noticias\/#website\"},\"primaryImageOfPage\":{\"@id\":\"https:\/\/www.diario21.tv\/noticias\/alerta-16-de-los-mayores-enfrentan-el-riesgo-de-soledad-no-deseada\/#primaryimage\"},\"image\":{\"@id\":\"https:\/\/www.diario21.tv\/noticias\/alerta-16-de-los-mayores-enfrentan-el-riesgo-de-soledad-no-deseada\/#primaryimage\"},\"thumbnailUrl\":\"https:\/\/www.diario21.tv\/noticias\/wp-content\/uploads\/2025\/11\/\u00a1Alerta-16-de-los-mayores-enfrentan-el-riesgo-de-soledad.JPG\",\"datePublished\":\"2025-11-01T04:25:15+00:00\",\"dateModified\":\"2025-11-01T04:25:16+00:00\",\"author\":{\"@id\":\"https:\/\/www.diario21.tv\/noticias\/#\/schema\/person\/dfb778f73814d8f09f302618446a526b\"},\"breadcrumb\":{\"@id\":\"https:\/\/www.diario21.tv\/noticias\/alerta-16-de-los-mayores-enfrentan-el-riesgo-de-soledad-no-deseada\/#breadcrumb\"},\"inLanguage\":\"es-AR\",\"potentialAction\":[{\"@type\":\"ReadAction\",\"target\":[\"https:\/\/www.diario21.tv\/noticias\/alerta-16-de-los-mayores-enfrentan-el-riesgo-de-soledad-no-deseada\/\"]}]},{\"@type\":\"ImageObject\",\"inLanguage\":\"es-AR\",\"@id\":\"https:\/\/www.diario21.tv\/noticias\/alerta-16-de-los-mayores-enfrentan-el-riesgo-de-soledad-no-deseada\/#primaryimage\",\"url\":\"https:\/\/www.diario21.tv\/noticias\/wp-content\/uploads\/2025\/11\/\u00a1Alerta-16-de-los-mayores-enfrentan-el-riesgo-de-soledad.JPG\",\"contentUrl\":\"https:\/\/www.diario21.tv\/noticias\/wp-content\/uploads\/2025\/11\/\u00a1Alerta-16-de-los-mayores-enfrentan-el-riesgo-de-soledad.JPG\",\"width\":1200,\"height\":840,\"caption\":\"El 16% de los mayores, en riesgo de soledad no deseada\"},{\"@type\":\"BreadcrumbList\",\"@id\":\"https:\/\/www.diario21.tv\/noticias\/alerta-16-de-los-mayores-enfrentan-el-riesgo-de-soledad-no-deseada\/#breadcrumb\",\"itemListElement\":[{\"@type\":\"ListItem\",\"position\":1,\"name\":\"Accueil\",\"item\":\"https:\/\/www.diario21.tv\/noticias\/\"},{\"@type\":\"ListItem\",\"position\":2,\"name\":\"\u00a1Alerta! 16% de los mayores enfrentan el riesgo de soledad no deseada\"}]},{\"@type\":\"WebSite\",\"@id\":\"https:\/\/www.diario21.tv\/noticias\/#website\",\"url\":\"https:\/\/www.diario21.tv\/noticias\/\",\"name\":\"Diario 21\",\"description\":\"\",\"potentialAction\":[{\"@type\":\"SearchAction\",\"target\":{\"@type\":\"EntryPoint\",\"urlTemplate\":\"https:\/\/www.diario21.tv\/noticias\/?s={search_term_string}\"},\"query-input\":{\"@type\":\"PropertyValueSpecification\",\"valueRequired\":true,\"valueName\":\"search_term_string\"}}],\"inLanguage\":\"es-AR\"},{\"@type\":\"Person\",\"@id\":\"https:\/\/www.diario21.tv\/noticias\/#\/schema\/person\/dfb778f73814d8f09f302618446a526b\",\"name\":\"Juan P\u00e9rez\",\"image\":{\"@type\":\"ImageObject\",\"inLanguage\":\"es-AR\",\"@id\":\"https:\/\/www.diario21.tv\/noticias\/#\/schema\/person\/image\/\",\"url\":\"https:\/\/secure.gravatar.com\/avatar\/c478a405bd10621167f4c3167cc770f5?s=96&d=mm&r=g\",\"contentUrl\":\"https:\/\/secure.gravatar.com\/avatar\/c478a405bd10621167f4c3167cc770f5?s=96&d=mm&r=g\",\"caption\":\"Juan P\u00e9rez\"},\"description\":\"Juan P\u00e9rez es el redactor en jefe de Diario 21. Con m\u00e1s de 10 a\u00f1os de experiencia en el periodismo, se especializa en pol\u00edtica nacional y an\u00e1lisis socioecon\u00f3mico. Su enfoque cr\u00edtico y riguroso aporta una perspectiva \u00fanica a cada art\u00edculo.\",\"sameAs\":[\"https:\/\/www.diario21.tv\/noticias\/\"],\"url\":\"https:\/\/www.diario21.tv\/noticias\/author\/juan-perez\/\"}]}<\/script>\n<!-- \/ Yoast SEO plugin. -->","yoast_head_json":{"title":"\u00a1Alerta! 16% de los mayores enfrentan el riesgo de soledad no deseada - Diario 21","robots":{"index":"index","follow":"follow","max-snippet":"max-snippet:-1","max-image-preview":"max-image-preview:large","max-video-preview":"max-video-preview:-1"},"canonical":"https:\/\/www.diario21.tv\/noticias\/alerta-16-de-los-mayores-enfrentan-el-riesgo-de-soledad-no-deseada\/","og_locale":"es_ES","og_type":"article","og_title":"\u00a1Alerta! 16% de los mayores enfrentan el riesgo de soledad no deseada - Diario 21","og_description":"El Riesgo de Soledad no Deseada Afecta al 16% de los Adultos Mayores En la sociedad actual, un segmento considerable de la poblaci\u00f3n de adultos mayores ... Seguir leyendo &rarr;","og_url":"https:\/\/www.diario21.tv\/noticias\/alerta-16-de-los-mayores-enfrentan-el-riesgo-de-soledad-no-deseada\/","og_site_name":"Diario 21","article_published_time":"2025-11-01T04:25:15+00:00","article_modified_time":"2025-11-01T04:25:16+00:00","og_image":[{"width":1200,"height":840,"url":"https:\/\/www.diario21.tv\/noticias\/wp-content\/uploads\/2025\/11\/\u00a1Alerta-16-de-los-mayores-enfrentan-el-riesgo-de-soledad.JPG","type":"image\/jpeg"}],"author":"Juan P\u00e9rez","twitter_card":"summary_large_image","twitter_misc":{"Escrito por":"Juan P\u00e9rez","Tiempo de lectura":"3 minutos"},"schema":{"@context":"https:\/\/schema.org","@graph":[{"@type":"WebPage","@id":"https:\/\/www.diario21.tv\/noticias\/alerta-16-de-los-mayores-enfrentan-el-riesgo-de-soledad-no-deseada\/","url":"https:\/\/www.diario21.tv\/noticias\/alerta-16-de-los-mayores-enfrentan-el-riesgo-de-soledad-no-deseada\/","name":"\u00a1Alerta! 16% de los mayores enfrentan el riesgo de soledad no deseada - Diario 21","isPartOf":{"@id":"https:\/\/www.diario21.tv\/noticias\/#website"},"primaryImageOfPage":{"@id":"https:\/\/www.diario21.tv\/noticias\/alerta-16-de-los-mayores-enfrentan-el-riesgo-de-soledad-no-deseada\/#primaryimage"},"image":{"@id":"https:\/\/www.diario21.tv\/noticias\/alerta-16-de-los-mayores-enfrentan-el-riesgo-de-soledad-no-deseada\/#primaryimage"},"thumbnailUrl":"https:\/\/www.diario21.tv\/noticias\/wp-content\/uploads\/2025\/11\/\u00a1Alerta-16-de-los-mayores-enfrentan-el-riesgo-de-soledad.JPG","datePublished":"2025-11-01T04:25:15+00:00","dateModified":"2025-11-01T04:25:16+00:00","author":{"@id":"https:\/\/www.diario21.tv\/noticias\/#\/schema\/person\/dfb778f73814d8f09f302618446a526b"},"breadcrumb":{"@id":"https:\/\/www.diario21.tv\/noticias\/alerta-16-de-los-mayores-enfrentan-el-riesgo-de-soledad-no-deseada\/#breadcrumb"},"inLanguage":"es-AR","potentialAction":[{"@type":"ReadAction","target":["https:\/\/www.diario21.tv\/noticias\/alerta-16-de-los-mayores-enfrentan-el-riesgo-de-soledad-no-deseada\/"]}]},{"@type":"ImageObject","inLanguage":"es-AR","@id":"https:\/\/www.diario21.tv\/noticias\/alerta-16-de-los-mayores-enfrentan-el-riesgo-de-soledad-no-deseada\/#primaryimage","url":"https:\/\/www.diario21.tv\/noticias\/wp-content\/uploads\/2025\/11\/\u00a1Alerta-16-de-los-mayores-enfrentan-el-riesgo-de-soledad.JPG","contentUrl":"https:\/\/www.diario21.tv\/noticias\/wp-content\/uploads\/2025\/11\/\u00a1Alerta-16-de-los-mayores-enfrentan-el-riesgo-de-soledad.JPG","width":1200,"height":840,"caption":"El 16% de los mayores, en riesgo de soledad no deseada"},{"@type":"BreadcrumbList","@id":"https:\/\/www.diario21.tv\/noticias\/alerta-16-de-los-mayores-enfrentan-el-riesgo-de-soledad-no-deseada\/#breadcrumb","itemListElement":[{"@type":"ListItem","position":1,"name":"Accueil","item":"https:\/\/www.diario21.tv\/noticias\/"},{"@type":"ListItem","position":2,"name":"\u00a1Alerta! 16% de los mayores enfrentan el riesgo de soledad no deseada"}]},{"@type":"WebSite","@id":"https:\/\/www.diario21.tv\/noticias\/#website","url":"https:\/\/www.diario21.tv\/noticias\/","name":"Diario 21","description":"","potentialAction":[{"@type":"SearchAction","target":{"@type":"EntryPoint","urlTemplate":"https:\/\/www.diario21.tv\/noticias\/?s={search_term_string}"},"query-input":{"@type":"PropertyValueSpecification","valueRequired":true,"valueName":"search_term_string"}}],"inLanguage":"es-AR"},{"@type":"Person","@id":"https:\/\/www.diario21.tv\/noticias\/#\/schema\/person\/dfb778f73814d8f09f302618446a526b","name":"Juan P\u00e9rez","image":{"@type":"ImageObject","inLanguage":"es-AR","@id":"https:\/\/www.diario21.tv\/noticias\/#\/schema\/person\/image\/","url":"https:\/\/secure.gravatar.com\/avatar\/c478a405bd10621167f4c3167cc770f5?s=96&d=mm&r=g","contentUrl":"https:\/\/secure.gravatar.com\/avatar\/c478a405bd10621167f4c3167cc770f5?s=96&d=mm&r=g","caption":"Juan P\u00e9rez"},"description":"Juan P\u00e9rez es el redactor en jefe de Diario 21. Con m\u00e1s de 10 a\u00f1os de experiencia en el periodismo, se especializa en pol\u00edtica nacional y an\u00e1lisis socioecon\u00f3mico. Su enfoque cr\u00edtico y riguroso aporta una perspectiva \u00fanica a cada art\u00edculo.","sameAs":["https:\/\/www.diario21.tv\/noticias\/"],"url":"https:\/\/www.diario21.tv\/noticias\/author\/juan-perez\/"}]}},"_links":{"self":[{"href":"https:\/\/www.diario21.tv\/noticias\/wp-json\/wp\/v2\/posts\/5034"}],"collection":[{"href":"https:\/\/www.diario21.tv\/noticias\/wp-json\/wp\/v2\/posts"}],"about":[{"href":"https:\/\/www.diario21.tv\/noticias\/wp-json\/wp\/v2\/types\/post"}],"author":[{"embeddable":true,"href":"https:\/\/www.diario21.tv\/noticias\/wp-json\/wp\/v2\/users\/20"}],"replies":[{"embeddable":true,"href":"https:\/\/www.diario21.tv\/noticias\/wp-json\/wp\/v2\/comments?post=5034"}],"version-history":[{"count":1,"href":"https:\/\/www.diario21.tv\/noticias\/wp-json\/wp\/v2\/posts\/5034\/revisions"}],"predecessor-version":[{"id":5036,"href":"https:\/\/www.diario21.tv\/noticias\/wp-json\/wp\/v2\/posts\/5034\/revisions\/5036"}],"wp:featuredmedia":[{"embeddable":true,"href":"https:\/\/www.diario21.tv\/noticias\/wp-json\/wp\/v2\/media\/5035"}],"wp:attachment":[{"href":"https:\/\/www.diario21.tv\/noticias\/wp-json\/wp\/v2\/media?parent=5034"}],"wp:term":[{"taxonomy":"category","embeddable":true,"href":"https:\/\/www.diario21.tv\/noticias\/wp-json\/wp\/v2\/categories?post=5034"},{"taxonomy":"post_tag","embeddable":true,"href":"https:\/\/www.diario21.tv\/noticias\/wp-json\/wp\/v2\/tags?post=5034"}],"curies":[{"name":"wp","href":"https:\/\/api.w.org\/{rel}","templated":true}]}}