{"id":5028,"date":"2025-10-31T10:19:53","date_gmt":"2025-10-31T10:19:53","guid":{"rendered":"https:\/\/www.diario21.tv\/noticias\/explosion-mortal-en-empresa-de-residuos-en-ciudad-real-1-muerta-2-heridos-graves\/"},"modified":"2025-10-31T10:19:54","modified_gmt":"2025-10-31T10:19:54","slug":"explosion-mortal-en-empresa-de-residuos-en-ciudad-real-1-muerta-2-heridos-graves","status":"publish","type":"post","link":"https:\/\/www.diario21.tv\/noticias\/explosion-mortal-en-empresa-de-residuos-en-ciudad-real-1-muerta-2-heridos-graves\/","title":{"rendered":"Explosi\u00f3n mortal en empresa de residuos en Ciudad Real: 1 muerta, 2 heridos graves"},"content":{"rendered":"<h2>Tr\u00e1gico Incidente en Planta de Tratamiento de Residuos de Ciudad Real<\/h2>\n<p>Un grave evento sacudi\u00f3 las instalaciones de una empresa dedicada al tratamiento de residuos sanitarios en Ciudad Real, resultando en la muerte de una empleada y lesiones cr\u00edticas a otros dos trabajadores. Este lamentable incidente ocurri\u00f3 a ra\u00edz de una explosi\u00f3n que se produjo en el lugar.<\/p>\n<h3>Detalles del Accidente<\/h3>\n<p>La explosi\u00f3n tuvo lugar en horas de la ma\u00f1ana, cuando los trabajadores de la planta estaban realizando sus actividades habituales. De acuerdo con las primeras investigaciones, la deflagraci\u00f3n podr\u00eda haber sido causada por materiales altamente inflamables que se manejan en el sitio. Este tr\u00e1gico suceso no solo cobr\u00f3 la vida de una trabajadora, que fue declarada fallecida en el lugar, sino que tambi\u00e9n dej\u00f3 a dos de sus colegas con quemaduras de extrema gravedad.<\/p>\n<p>Los heridos fueron trasladados de urgencia a un hospital cercano, donde reciben atenci\u00f3n especializada debido a la severidad de sus lesiones. Las autoridades han iniciado una investigaci\u00f3n exhaustiva para determinar las causas exactas de la explosi\u00f3n y para evaluar las medidas de seguridad que la empresa ten\u00eda implementadas.<\/p>\n<h3>Reacciones y Medidas Futuras<\/h3>\n<p>La noticia de la explosi\u00f3n ha resonado fuertemente en la comunidad local y en el sector de manejo de residuos sanitarios. Representantes de la empresa han expresado su consternaci\u00f3n y dolor frente a este tr\u00e1gico evento, y han asegurado que est\u00e1n colaborando con las autoridades para esclarecer los hechos y asegurar que tal incidente no se repita en el futuro.<\/p>\n<p>Por su parte, las autoridades locales y los organismos de seguridad laboral han reforzado la importancia de cumplir con todas las normativas de seguridad, especialmente en industrias que manejan materiales peligrosos. Se espera que este incidente sirva como un llamado de atenci\u00f3n para revisar y fortalecer los protocolos de seguridad en todas las plantas similares a nivel nacional.<\/p>\n<p>Este tr\u00e1gico accidente ha dejado una profunda huella en la comunidad y ha subrayado la necesidad cr\u00edtica de adherirse a estrictas medidas de seguridad para proteger la vida de los trabajadores. La investigaci\u00f3n sigue en curso, y se anticipa que los resultados ayudar\u00e1n a prevenir futuras tragedias en este y otros sectores industriales.<\/p>\n\n\n<div class=\"kk-star-ratings kksr-auto kksr-align-left kksr-valign-bottom\"\n    data-payload='{&quot;align&quot;:&quot;left&quot;,&quot;id&quot;:&quot;5028&quot;,&quot;slug&quot;:&quot;default&quot;,&quot;valign&quot;:&quot;bottom&quot;,&quot;ignore&quot;:&quot;&quot;,&quot;reference&quot;:&quot;auto&quot;,&quot;class&quot;:&quot;&quot;,&quot;count&quot;:&quot;0&quot;,&quot;legendonly&quot;:&quot;&quot;,&quot;readonly&quot;:&quot;&quot;,&quot;score&quot;:&quot;0&quot;,&quot;starsonly&quot;:&quot;&quot;,&quot;best&quot;:&quot;5&quot;,&quot;gap&quot;:&quot;5&quot;,&quot;greet&quot;:&quot;Valora este post&quot;,&quot;legend&quot;:&quot;0\\\/5 - (0 votes)&quot;,&quot;size&quot;:&quot;22&quot;,&quot;title&quot;:&quot;Explosi\u00f3n mortal en empresa de residuos en Ciudad Real: 1 muerta, 2 heridos graves&quot;,&quot;width&quot;:&quot;0&quot;,&quot;_legend&quot;:&quot;{score}\\\/{best} - ({count} {votes})&quot;,&quot;font_factor&quot;:&quot;1.25&quot;}'>\n            \n<div class=\"kksr-stars\">\n    \n<div class=\"kksr-stars-inactive\">\n            <div class=\"kksr-star\" data-star=\"1\" style=\"padding-right: 5px\">\n            \n\n<div class=\"kksr-icon\" style=\"width: 22px; height: 22px;\"><\/div>\n        <\/div>\n            <div class=\"kksr-star\" data-star=\"2\" style=\"padding-right: 5px\">\n            \n\n<div class=\"kksr-icon\" style=\"width: 22px; height: 22px;\"><\/div>\n        <\/div>\n            <div class=\"kksr-star\" data-star=\"3\" style=\"padding-right: 5px\">\n            \n\n<div class=\"kksr-icon\" style=\"width: 22px; height: 22px;\"><\/div>\n        <\/div>\n            <div class=\"kksr-star\" data-star=\"4\" style=\"padding-right: 5px\">\n            \n\n<div class=\"kksr-icon\" style=\"width: 22px; height: 22px;\"><\/div>\n        <\/div>\n            <div class=\"kksr-star\" data-star=\"5\" style=\"padding-right: 5px\">\n            \n\n<div class=\"kksr-icon\" style=\"width: 22px; height: 22px;\"><\/div>\n        <\/div>\n    <\/div>\n    \n<div class=\"kksr-stars-active\" style=\"width: 0px;\">\n            <div class=\"kksr-star\" style=\"padding-right: 5px\">\n            \n\n<div class=\"kksr-icon\" style=\"width: 22px; height: 22px;\"><\/div>\n        <\/div>\n            <div class=\"kksr-star\" style=\"padding-right: 5px\">\n            \n\n<div class=\"kksr-icon\" style=\"width: 22px; height: 22px;\"><\/div>\n        <\/div>\n            <div class=\"kksr-star\" style=\"padding-right: 5px\">\n            \n\n<div class=\"kksr-icon\" style=\"width: 22px; height: 22px;\"><\/div>\n        <\/div>\n            <div class=\"kksr-star\" style=\"padding-right: 5px\">\n            \n\n<div class=\"kksr-icon\" style=\"width: 22px; height: 22px;\"><\/div>\n        <\/div>\n            <div class=\"kksr-star\" style=\"padding-right: 5px\">\n            \n\n<div class=\"kksr-icon\" style=\"width: 22px; height: 22px;\"><\/div>\n        <\/div>\n    <\/div>\n<\/div>\n                \n\n<div class=\"kksr-legend\" style=\"font-size: 17.6px;\">\n            <span class=\"kksr-muted\">Valora este post<\/span>\n    <\/div>\n    <\/div>\n","protected":false},"excerpt":{"rendered":"<p>Tr\u00e1gico Incidente en Planta de Tratamiento de Residuos de Ciudad Real Un grave evento sacudi\u00f3 las instalaciones de una empresa dedicada al tratamiento de residuos sanitarios &#8230; <a title=\"Explosi\u00f3n mortal en empresa de residuos en Ciudad Real: 1 muerta, 2 heridos graves\" class=\"read-more\" href=\"https:\/\/www.diario21.tv\/noticias\/explosion-mortal-en-empresa-de-residuos-en-ciudad-real-1-muerta-2-heridos-graves\/\" aria-label=\"Leer m\u00e1s sobre Explosi\u00f3n mortal en empresa de residuos en Ciudad Real: 1 muerta, 2 heridos graves\">Seguir leyendo &rarr;<\/a><\/p>\n","protected":false},"author":20,"featured_media":5029,"comment_status":"open","ping_status":"open","sticky":false,"template":"","format":"standard","meta":{"footnotes":""},"categories":[13],"tags":[],"class_list":["post-5028","post","type-post","status-publish","format-standard","has-post-thumbnail","hentry","category-portada"],"yoast_head":"<!-- This site is optimized with the Yoast SEO plugin v25.6 - https:\/\/yoast.com\/wordpress\/plugins\/seo\/ -->\n<title>Explosi\u00f3n mortal en empresa de residuos en Ciudad Real: 1 muerta, 2 heridos graves - Diario 21<\/title>\n<meta name=\"robots\" content=\"index, follow, max-snippet:-1, max-image-preview:large, max-video-preview:-1\" \/>\n<link rel=\"canonical\" href=\"https:\/\/www.diario21.tv\/noticias\/explosion-mortal-en-empresa-de-residuos-en-ciudad-real-1-muerta-2-heridos-graves\/\" \/>\n<meta property=\"og:locale\" content=\"es_ES\" \/>\n<meta property=\"og:type\" content=\"article\" \/>\n<meta property=\"og:title\" content=\"Explosi\u00f3n mortal en empresa de residuos en Ciudad Real: 1 muerta, 2 heridos graves - Diario 21\" \/>\n<meta property=\"og:description\" content=\"Tr\u00e1gico Incidente en Planta de Tratamiento de Residuos de Ciudad Real Un grave evento sacudi\u00f3 las instalaciones de una empresa dedicada al tratamiento de residuos sanitarios ... Seguir leyendo &rarr;\" \/>\n<meta property=\"og:url\" content=\"https:\/\/www.diario21.tv\/noticias\/explosion-mortal-en-empresa-de-residuos-en-ciudad-real-1-muerta-2-heridos-graves\/\" \/>\n<meta property=\"og:site_name\" content=\"Diario 21\" \/>\n<meta property=\"article:published_time\" content=\"2025-10-31T10:19:53+00:00\" \/>\n<meta property=\"article:modified_time\" content=\"2025-10-31T10:19:54+00:00\" \/>\n<meta property=\"og:image\" content=\"https:\/\/www.diario21.tv\/noticias\/wp-content\/uploads\/2025\/10\/Explosion-mortal-en-empresa-de-residuos-en-Ciudad-Real-1.jpg\" \/>\n\t<meta property=\"og:image:width\" content=\"1200\" \/>\n\t<meta property=\"og:image:height\" content=\"837\" \/>\n\t<meta property=\"og:image:type\" content=\"image\/jpeg\" \/>\n<meta name=\"author\" content=\"Juan P\u00e9rez\" \/>\n<meta name=\"twitter:card\" content=\"summary_large_image\" \/>\n<meta name=\"twitter:label1\" content=\"Escrito por\" \/>\n\t<meta name=\"twitter:data1\" content=\"Juan P\u00e9rez\" \/>\n\t<meta name=\"twitter:label2\" content=\"Tiempo de lectura\" \/>\n\t<meta name=\"twitter:data2\" content=\"2 minutos\" \/>\n<script type=\"application\/ld+json\" class=\"yoast-schema-graph\">{\"@context\":\"https:\/\/schema.org\",\"@graph\":[{\"@type\":\"WebPage\",\"@id\":\"https:\/\/www.diario21.tv\/noticias\/explosion-mortal-en-empresa-de-residuos-en-ciudad-real-1-muerta-2-heridos-graves\/\",\"url\":\"https:\/\/www.diario21.tv\/noticias\/explosion-mortal-en-empresa-de-residuos-en-ciudad-real-1-muerta-2-heridos-graves\/\",\"name\":\"Explosi\u00f3n mortal en empresa de residuos en Ciudad Real: 1 muerta, 2 heridos graves - Diario 21\",\"isPartOf\":{\"@id\":\"https:\/\/www.diario21.tv\/noticias\/#website\"},\"primaryImageOfPage\":{\"@id\":\"https:\/\/www.diario21.tv\/noticias\/explosion-mortal-en-empresa-de-residuos-en-ciudad-real-1-muerta-2-heridos-graves\/#primaryimage\"},\"image\":{\"@id\":\"https:\/\/www.diario21.tv\/noticias\/explosion-mortal-en-empresa-de-residuos-en-ciudad-real-1-muerta-2-heridos-graves\/#primaryimage\"},\"thumbnailUrl\":\"https:\/\/www.diario21.tv\/noticias\/wp-content\/uploads\/2025\/10\/Explosion-mortal-en-empresa-de-residuos-en-Ciudad-Real-1.jpg\",\"datePublished\":\"2025-10-31T10:19:53+00:00\",\"dateModified\":\"2025-10-31T10:19:54+00:00\",\"author\":{\"@id\":\"https:\/\/www.diario21.tv\/noticias\/#\/schema\/person\/dfb778f73814d8f09f302618446a526b\"},\"breadcrumb\":{\"@id\":\"https:\/\/www.diario21.tv\/noticias\/explosion-mortal-en-empresa-de-residuos-en-ciudad-real-1-muerta-2-heridos-graves\/#breadcrumb\"},\"inLanguage\":\"es-AR\",\"potentialAction\":[{\"@type\":\"ReadAction\",\"target\":[\"https:\/\/www.diario21.tv\/noticias\/explosion-mortal-en-empresa-de-residuos-en-ciudad-real-1-muerta-2-heridos-graves\/\"]}]},{\"@type\":\"ImageObject\",\"inLanguage\":\"es-AR\",\"@id\":\"https:\/\/www.diario21.tv\/noticias\/explosion-mortal-en-empresa-de-residuos-en-ciudad-real-1-muerta-2-heridos-graves\/#primaryimage\",\"url\":\"https:\/\/www.diario21.tv\/noticias\/wp-content\/uploads\/2025\/10\/Explosion-mortal-en-empresa-de-residuos-en-Ciudad-Real-1.jpg\",\"contentUrl\":\"https:\/\/www.diario21.tv\/noticias\/wp-content\/uploads\/2025\/10\/Explosion-mortal-en-empresa-de-residuos-en-Ciudad-Real-1.jpg\",\"width\":1200,\"height\":837,\"caption\":\"Una trabajadora muerta y dos heridos muy graves con quemaduras por una explosi\u00f3n en una empresa de residuos sanitarios de Ciudad Real\"},{\"@type\":\"BreadcrumbList\",\"@id\":\"https:\/\/www.diario21.tv\/noticias\/explosion-mortal-en-empresa-de-residuos-en-ciudad-real-1-muerta-2-heridos-graves\/#breadcrumb\",\"itemListElement\":[{\"@type\":\"ListItem\",\"position\":1,\"name\":\"Accueil\",\"item\":\"https:\/\/www.diario21.tv\/noticias\/\"},{\"@type\":\"ListItem\",\"position\":2,\"name\":\"Explosi\u00f3n mortal en empresa de residuos en Ciudad Real: 1 muerta, 2 heridos graves\"}]},{\"@type\":\"WebSite\",\"@id\":\"https:\/\/www.diario21.tv\/noticias\/#website\",\"url\":\"https:\/\/www.diario21.tv\/noticias\/\",\"name\":\"Diario 21\",\"description\":\"\",\"potentialAction\":[{\"@type\":\"SearchAction\",\"target\":{\"@type\":\"EntryPoint\",\"urlTemplate\":\"https:\/\/www.diario21.tv\/noticias\/?s={search_term_string}\"},\"query-input\":{\"@type\":\"PropertyValueSpecification\",\"valueRequired\":true,\"valueName\":\"search_term_string\"}}],\"inLanguage\":\"es-AR\"},{\"@type\":\"Person\",\"@id\":\"https:\/\/www.diario21.tv\/noticias\/#\/schema\/person\/dfb778f73814d8f09f302618446a526b\",\"name\":\"Juan P\u00e9rez\",\"image\":{\"@type\":\"ImageObject\",\"inLanguage\":\"es-AR\",\"@id\":\"https:\/\/www.diario21.tv\/noticias\/#\/schema\/person\/image\/\",\"url\":\"https:\/\/secure.gravatar.com\/avatar\/c478a405bd10621167f4c3167cc770f5?s=96&d=mm&r=g\",\"contentUrl\":\"https:\/\/secure.gravatar.com\/avatar\/c478a405bd10621167f4c3167cc770f5?s=96&d=mm&r=g\",\"caption\":\"Juan P\u00e9rez\"},\"description\":\"Juan P\u00e9rez es el redactor en jefe de Diario 21. Con m\u00e1s de 10 a\u00f1os de experiencia en el periodismo, se especializa en pol\u00edtica nacional y an\u00e1lisis socioecon\u00f3mico. Su enfoque cr\u00edtico y riguroso aporta una perspectiva \u00fanica a cada art\u00edculo.\",\"sameAs\":[\"https:\/\/www.diario21.tv\/noticias\/\"],\"url\":\"https:\/\/www.diario21.tv\/noticias\/author\/juan-perez\/\"}]}<\/script>\n<!-- \/ Yoast SEO plugin. -->","yoast_head_json":{"title":"Explosi\u00f3n mortal en empresa de residuos en Ciudad Real: 1 muerta, 2 heridos graves - Diario 21","robots":{"index":"index","follow":"follow","max-snippet":"max-snippet:-1","max-image-preview":"max-image-preview:large","max-video-preview":"max-video-preview:-1"},"canonical":"https:\/\/www.diario21.tv\/noticias\/explosion-mortal-en-empresa-de-residuos-en-ciudad-real-1-muerta-2-heridos-graves\/","og_locale":"es_ES","og_type":"article","og_title":"Explosi\u00f3n mortal en empresa de residuos en Ciudad Real: 1 muerta, 2 heridos graves - Diario 21","og_description":"Tr\u00e1gico Incidente en Planta de Tratamiento de Residuos de Ciudad Real Un grave evento sacudi\u00f3 las instalaciones de una empresa dedicada al tratamiento de residuos sanitarios ... Seguir leyendo &rarr;","og_url":"https:\/\/www.diario21.tv\/noticias\/explosion-mortal-en-empresa-de-residuos-en-ciudad-real-1-muerta-2-heridos-graves\/","og_site_name":"Diario 21","article_published_time":"2025-10-31T10:19:53+00:00","article_modified_time":"2025-10-31T10:19:54+00:00","og_image":[{"width":1200,"height":837,"url":"https:\/\/www.diario21.tv\/noticias\/wp-content\/uploads\/2025\/10\/Explosion-mortal-en-empresa-de-residuos-en-Ciudad-Real-1.jpg","type":"image\/jpeg"}],"author":"Juan P\u00e9rez","twitter_card":"summary_large_image","twitter_misc":{"Escrito por":"Juan P\u00e9rez","Tiempo de lectura":"2 minutos"},"schema":{"@context":"https:\/\/schema.org","@graph":[{"@type":"WebPage","@id":"https:\/\/www.diario21.tv\/noticias\/explosion-mortal-en-empresa-de-residuos-en-ciudad-real-1-muerta-2-heridos-graves\/","url":"https:\/\/www.diario21.tv\/noticias\/explosion-mortal-en-empresa-de-residuos-en-ciudad-real-1-muerta-2-heridos-graves\/","name":"Explosi\u00f3n mortal en empresa de residuos en Ciudad Real: 1 muerta, 2 heridos graves - Diario 21","isPartOf":{"@id":"https:\/\/www.diario21.tv\/noticias\/#website"},"primaryImageOfPage":{"@id":"https:\/\/www.diario21.tv\/noticias\/explosion-mortal-en-empresa-de-residuos-en-ciudad-real-1-muerta-2-heridos-graves\/#primaryimage"},"image":{"@id":"https:\/\/www.diario21.tv\/noticias\/explosion-mortal-en-empresa-de-residuos-en-ciudad-real-1-muerta-2-heridos-graves\/#primaryimage"},"thumbnailUrl":"https:\/\/www.diario21.tv\/noticias\/wp-content\/uploads\/2025\/10\/Explosion-mortal-en-empresa-de-residuos-en-Ciudad-Real-1.jpg","datePublished":"2025-10-31T10:19:53+00:00","dateModified":"2025-10-31T10:19:54+00:00","author":{"@id":"https:\/\/www.diario21.tv\/noticias\/#\/schema\/person\/dfb778f73814d8f09f302618446a526b"},"breadcrumb":{"@id":"https:\/\/www.diario21.tv\/noticias\/explosion-mortal-en-empresa-de-residuos-en-ciudad-real-1-muerta-2-heridos-graves\/#breadcrumb"},"inLanguage":"es-AR","potentialAction":[{"@type":"ReadAction","target":["https:\/\/www.diario21.tv\/noticias\/explosion-mortal-en-empresa-de-residuos-en-ciudad-real-1-muerta-2-heridos-graves\/"]}]},{"@type":"ImageObject","inLanguage":"es-AR","@id":"https:\/\/www.diario21.tv\/noticias\/explosion-mortal-en-empresa-de-residuos-en-ciudad-real-1-muerta-2-heridos-graves\/#primaryimage","url":"https:\/\/www.diario21.tv\/noticias\/wp-content\/uploads\/2025\/10\/Explosion-mortal-en-empresa-de-residuos-en-Ciudad-Real-1.jpg","contentUrl":"https:\/\/www.diario21.tv\/noticias\/wp-content\/uploads\/2025\/10\/Explosion-mortal-en-empresa-de-residuos-en-Ciudad-Real-1.jpg","width":1200,"height":837,"caption":"Una trabajadora muerta y dos heridos muy graves con quemaduras por una explosi\u00f3n en una empresa de residuos sanitarios de Ciudad Real"},{"@type":"BreadcrumbList","@id":"https:\/\/www.diario21.tv\/noticias\/explosion-mortal-en-empresa-de-residuos-en-ciudad-real-1-muerta-2-heridos-graves\/#breadcrumb","itemListElement":[{"@type":"ListItem","position":1,"name":"Accueil","item":"https:\/\/www.diario21.tv\/noticias\/"},{"@type":"ListItem","position":2,"name":"Explosi\u00f3n mortal en empresa de residuos en Ciudad Real: 1 muerta, 2 heridos graves"}]},{"@type":"WebSite","@id":"https:\/\/www.diario21.tv\/noticias\/#website","url":"https:\/\/www.diario21.tv\/noticias\/","name":"Diario 21","description":"","potentialAction":[{"@type":"SearchAction","target":{"@type":"EntryPoint","urlTemplate":"https:\/\/www.diario21.tv\/noticias\/?s={search_term_string}"},"query-input":{"@type":"PropertyValueSpecification","valueRequired":true,"valueName":"search_term_string"}}],"inLanguage":"es-AR"},{"@type":"Person","@id":"https:\/\/www.diario21.tv\/noticias\/#\/schema\/person\/dfb778f73814d8f09f302618446a526b","name":"Juan P\u00e9rez","image":{"@type":"ImageObject","inLanguage":"es-AR","@id":"https:\/\/www.diario21.tv\/noticias\/#\/schema\/person\/image\/","url":"https:\/\/secure.gravatar.com\/avatar\/c478a405bd10621167f4c3167cc770f5?s=96&d=mm&r=g","contentUrl":"https:\/\/secure.gravatar.com\/avatar\/c478a405bd10621167f4c3167cc770f5?s=96&d=mm&r=g","caption":"Juan P\u00e9rez"},"description":"Juan P\u00e9rez es el redactor en jefe de Diario 21. Con m\u00e1s de 10 a\u00f1os de experiencia en el periodismo, se especializa en pol\u00edtica nacional y an\u00e1lisis socioecon\u00f3mico. Su enfoque cr\u00edtico y riguroso aporta una perspectiva \u00fanica a cada art\u00edculo.","sameAs":["https:\/\/www.diario21.tv\/noticias\/"],"url":"https:\/\/www.diario21.tv\/noticias\/author\/juan-perez\/"}]}},"_links":{"self":[{"href":"https:\/\/www.diario21.tv\/noticias\/wp-json\/wp\/v2\/posts\/5028"}],"collection":[{"href":"https:\/\/www.diario21.tv\/noticias\/wp-json\/wp\/v2\/posts"}],"about":[{"href":"https:\/\/www.diario21.tv\/noticias\/wp-json\/wp\/v2\/types\/post"}],"author":[{"embeddable":true,"href":"https:\/\/www.diario21.tv\/noticias\/wp-json\/wp\/v2\/users\/20"}],"replies":[{"embeddable":true,"href":"https:\/\/www.diario21.tv\/noticias\/wp-json\/wp\/v2\/comments?post=5028"}],"version-history":[{"count":1,"href":"https:\/\/www.diario21.tv\/noticias\/wp-json\/wp\/v2\/posts\/5028\/revisions"}],"predecessor-version":[{"id":5030,"href":"https:\/\/www.diario21.tv\/noticias\/wp-json\/wp\/v2\/posts\/5028\/revisions\/5030"}],"wp:featuredmedia":[{"embeddable":true,"href":"https:\/\/www.diario21.tv\/noticias\/wp-json\/wp\/v2\/media\/5029"}],"wp:attachment":[{"href":"https:\/\/www.diario21.tv\/noticias\/wp-json\/wp\/v2\/media?parent=5028"}],"wp:term":[{"taxonomy":"category","embeddable":true,"href":"https:\/\/www.diario21.tv\/noticias\/wp-json\/wp\/v2\/categories?post=5028"},{"taxonomy":"post_tag","embeddable":true,"href":"https:\/\/www.diario21.tv\/noticias\/wp-json\/wp\/v2\/tags?post=5028"}],"curies":[{"name":"wp","href":"https:\/\/api.w.org\/{rel}","templated":true}]}}