{"id":5025,"date":"2025-10-31T04:19:26","date_gmt":"2025-10-31T04:19:26","guid":{"rendered":"https:\/\/www.diario21.tv\/noticias\/exclusivo-juicio-a-ciberacosadores-por-difundir-que-la-esposa-de-macron-es-hombre\/"},"modified":"2025-10-31T04:19:28","modified_gmt":"2025-10-31T04:19:28","slug":"exclusivo-juicio-a-ciberacosadores-por-difundir-que-la-esposa-de-macron-es-hombre","status":"publish","type":"post","link":"https:\/\/www.diario21.tv\/noticias\/exclusivo-juicio-a-ciberacosadores-por-difundir-que-la-esposa-de-macron-es-hombre\/","title":{"rendered":"\u00a1Exclusivo! Juicio a ciberacosadores por difundir que la esposa de Macron es hombre."},"content":{"rendered":"<h2>Proceso Judicial Contra los Ciberacosadores de la Esposa de Macron<\/h2>\n<p>En un caso que ha capturado la atenci\u00f3n p\u00fablica y medi\u00e1tica, varios individuos se enfrentan a un juicio acusados de difundir la falsa teor\u00eda de que Brigitte Macron, esposa del presidente franc\u00e9s Emmanuel Macron, es en realidad un hombre. Este grupo de ciberacosadores ha sido se\u00f1alado por propagar rumores malintencionados y sin fundamento que han afectado gravemente la reputaci\u00f3n y la vida personal de Brigitte Macron.<\/p>\n<h3>Origen y Difusi\u00f3n de la Falsa Teor\u00eda<\/h3>\n<p>La controversia comenz\u00f3 en las redes sociales, donde un conjunto de usuarios empez\u00f3 a circular la teor\u00eda de que Brigitte Macron naci\u00f3 siendo hombre y que su verdadero nombre es Jean-Michel Trogneux. Estas afirmaciones se basan \u00fanicamente en conjeturas y manipulaciones de informaci\u00f3n, sin ning\u00fan tipo de prueba o evidencia real que las sustente. A pesar de la falta de veracidad, la historia gan\u00f3 tracci\u00f3n y se extendi\u00f3 r\u00e1pidamente a trav\u00e9s de plataformas digitales, exacerbando el acoso en l\u00ednea hacia la primera dama francesa.<\/p>\n<h3>Impacto en la V\u00edctima y Reacciones<\/h3>\n<p>El impacto de estos rumores ha sido profundamente negativo para Brigitte Macron, quien ha enfrentado un escrutinio p\u00fablico injusto y malicioso. La difamaci\u00f3n ha trascendido el \u00e1mbito virtual, afectando su vida diaria y su bienestar emocional. Ante esta situaci\u00f3n, tanto Brigitte como su esposo, el presidente Macron, han decidido tomar acciones legales contra los responsables de difundir estas falsedades.<\/p>\n<p>La respuesta del sistema judicial franc\u00e9s no se ha hecho esperar, y ahora los acusados enfrentan cargos por difamaci\u00f3n y acoso en l\u00ednea. Este juicio no solo busca sancionar a los individuos directamente involucrados, sino tambi\u00e9n enviar un mensaje claro sobre la seriedad con la que se tomar\u00e1n los casos de ciberacoso en el futuro.<\/p>\n<h3>Importancia del Juicio y Perspectivas<\/h3>\n<p>Este juicio es significativo, no solo por buscar justicia para Brigitte Macron, sino tambi\u00e9n por establecer un precedente en la lucha contra el ciberacoso. Al abordar este caso, las autoridades francesas esperan disuadir a otros de participar en comportamientos similares que pueden da\u00f1ar gravemente la dignidad y la reputaci\u00f3n de individuos, adem\u00e1s de entorpecer el respeto y la convivencia en el espacio digital.<\/p>\n<p>La expectativa es que este proceso judicial aclare las responsabilidades y contribuya a una mayor conciencia sobre las consecuencias legales del acoso en l\u00ednea. Adem\u00e1s, se espera que fortalezca las herramientas y pol\u00edticas destinadas a proteger a las personas de ataques infundados y malintencionados en internet. Este caso subraya la necesidad de un compromiso m\u00e1s fuerte y de medidas m\u00e1s efectivas para combatir el ciberacoso y asegurar que el espacio digital sea seguro para todos.<\/p>\n\n\n<div class=\"kk-star-ratings kksr-auto kksr-align-left kksr-valign-bottom\"\n    data-payload='{&quot;align&quot;:&quot;left&quot;,&quot;id&quot;:&quot;5025&quot;,&quot;slug&quot;:&quot;default&quot;,&quot;valign&quot;:&quot;bottom&quot;,&quot;ignore&quot;:&quot;&quot;,&quot;reference&quot;:&quot;auto&quot;,&quot;class&quot;:&quot;&quot;,&quot;count&quot;:&quot;0&quot;,&quot;legendonly&quot;:&quot;&quot;,&quot;readonly&quot;:&quot;&quot;,&quot;score&quot;:&quot;0&quot;,&quot;starsonly&quot;:&quot;&quot;,&quot;best&quot;:&quot;5&quot;,&quot;gap&quot;:&quot;5&quot;,&quot;greet&quot;:&quot;Valora este post&quot;,&quot;legend&quot;:&quot;0\\\/5 - (0 votes)&quot;,&quot;size&quot;:&quot;22&quot;,&quot;title&quot;:&quot;\u00a1Exclusivo! Juicio a ciberacosadores por difundir que la esposa de Macron es hombre.&quot;,&quot;width&quot;:&quot;0&quot;,&quot;_legend&quot;:&quot;{score}\\\/{best} - ({count} {votes})&quot;,&quot;font_factor&quot;:&quot;1.25&quot;}'>\n            \n<div class=\"kksr-stars\">\n    \n<div class=\"kksr-stars-inactive\">\n            <div class=\"kksr-star\" data-star=\"1\" style=\"padding-right: 5px\">\n            \n\n<div class=\"kksr-icon\" style=\"width: 22px; height: 22px;\"><\/div>\n        <\/div>\n            <div class=\"kksr-star\" data-star=\"2\" style=\"padding-right: 5px\">\n            \n\n<div class=\"kksr-icon\" style=\"width: 22px; height: 22px;\"><\/div>\n        <\/div>\n            <div class=\"kksr-star\" data-star=\"3\" style=\"padding-right: 5px\">\n            \n\n<div class=\"kksr-icon\" style=\"width: 22px; height: 22px;\"><\/div>\n        <\/div>\n            <div class=\"kksr-star\" data-star=\"4\" style=\"padding-right: 5px\">\n            \n\n<div class=\"kksr-icon\" style=\"width: 22px; height: 22px;\"><\/div>\n        <\/div>\n            <div class=\"kksr-star\" data-star=\"5\" style=\"padding-right: 5px\">\n            \n\n<div class=\"kksr-icon\" style=\"width: 22px; height: 22px;\"><\/div>\n        <\/div>\n    <\/div>\n    \n<div class=\"kksr-stars-active\" style=\"width: 0px;\">\n            <div class=\"kksr-star\" style=\"padding-right: 5px\">\n            \n\n<div class=\"kksr-icon\" style=\"width: 22px; height: 22px;\"><\/div>\n        <\/div>\n            <div class=\"kksr-star\" style=\"padding-right: 5px\">\n            \n\n<div class=\"kksr-icon\" style=\"width: 22px; height: 22px;\"><\/div>\n        <\/div>\n            <div class=\"kksr-star\" style=\"padding-right: 5px\">\n            \n\n<div class=\"kksr-icon\" style=\"width: 22px; height: 22px;\"><\/div>\n        <\/div>\n            <div class=\"kksr-star\" style=\"padding-right: 5px\">\n            \n\n<div class=\"kksr-icon\" style=\"width: 22px; height: 22px;\"><\/div>\n        <\/div>\n            <div class=\"kksr-star\" style=\"padding-right: 5px\">\n            \n\n<div class=\"kksr-icon\" style=\"width: 22px; height: 22px;\"><\/div>\n        <\/div>\n    <\/div>\n<\/div>\n                \n\n<div class=\"kksr-legend\" style=\"font-size: 17.6px;\">\n            <span class=\"kksr-muted\">Valora este post<\/span>\n    <\/div>\n    <\/div>\n","protected":false},"excerpt":{"rendered":"<p>Proceso Judicial Contra los Ciberacosadores de la Esposa de Macron En un caso que ha capturado la atenci\u00f3n p\u00fablica y medi\u00e1tica, varios individuos se enfrentan a &#8230; <a title=\"\u00a1Exclusivo! Juicio a ciberacosadores por difundir que la esposa de Macron es hombre.\" class=\"read-more\" href=\"https:\/\/www.diario21.tv\/noticias\/exclusivo-juicio-a-ciberacosadores-por-difundir-que-la-esposa-de-macron-es-hombre\/\" aria-label=\"Leer m\u00e1s sobre \u00a1Exclusivo! Juicio a ciberacosadores por difundir que la esposa de Macron es hombre.\">Seguir leyendo &rarr;<\/a><\/p>\n","protected":false},"author":20,"featured_media":5026,"comment_status":"open","ping_status":"open","sticky":false,"template":"","format":"standard","meta":{"footnotes":""},"categories":[13],"tags":[],"class_list":["post-5025","post","type-post","status-publish","format-standard","has-post-thumbnail","hentry","category-portada"],"yoast_head":"<!-- This site is optimized with the Yoast SEO plugin v25.6 - https:\/\/yoast.com\/wordpress\/plugins\/seo\/ -->\n<title>\u00a1Exclusivo! Juicio a ciberacosadores por difundir que la esposa de Macron es hombre. - Diario 21<\/title>\n<meta name=\"robots\" content=\"index, follow, max-snippet:-1, max-image-preview:large, max-video-preview:-1\" \/>\n<link rel=\"canonical\" href=\"https:\/\/www.diario21.tv\/noticias\/exclusivo-juicio-a-ciberacosadores-por-difundir-que-la-esposa-de-macron-es-hombre\/\" \/>\n<meta property=\"og:locale\" content=\"es_ES\" \/>\n<meta property=\"og:type\" content=\"article\" \/>\n<meta property=\"og:title\" content=\"\u00a1Exclusivo! Juicio a ciberacosadores por difundir que la esposa de Macron es hombre. - Diario 21\" \/>\n<meta property=\"og:description\" content=\"Proceso Judicial Contra los Ciberacosadores de la Esposa de Macron En un caso que ha capturado la atenci\u00f3n p\u00fablica y medi\u00e1tica, varios individuos se enfrentan a ... Seguir leyendo &rarr;\" \/>\n<meta property=\"og:url\" content=\"https:\/\/www.diario21.tv\/noticias\/exclusivo-juicio-a-ciberacosadores-por-difundir-que-la-esposa-de-macron-es-hombre\/\" \/>\n<meta property=\"og:site_name\" content=\"Diario 21\" \/>\n<meta property=\"article:published_time\" content=\"2025-10-31T04:19:26+00:00\" \/>\n<meta property=\"article:modified_time\" content=\"2025-10-31T04:19:28+00:00\" \/>\n<meta property=\"og:image\" content=\"https:\/\/www.diario21.tv\/noticias\/wp-content\/uploads\/2025\/10\/\u00a1Exclusivo-Juicio-a-ciberacosadores-por-difundir-que-la-esposa-de.jpg\" \/>\n\t<meta property=\"og:image:width\" content=\"1200\" \/>\n\t<meta property=\"og:image:height\" content=\"840\" \/>\n\t<meta property=\"og:image:type\" content=\"image\/jpeg\" \/>\n<meta name=\"author\" content=\"Juan P\u00e9rez\" \/>\n<meta name=\"twitter:card\" content=\"summary_large_image\" \/>\n<meta name=\"twitter:label1\" content=\"Escrito por\" \/>\n\t<meta name=\"twitter:data1\" content=\"Juan P\u00e9rez\" \/>\n\t<meta name=\"twitter:label2\" content=\"Tiempo de lectura\" \/>\n\t<meta name=\"twitter:data2\" content=\"2 minutos\" \/>\n<script type=\"application\/ld+json\" class=\"yoast-schema-graph\">{\"@context\":\"https:\/\/schema.org\",\"@graph\":[{\"@type\":\"WebPage\",\"@id\":\"https:\/\/www.diario21.tv\/noticias\/exclusivo-juicio-a-ciberacosadores-por-difundir-que-la-esposa-de-macron-es-hombre\/\",\"url\":\"https:\/\/www.diario21.tv\/noticias\/exclusivo-juicio-a-ciberacosadores-por-difundir-que-la-esposa-de-macron-es-hombre\/\",\"name\":\"\u00a1Exclusivo! Juicio a ciberacosadores por difundir que la esposa de Macron es hombre. - Diario 21\",\"isPartOf\":{\"@id\":\"https:\/\/www.diario21.tv\/noticias\/#website\"},\"primaryImageOfPage\":{\"@id\":\"https:\/\/www.diario21.tv\/noticias\/exclusivo-juicio-a-ciberacosadores-por-difundir-que-la-esposa-de-macron-es-hombre\/#primaryimage\"},\"image\":{\"@id\":\"https:\/\/www.diario21.tv\/noticias\/exclusivo-juicio-a-ciberacosadores-por-difundir-que-la-esposa-de-macron-es-hombre\/#primaryimage\"},\"thumbnailUrl\":\"https:\/\/www.diario21.tv\/noticias\/wp-content\/uploads\/2025\/10\/\u00a1Exclusivo-Juicio-a-ciberacosadores-por-difundir-que-la-esposa-de.jpg\",\"datePublished\":\"2025-10-31T04:19:26+00:00\",\"dateModified\":\"2025-10-31T04:19:28+00:00\",\"author\":{\"@id\":\"https:\/\/www.diario21.tv\/noticias\/#\/schema\/person\/dfb778f73814d8f09f302618446a526b\"},\"breadcrumb\":{\"@id\":\"https:\/\/www.diario21.tv\/noticias\/exclusivo-juicio-a-ciberacosadores-por-difundir-que-la-esposa-de-macron-es-hombre\/#breadcrumb\"},\"inLanguage\":\"es-AR\",\"potentialAction\":[{\"@type\":\"ReadAction\",\"target\":[\"https:\/\/www.diario21.tv\/noticias\/exclusivo-juicio-a-ciberacosadores-por-difundir-que-la-esposa-de-macron-es-hombre\/\"]}]},{\"@type\":\"ImageObject\",\"inLanguage\":\"es-AR\",\"@id\":\"https:\/\/www.diario21.tv\/noticias\/exclusivo-juicio-a-ciberacosadores-por-difundir-que-la-esposa-de-macron-es-hombre\/#primaryimage\",\"url\":\"https:\/\/www.diario21.tv\/noticias\/wp-content\/uploads\/2025\/10\/\u00a1Exclusivo-Juicio-a-ciberacosadores-por-difundir-que-la-esposa-de.jpg\",\"contentUrl\":\"https:\/\/www.diario21.tv\/noticias\/wp-content\/uploads\/2025\/10\/\u00a1Exclusivo-Juicio-a-ciberacosadores-por-difundir-que-la-esposa-de.jpg\",\"width\":1200,\"height\":840,\"caption\":\"Juicio a los ciberacosadores que crearon la teor\u00eda de que la mujer de Macron es un hombre\"},{\"@type\":\"BreadcrumbList\",\"@id\":\"https:\/\/www.diario21.tv\/noticias\/exclusivo-juicio-a-ciberacosadores-por-difundir-que-la-esposa-de-macron-es-hombre\/#breadcrumb\",\"itemListElement\":[{\"@type\":\"ListItem\",\"position\":1,\"name\":\"Accueil\",\"item\":\"https:\/\/www.diario21.tv\/noticias\/\"},{\"@type\":\"ListItem\",\"position\":2,\"name\":\"\u00a1Exclusivo! Juicio a ciberacosadores por difundir que la esposa de Macron es hombre.\"}]},{\"@type\":\"WebSite\",\"@id\":\"https:\/\/www.diario21.tv\/noticias\/#website\",\"url\":\"https:\/\/www.diario21.tv\/noticias\/\",\"name\":\"Diario 21\",\"description\":\"\",\"potentialAction\":[{\"@type\":\"SearchAction\",\"target\":{\"@type\":\"EntryPoint\",\"urlTemplate\":\"https:\/\/www.diario21.tv\/noticias\/?s={search_term_string}\"},\"query-input\":{\"@type\":\"PropertyValueSpecification\",\"valueRequired\":true,\"valueName\":\"search_term_string\"}}],\"inLanguage\":\"es-AR\"},{\"@type\":\"Person\",\"@id\":\"https:\/\/www.diario21.tv\/noticias\/#\/schema\/person\/dfb778f73814d8f09f302618446a526b\",\"name\":\"Juan P\u00e9rez\",\"image\":{\"@type\":\"ImageObject\",\"inLanguage\":\"es-AR\",\"@id\":\"https:\/\/www.diario21.tv\/noticias\/#\/schema\/person\/image\/\",\"url\":\"https:\/\/secure.gravatar.com\/avatar\/c478a405bd10621167f4c3167cc770f5?s=96&d=mm&r=g\",\"contentUrl\":\"https:\/\/secure.gravatar.com\/avatar\/c478a405bd10621167f4c3167cc770f5?s=96&d=mm&r=g\",\"caption\":\"Juan P\u00e9rez\"},\"description\":\"Juan P\u00e9rez es el redactor en jefe de Diario 21. Con m\u00e1s de 10 a\u00f1os de experiencia en el periodismo, se especializa en pol\u00edtica nacional y an\u00e1lisis socioecon\u00f3mico. Su enfoque cr\u00edtico y riguroso aporta una perspectiva \u00fanica a cada art\u00edculo.\",\"sameAs\":[\"https:\/\/www.diario21.tv\/noticias\/\"],\"url\":\"https:\/\/www.diario21.tv\/noticias\/author\/juan-perez\/\"}]}<\/script>\n<!-- \/ Yoast SEO plugin. -->","yoast_head_json":{"title":"\u00a1Exclusivo! Juicio a ciberacosadores por difundir que la esposa de Macron es hombre. - Diario 21","robots":{"index":"index","follow":"follow","max-snippet":"max-snippet:-1","max-image-preview":"max-image-preview:large","max-video-preview":"max-video-preview:-1"},"canonical":"https:\/\/www.diario21.tv\/noticias\/exclusivo-juicio-a-ciberacosadores-por-difundir-que-la-esposa-de-macron-es-hombre\/","og_locale":"es_ES","og_type":"article","og_title":"\u00a1Exclusivo! Juicio a ciberacosadores por difundir que la esposa de Macron es hombre. - Diario 21","og_description":"Proceso Judicial Contra los Ciberacosadores de la Esposa de Macron En un caso que ha capturado la atenci\u00f3n p\u00fablica y medi\u00e1tica, varios individuos se enfrentan a ... Seguir leyendo &rarr;","og_url":"https:\/\/www.diario21.tv\/noticias\/exclusivo-juicio-a-ciberacosadores-por-difundir-que-la-esposa-de-macron-es-hombre\/","og_site_name":"Diario 21","article_published_time":"2025-10-31T04:19:26+00:00","article_modified_time":"2025-10-31T04:19:28+00:00","og_image":[{"width":1200,"height":840,"url":"https:\/\/www.diario21.tv\/noticias\/wp-content\/uploads\/2025\/10\/\u00a1Exclusivo-Juicio-a-ciberacosadores-por-difundir-que-la-esposa-de.jpg","type":"image\/jpeg"}],"author":"Juan P\u00e9rez","twitter_card":"summary_large_image","twitter_misc":{"Escrito por":"Juan P\u00e9rez","Tiempo de lectura":"2 minutos"},"schema":{"@context":"https:\/\/schema.org","@graph":[{"@type":"WebPage","@id":"https:\/\/www.diario21.tv\/noticias\/exclusivo-juicio-a-ciberacosadores-por-difundir-que-la-esposa-de-macron-es-hombre\/","url":"https:\/\/www.diario21.tv\/noticias\/exclusivo-juicio-a-ciberacosadores-por-difundir-que-la-esposa-de-macron-es-hombre\/","name":"\u00a1Exclusivo! Juicio a ciberacosadores por difundir que la esposa de Macron es hombre. - Diario 21","isPartOf":{"@id":"https:\/\/www.diario21.tv\/noticias\/#website"},"primaryImageOfPage":{"@id":"https:\/\/www.diario21.tv\/noticias\/exclusivo-juicio-a-ciberacosadores-por-difundir-que-la-esposa-de-macron-es-hombre\/#primaryimage"},"image":{"@id":"https:\/\/www.diario21.tv\/noticias\/exclusivo-juicio-a-ciberacosadores-por-difundir-que-la-esposa-de-macron-es-hombre\/#primaryimage"},"thumbnailUrl":"https:\/\/www.diario21.tv\/noticias\/wp-content\/uploads\/2025\/10\/\u00a1Exclusivo-Juicio-a-ciberacosadores-por-difundir-que-la-esposa-de.jpg","datePublished":"2025-10-31T04:19:26+00:00","dateModified":"2025-10-31T04:19:28+00:00","author":{"@id":"https:\/\/www.diario21.tv\/noticias\/#\/schema\/person\/dfb778f73814d8f09f302618446a526b"},"breadcrumb":{"@id":"https:\/\/www.diario21.tv\/noticias\/exclusivo-juicio-a-ciberacosadores-por-difundir-que-la-esposa-de-macron-es-hombre\/#breadcrumb"},"inLanguage":"es-AR","potentialAction":[{"@type":"ReadAction","target":["https:\/\/www.diario21.tv\/noticias\/exclusivo-juicio-a-ciberacosadores-por-difundir-que-la-esposa-de-macron-es-hombre\/"]}]},{"@type":"ImageObject","inLanguage":"es-AR","@id":"https:\/\/www.diario21.tv\/noticias\/exclusivo-juicio-a-ciberacosadores-por-difundir-que-la-esposa-de-macron-es-hombre\/#primaryimage","url":"https:\/\/www.diario21.tv\/noticias\/wp-content\/uploads\/2025\/10\/\u00a1Exclusivo-Juicio-a-ciberacosadores-por-difundir-que-la-esposa-de.jpg","contentUrl":"https:\/\/www.diario21.tv\/noticias\/wp-content\/uploads\/2025\/10\/\u00a1Exclusivo-Juicio-a-ciberacosadores-por-difundir-que-la-esposa-de.jpg","width":1200,"height":840,"caption":"Juicio a los ciberacosadores que crearon la teor\u00eda de que la mujer de Macron es un hombre"},{"@type":"BreadcrumbList","@id":"https:\/\/www.diario21.tv\/noticias\/exclusivo-juicio-a-ciberacosadores-por-difundir-que-la-esposa-de-macron-es-hombre\/#breadcrumb","itemListElement":[{"@type":"ListItem","position":1,"name":"Accueil","item":"https:\/\/www.diario21.tv\/noticias\/"},{"@type":"ListItem","position":2,"name":"\u00a1Exclusivo! Juicio a ciberacosadores por difundir que la esposa de Macron es hombre."}]},{"@type":"WebSite","@id":"https:\/\/www.diario21.tv\/noticias\/#website","url":"https:\/\/www.diario21.tv\/noticias\/","name":"Diario 21","description":"","potentialAction":[{"@type":"SearchAction","target":{"@type":"EntryPoint","urlTemplate":"https:\/\/www.diario21.tv\/noticias\/?s={search_term_string}"},"query-input":{"@type":"PropertyValueSpecification","valueRequired":true,"valueName":"search_term_string"}}],"inLanguage":"es-AR"},{"@type":"Person","@id":"https:\/\/www.diario21.tv\/noticias\/#\/schema\/person\/dfb778f73814d8f09f302618446a526b","name":"Juan P\u00e9rez","image":{"@type":"ImageObject","inLanguage":"es-AR","@id":"https:\/\/www.diario21.tv\/noticias\/#\/schema\/person\/image\/","url":"https:\/\/secure.gravatar.com\/avatar\/c478a405bd10621167f4c3167cc770f5?s=96&d=mm&r=g","contentUrl":"https:\/\/secure.gravatar.com\/avatar\/c478a405bd10621167f4c3167cc770f5?s=96&d=mm&r=g","caption":"Juan P\u00e9rez"},"description":"Juan P\u00e9rez es el redactor en jefe de Diario 21. Con m\u00e1s de 10 a\u00f1os de experiencia en el periodismo, se especializa en pol\u00edtica nacional y an\u00e1lisis socioecon\u00f3mico. Su enfoque cr\u00edtico y riguroso aporta una perspectiva \u00fanica a cada art\u00edculo.","sameAs":["https:\/\/www.diario21.tv\/noticias\/"],"url":"https:\/\/www.diario21.tv\/noticias\/author\/juan-perez\/"}]}},"_links":{"self":[{"href":"https:\/\/www.diario21.tv\/noticias\/wp-json\/wp\/v2\/posts\/5025"}],"collection":[{"href":"https:\/\/www.diario21.tv\/noticias\/wp-json\/wp\/v2\/posts"}],"about":[{"href":"https:\/\/www.diario21.tv\/noticias\/wp-json\/wp\/v2\/types\/post"}],"author":[{"embeddable":true,"href":"https:\/\/www.diario21.tv\/noticias\/wp-json\/wp\/v2\/users\/20"}],"replies":[{"embeddable":true,"href":"https:\/\/www.diario21.tv\/noticias\/wp-json\/wp\/v2\/comments?post=5025"}],"version-history":[{"count":1,"href":"https:\/\/www.diario21.tv\/noticias\/wp-json\/wp\/v2\/posts\/5025\/revisions"}],"predecessor-version":[{"id":5027,"href":"https:\/\/www.diario21.tv\/noticias\/wp-json\/wp\/v2\/posts\/5025\/revisions\/5027"}],"wp:featuredmedia":[{"embeddable":true,"href":"https:\/\/www.diario21.tv\/noticias\/wp-json\/wp\/v2\/media\/5026"}],"wp:attachment":[{"href":"https:\/\/www.diario21.tv\/noticias\/wp-json\/wp\/v2\/media?parent=5025"}],"wp:term":[{"taxonomy":"category","embeddable":true,"href":"https:\/\/www.diario21.tv\/noticias\/wp-json\/wp\/v2\/categories?post=5025"},{"taxonomy":"post_tag","embeddable":true,"href":"https:\/\/www.diario21.tv\/noticias\/wp-json\/wp\/v2\/tags?post=5025"}],"curies":[{"name":"wp","href":"https:\/\/api.w.org\/{rel}","templated":true}]}}