{"id":5016,"date":"2025-10-30T10:15:04","date_gmt":"2025-10-30T10:15:04","guid":{"rendered":"https:\/\/www.diario21.tv\/noticias\/impactante-joven-en-valencia-perfora-pulmon-a-otro-con-destornillador-por-no-darle-un-cigarro\/"},"modified":"2025-10-30T10:15:06","modified_gmt":"2025-10-30T10:15:06","slug":"impactante-joven-en-valencia-perfora-pulmon-a-otro-con-destornillador-por-no-darle-un-cigarro","status":"publish","type":"post","link":"https:\/\/www.diario21.tv\/noticias\/impactante-joven-en-valencia-perfora-pulmon-a-otro-con-destornillador-por-no-darle-un-cigarro\/","title":{"rendered":"\u00a1Impactante! Joven en Valencia perfora pulm\u00f3n a otro con destornillador por no darle un cigarro"},"content":{"rendered":"<h2>Incidente Violento en Valencia por un Cigarrillo<\/h2>\n<p>En un sorprendente acto de violencia en Valencia, un joven sufri\u00f3 una grave lesi\u00f3n despu\u00e9s de que otro individuo le clavara un destornillador en la espalda, da\u00f1ando uno de sus pulmones. Este brutal ataque ocurri\u00f3 a ra\u00edz de que la v\u00edctima se negara a darle un cigarrillo al agresor.<\/p>\n<h3>Detalles del Ataque<\/h3>\n<p>El suceso tuvo lugar en la ciudad de Valencia, cuando un joven, cuya identidad no ha sido divulgada, fue abordado por otro hombre que le solicit\u00f3 un cigarrillo. Al no recibir lo que ped\u00eda, el agresor reaccion\u00f3 de manera extremadamente violenta. De acuerdo con los informes policiales, utiliz\u00f3 un destornillador como arma y lo incrust\u00f3 en la espalda del joven, provoc\u00e1ndole una perforaci\u00f3n en el pulm\u00f3n.<\/p>\n<p>La v\u00edctima fue r\u00e1pidamente trasladada a un hospital cercano, donde los m\u00e9dicos confirmaron la gravedad de la herida. El equipo m\u00e9dico actu\u00f3 con celeridad para tratar la perforaci\u00f3n pulmonar, una condici\u00f3n que podr\u00eda haber puesto en riesgo la vida del joven si no se hubiera atendido a tiempo.<\/p>\n<h3>Reacci\u00f3n Policial y B\u00fasqueda del Agresor<\/h3>\n<p>Tras el ataque, las autoridades iniciaron una inmediata b\u00fasqueda del responsable. Gracias a la descripci\u00f3n proporcionada por testigos y c\u00e1maras de seguridad en la zona, la polic\u00eda pudo identificar y detener al sospechoso pocas horas despu\u00e9s del incidente. El agresor ahora enfrenta cargos por intento de homicidio, y se encuentra en espera de juicio.<\/p>\n<h3>Impacto en la Comunidad<\/h3>\n<p>Este incidente ha causado alarma y preocupaci\u00f3n entre los residentes de Valencia, quienes est\u00e1n consternados por el nivel de violencia desencadenado por un motivo aparentemente trivial. Autoridades locales y l\u00edderes comunitarios han hecho un llamado a la calma y est\u00e1n discutiendo medidas para aumentar la seguridad en la ciudad, con el fin de evitar que sucesos similares se repitan en el futuro.<\/p>\n<p>La comunidad tambi\u00e9n ha mostrado apoyo hacia la familia del joven herido, ofreciendo mensajes de solidaridad y deseos de una pronta recuperaci\u00f3n. Este evento subraya la importancia de abordar la violencia urbana y de implementar estrategias efectivas para la prevenci\u00f3n de cr\u00edmenes impulsados por impulsos moment\u00e1neos y agresiones inesperadas.<\/p>\n\n\n<div class=\"kk-star-ratings kksr-auto kksr-align-left kksr-valign-bottom\"\n    data-payload='{&quot;align&quot;:&quot;left&quot;,&quot;id&quot;:&quot;5016&quot;,&quot;slug&quot;:&quot;default&quot;,&quot;valign&quot;:&quot;bottom&quot;,&quot;ignore&quot;:&quot;&quot;,&quot;reference&quot;:&quot;auto&quot;,&quot;class&quot;:&quot;&quot;,&quot;count&quot;:&quot;0&quot;,&quot;legendonly&quot;:&quot;&quot;,&quot;readonly&quot;:&quot;&quot;,&quot;score&quot;:&quot;0&quot;,&quot;starsonly&quot;:&quot;&quot;,&quot;best&quot;:&quot;5&quot;,&quot;gap&quot;:&quot;5&quot;,&quot;greet&quot;:&quot;Valora este post&quot;,&quot;legend&quot;:&quot;0\\\/5 - (0 votes)&quot;,&quot;size&quot;:&quot;22&quot;,&quot;title&quot;:&quot;\u00a1Impactante! Joven en Valencia perfora pulm\u00f3n a otro con destornillador por no darle un cigarro&quot;,&quot;width&quot;:&quot;0&quot;,&quot;_legend&quot;:&quot;{score}\\\/{best} - ({count} {votes})&quot;,&quot;font_factor&quot;:&quot;1.25&quot;}'>\n            \n<div class=\"kksr-stars\">\n    \n<div class=\"kksr-stars-inactive\">\n            <div class=\"kksr-star\" data-star=\"1\" style=\"padding-right: 5px\">\n            \n\n<div class=\"kksr-icon\" style=\"width: 22px; height: 22px;\"><\/div>\n        <\/div>\n            <div class=\"kksr-star\" data-star=\"2\" style=\"padding-right: 5px\">\n            \n\n<div class=\"kksr-icon\" style=\"width: 22px; height: 22px;\"><\/div>\n        <\/div>\n            <div class=\"kksr-star\" data-star=\"3\" style=\"padding-right: 5px\">\n            \n\n<div class=\"kksr-icon\" style=\"width: 22px; height: 22px;\"><\/div>\n        <\/div>\n            <div class=\"kksr-star\" data-star=\"4\" style=\"padding-right: 5px\">\n            \n\n<div class=\"kksr-icon\" style=\"width: 22px; height: 22px;\"><\/div>\n        <\/div>\n            <div class=\"kksr-star\" data-star=\"5\" style=\"padding-right: 5px\">\n            \n\n<div class=\"kksr-icon\" style=\"width: 22px; height: 22px;\"><\/div>\n        <\/div>\n    <\/div>\n    \n<div class=\"kksr-stars-active\" style=\"width: 0px;\">\n            <div class=\"kksr-star\" style=\"padding-right: 5px\">\n            \n\n<div class=\"kksr-icon\" style=\"width: 22px; height: 22px;\"><\/div>\n        <\/div>\n            <div class=\"kksr-star\" style=\"padding-right: 5px\">\n            \n\n<div class=\"kksr-icon\" style=\"width: 22px; height: 22px;\"><\/div>\n        <\/div>\n            <div class=\"kksr-star\" style=\"padding-right: 5px\">\n            \n\n<div class=\"kksr-icon\" style=\"width: 22px; height: 22px;\"><\/div>\n        <\/div>\n            <div class=\"kksr-star\" style=\"padding-right: 5px\">\n            \n\n<div class=\"kksr-icon\" style=\"width: 22px; height: 22px;\"><\/div>\n        <\/div>\n            <div class=\"kksr-star\" style=\"padding-right: 5px\">\n            \n\n<div class=\"kksr-icon\" style=\"width: 22px; height: 22px;\"><\/div>\n        <\/div>\n    <\/div>\n<\/div>\n                \n\n<div class=\"kksr-legend\" style=\"font-size: 17.6px;\">\n            <span class=\"kksr-muted\">Valora este post<\/span>\n    <\/div>\n    <\/div>\n","protected":false},"excerpt":{"rendered":"<p>Incidente Violento en Valencia por un Cigarrillo En un sorprendente acto de violencia en Valencia, un joven sufri\u00f3 una grave lesi\u00f3n despu\u00e9s de que otro individuo &#8230; <a title=\"\u00a1Impactante! Joven en Valencia perfora pulm\u00f3n a otro con destornillador por no darle un cigarro\" class=\"read-more\" href=\"https:\/\/www.diario21.tv\/noticias\/impactante-joven-en-valencia-perfora-pulmon-a-otro-con-destornillador-por-no-darle-un-cigarro\/\" aria-label=\"Leer m\u00e1s sobre \u00a1Impactante! Joven en Valencia perfora pulm\u00f3n a otro con destornillador por no darle un cigarro\">Seguir leyendo &rarr;<\/a><\/p>\n","protected":false},"author":20,"featured_media":5017,"comment_status":"open","ping_status":"open","sticky":false,"template":"","format":"standard","meta":{"footnotes":""},"categories":[13],"tags":[],"class_list":["post-5016","post","type-post","status-publish","format-standard","has-post-thumbnail","hentry","category-portada"],"yoast_head":"<!-- This site is optimized with the Yoast SEO plugin v25.6 - https:\/\/yoast.com\/wordpress\/plugins\/seo\/ -->\n<title>\u00a1Impactante! Joven en Valencia perfora pulm\u00f3n a otro con destornillador por no darle un cigarro - Diario 21<\/title>\n<meta name=\"robots\" content=\"index, follow, max-snippet:-1, max-image-preview:large, max-video-preview:-1\" \/>\n<link rel=\"canonical\" href=\"https:\/\/www.diario21.tv\/noticias\/impactante-joven-en-valencia-perfora-pulmon-a-otro-con-destornillador-por-no-darle-un-cigarro\/\" \/>\n<meta property=\"og:locale\" content=\"es_ES\" \/>\n<meta property=\"og:type\" content=\"article\" \/>\n<meta property=\"og:title\" content=\"\u00a1Impactante! Joven en Valencia perfora pulm\u00f3n a otro con destornillador por no darle un cigarro - Diario 21\" \/>\n<meta property=\"og:description\" content=\"Incidente Violento en Valencia por un Cigarrillo En un sorprendente acto de violencia en Valencia, un joven sufri\u00f3 una grave lesi\u00f3n despu\u00e9s de que otro individuo ... Seguir leyendo &rarr;\" \/>\n<meta property=\"og:url\" content=\"https:\/\/www.diario21.tv\/noticias\/impactante-joven-en-valencia-perfora-pulmon-a-otro-con-destornillador-por-no-darle-un-cigarro\/\" \/>\n<meta property=\"og:site_name\" content=\"Diario 21\" \/>\n<meta property=\"article:published_time\" content=\"2025-10-30T10:15:04+00:00\" \/>\n<meta property=\"article:modified_time\" content=\"2025-10-30T10:15:06+00:00\" \/>\n<meta property=\"og:image\" content=\"https:\/\/www.diario21.tv\/noticias\/wp-content\/uploads\/2025\/10\/\u00a1Impactante-Joven-en-Valencia-perfora-pulmon-a-otro-con-destornillador.jpg\" \/>\n\t<meta property=\"og:image:width\" content=\"1200\" \/>\n\t<meta property=\"og:image:height\" content=\"840\" \/>\n\t<meta property=\"og:image:type\" content=\"image\/jpeg\" \/>\n<meta name=\"author\" content=\"Juan P\u00e9rez\" \/>\n<meta name=\"twitter:card\" content=\"summary_large_image\" \/>\n<meta name=\"twitter:label1\" content=\"Escrito por\" \/>\n\t<meta name=\"twitter:data1\" content=\"Juan P\u00e9rez\" \/>\n\t<meta name=\"twitter:label2\" content=\"Tiempo de lectura\" \/>\n\t<meta name=\"twitter:data2\" content=\"2 minutos\" \/>\n<script type=\"application\/ld+json\" class=\"yoast-schema-graph\">{\"@context\":\"https:\/\/schema.org\",\"@graph\":[{\"@type\":\"WebPage\",\"@id\":\"https:\/\/www.diario21.tv\/noticias\/impactante-joven-en-valencia-perfora-pulmon-a-otro-con-destornillador-por-no-darle-un-cigarro\/\",\"url\":\"https:\/\/www.diario21.tv\/noticias\/impactante-joven-en-valencia-perfora-pulmon-a-otro-con-destornillador-por-no-darle-un-cigarro\/\",\"name\":\"\u00a1Impactante! Joven en Valencia perfora pulm\u00f3n a otro con destornillador por no darle un cigarro - Diario 21\",\"isPartOf\":{\"@id\":\"https:\/\/www.diario21.tv\/noticias\/#website\"},\"primaryImageOfPage\":{\"@id\":\"https:\/\/www.diario21.tv\/noticias\/impactante-joven-en-valencia-perfora-pulmon-a-otro-con-destornillador-por-no-darle-un-cigarro\/#primaryimage\"},\"image\":{\"@id\":\"https:\/\/www.diario21.tv\/noticias\/impactante-joven-en-valencia-perfora-pulmon-a-otro-con-destornillador-por-no-darle-un-cigarro\/#primaryimage\"},\"thumbnailUrl\":\"https:\/\/www.diario21.tv\/noticias\/wp-content\/uploads\/2025\/10\/\u00a1Impactante-Joven-en-Valencia-perfora-pulmon-a-otro-con-destornillador.jpg\",\"datePublished\":\"2025-10-30T10:15:04+00:00\",\"dateModified\":\"2025-10-30T10:15:06+00:00\",\"author\":{\"@id\":\"https:\/\/www.diario21.tv\/noticias\/#\/schema\/person\/dfb778f73814d8f09f302618446a526b\"},\"breadcrumb\":{\"@id\":\"https:\/\/www.diario21.tv\/noticias\/impactante-joven-en-valencia-perfora-pulmon-a-otro-con-destornillador-por-no-darle-un-cigarro\/#breadcrumb\"},\"inLanguage\":\"es-AR\",\"potentialAction\":[{\"@type\":\"ReadAction\",\"target\":[\"https:\/\/www.diario21.tv\/noticias\/impactante-joven-en-valencia-perfora-pulmon-a-otro-con-destornillador-por-no-darle-un-cigarro\/\"]}]},{\"@type\":\"ImageObject\",\"inLanguage\":\"es-AR\",\"@id\":\"https:\/\/www.diario21.tv\/noticias\/impactante-joven-en-valencia-perfora-pulmon-a-otro-con-destornillador-por-no-darle-un-cigarro\/#primaryimage\",\"url\":\"https:\/\/www.diario21.tv\/noticias\/wp-content\/uploads\/2025\/10\/\u00a1Impactante-Joven-en-Valencia-perfora-pulmon-a-otro-con-destornillador.jpg\",\"contentUrl\":\"https:\/\/www.diario21.tv\/noticias\/wp-content\/uploads\/2025\/10\/\u00a1Impactante-Joven-en-Valencia-perfora-pulmon-a-otro-con-destornillador.jpg\",\"width\":1200,\"height\":840,\"caption\":\"Clava un destornillador por la espalda a un joven en Valencia y le perfora un pulm\u00f3n porque no le dio un cigarro\"},{\"@type\":\"BreadcrumbList\",\"@id\":\"https:\/\/www.diario21.tv\/noticias\/impactante-joven-en-valencia-perfora-pulmon-a-otro-con-destornillador-por-no-darle-un-cigarro\/#breadcrumb\",\"itemListElement\":[{\"@type\":\"ListItem\",\"position\":1,\"name\":\"Accueil\",\"item\":\"https:\/\/www.diario21.tv\/noticias\/\"},{\"@type\":\"ListItem\",\"position\":2,\"name\":\"\u00a1Impactante! Joven en Valencia perfora pulm\u00f3n a otro con destornillador por no darle un cigarro\"}]},{\"@type\":\"WebSite\",\"@id\":\"https:\/\/www.diario21.tv\/noticias\/#website\",\"url\":\"https:\/\/www.diario21.tv\/noticias\/\",\"name\":\"Diario 21\",\"description\":\"\",\"potentialAction\":[{\"@type\":\"SearchAction\",\"target\":{\"@type\":\"EntryPoint\",\"urlTemplate\":\"https:\/\/www.diario21.tv\/noticias\/?s={search_term_string}\"},\"query-input\":{\"@type\":\"PropertyValueSpecification\",\"valueRequired\":true,\"valueName\":\"search_term_string\"}}],\"inLanguage\":\"es-AR\"},{\"@type\":\"Person\",\"@id\":\"https:\/\/www.diario21.tv\/noticias\/#\/schema\/person\/dfb778f73814d8f09f302618446a526b\",\"name\":\"Juan P\u00e9rez\",\"image\":{\"@type\":\"ImageObject\",\"inLanguage\":\"es-AR\",\"@id\":\"https:\/\/www.diario21.tv\/noticias\/#\/schema\/person\/image\/\",\"url\":\"https:\/\/secure.gravatar.com\/avatar\/c478a405bd10621167f4c3167cc770f5?s=96&d=mm&r=g\",\"contentUrl\":\"https:\/\/secure.gravatar.com\/avatar\/c478a405bd10621167f4c3167cc770f5?s=96&d=mm&r=g\",\"caption\":\"Juan P\u00e9rez\"},\"description\":\"Juan P\u00e9rez es el redactor en jefe de Diario 21. Con m\u00e1s de 10 a\u00f1os de experiencia en el periodismo, se especializa en pol\u00edtica nacional y an\u00e1lisis socioecon\u00f3mico. Su enfoque cr\u00edtico y riguroso aporta una perspectiva \u00fanica a cada art\u00edculo.\",\"sameAs\":[\"https:\/\/www.diario21.tv\/noticias\/\"],\"url\":\"https:\/\/www.diario21.tv\/noticias\/author\/juan-perez\/\"}]}<\/script>\n<!-- \/ Yoast SEO plugin. -->","yoast_head_json":{"title":"\u00a1Impactante! Joven en Valencia perfora pulm\u00f3n a otro con destornillador por no darle un cigarro - Diario 21","robots":{"index":"index","follow":"follow","max-snippet":"max-snippet:-1","max-image-preview":"max-image-preview:large","max-video-preview":"max-video-preview:-1"},"canonical":"https:\/\/www.diario21.tv\/noticias\/impactante-joven-en-valencia-perfora-pulmon-a-otro-con-destornillador-por-no-darle-un-cigarro\/","og_locale":"es_ES","og_type":"article","og_title":"\u00a1Impactante! Joven en Valencia perfora pulm\u00f3n a otro con destornillador por no darle un cigarro - Diario 21","og_description":"Incidente Violento en Valencia por un Cigarrillo En un sorprendente acto de violencia en Valencia, un joven sufri\u00f3 una grave lesi\u00f3n despu\u00e9s de que otro individuo ... Seguir leyendo &rarr;","og_url":"https:\/\/www.diario21.tv\/noticias\/impactante-joven-en-valencia-perfora-pulmon-a-otro-con-destornillador-por-no-darle-un-cigarro\/","og_site_name":"Diario 21","article_published_time":"2025-10-30T10:15:04+00:00","article_modified_time":"2025-10-30T10:15:06+00:00","og_image":[{"width":1200,"height":840,"url":"https:\/\/www.diario21.tv\/noticias\/wp-content\/uploads\/2025\/10\/\u00a1Impactante-Joven-en-Valencia-perfora-pulmon-a-otro-con-destornillador.jpg","type":"image\/jpeg"}],"author":"Juan P\u00e9rez","twitter_card":"summary_large_image","twitter_misc":{"Escrito por":"Juan P\u00e9rez","Tiempo de lectura":"2 minutos"},"schema":{"@context":"https:\/\/schema.org","@graph":[{"@type":"WebPage","@id":"https:\/\/www.diario21.tv\/noticias\/impactante-joven-en-valencia-perfora-pulmon-a-otro-con-destornillador-por-no-darle-un-cigarro\/","url":"https:\/\/www.diario21.tv\/noticias\/impactante-joven-en-valencia-perfora-pulmon-a-otro-con-destornillador-por-no-darle-un-cigarro\/","name":"\u00a1Impactante! Joven en Valencia perfora pulm\u00f3n a otro con destornillador por no darle un cigarro - Diario 21","isPartOf":{"@id":"https:\/\/www.diario21.tv\/noticias\/#website"},"primaryImageOfPage":{"@id":"https:\/\/www.diario21.tv\/noticias\/impactante-joven-en-valencia-perfora-pulmon-a-otro-con-destornillador-por-no-darle-un-cigarro\/#primaryimage"},"image":{"@id":"https:\/\/www.diario21.tv\/noticias\/impactante-joven-en-valencia-perfora-pulmon-a-otro-con-destornillador-por-no-darle-un-cigarro\/#primaryimage"},"thumbnailUrl":"https:\/\/www.diario21.tv\/noticias\/wp-content\/uploads\/2025\/10\/\u00a1Impactante-Joven-en-Valencia-perfora-pulmon-a-otro-con-destornillador.jpg","datePublished":"2025-10-30T10:15:04+00:00","dateModified":"2025-10-30T10:15:06+00:00","author":{"@id":"https:\/\/www.diario21.tv\/noticias\/#\/schema\/person\/dfb778f73814d8f09f302618446a526b"},"breadcrumb":{"@id":"https:\/\/www.diario21.tv\/noticias\/impactante-joven-en-valencia-perfora-pulmon-a-otro-con-destornillador-por-no-darle-un-cigarro\/#breadcrumb"},"inLanguage":"es-AR","potentialAction":[{"@type":"ReadAction","target":["https:\/\/www.diario21.tv\/noticias\/impactante-joven-en-valencia-perfora-pulmon-a-otro-con-destornillador-por-no-darle-un-cigarro\/"]}]},{"@type":"ImageObject","inLanguage":"es-AR","@id":"https:\/\/www.diario21.tv\/noticias\/impactante-joven-en-valencia-perfora-pulmon-a-otro-con-destornillador-por-no-darle-un-cigarro\/#primaryimage","url":"https:\/\/www.diario21.tv\/noticias\/wp-content\/uploads\/2025\/10\/\u00a1Impactante-Joven-en-Valencia-perfora-pulmon-a-otro-con-destornillador.jpg","contentUrl":"https:\/\/www.diario21.tv\/noticias\/wp-content\/uploads\/2025\/10\/\u00a1Impactante-Joven-en-Valencia-perfora-pulmon-a-otro-con-destornillador.jpg","width":1200,"height":840,"caption":"Clava un destornillador por la espalda a un joven en Valencia y le perfora un pulm\u00f3n porque no le dio un cigarro"},{"@type":"BreadcrumbList","@id":"https:\/\/www.diario21.tv\/noticias\/impactante-joven-en-valencia-perfora-pulmon-a-otro-con-destornillador-por-no-darle-un-cigarro\/#breadcrumb","itemListElement":[{"@type":"ListItem","position":1,"name":"Accueil","item":"https:\/\/www.diario21.tv\/noticias\/"},{"@type":"ListItem","position":2,"name":"\u00a1Impactante! Joven en Valencia perfora pulm\u00f3n a otro con destornillador por no darle un cigarro"}]},{"@type":"WebSite","@id":"https:\/\/www.diario21.tv\/noticias\/#website","url":"https:\/\/www.diario21.tv\/noticias\/","name":"Diario 21","description":"","potentialAction":[{"@type":"SearchAction","target":{"@type":"EntryPoint","urlTemplate":"https:\/\/www.diario21.tv\/noticias\/?s={search_term_string}"},"query-input":{"@type":"PropertyValueSpecification","valueRequired":true,"valueName":"search_term_string"}}],"inLanguage":"es-AR"},{"@type":"Person","@id":"https:\/\/www.diario21.tv\/noticias\/#\/schema\/person\/dfb778f73814d8f09f302618446a526b","name":"Juan P\u00e9rez","image":{"@type":"ImageObject","inLanguage":"es-AR","@id":"https:\/\/www.diario21.tv\/noticias\/#\/schema\/person\/image\/","url":"https:\/\/secure.gravatar.com\/avatar\/c478a405bd10621167f4c3167cc770f5?s=96&d=mm&r=g","contentUrl":"https:\/\/secure.gravatar.com\/avatar\/c478a405bd10621167f4c3167cc770f5?s=96&d=mm&r=g","caption":"Juan P\u00e9rez"},"description":"Juan P\u00e9rez es el redactor en jefe de Diario 21. Con m\u00e1s de 10 a\u00f1os de experiencia en el periodismo, se especializa en pol\u00edtica nacional y an\u00e1lisis socioecon\u00f3mico. Su enfoque cr\u00edtico y riguroso aporta una perspectiva \u00fanica a cada art\u00edculo.","sameAs":["https:\/\/www.diario21.tv\/noticias\/"],"url":"https:\/\/www.diario21.tv\/noticias\/author\/juan-perez\/"}]}},"_links":{"self":[{"href":"https:\/\/www.diario21.tv\/noticias\/wp-json\/wp\/v2\/posts\/5016"}],"collection":[{"href":"https:\/\/www.diario21.tv\/noticias\/wp-json\/wp\/v2\/posts"}],"about":[{"href":"https:\/\/www.diario21.tv\/noticias\/wp-json\/wp\/v2\/types\/post"}],"author":[{"embeddable":true,"href":"https:\/\/www.diario21.tv\/noticias\/wp-json\/wp\/v2\/users\/20"}],"replies":[{"embeddable":true,"href":"https:\/\/www.diario21.tv\/noticias\/wp-json\/wp\/v2\/comments?post=5016"}],"version-history":[{"count":1,"href":"https:\/\/www.diario21.tv\/noticias\/wp-json\/wp\/v2\/posts\/5016\/revisions"}],"predecessor-version":[{"id":5018,"href":"https:\/\/www.diario21.tv\/noticias\/wp-json\/wp\/v2\/posts\/5016\/revisions\/5018"}],"wp:featuredmedia":[{"embeddable":true,"href":"https:\/\/www.diario21.tv\/noticias\/wp-json\/wp\/v2\/media\/5017"}],"wp:attachment":[{"href":"https:\/\/www.diario21.tv\/noticias\/wp-json\/wp\/v2\/media?parent=5016"}],"wp:term":[{"taxonomy":"category","embeddable":true,"href":"https:\/\/www.diario21.tv\/noticias\/wp-json\/wp\/v2\/categories?post=5016"},{"taxonomy":"post_tag","embeddable":true,"href":"https:\/\/www.diario21.tv\/noticias\/wp-json\/wp\/v2\/tags?post=5016"}],"curies":[{"name":"wp","href":"https:\/\/api.w.org\/{rel}","templated":true}]}}