{"id":4983,"date":"2025-10-27T09:26:23","date_gmt":"2025-10-27T09:26:23","guid":{"rendered":"https:\/\/www.diario21.tv\/noticias\/sanidad-incentiva-a-padres-a-entrar-al-quirofano-con-sus-hijos-reduce-el-estres-infantil\/"},"modified":"2025-10-27T09:26:24","modified_gmt":"2025-10-27T09:26:24","slug":"sanidad-incentiva-a-padres-a-entrar-al-quirofano-con-sus-hijos-reduce-el-estres-infantil","status":"publish","type":"post","link":"https:\/\/www.diario21.tv\/noticias\/sanidad-incentiva-a-padres-a-entrar-al-quirofano-con-sus-hijos-reduce-el-estres-infantil\/","title":{"rendered":"Sanidad incentiva a padres a entrar al quir\u00f3fano con sus hijos \u00a1Reduce el estr\u00e9s infantil!"},"content":{"rendered":"<h2>La Iniciativa de Sanidad para Acompa\u00f1amiento Parental en Quir\u00f3fanos<\/h2>\n<p>El Ministerio de Sanidad ha lanzado una nueva propuesta que tiene como objetivo disminuir la ansiedad en los ni\u00f1os que deben someterse a intervenciones quir\u00fargicas. La estrategia consiste en permitir que los padres est\u00e9n presentes en el quir\u00f3fano durante la operaci\u00f3n de sus hijos. Esta medida busca proporcionar un ambiente m\u00e1s calmado y de apoyo para los menores en un momento potencialmente traum\u00e1tico.<\/p>\n<h3>Beneficios del Acompa\u00f1amiento de los Padres<\/h3>\n<p>Estudios recientes han evidenciado que la presencia de los padres puede jugar un papel crucial en la reducci\u00f3n del estr\u00e9s de los ni\u00f1os antes y despu\u00e9s de las cirug\u00edas. Los expertos en psicolog\u00eda infantil destacan que el apoyo emocional que los ni\u00f1os reciben de sus padres en estos momentos cr\u00edticos puede significar una gran diferencia en c\u00f3mo perciben y responden al entorno hospitalario y al procedimiento en s\u00ed.<\/p>\n<p>La propuesta no solo apunta a beneficiar emocionalmente al ni\u00f1o, sino que tambi\u00e9n tiene el potencial de mejorar los resultados cl\u00ednicos. Ni\u00f1os menos estresados pueden cooperar m\u00e1s durante la preparaci\u00f3n para la cirug\u00eda y la recuperaci\u00f3n puede ser m\u00e1s r\u00e1pida y con menos complicaciones.<\/p>\n<h3>Implementaci\u00f3n de la Pol\u00edtica<\/h3>\n<p>Para implementar esta pol\u00edtica, el Ministerio de Sanidad est\u00e1 trabajando en conjunto con hospitales y cl\u00ednicas para asegurar que las instalaciones est\u00e1n preparadas para recibir a los padres en los quir\u00f3fanos. Esto incluye la capacitaci\u00f3n del personal m\u00e9dico y de enfermer\u00eda sobre c\u00f3mo gestionar la presencia de un adulto adicional durante los procedimientos quir\u00fargicos, asegurando que la seguridad y la esterilidad no se vean comprometidas.<\/p>\n<p>Adem\u00e1s, se est\u00e1n desarrollando protocolos espec\u00edficos para orientar a los padres sobre c\u00f3mo deben comportarse en el quir\u00f3fano y qu\u00e9 pueden esperar durante la operaci\u00f3n. Es fundamental que los padres est\u00e9n tranquilos y no interfieran con el equipo m\u00e9dico, contribuyendo as\u00ed a un entorno controlado y seguro.<\/p>\n<h3>Reacciones y Expectativas<\/h3>\n<p>La respuesta inicial a esta iniciativa ha sido mayoritariamente positiva. Muchos padres y cuidadores han expresado su agradecimiento por la oportunidad de estar cerca de sus hijos en momentos tan vulnerables. Por otro lado, algunos profesionales de la salud han mostrado preocupaciones sobre posibles interrupciones o el impacto emocional en los padres al presenciar una cirug\u00eda. Sin embargo, se reconoce que con la adecuada preparaci\u00f3n y gu\u00eda, estos riesgos pueden ser gestionados eficazmente.<\/p>\n<p>El Ministerio de Sanidad espera que esta nueva pol\u00edtica no solo mejore la experiencia de los ni\u00f1os y sus familares durante las intervenciones quir\u00fargicas, sino que tambi\u00e9n establezca un nuevo est\u00e1ndar en el cuidado pedi\u00e1trico y en la colaboraci\u00f3n entre el personal m\u00e9dico y las familias. La implementaci\u00f3n de esta medida se observar\u00e1 y evaluar\u00e1 cuidadosamente para asegurar que cumple con los objetivos de proporcionar un cuidado m\u00e1s humanizado y efectivo.<\/p>\n\n\n<div class=\"kk-star-ratings kksr-auto kksr-align-left kksr-valign-bottom\"\n    data-payload='{&quot;align&quot;:&quot;left&quot;,&quot;id&quot;:&quot;4983&quot;,&quot;slug&quot;:&quot;default&quot;,&quot;valign&quot;:&quot;bottom&quot;,&quot;ignore&quot;:&quot;&quot;,&quot;reference&quot;:&quot;auto&quot;,&quot;class&quot;:&quot;&quot;,&quot;count&quot;:&quot;0&quot;,&quot;legendonly&quot;:&quot;&quot;,&quot;readonly&quot;:&quot;&quot;,&quot;score&quot;:&quot;0&quot;,&quot;starsonly&quot;:&quot;&quot;,&quot;best&quot;:&quot;5&quot;,&quot;gap&quot;:&quot;5&quot;,&quot;greet&quot;:&quot;Valora este post&quot;,&quot;legend&quot;:&quot;0\\\/5 - (0 votes)&quot;,&quot;size&quot;:&quot;22&quot;,&quot;title&quot;:&quot;Sanidad incentiva a padres a entrar al quir\u00f3fano con sus hijos \u00a1Reduce el estr\u00e9s infantil!&quot;,&quot;width&quot;:&quot;0&quot;,&quot;_legend&quot;:&quot;{score}\\\/{best} - ({count} {votes})&quot;,&quot;font_factor&quot;:&quot;1.25&quot;}'>\n            \n<div class=\"kksr-stars\">\n    \n<div class=\"kksr-stars-inactive\">\n            <div class=\"kksr-star\" data-star=\"1\" style=\"padding-right: 5px\">\n            \n\n<div class=\"kksr-icon\" style=\"width: 22px; height: 22px;\"><\/div>\n        <\/div>\n            <div class=\"kksr-star\" data-star=\"2\" style=\"padding-right: 5px\">\n            \n\n<div class=\"kksr-icon\" style=\"width: 22px; height: 22px;\"><\/div>\n        <\/div>\n            <div class=\"kksr-star\" data-star=\"3\" style=\"padding-right: 5px\">\n            \n\n<div class=\"kksr-icon\" style=\"width: 22px; height: 22px;\"><\/div>\n        <\/div>\n            <div class=\"kksr-star\" data-star=\"4\" style=\"padding-right: 5px\">\n            \n\n<div class=\"kksr-icon\" style=\"width: 22px; height: 22px;\"><\/div>\n        <\/div>\n            <div class=\"kksr-star\" data-star=\"5\" style=\"padding-right: 5px\">\n            \n\n<div class=\"kksr-icon\" style=\"width: 22px; height: 22px;\"><\/div>\n        <\/div>\n    <\/div>\n    \n<div class=\"kksr-stars-active\" style=\"width: 0px;\">\n            <div class=\"kksr-star\" style=\"padding-right: 5px\">\n            \n\n<div class=\"kksr-icon\" style=\"width: 22px; height: 22px;\"><\/div>\n        <\/div>\n            <div class=\"kksr-star\" style=\"padding-right: 5px\">\n            \n\n<div class=\"kksr-icon\" style=\"width: 22px; height: 22px;\"><\/div>\n        <\/div>\n            <div class=\"kksr-star\" style=\"padding-right: 5px\">\n            \n\n<div class=\"kksr-icon\" style=\"width: 22px; height: 22px;\"><\/div>\n        <\/div>\n            <div class=\"kksr-star\" style=\"padding-right: 5px\">\n            \n\n<div class=\"kksr-icon\" style=\"width: 22px; height: 22px;\"><\/div>\n        <\/div>\n            <div class=\"kksr-star\" style=\"padding-right: 5px\">\n            \n\n<div class=\"kksr-icon\" style=\"width: 22px; height: 22px;\"><\/div>\n        <\/div>\n    <\/div>\n<\/div>\n                \n\n<div class=\"kksr-legend\" style=\"font-size: 17.6px;\">\n            <span class=\"kksr-muted\">Valora este post<\/span>\n    <\/div>\n    <\/div>\n","protected":false},"excerpt":{"rendered":"<p>La Iniciativa de Sanidad para Acompa\u00f1amiento Parental en Quir\u00f3fanos El Ministerio de Sanidad ha lanzado una nueva propuesta que tiene como objetivo disminuir la ansiedad en &#8230; <a title=\"Sanidad incentiva a padres a entrar al quir\u00f3fano con sus hijos \u00a1Reduce el estr\u00e9s infantil!\" class=\"read-more\" href=\"https:\/\/www.diario21.tv\/noticias\/sanidad-incentiva-a-padres-a-entrar-al-quirofano-con-sus-hijos-reduce-el-estres-infantil\/\" aria-label=\"Leer m\u00e1s sobre Sanidad incentiva a padres a entrar al quir\u00f3fano con sus hijos \u00a1Reduce el estr\u00e9s infantil!\">Seguir leyendo &rarr;<\/a><\/p>\n","protected":false},"author":20,"featured_media":4984,"comment_status":"open","ping_status":"open","sticky":false,"template":"","format":"standard","meta":{"footnotes":""},"categories":[13],"tags":[],"class_list":["post-4983","post","type-post","status-publish","format-standard","has-post-thumbnail","hentry","category-portada"],"yoast_head":"<!-- This site is optimized with the Yoast SEO plugin v25.6 - https:\/\/yoast.com\/wordpress\/plugins\/seo\/ -->\n<title>Sanidad incentiva a padres a entrar al quir\u00f3fano con sus hijos \u00a1Reduce el estr\u00e9s infantil! - Diario 21<\/title>\n<meta name=\"robots\" content=\"index, follow, max-snippet:-1, max-image-preview:large, max-video-preview:-1\" \/>\n<link rel=\"canonical\" href=\"https:\/\/www.diario21.tv\/noticias\/sanidad-incentiva-a-padres-a-entrar-al-quirofano-con-sus-hijos-reduce-el-estres-infantil\/\" \/>\n<meta property=\"og:locale\" content=\"es_ES\" \/>\n<meta property=\"og:type\" content=\"article\" \/>\n<meta property=\"og:title\" content=\"Sanidad incentiva a padres a entrar al quir\u00f3fano con sus hijos \u00a1Reduce el estr\u00e9s infantil! - Diario 21\" \/>\n<meta property=\"og:description\" content=\"La Iniciativa de Sanidad para Acompa\u00f1amiento Parental en Quir\u00f3fanos El Ministerio de Sanidad ha lanzado una nueva propuesta que tiene como objetivo disminuir la ansiedad en ... Seguir leyendo &rarr;\" \/>\n<meta property=\"og:url\" content=\"https:\/\/www.diario21.tv\/noticias\/sanidad-incentiva-a-padres-a-entrar-al-quirofano-con-sus-hijos-reduce-el-estres-infantil\/\" \/>\n<meta property=\"og:site_name\" content=\"Diario 21\" \/>\n<meta property=\"article:published_time\" content=\"2025-10-27T09:26:23+00:00\" \/>\n<meta property=\"article:modified_time\" content=\"2025-10-27T09:26:24+00:00\" \/>\n<meta property=\"og:image\" content=\"https:\/\/www.diario21.tv\/noticias\/wp-content\/uploads\/2025\/10\/Sanidad-incentiva-a-padres-a-entrar-al-quirofano-con-sus.JPG\" \/>\n\t<meta property=\"og:image:width\" content=\"1200\" \/>\n\t<meta property=\"og:image:height\" content=\"840\" \/>\n\t<meta property=\"og:image:type\" content=\"image\/jpeg\" \/>\n<meta name=\"author\" content=\"Juan P\u00e9rez\" \/>\n<meta name=\"twitter:card\" content=\"summary_large_image\" \/>\n<meta name=\"twitter:label1\" content=\"Escrito por\" \/>\n\t<meta name=\"twitter:data1\" content=\"Juan P\u00e9rez\" \/>\n\t<meta name=\"twitter:label2\" content=\"Tiempo de lectura\" \/>\n\t<meta name=\"twitter:data2\" content=\"3 minutos\" \/>\n<script type=\"application\/ld+json\" class=\"yoast-schema-graph\">{\"@context\":\"https:\/\/schema.org\",\"@graph\":[{\"@type\":\"WebPage\",\"@id\":\"https:\/\/www.diario21.tv\/noticias\/sanidad-incentiva-a-padres-a-entrar-al-quirofano-con-sus-hijos-reduce-el-estres-infantil\/\",\"url\":\"https:\/\/www.diario21.tv\/noticias\/sanidad-incentiva-a-padres-a-entrar-al-quirofano-con-sus-hijos-reduce-el-estres-infantil\/\",\"name\":\"Sanidad incentiva a padres a entrar al quir\u00f3fano con sus hijos \u00a1Reduce el estr\u00e9s infantil! - Diario 21\",\"isPartOf\":{\"@id\":\"https:\/\/www.diario21.tv\/noticias\/#website\"},\"primaryImageOfPage\":{\"@id\":\"https:\/\/www.diario21.tv\/noticias\/sanidad-incentiva-a-padres-a-entrar-al-quirofano-con-sus-hijos-reduce-el-estres-infantil\/#primaryimage\"},\"image\":{\"@id\":\"https:\/\/www.diario21.tv\/noticias\/sanidad-incentiva-a-padres-a-entrar-al-quirofano-con-sus-hijos-reduce-el-estres-infantil\/#primaryimage\"},\"thumbnailUrl\":\"https:\/\/www.diario21.tv\/noticias\/wp-content\/uploads\/2025\/10\/Sanidad-incentiva-a-padres-a-entrar-al-quirofano-con-sus.JPG\",\"datePublished\":\"2025-10-27T09:26:23+00:00\",\"dateModified\":\"2025-10-27T09:26:24+00:00\",\"author\":{\"@id\":\"https:\/\/www.diario21.tv\/noticias\/#\/schema\/person\/dfb778f73814d8f09f302618446a526b\"},\"breadcrumb\":{\"@id\":\"https:\/\/www.diario21.tv\/noticias\/sanidad-incentiva-a-padres-a-entrar-al-quirofano-con-sus-hijos-reduce-el-estres-infantil\/#breadcrumb\"},\"inLanguage\":\"es-AR\",\"potentialAction\":[{\"@type\":\"ReadAction\",\"target\":[\"https:\/\/www.diario21.tv\/noticias\/sanidad-incentiva-a-padres-a-entrar-al-quirofano-con-sus-hijos-reduce-el-estres-infantil\/\"]}]},{\"@type\":\"ImageObject\",\"inLanguage\":\"es-AR\",\"@id\":\"https:\/\/www.diario21.tv\/noticias\/sanidad-incentiva-a-padres-a-entrar-al-quirofano-con-sus-hijos-reduce-el-estres-infantil\/#primaryimage\",\"url\":\"https:\/\/www.diario21.tv\/noticias\/wp-content\/uploads\/2025\/10\/Sanidad-incentiva-a-padres-a-entrar-al-quirofano-con-sus.JPG\",\"contentUrl\":\"https:\/\/www.diario21.tv\/noticias\/wp-content\/uploads\/2025\/10\/Sanidad-incentiva-a-padres-a-entrar-al-quirofano-con-sus.JPG\",\"width\":1200,\"height\":840,\"caption\":\"Sanidad promueve que los padres acompa\u00f1en a sus hijos al quir\u00f3fano para reducir el estr\u00e9s de los ni\u00f1os\"},{\"@type\":\"BreadcrumbList\",\"@id\":\"https:\/\/www.diario21.tv\/noticias\/sanidad-incentiva-a-padres-a-entrar-al-quirofano-con-sus-hijos-reduce-el-estres-infantil\/#breadcrumb\",\"itemListElement\":[{\"@type\":\"ListItem\",\"position\":1,\"name\":\"Accueil\",\"item\":\"https:\/\/www.diario21.tv\/noticias\/\"},{\"@type\":\"ListItem\",\"position\":2,\"name\":\"Sanidad incentiva a padres a entrar al quir\u00f3fano con sus hijos \u00a1Reduce el estr\u00e9s infantil!\"}]},{\"@type\":\"WebSite\",\"@id\":\"https:\/\/www.diario21.tv\/noticias\/#website\",\"url\":\"https:\/\/www.diario21.tv\/noticias\/\",\"name\":\"Diario 21\",\"description\":\"\",\"potentialAction\":[{\"@type\":\"SearchAction\",\"target\":{\"@type\":\"EntryPoint\",\"urlTemplate\":\"https:\/\/www.diario21.tv\/noticias\/?s={search_term_string}\"},\"query-input\":{\"@type\":\"PropertyValueSpecification\",\"valueRequired\":true,\"valueName\":\"search_term_string\"}}],\"inLanguage\":\"es-AR\"},{\"@type\":\"Person\",\"@id\":\"https:\/\/www.diario21.tv\/noticias\/#\/schema\/person\/dfb778f73814d8f09f302618446a526b\",\"name\":\"Juan P\u00e9rez\",\"image\":{\"@type\":\"ImageObject\",\"inLanguage\":\"es-AR\",\"@id\":\"https:\/\/www.diario21.tv\/noticias\/#\/schema\/person\/image\/\",\"url\":\"https:\/\/secure.gravatar.com\/avatar\/c478a405bd10621167f4c3167cc770f5?s=96&d=mm&r=g\",\"contentUrl\":\"https:\/\/secure.gravatar.com\/avatar\/c478a405bd10621167f4c3167cc770f5?s=96&d=mm&r=g\",\"caption\":\"Juan P\u00e9rez\"},\"description\":\"Juan P\u00e9rez es el redactor en jefe de Diario 21. Con m\u00e1s de 10 a\u00f1os de experiencia en el periodismo, se especializa en pol\u00edtica nacional y an\u00e1lisis socioecon\u00f3mico. Su enfoque cr\u00edtico y riguroso aporta una perspectiva \u00fanica a cada art\u00edculo.\",\"sameAs\":[\"https:\/\/www.diario21.tv\/noticias\/\"],\"url\":\"https:\/\/www.diario21.tv\/noticias\/author\/juan-perez\/\"}]}<\/script>\n<!-- \/ Yoast SEO plugin. -->","yoast_head_json":{"title":"Sanidad incentiva a padres a entrar al quir\u00f3fano con sus hijos \u00a1Reduce el estr\u00e9s infantil! - Diario 21","robots":{"index":"index","follow":"follow","max-snippet":"max-snippet:-1","max-image-preview":"max-image-preview:large","max-video-preview":"max-video-preview:-1"},"canonical":"https:\/\/www.diario21.tv\/noticias\/sanidad-incentiva-a-padres-a-entrar-al-quirofano-con-sus-hijos-reduce-el-estres-infantil\/","og_locale":"es_ES","og_type":"article","og_title":"Sanidad incentiva a padres a entrar al quir\u00f3fano con sus hijos \u00a1Reduce el estr\u00e9s infantil! - Diario 21","og_description":"La Iniciativa de Sanidad para Acompa\u00f1amiento Parental en Quir\u00f3fanos El Ministerio de Sanidad ha lanzado una nueva propuesta que tiene como objetivo disminuir la ansiedad en ... Seguir leyendo &rarr;","og_url":"https:\/\/www.diario21.tv\/noticias\/sanidad-incentiva-a-padres-a-entrar-al-quirofano-con-sus-hijos-reduce-el-estres-infantil\/","og_site_name":"Diario 21","article_published_time":"2025-10-27T09:26:23+00:00","article_modified_time":"2025-10-27T09:26:24+00:00","og_image":[{"width":1200,"height":840,"url":"https:\/\/www.diario21.tv\/noticias\/wp-content\/uploads\/2025\/10\/Sanidad-incentiva-a-padres-a-entrar-al-quirofano-con-sus.JPG","type":"image\/jpeg"}],"author":"Juan P\u00e9rez","twitter_card":"summary_large_image","twitter_misc":{"Escrito por":"Juan P\u00e9rez","Tiempo de lectura":"3 minutos"},"schema":{"@context":"https:\/\/schema.org","@graph":[{"@type":"WebPage","@id":"https:\/\/www.diario21.tv\/noticias\/sanidad-incentiva-a-padres-a-entrar-al-quirofano-con-sus-hijos-reduce-el-estres-infantil\/","url":"https:\/\/www.diario21.tv\/noticias\/sanidad-incentiva-a-padres-a-entrar-al-quirofano-con-sus-hijos-reduce-el-estres-infantil\/","name":"Sanidad incentiva a padres a entrar al quir\u00f3fano con sus hijos \u00a1Reduce el estr\u00e9s infantil! - Diario 21","isPartOf":{"@id":"https:\/\/www.diario21.tv\/noticias\/#website"},"primaryImageOfPage":{"@id":"https:\/\/www.diario21.tv\/noticias\/sanidad-incentiva-a-padres-a-entrar-al-quirofano-con-sus-hijos-reduce-el-estres-infantil\/#primaryimage"},"image":{"@id":"https:\/\/www.diario21.tv\/noticias\/sanidad-incentiva-a-padres-a-entrar-al-quirofano-con-sus-hijos-reduce-el-estres-infantil\/#primaryimage"},"thumbnailUrl":"https:\/\/www.diario21.tv\/noticias\/wp-content\/uploads\/2025\/10\/Sanidad-incentiva-a-padres-a-entrar-al-quirofano-con-sus.JPG","datePublished":"2025-10-27T09:26:23+00:00","dateModified":"2025-10-27T09:26:24+00:00","author":{"@id":"https:\/\/www.diario21.tv\/noticias\/#\/schema\/person\/dfb778f73814d8f09f302618446a526b"},"breadcrumb":{"@id":"https:\/\/www.diario21.tv\/noticias\/sanidad-incentiva-a-padres-a-entrar-al-quirofano-con-sus-hijos-reduce-el-estres-infantil\/#breadcrumb"},"inLanguage":"es-AR","potentialAction":[{"@type":"ReadAction","target":["https:\/\/www.diario21.tv\/noticias\/sanidad-incentiva-a-padres-a-entrar-al-quirofano-con-sus-hijos-reduce-el-estres-infantil\/"]}]},{"@type":"ImageObject","inLanguage":"es-AR","@id":"https:\/\/www.diario21.tv\/noticias\/sanidad-incentiva-a-padres-a-entrar-al-quirofano-con-sus-hijos-reduce-el-estres-infantil\/#primaryimage","url":"https:\/\/www.diario21.tv\/noticias\/wp-content\/uploads\/2025\/10\/Sanidad-incentiva-a-padres-a-entrar-al-quirofano-con-sus.JPG","contentUrl":"https:\/\/www.diario21.tv\/noticias\/wp-content\/uploads\/2025\/10\/Sanidad-incentiva-a-padres-a-entrar-al-quirofano-con-sus.JPG","width":1200,"height":840,"caption":"Sanidad promueve que los padres acompa\u00f1en a sus hijos al quir\u00f3fano para reducir el estr\u00e9s de los ni\u00f1os"},{"@type":"BreadcrumbList","@id":"https:\/\/www.diario21.tv\/noticias\/sanidad-incentiva-a-padres-a-entrar-al-quirofano-con-sus-hijos-reduce-el-estres-infantil\/#breadcrumb","itemListElement":[{"@type":"ListItem","position":1,"name":"Accueil","item":"https:\/\/www.diario21.tv\/noticias\/"},{"@type":"ListItem","position":2,"name":"Sanidad incentiva a padres a entrar al quir\u00f3fano con sus hijos \u00a1Reduce el estr\u00e9s infantil!"}]},{"@type":"WebSite","@id":"https:\/\/www.diario21.tv\/noticias\/#website","url":"https:\/\/www.diario21.tv\/noticias\/","name":"Diario 21","description":"","potentialAction":[{"@type":"SearchAction","target":{"@type":"EntryPoint","urlTemplate":"https:\/\/www.diario21.tv\/noticias\/?s={search_term_string}"},"query-input":{"@type":"PropertyValueSpecification","valueRequired":true,"valueName":"search_term_string"}}],"inLanguage":"es-AR"},{"@type":"Person","@id":"https:\/\/www.diario21.tv\/noticias\/#\/schema\/person\/dfb778f73814d8f09f302618446a526b","name":"Juan P\u00e9rez","image":{"@type":"ImageObject","inLanguage":"es-AR","@id":"https:\/\/www.diario21.tv\/noticias\/#\/schema\/person\/image\/","url":"https:\/\/secure.gravatar.com\/avatar\/c478a405bd10621167f4c3167cc770f5?s=96&d=mm&r=g","contentUrl":"https:\/\/secure.gravatar.com\/avatar\/c478a405bd10621167f4c3167cc770f5?s=96&d=mm&r=g","caption":"Juan P\u00e9rez"},"description":"Juan P\u00e9rez es el redactor en jefe de Diario 21. Con m\u00e1s de 10 a\u00f1os de experiencia en el periodismo, se especializa en pol\u00edtica nacional y an\u00e1lisis socioecon\u00f3mico. Su enfoque cr\u00edtico y riguroso aporta una perspectiva \u00fanica a cada art\u00edculo.","sameAs":["https:\/\/www.diario21.tv\/noticias\/"],"url":"https:\/\/www.diario21.tv\/noticias\/author\/juan-perez\/"}]}},"_links":{"self":[{"href":"https:\/\/www.diario21.tv\/noticias\/wp-json\/wp\/v2\/posts\/4983"}],"collection":[{"href":"https:\/\/www.diario21.tv\/noticias\/wp-json\/wp\/v2\/posts"}],"about":[{"href":"https:\/\/www.diario21.tv\/noticias\/wp-json\/wp\/v2\/types\/post"}],"author":[{"embeddable":true,"href":"https:\/\/www.diario21.tv\/noticias\/wp-json\/wp\/v2\/users\/20"}],"replies":[{"embeddable":true,"href":"https:\/\/www.diario21.tv\/noticias\/wp-json\/wp\/v2\/comments?post=4983"}],"version-history":[{"count":1,"href":"https:\/\/www.diario21.tv\/noticias\/wp-json\/wp\/v2\/posts\/4983\/revisions"}],"predecessor-version":[{"id":4985,"href":"https:\/\/www.diario21.tv\/noticias\/wp-json\/wp\/v2\/posts\/4983\/revisions\/4985"}],"wp:featuredmedia":[{"embeddable":true,"href":"https:\/\/www.diario21.tv\/noticias\/wp-json\/wp\/v2\/media\/4984"}],"wp:attachment":[{"href":"https:\/\/www.diario21.tv\/noticias\/wp-json\/wp\/v2\/media?parent=4983"}],"wp:term":[{"taxonomy":"category","embeddable":true,"href":"https:\/\/www.diario21.tv\/noticias\/wp-json\/wp\/v2\/categories?post=4983"},{"taxonomy":"post_tag","embeddable":true,"href":"https:\/\/www.diario21.tv\/noticias\/wp-json\/wp\/v2\/tags?post=4983"}],"curies":[{"name":"wp","href":"https:\/\/api.w.org\/{rel}","templated":true}]}}