{"id":4980,"date":"2025-10-27T03:24:50","date_gmt":"2025-10-27T03:24:50","guid":{"rendered":"https:\/\/www.diario21.tv\/noticias\/escandalo-en-andalucia-investigacion-abierta-sobre-el-cribado-de-cancer-de-mama\/"},"modified":"2025-10-27T03:24:53","modified_gmt":"2025-10-27T03:24:53","slug":"escandalo-en-andalucia-investigacion-abierta-sobre-el-cribado-de-cancer-de-mama","status":"publish","type":"post","link":"https:\/\/www.diario21.tv\/noticias\/escandalo-en-andalucia-investigacion-abierta-sobre-el-cribado-de-cancer-de-mama\/","title":{"rendered":"\u00a1Esc\u00e1ndalo en Andaluc\u00eda! Investigaci\u00f3n abierta sobre el cribado de c\u00e1ncer de mama."},"content":{"rendered":"<h2>La Fiscal\u00eda Andaluza Inicia Investigaciones en el Proceso de Detecci\u00f3n del C\u00e1ncer de Mama<\/h2>\n<p>En un reciente anuncio, la Fiscal\u00eda de Andaluc\u00eda ha comunicado la apertura de diligencias para investigar las pr\u00e1cticas llevadas a cabo en el programa de detecci\u00f3n del c\u00e1ncer de mama en la regi\u00f3n. Este paso se toma para asegurar que todos los procedimientos y protocolos est\u00e1n siendo seguidos adecuadamente, y para garantizar la m\u00e1xima eficacia y seguridad en la detecci\u00f3n precoz de esta enfermedad.<\/p>\n<h3>Antecedentes de la Investigaci\u00f3n<\/h3>\n<p>El origen de estas investigaciones surge de varias denuncias recibidas por parte de pacientes y grupos de defensa de la salud, quienes expresaron preocupaciones sobre c\u00f3mo se estaban manejando los cribados y las intervenciones posteriores. En particular, se ha cuestionado si todos los grupos de edad recomendados estaban siendo adecuadamente incluidos y si los tiempos de espera para los resultados y tratamientos segu\u00edan las normativas vigentes.<\/p>\n<h3>Objetivos y Metodolog\u00eda de la Investigaci\u00f3n<\/h3>\n<p>El principal objetivo de esta investigaci\u00f3n es verificar la integridad y la correcta aplicaci\u00f3n de los protocolos en el programa de cribado del c\u00e1ncer de mama. La Fiscal\u00eda busca determinar si ha habido desviaciones de las normas establecidas y, de ser as\u00ed, identificar las causas y posibles responsables de tales irregularidades.<\/p>\n<p>Para llevar a cabo esta tarea, se revisar\u00e1n los documentos, se analizar\u00e1n los procedimientos y se entrevistar\u00e1 a personal involucrado en la implementaci\u00f3n y administraci\u00f3n del programa. Esta revisi\u00f3n comprehensiva permitir\u00e1 a las autoridades obtener una visi\u00f3n clara de la situaci\u00f3n y tomar las medidas necesarias para rectificar cualquier problema encontrado.<\/p>\n<h3>Impacto Potencial de las Diligencias<\/h3>\n<p>El impacto de estas diligencias podr\u00eda ser significativo, dependiendo de los hallazgos de la Fiscal\u00eda. Si se identifican fallos significativos en la aplicaci\u00f3n del programa, esto podr\u00eda llevar a una revisi\u00f3n completa de los procedimientos y posiblemente a sanciones para los responsables. Adem\u00e1s, el resultado de la investigaci\u00f3n podr\u00eda servir para mejorar los programas de detecci\u00f3n de c\u00e1ncer de mama en otras regiones, asegurando que todos los pacientes tengan acceso a un diagn\u00f3stico temprano y efectivo.<\/p>\n<h3>Reacciones y Expectativas<\/h3>\n<p>La noticia de la apertura de diligencias ha sido recibida con sentimientos encontrados entre la comunidad. Mientras algunos grupos y pacientes ven esto como un paso necesario para mejorar la calidad del servicio y la atenci\u00f3n, otros expresan preocupaci\u00f3n por las posibles implicaciones y la ansiedad que tales investigaciones podr\u00edan generar entre las pacientes actuales y futuras.<\/p>\n<p>En resumen, la decisi\u00f3n de la Fiscal\u00eda de Andaluc\u00eda de abrir diligencias en el proceso de detecci\u00f3n del c\u00e1ncer de mama es un desarrollo importante que busca preservar la integridad y eficacia de los servicios de salud en la regi\u00f3n. Los resultados de esta investigaci\u00f3n ser\u00e1n crucialmente importantes para garantizar que el sistema de salud cumpla con su objetivo de proteger y mejorar la salud de las mujeres andaluzas.<\/p>\n\n\n<div class=\"kk-star-ratings kksr-auto kksr-align-left kksr-valign-bottom\"\n    data-payload='{&quot;align&quot;:&quot;left&quot;,&quot;id&quot;:&quot;4980&quot;,&quot;slug&quot;:&quot;default&quot;,&quot;valign&quot;:&quot;bottom&quot;,&quot;ignore&quot;:&quot;&quot;,&quot;reference&quot;:&quot;auto&quot;,&quot;class&quot;:&quot;&quot;,&quot;count&quot;:&quot;0&quot;,&quot;legendonly&quot;:&quot;&quot;,&quot;readonly&quot;:&quot;&quot;,&quot;score&quot;:&quot;0&quot;,&quot;starsonly&quot;:&quot;&quot;,&quot;best&quot;:&quot;5&quot;,&quot;gap&quot;:&quot;5&quot;,&quot;greet&quot;:&quot;Valora este post&quot;,&quot;legend&quot;:&quot;0\\\/5 - (0 votes)&quot;,&quot;size&quot;:&quot;22&quot;,&quot;title&quot;:&quot;\u00a1Esc\u00e1ndalo en Andaluc\u00eda! Investigaci\u00f3n abierta sobre el cribado de c\u00e1ncer de mama.&quot;,&quot;width&quot;:&quot;0&quot;,&quot;_legend&quot;:&quot;{score}\\\/{best} - ({count} {votes})&quot;,&quot;font_factor&quot;:&quot;1.25&quot;}'>\n            \n<div class=\"kksr-stars\">\n    \n<div class=\"kksr-stars-inactive\">\n            <div class=\"kksr-star\" data-star=\"1\" style=\"padding-right: 5px\">\n            \n\n<div class=\"kksr-icon\" style=\"width: 22px; height: 22px;\"><\/div>\n        <\/div>\n            <div class=\"kksr-star\" data-star=\"2\" style=\"padding-right: 5px\">\n            \n\n<div class=\"kksr-icon\" style=\"width: 22px; height: 22px;\"><\/div>\n        <\/div>\n            <div class=\"kksr-star\" data-star=\"3\" style=\"padding-right: 5px\">\n            \n\n<div class=\"kksr-icon\" style=\"width: 22px; height: 22px;\"><\/div>\n        <\/div>\n            <div class=\"kksr-star\" data-star=\"4\" style=\"padding-right: 5px\">\n            \n\n<div class=\"kksr-icon\" style=\"width: 22px; height: 22px;\"><\/div>\n        <\/div>\n            <div class=\"kksr-star\" data-star=\"5\" style=\"padding-right: 5px\">\n            \n\n<div class=\"kksr-icon\" style=\"width: 22px; height: 22px;\"><\/div>\n        <\/div>\n    <\/div>\n    \n<div class=\"kksr-stars-active\" style=\"width: 0px;\">\n            <div class=\"kksr-star\" style=\"padding-right: 5px\">\n            \n\n<div class=\"kksr-icon\" style=\"width: 22px; height: 22px;\"><\/div>\n        <\/div>\n            <div class=\"kksr-star\" style=\"padding-right: 5px\">\n            \n\n<div class=\"kksr-icon\" style=\"width: 22px; height: 22px;\"><\/div>\n        <\/div>\n            <div class=\"kksr-star\" style=\"padding-right: 5px\">\n            \n\n<div class=\"kksr-icon\" style=\"width: 22px; height: 22px;\"><\/div>\n        <\/div>\n            <div class=\"kksr-star\" style=\"padding-right: 5px\">\n            \n\n<div class=\"kksr-icon\" style=\"width: 22px; height: 22px;\"><\/div>\n        <\/div>\n            <div class=\"kksr-star\" style=\"padding-right: 5px\">\n            \n\n<div class=\"kksr-icon\" style=\"width: 22px; height: 22px;\"><\/div>\n        <\/div>\n    <\/div>\n<\/div>\n                \n\n<div class=\"kksr-legend\" style=\"font-size: 17.6px;\">\n            <span class=\"kksr-muted\">Valora este post<\/span>\n    <\/div>\n    <\/div>\n","protected":false},"excerpt":{"rendered":"<p>La Fiscal\u00eda Andaluza Inicia Investigaciones en el Proceso de Detecci\u00f3n del C\u00e1ncer de Mama En un reciente anuncio, la Fiscal\u00eda de Andaluc\u00eda ha comunicado la apertura &#8230; <a title=\"\u00a1Esc\u00e1ndalo en Andaluc\u00eda! Investigaci\u00f3n abierta sobre el cribado de c\u00e1ncer de mama.\" class=\"read-more\" href=\"https:\/\/www.diario21.tv\/noticias\/escandalo-en-andalucia-investigacion-abierta-sobre-el-cribado-de-cancer-de-mama\/\" aria-label=\"Leer m\u00e1s sobre \u00a1Esc\u00e1ndalo en Andaluc\u00eda! Investigaci\u00f3n abierta sobre el cribado de c\u00e1ncer de mama.\">Seguir leyendo &rarr;<\/a><\/p>\n","protected":false},"author":20,"featured_media":4981,"comment_status":"open","ping_status":"open","sticky":false,"template":"","format":"standard","meta":{"footnotes":""},"categories":[13],"tags":[],"class_list":["post-4980","post","type-post","status-publish","format-standard","has-post-thumbnail","hentry","category-portada"],"yoast_head":"<!-- This site is optimized with the Yoast SEO plugin v25.6 - https:\/\/yoast.com\/wordpress\/plugins\/seo\/ -->\n<title>\u00a1Esc\u00e1ndalo en Andaluc\u00eda! Investigaci\u00f3n abierta sobre el cribado de c\u00e1ncer de mama. - Diario 21<\/title>\n<meta name=\"robots\" content=\"index, follow, max-snippet:-1, max-image-preview:large, max-video-preview:-1\" \/>\n<link rel=\"canonical\" href=\"https:\/\/www.diario21.tv\/noticias\/escandalo-en-andalucia-investigacion-abierta-sobre-el-cribado-de-cancer-de-mama\/\" \/>\n<meta property=\"og:locale\" content=\"es_ES\" \/>\n<meta property=\"og:type\" content=\"article\" \/>\n<meta property=\"og:title\" content=\"\u00a1Esc\u00e1ndalo en Andaluc\u00eda! Investigaci\u00f3n abierta sobre el cribado de c\u00e1ncer de mama. - Diario 21\" \/>\n<meta property=\"og:description\" content=\"La Fiscal\u00eda Andaluza Inicia Investigaciones en el Proceso de Detecci\u00f3n del C\u00e1ncer de Mama En un reciente anuncio, la Fiscal\u00eda de Andaluc\u00eda ha comunicado la apertura ... Seguir leyendo &rarr;\" \/>\n<meta property=\"og:url\" content=\"https:\/\/www.diario21.tv\/noticias\/escandalo-en-andalucia-investigacion-abierta-sobre-el-cribado-de-cancer-de-mama\/\" \/>\n<meta property=\"og:site_name\" content=\"Diario 21\" \/>\n<meta property=\"article:published_time\" content=\"2025-10-27T03:24:50+00:00\" \/>\n<meta property=\"article:modified_time\" content=\"2025-10-27T03:24:53+00:00\" \/>\n<meta property=\"og:image\" content=\"https:\/\/www.diario21.tv\/noticias\/wp-content\/uploads\/2025\/10\/\u00a1Escandalo-en-Andalucia-Investigacion-abierta-sobre-el-cribado-de-cancer.jpg\" \/>\n\t<meta property=\"og:image:width\" content=\"1200\" \/>\n\t<meta property=\"og:image:height\" content=\"840\" \/>\n\t<meta property=\"og:image:type\" content=\"image\/jpeg\" \/>\n<meta name=\"author\" content=\"Juan P\u00e9rez\" \/>\n<meta name=\"twitter:card\" content=\"summary_large_image\" \/>\n<meta name=\"twitter:label1\" content=\"Escrito por\" \/>\n\t<meta name=\"twitter:data1\" content=\"Juan P\u00e9rez\" \/>\n\t<meta name=\"twitter:label2\" content=\"Tiempo de lectura\" \/>\n\t<meta name=\"twitter:data2\" content=\"3 minutos\" \/>\n<script type=\"application\/ld+json\" class=\"yoast-schema-graph\">{\"@context\":\"https:\/\/schema.org\",\"@graph\":[{\"@type\":\"WebPage\",\"@id\":\"https:\/\/www.diario21.tv\/noticias\/escandalo-en-andalucia-investigacion-abierta-sobre-el-cribado-de-cancer-de-mama\/\",\"url\":\"https:\/\/www.diario21.tv\/noticias\/escandalo-en-andalucia-investigacion-abierta-sobre-el-cribado-de-cancer-de-mama\/\",\"name\":\"\u00a1Esc\u00e1ndalo en Andaluc\u00eda! Investigaci\u00f3n abierta sobre el cribado de c\u00e1ncer de mama. - Diario 21\",\"isPartOf\":{\"@id\":\"https:\/\/www.diario21.tv\/noticias\/#website\"},\"primaryImageOfPage\":{\"@id\":\"https:\/\/www.diario21.tv\/noticias\/escandalo-en-andalucia-investigacion-abierta-sobre-el-cribado-de-cancer-de-mama\/#primaryimage\"},\"image\":{\"@id\":\"https:\/\/www.diario21.tv\/noticias\/escandalo-en-andalucia-investigacion-abierta-sobre-el-cribado-de-cancer-de-mama\/#primaryimage\"},\"thumbnailUrl\":\"https:\/\/www.diario21.tv\/noticias\/wp-content\/uploads\/2025\/10\/\u00a1Escandalo-en-Andalucia-Investigacion-abierta-sobre-el-cribado-de-cancer.jpg\",\"datePublished\":\"2025-10-27T03:24:50+00:00\",\"dateModified\":\"2025-10-27T03:24:53+00:00\",\"author\":{\"@id\":\"https:\/\/www.diario21.tv\/noticias\/#\/schema\/person\/dfb778f73814d8f09f302618446a526b\"},\"breadcrumb\":{\"@id\":\"https:\/\/www.diario21.tv\/noticias\/escandalo-en-andalucia-investigacion-abierta-sobre-el-cribado-de-cancer-de-mama\/#breadcrumb\"},\"inLanguage\":\"es-AR\",\"potentialAction\":[{\"@type\":\"ReadAction\",\"target\":[\"https:\/\/www.diario21.tv\/noticias\/escandalo-en-andalucia-investigacion-abierta-sobre-el-cribado-de-cancer-de-mama\/\"]}]},{\"@type\":\"ImageObject\",\"inLanguage\":\"es-AR\",\"@id\":\"https:\/\/www.diario21.tv\/noticias\/escandalo-en-andalucia-investigacion-abierta-sobre-el-cribado-de-cancer-de-mama\/#primaryimage\",\"url\":\"https:\/\/www.diario21.tv\/noticias\/wp-content\/uploads\/2025\/10\/\u00a1Escandalo-en-Andalucia-Investigacion-abierta-sobre-el-cribado-de-cancer.jpg\",\"contentUrl\":\"https:\/\/www.diario21.tv\/noticias\/wp-content\/uploads\/2025\/10\/\u00a1Escandalo-en-Andalucia-Investigacion-abierta-sobre-el-cribado-de-cancer.jpg\",\"width\":1200,\"height\":840,\"caption\":\"La Fiscal\u00eda de Andaluc\u00eda abre diligencias por el cribado del c\u00e1ncer de mama\"},{\"@type\":\"BreadcrumbList\",\"@id\":\"https:\/\/www.diario21.tv\/noticias\/escandalo-en-andalucia-investigacion-abierta-sobre-el-cribado-de-cancer-de-mama\/#breadcrumb\",\"itemListElement\":[{\"@type\":\"ListItem\",\"position\":1,\"name\":\"Accueil\",\"item\":\"https:\/\/www.diario21.tv\/noticias\/\"},{\"@type\":\"ListItem\",\"position\":2,\"name\":\"\u00a1Esc\u00e1ndalo en Andaluc\u00eda! Investigaci\u00f3n abierta sobre el cribado de c\u00e1ncer de mama.\"}]},{\"@type\":\"WebSite\",\"@id\":\"https:\/\/www.diario21.tv\/noticias\/#website\",\"url\":\"https:\/\/www.diario21.tv\/noticias\/\",\"name\":\"Diario 21\",\"description\":\"\",\"potentialAction\":[{\"@type\":\"SearchAction\",\"target\":{\"@type\":\"EntryPoint\",\"urlTemplate\":\"https:\/\/www.diario21.tv\/noticias\/?s={search_term_string}\"},\"query-input\":{\"@type\":\"PropertyValueSpecification\",\"valueRequired\":true,\"valueName\":\"search_term_string\"}}],\"inLanguage\":\"es-AR\"},{\"@type\":\"Person\",\"@id\":\"https:\/\/www.diario21.tv\/noticias\/#\/schema\/person\/dfb778f73814d8f09f302618446a526b\",\"name\":\"Juan P\u00e9rez\",\"image\":{\"@type\":\"ImageObject\",\"inLanguage\":\"es-AR\",\"@id\":\"https:\/\/www.diario21.tv\/noticias\/#\/schema\/person\/image\/\",\"url\":\"https:\/\/secure.gravatar.com\/avatar\/c478a405bd10621167f4c3167cc770f5?s=96&d=mm&r=g\",\"contentUrl\":\"https:\/\/secure.gravatar.com\/avatar\/c478a405bd10621167f4c3167cc770f5?s=96&d=mm&r=g\",\"caption\":\"Juan P\u00e9rez\"},\"description\":\"Juan P\u00e9rez es el redactor en jefe de Diario 21. Con m\u00e1s de 10 a\u00f1os de experiencia en el periodismo, se especializa en pol\u00edtica nacional y an\u00e1lisis socioecon\u00f3mico. Su enfoque cr\u00edtico y riguroso aporta una perspectiva \u00fanica a cada art\u00edculo.\",\"sameAs\":[\"https:\/\/www.diario21.tv\/noticias\/\"],\"url\":\"https:\/\/www.diario21.tv\/noticias\/author\/juan-perez\/\"}]}<\/script>\n<!-- \/ Yoast SEO plugin. -->","yoast_head_json":{"title":"\u00a1Esc\u00e1ndalo en Andaluc\u00eda! Investigaci\u00f3n abierta sobre el cribado de c\u00e1ncer de mama. - Diario 21","robots":{"index":"index","follow":"follow","max-snippet":"max-snippet:-1","max-image-preview":"max-image-preview:large","max-video-preview":"max-video-preview:-1"},"canonical":"https:\/\/www.diario21.tv\/noticias\/escandalo-en-andalucia-investigacion-abierta-sobre-el-cribado-de-cancer-de-mama\/","og_locale":"es_ES","og_type":"article","og_title":"\u00a1Esc\u00e1ndalo en Andaluc\u00eda! Investigaci\u00f3n abierta sobre el cribado de c\u00e1ncer de mama. - Diario 21","og_description":"La Fiscal\u00eda Andaluza Inicia Investigaciones en el Proceso de Detecci\u00f3n del C\u00e1ncer de Mama En un reciente anuncio, la Fiscal\u00eda de Andaluc\u00eda ha comunicado la apertura ... Seguir leyendo &rarr;","og_url":"https:\/\/www.diario21.tv\/noticias\/escandalo-en-andalucia-investigacion-abierta-sobre-el-cribado-de-cancer-de-mama\/","og_site_name":"Diario 21","article_published_time":"2025-10-27T03:24:50+00:00","article_modified_time":"2025-10-27T03:24:53+00:00","og_image":[{"width":1200,"height":840,"url":"https:\/\/www.diario21.tv\/noticias\/wp-content\/uploads\/2025\/10\/\u00a1Escandalo-en-Andalucia-Investigacion-abierta-sobre-el-cribado-de-cancer.jpg","type":"image\/jpeg"}],"author":"Juan P\u00e9rez","twitter_card":"summary_large_image","twitter_misc":{"Escrito por":"Juan P\u00e9rez","Tiempo de lectura":"3 minutos"},"schema":{"@context":"https:\/\/schema.org","@graph":[{"@type":"WebPage","@id":"https:\/\/www.diario21.tv\/noticias\/escandalo-en-andalucia-investigacion-abierta-sobre-el-cribado-de-cancer-de-mama\/","url":"https:\/\/www.diario21.tv\/noticias\/escandalo-en-andalucia-investigacion-abierta-sobre-el-cribado-de-cancer-de-mama\/","name":"\u00a1Esc\u00e1ndalo en Andaluc\u00eda! Investigaci\u00f3n abierta sobre el cribado de c\u00e1ncer de mama. - Diario 21","isPartOf":{"@id":"https:\/\/www.diario21.tv\/noticias\/#website"},"primaryImageOfPage":{"@id":"https:\/\/www.diario21.tv\/noticias\/escandalo-en-andalucia-investigacion-abierta-sobre-el-cribado-de-cancer-de-mama\/#primaryimage"},"image":{"@id":"https:\/\/www.diario21.tv\/noticias\/escandalo-en-andalucia-investigacion-abierta-sobre-el-cribado-de-cancer-de-mama\/#primaryimage"},"thumbnailUrl":"https:\/\/www.diario21.tv\/noticias\/wp-content\/uploads\/2025\/10\/\u00a1Escandalo-en-Andalucia-Investigacion-abierta-sobre-el-cribado-de-cancer.jpg","datePublished":"2025-10-27T03:24:50+00:00","dateModified":"2025-10-27T03:24:53+00:00","author":{"@id":"https:\/\/www.diario21.tv\/noticias\/#\/schema\/person\/dfb778f73814d8f09f302618446a526b"},"breadcrumb":{"@id":"https:\/\/www.diario21.tv\/noticias\/escandalo-en-andalucia-investigacion-abierta-sobre-el-cribado-de-cancer-de-mama\/#breadcrumb"},"inLanguage":"es-AR","potentialAction":[{"@type":"ReadAction","target":["https:\/\/www.diario21.tv\/noticias\/escandalo-en-andalucia-investigacion-abierta-sobre-el-cribado-de-cancer-de-mama\/"]}]},{"@type":"ImageObject","inLanguage":"es-AR","@id":"https:\/\/www.diario21.tv\/noticias\/escandalo-en-andalucia-investigacion-abierta-sobre-el-cribado-de-cancer-de-mama\/#primaryimage","url":"https:\/\/www.diario21.tv\/noticias\/wp-content\/uploads\/2025\/10\/\u00a1Escandalo-en-Andalucia-Investigacion-abierta-sobre-el-cribado-de-cancer.jpg","contentUrl":"https:\/\/www.diario21.tv\/noticias\/wp-content\/uploads\/2025\/10\/\u00a1Escandalo-en-Andalucia-Investigacion-abierta-sobre-el-cribado-de-cancer.jpg","width":1200,"height":840,"caption":"La Fiscal\u00eda de Andaluc\u00eda abre diligencias por el cribado del c\u00e1ncer de mama"},{"@type":"BreadcrumbList","@id":"https:\/\/www.diario21.tv\/noticias\/escandalo-en-andalucia-investigacion-abierta-sobre-el-cribado-de-cancer-de-mama\/#breadcrumb","itemListElement":[{"@type":"ListItem","position":1,"name":"Accueil","item":"https:\/\/www.diario21.tv\/noticias\/"},{"@type":"ListItem","position":2,"name":"\u00a1Esc\u00e1ndalo en Andaluc\u00eda! Investigaci\u00f3n abierta sobre el cribado de c\u00e1ncer de mama."}]},{"@type":"WebSite","@id":"https:\/\/www.diario21.tv\/noticias\/#website","url":"https:\/\/www.diario21.tv\/noticias\/","name":"Diario 21","description":"","potentialAction":[{"@type":"SearchAction","target":{"@type":"EntryPoint","urlTemplate":"https:\/\/www.diario21.tv\/noticias\/?s={search_term_string}"},"query-input":{"@type":"PropertyValueSpecification","valueRequired":true,"valueName":"search_term_string"}}],"inLanguage":"es-AR"},{"@type":"Person","@id":"https:\/\/www.diario21.tv\/noticias\/#\/schema\/person\/dfb778f73814d8f09f302618446a526b","name":"Juan P\u00e9rez","image":{"@type":"ImageObject","inLanguage":"es-AR","@id":"https:\/\/www.diario21.tv\/noticias\/#\/schema\/person\/image\/","url":"https:\/\/secure.gravatar.com\/avatar\/c478a405bd10621167f4c3167cc770f5?s=96&d=mm&r=g","contentUrl":"https:\/\/secure.gravatar.com\/avatar\/c478a405bd10621167f4c3167cc770f5?s=96&d=mm&r=g","caption":"Juan P\u00e9rez"},"description":"Juan P\u00e9rez es el redactor en jefe de Diario 21. Con m\u00e1s de 10 a\u00f1os de experiencia en el periodismo, se especializa en pol\u00edtica nacional y an\u00e1lisis socioecon\u00f3mico. Su enfoque cr\u00edtico y riguroso aporta una perspectiva \u00fanica a cada art\u00edculo.","sameAs":["https:\/\/www.diario21.tv\/noticias\/"],"url":"https:\/\/www.diario21.tv\/noticias\/author\/juan-perez\/"}]}},"_links":{"self":[{"href":"https:\/\/www.diario21.tv\/noticias\/wp-json\/wp\/v2\/posts\/4980"}],"collection":[{"href":"https:\/\/www.diario21.tv\/noticias\/wp-json\/wp\/v2\/posts"}],"about":[{"href":"https:\/\/www.diario21.tv\/noticias\/wp-json\/wp\/v2\/types\/post"}],"author":[{"embeddable":true,"href":"https:\/\/www.diario21.tv\/noticias\/wp-json\/wp\/v2\/users\/20"}],"replies":[{"embeddable":true,"href":"https:\/\/www.diario21.tv\/noticias\/wp-json\/wp\/v2\/comments?post=4980"}],"version-history":[{"count":1,"href":"https:\/\/www.diario21.tv\/noticias\/wp-json\/wp\/v2\/posts\/4980\/revisions"}],"predecessor-version":[{"id":4982,"href":"https:\/\/www.diario21.tv\/noticias\/wp-json\/wp\/v2\/posts\/4980\/revisions\/4982"}],"wp:featuredmedia":[{"embeddable":true,"href":"https:\/\/www.diario21.tv\/noticias\/wp-json\/wp\/v2\/media\/4981"}],"wp:attachment":[{"href":"https:\/\/www.diario21.tv\/noticias\/wp-json\/wp\/v2\/media?parent=4980"}],"wp:term":[{"taxonomy":"category","embeddable":true,"href":"https:\/\/www.diario21.tv\/noticias\/wp-json\/wp\/v2\/categories?post=4980"},{"taxonomy":"post_tag","embeddable":true,"href":"https:\/\/www.diario21.tv\/noticias\/wp-json\/wp\/v2\/tags?post=4980"}],"curies":[{"name":"wp","href":"https:\/\/api.w.org\/{rel}","templated":true}]}}