{"id":4977,"date":"2025-10-26T21:16:20","date_gmt":"2025-10-26T21:16:20","guid":{"rendered":"https:\/\/www.diario21.tv\/noticias\/escandalo-en-barcelona-menor-denuncia-brutal-violacion-por-companeros-de-instituto\/"},"modified":"2025-10-26T21:16:22","modified_gmt":"2025-10-26T21:16:22","slug":"escandalo-en-barcelona-menor-denuncia-brutal-violacion-por-companeros-de-instituto","status":"publish","type":"post","link":"https:\/\/www.diario21.tv\/noticias\/escandalo-en-barcelona-menor-denuncia-brutal-violacion-por-companeros-de-instituto\/","title":{"rendered":"\u00a1Esc\u00e1ndalo en Barcelona! Menor denuncia brutal violaci\u00f3n por compa\u00f1eros de instituto"},"content":{"rendered":"<h2>Acusaci\u00f3n de Violaci\u00f3n en un Instituto de Barcelona<\/h2>\n<p>Una joven estudiante ha presentado una denuncia alegando que fue sexualmente agredida por tres de sus compa\u00f1eros de estudios en un instituto ubicado en la ciudad de Barcelona. Este preocupante suceso ha conmocionado a la comunidad educativa y ha puesto de nuevo en el foco las cuestiones de seguridad y conducta dentro de los entornos escolares.<\/p>\n<h3>Detalles del Incidente<\/h3>\n<p>Seg\u00fan lo reportado, el incidente tuvo lugar dentro de las instalaciones del instituto, un lugar donde los estudiantes deber\u00edan sentirse seguros y protegidos. La denunciante, cuya identidad se mantiene en reserva para proteger su privacidad, afirm\u00f3 que los hechos ocurrieron cuando se encontraba sola con los tres j\u00f3venes, quienes tambi\u00e9n son estudiantes del mismo centro educativo.<\/p>\n<h3>Reacci\u00f3n Institucional y Judicial<\/h3>\n<p>Inmediatamente despu\u00e9s de recibir la denuncia, la direcci\u00f3n del instituto activ\u00f3 los protocolos de actuaci\u00f3n preestablecidos para estos casos, incluyendo la colaboraci\u00f3n con las autoridades para asegurar una investigaci\u00f3n exhaustiva y justa. Por su parte, los cuerpos de seguridad est\u00e1n llevando a cabo las indagaciones necesarias para esclarecer los hechos, mientras los acusados han sido apartados temporalmente del entorno educativo como medida precautoria.<\/p>\n<h3>Medidas de Apoyo y Prevenci\u00f3n<\/h3>\n<p>El instituto ha comunicado que se est\u00e1n tomando todas las medidas necesarias para apoyar a la estudiante afectada durante este dif\u00edcil momento. Adem\u00e1s, se ha reforzado la orientaci\u00f3n y educaci\u00f3n de todos los estudiantes en temas de consentimiento y respeto mutuo, para prevenir la repetici\u00f3n de incidentes similares.<\/p>\n<p>Este caso ha generado un amplio debate sobre la seguridad en los institutos y el papel que deben jugar tanto las instituciones educativas como las familias en la educaci\u00f3n sobre el respeto y la dignidad personal. La comunidad espera que este desafortunado evento sirva de catalizador para cambios positivos y una mayor conciencia sobre la importancia de un ambiente seguro y respetuoso en las escuelas.<\/p>\n\n\n<div class=\"kk-star-ratings kksr-auto kksr-align-left kksr-valign-bottom\"\n    data-payload='{&quot;align&quot;:&quot;left&quot;,&quot;id&quot;:&quot;4977&quot;,&quot;slug&quot;:&quot;default&quot;,&quot;valign&quot;:&quot;bottom&quot;,&quot;ignore&quot;:&quot;&quot;,&quot;reference&quot;:&quot;auto&quot;,&quot;class&quot;:&quot;&quot;,&quot;count&quot;:&quot;0&quot;,&quot;legendonly&quot;:&quot;&quot;,&quot;readonly&quot;:&quot;&quot;,&quot;score&quot;:&quot;0&quot;,&quot;starsonly&quot;:&quot;&quot;,&quot;best&quot;:&quot;5&quot;,&quot;gap&quot;:&quot;5&quot;,&quot;greet&quot;:&quot;Valora este post&quot;,&quot;legend&quot;:&quot;0\\\/5 - (0 votes)&quot;,&quot;size&quot;:&quot;22&quot;,&quot;title&quot;:&quot;\u00a1Esc\u00e1ndalo en Barcelona! Menor denuncia brutal violaci\u00f3n por compa\u00f1eros de instituto&quot;,&quot;width&quot;:&quot;0&quot;,&quot;_legend&quot;:&quot;{score}\\\/{best} - ({count} {votes})&quot;,&quot;font_factor&quot;:&quot;1.25&quot;}'>\n            \n<div class=\"kksr-stars\">\n    \n<div class=\"kksr-stars-inactive\">\n            <div class=\"kksr-star\" data-star=\"1\" style=\"padding-right: 5px\">\n            \n\n<div class=\"kksr-icon\" style=\"width: 22px; height: 22px;\"><\/div>\n        <\/div>\n            <div class=\"kksr-star\" data-star=\"2\" style=\"padding-right: 5px\">\n            \n\n<div class=\"kksr-icon\" style=\"width: 22px; height: 22px;\"><\/div>\n        <\/div>\n            <div class=\"kksr-star\" data-star=\"3\" style=\"padding-right: 5px\">\n            \n\n<div class=\"kksr-icon\" style=\"width: 22px; height: 22px;\"><\/div>\n        <\/div>\n            <div class=\"kksr-star\" data-star=\"4\" style=\"padding-right: 5px\">\n            \n\n<div class=\"kksr-icon\" style=\"width: 22px; height: 22px;\"><\/div>\n        <\/div>\n            <div class=\"kksr-star\" data-star=\"5\" style=\"padding-right: 5px\">\n            \n\n<div class=\"kksr-icon\" style=\"width: 22px; height: 22px;\"><\/div>\n        <\/div>\n    <\/div>\n    \n<div class=\"kksr-stars-active\" style=\"width: 0px;\">\n            <div class=\"kksr-star\" style=\"padding-right: 5px\">\n            \n\n<div class=\"kksr-icon\" style=\"width: 22px; height: 22px;\"><\/div>\n        <\/div>\n            <div class=\"kksr-star\" style=\"padding-right: 5px\">\n            \n\n<div class=\"kksr-icon\" style=\"width: 22px; height: 22px;\"><\/div>\n        <\/div>\n            <div class=\"kksr-star\" style=\"padding-right: 5px\">\n            \n\n<div class=\"kksr-icon\" style=\"width: 22px; height: 22px;\"><\/div>\n        <\/div>\n            <div class=\"kksr-star\" style=\"padding-right: 5px\">\n            \n\n<div class=\"kksr-icon\" style=\"width: 22px; height: 22px;\"><\/div>\n        <\/div>\n            <div class=\"kksr-star\" style=\"padding-right: 5px\">\n            \n\n<div class=\"kksr-icon\" style=\"width: 22px; height: 22px;\"><\/div>\n        <\/div>\n    <\/div>\n<\/div>\n                \n\n<div class=\"kksr-legend\" style=\"font-size: 17.6px;\">\n            <span class=\"kksr-muted\">Valora este post<\/span>\n    <\/div>\n    <\/div>\n","protected":false},"excerpt":{"rendered":"<p>Acusaci\u00f3n de Violaci\u00f3n en un Instituto de Barcelona Una joven estudiante ha presentado una denuncia alegando que fue sexualmente agredida por tres de sus compa\u00f1eros de &#8230; <a title=\"\u00a1Esc\u00e1ndalo en Barcelona! Menor denuncia brutal violaci\u00f3n por compa\u00f1eros de instituto\" class=\"read-more\" href=\"https:\/\/www.diario21.tv\/noticias\/escandalo-en-barcelona-menor-denuncia-brutal-violacion-por-companeros-de-instituto\/\" aria-label=\"Leer m\u00e1s sobre \u00a1Esc\u00e1ndalo en Barcelona! Menor denuncia brutal violaci\u00f3n por compa\u00f1eros de instituto\">Seguir leyendo &rarr;<\/a><\/p>\n","protected":false},"author":20,"featured_media":4978,"comment_status":"open","ping_status":"open","sticky":false,"template":"","format":"standard","meta":{"footnotes":""},"categories":[13],"tags":[],"class_list":["post-4977","post","type-post","status-publish","format-standard","has-post-thumbnail","hentry","category-portada"],"yoast_head":"<!-- This site is optimized with the Yoast SEO plugin v25.6 - https:\/\/yoast.com\/wordpress\/plugins\/seo\/ -->\n<title>\u00a1Esc\u00e1ndalo en Barcelona! Menor denuncia brutal violaci\u00f3n por compa\u00f1eros de instituto - Diario 21<\/title>\n<meta name=\"robots\" content=\"index, follow, max-snippet:-1, max-image-preview:large, max-video-preview:-1\" \/>\n<link rel=\"canonical\" href=\"https:\/\/www.diario21.tv\/noticias\/escandalo-en-barcelona-menor-denuncia-brutal-violacion-por-companeros-de-instituto\/\" \/>\n<meta property=\"og:locale\" content=\"es_ES\" \/>\n<meta property=\"og:type\" content=\"article\" \/>\n<meta property=\"og:title\" content=\"\u00a1Esc\u00e1ndalo en Barcelona! Menor denuncia brutal violaci\u00f3n por compa\u00f1eros de instituto - Diario 21\" \/>\n<meta property=\"og:description\" content=\"Acusaci\u00f3n de Violaci\u00f3n en un Instituto de Barcelona Una joven estudiante ha presentado una denuncia alegando que fue sexualmente agredida por tres de sus compa\u00f1eros de ... Seguir leyendo &rarr;\" \/>\n<meta property=\"og:url\" content=\"https:\/\/www.diario21.tv\/noticias\/escandalo-en-barcelona-menor-denuncia-brutal-violacion-por-companeros-de-instituto\/\" \/>\n<meta property=\"og:site_name\" content=\"Diario 21\" \/>\n<meta property=\"article:published_time\" content=\"2025-10-26T21:16:20+00:00\" \/>\n<meta property=\"article:modified_time\" content=\"2025-10-26T21:16:22+00:00\" \/>\n<meta property=\"og:image\" content=\"https:\/\/www.diario21.tv\/noticias\/wp-content\/uploads\/2025\/10\/\u00a1Escandalo-en-Barcelona-Menor-denuncia-brutal-violacion-por-companeros-de.jpg\" \/>\n\t<meta property=\"og:image:width\" content=\"1200\" \/>\n\t<meta property=\"og:image:height\" content=\"840\" \/>\n\t<meta property=\"og:image:type\" content=\"image\/jpeg\" \/>\n<meta name=\"author\" content=\"Juan P\u00e9rez\" \/>\n<meta name=\"twitter:card\" content=\"summary_large_image\" \/>\n<meta name=\"twitter:label1\" content=\"Escrito por\" \/>\n\t<meta name=\"twitter:data1\" content=\"Juan P\u00e9rez\" \/>\n\t<meta name=\"twitter:label2\" content=\"Tiempo de lectura\" \/>\n\t<meta name=\"twitter:data2\" content=\"2 minutos\" \/>\n<script type=\"application\/ld+json\" class=\"yoast-schema-graph\">{\"@context\":\"https:\/\/schema.org\",\"@graph\":[{\"@type\":\"WebPage\",\"@id\":\"https:\/\/www.diario21.tv\/noticias\/escandalo-en-barcelona-menor-denuncia-brutal-violacion-por-companeros-de-instituto\/\",\"url\":\"https:\/\/www.diario21.tv\/noticias\/escandalo-en-barcelona-menor-denuncia-brutal-violacion-por-companeros-de-instituto\/\",\"name\":\"\u00a1Esc\u00e1ndalo en Barcelona! Menor denuncia brutal violaci\u00f3n por compa\u00f1eros de instituto - Diario 21\",\"isPartOf\":{\"@id\":\"https:\/\/www.diario21.tv\/noticias\/#website\"},\"primaryImageOfPage\":{\"@id\":\"https:\/\/www.diario21.tv\/noticias\/escandalo-en-barcelona-menor-denuncia-brutal-violacion-por-companeros-de-instituto\/#primaryimage\"},\"image\":{\"@id\":\"https:\/\/www.diario21.tv\/noticias\/escandalo-en-barcelona-menor-denuncia-brutal-violacion-por-companeros-de-instituto\/#primaryimage\"},\"thumbnailUrl\":\"https:\/\/www.diario21.tv\/noticias\/wp-content\/uploads\/2025\/10\/\u00a1Escandalo-en-Barcelona-Menor-denuncia-brutal-violacion-por-companeros-de.jpg\",\"datePublished\":\"2025-10-26T21:16:20+00:00\",\"dateModified\":\"2025-10-26T21:16:22+00:00\",\"author\":{\"@id\":\"https:\/\/www.diario21.tv\/noticias\/#\/schema\/person\/dfb778f73814d8f09f302618446a526b\"},\"breadcrumb\":{\"@id\":\"https:\/\/www.diario21.tv\/noticias\/escandalo-en-barcelona-menor-denuncia-brutal-violacion-por-companeros-de-instituto\/#breadcrumb\"},\"inLanguage\":\"es-AR\",\"potentialAction\":[{\"@type\":\"ReadAction\",\"target\":[\"https:\/\/www.diario21.tv\/noticias\/escandalo-en-barcelona-menor-denuncia-brutal-violacion-por-companeros-de-instituto\/\"]}]},{\"@type\":\"ImageObject\",\"inLanguage\":\"es-AR\",\"@id\":\"https:\/\/www.diario21.tv\/noticias\/escandalo-en-barcelona-menor-denuncia-brutal-violacion-por-companeros-de-instituto\/#primaryimage\",\"url\":\"https:\/\/www.diario21.tv\/noticias\/wp-content\/uploads\/2025\/10\/\u00a1Escandalo-en-Barcelona-Menor-denuncia-brutal-violacion-por-companeros-de.jpg\",\"contentUrl\":\"https:\/\/www.diario21.tv\/noticias\/wp-content\/uploads\/2025\/10\/\u00a1Escandalo-en-Barcelona-Menor-denuncia-brutal-violacion-por-companeros-de.jpg\",\"width\":1200,\"height\":840,\"caption\":\"Una menor denuncia que fue violada por otros tres compa\u00f1eros de instituto en Barcelona\"},{\"@type\":\"BreadcrumbList\",\"@id\":\"https:\/\/www.diario21.tv\/noticias\/escandalo-en-barcelona-menor-denuncia-brutal-violacion-por-companeros-de-instituto\/#breadcrumb\",\"itemListElement\":[{\"@type\":\"ListItem\",\"position\":1,\"name\":\"Accueil\",\"item\":\"https:\/\/www.diario21.tv\/noticias\/\"},{\"@type\":\"ListItem\",\"position\":2,\"name\":\"\u00a1Esc\u00e1ndalo en Barcelona! Menor denuncia brutal violaci\u00f3n por compa\u00f1eros de instituto\"}]},{\"@type\":\"WebSite\",\"@id\":\"https:\/\/www.diario21.tv\/noticias\/#website\",\"url\":\"https:\/\/www.diario21.tv\/noticias\/\",\"name\":\"Diario 21\",\"description\":\"\",\"potentialAction\":[{\"@type\":\"SearchAction\",\"target\":{\"@type\":\"EntryPoint\",\"urlTemplate\":\"https:\/\/www.diario21.tv\/noticias\/?s={search_term_string}\"},\"query-input\":{\"@type\":\"PropertyValueSpecification\",\"valueRequired\":true,\"valueName\":\"search_term_string\"}}],\"inLanguage\":\"es-AR\"},{\"@type\":\"Person\",\"@id\":\"https:\/\/www.diario21.tv\/noticias\/#\/schema\/person\/dfb778f73814d8f09f302618446a526b\",\"name\":\"Juan P\u00e9rez\",\"image\":{\"@type\":\"ImageObject\",\"inLanguage\":\"es-AR\",\"@id\":\"https:\/\/www.diario21.tv\/noticias\/#\/schema\/person\/image\/\",\"url\":\"https:\/\/secure.gravatar.com\/avatar\/c478a405bd10621167f4c3167cc770f5?s=96&d=mm&r=g\",\"contentUrl\":\"https:\/\/secure.gravatar.com\/avatar\/c478a405bd10621167f4c3167cc770f5?s=96&d=mm&r=g\",\"caption\":\"Juan P\u00e9rez\"},\"description\":\"Juan P\u00e9rez es el redactor en jefe de Diario 21. Con m\u00e1s de 10 a\u00f1os de experiencia en el periodismo, se especializa en pol\u00edtica nacional y an\u00e1lisis socioecon\u00f3mico. Su enfoque cr\u00edtico y riguroso aporta una perspectiva \u00fanica a cada art\u00edculo.\",\"sameAs\":[\"https:\/\/www.diario21.tv\/noticias\/\"],\"url\":\"https:\/\/www.diario21.tv\/noticias\/author\/juan-perez\/\"}]}<\/script>\n<!-- \/ Yoast SEO plugin. -->","yoast_head_json":{"title":"\u00a1Esc\u00e1ndalo en Barcelona! Menor denuncia brutal violaci\u00f3n por compa\u00f1eros de instituto - Diario 21","robots":{"index":"index","follow":"follow","max-snippet":"max-snippet:-1","max-image-preview":"max-image-preview:large","max-video-preview":"max-video-preview:-1"},"canonical":"https:\/\/www.diario21.tv\/noticias\/escandalo-en-barcelona-menor-denuncia-brutal-violacion-por-companeros-de-instituto\/","og_locale":"es_ES","og_type":"article","og_title":"\u00a1Esc\u00e1ndalo en Barcelona! Menor denuncia brutal violaci\u00f3n por compa\u00f1eros de instituto - Diario 21","og_description":"Acusaci\u00f3n de Violaci\u00f3n en un Instituto de Barcelona Una joven estudiante ha presentado una denuncia alegando que fue sexualmente agredida por tres de sus compa\u00f1eros de ... Seguir leyendo &rarr;","og_url":"https:\/\/www.diario21.tv\/noticias\/escandalo-en-barcelona-menor-denuncia-brutal-violacion-por-companeros-de-instituto\/","og_site_name":"Diario 21","article_published_time":"2025-10-26T21:16:20+00:00","article_modified_time":"2025-10-26T21:16:22+00:00","og_image":[{"width":1200,"height":840,"url":"https:\/\/www.diario21.tv\/noticias\/wp-content\/uploads\/2025\/10\/\u00a1Escandalo-en-Barcelona-Menor-denuncia-brutal-violacion-por-companeros-de.jpg","type":"image\/jpeg"}],"author":"Juan P\u00e9rez","twitter_card":"summary_large_image","twitter_misc":{"Escrito por":"Juan P\u00e9rez","Tiempo de lectura":"2 minutos"},"schema":{"@context":"https:\/\/schema.org","@graph":[{"@type":"WebPage","@id":"https:\/\/www.diario21.tv\/noticias\/escandalo-en-barcelona-menor-denuncia-brutal-violacion-por-companeros-de-instituto\/","url":"https:\/\/www.diario21.tv\/noticias\/escandalo-en-barcelona-menor-denuncia-brutal-violacion-por-companeros-de-instituto\/","name":"\u00a1Esc\u00e1ndalo en Barcelona! Menor denuncia brutal violaci\u00f3n por compa\u00f1eros de instituto - Diario 21","isPartOf":{"@id":"https:\/\/www.diario21.tv\/noticias\/#website"},"primaryImageOfPage":{"@id":"https:\/\/www.diario21.tv\/noticias\/escandalo-en-barcelona-menor-denuncia-brutal-violacion-por-companeros-de-instituto\/#primaryimage"},"image":{"@id":"https:\/\/www.diario21.tv\/noticias\/escandalo-en-barcelona-menor-denuncia-brutal-violacion-por-companeros-de-instituto\/#primaryimage"},"thumbnailUrl":"https:\/\/www.diario21.tv\/noticias\/wp-content\/uploads\/2025\/10\/\u00a1Escandalo-en-Barcelona-Menor-denuncia-brutal-violacion-por-companeros-de.jpg","datePublished":"2025-10-26T21:16:20+00:00","dateModified":"2025-10-26T21:16:22+00:00","author":{"@id":"https:\/\/www.diario21.tv\/noticias\/#\/schema\/person\/dfb778f73814d8f09f302618446a526b"},"breadcrumb":{"@id":"https:\/\/www.diario21.tv\/noticias\/escandalo-en-barcelona-menor-denuncia-brutal-violacion-por-companeros-de-instituto\/#breadcrumb"},"inLanguage":"es-AR","potentialAction":[{"@type":"ReadAction","target":["https:\/\/www.diario21.tv\/noticias\/escandalo-en-barcelona-menor-denuncia-brutal-violacion-por-companeros-de-instituto\/"]}]},{"@type":"ImageObject","inLanguage":"es-AR","@id":"https:\/\/www.diario21.tv\/noticias\/escandalo-en-barcelona-menor-denuncia-brutal-violacion-por-companeros-de-instituto\/#primaryimage","url":"https:\/\/www.diario21.tv\/noticias\/wp-content\/uploads\/2025\/10\/\u00a1Escandalo-en-Barcelona-Menor-denuncia-brutal-violacion-por-companeros-de.jpg","contentUrl":"https:\/\/www.diario21.tv\/noticias\/wp-content\/uploads\/2025\/10\/\u00a1Escandalo-en-Barcelona-Menor-denuncia-brutal-violacion-por-companeros-de.jpg","width":1200,"height":840,"caption":"Una menor denuncia que fue violada por otros tres compa\u00f1eros de instituto en Barcelona"},{"@type":"BreadcrumbList","@id":"https:\/\/www.diario21.tv\/noticias\/escandalo-en-barcelona-menor-denuncia-brutal-violacion-por-companeros-de-instituto\/#breadcrumb","itemListElement":[{"@type":"ListItem","position":1,"name":"Accueil","item":"https:\/\/www.diario21.tv\/noticias\/"},{"@type":"ListItem","position":2,"name":"\u00a1Esc\u00e1ndalo en Barcelona! Menor denuncia brutal violaci\u00f3n por compa\u00f1eros de instituto"}]},{"@type":"WebSite","@id":"https:\/\/www.diario21.tv\/noticias\/#website","url":"https:\/\/www.diario21.tv\/noticias\/","name":"Diario 21","description":"","potentialAction":[{"@type":"SearchAction","target":{"@type":"EntryPoint","urlTemplate":"https:\/\/www.diario21.tv\/noticias\/?s={search_term_string}"},"query-input":{"@type":"PropertyValueSpecification","valueRequired":true,"valueName":"search_term_string"}}],"inLanguage":"es-AR"},{"@type":"Person","@id":"https:\/\/www.diario21.tv\/noticias\/#\/schema\/person\/dfb778f73814d8f09f302618446a526b","name":"Juan P\u00e9rez","image":{"@type":"ImageObject","inLanguage":"es-AR","@id":"https:\/\/www.diario21.tv\/noticias\/#\/schema\/person\/image\/","url":"https:\/\/secure.gravatar.com\/avatar\/c478a405bd10621167f4c3167cc770f5?s=96&d=mm&r=g","contentUrl":"https:\/\/secure.gravatar.com\/avatar\/c478a405bd10621167f4c3167cc770f5?s=96&d=mm&r=g","caption":"Juan P\u00e9rez"},"description":"Juan P\u00e9rez es el redactor en jefe de Diario 21. Con m\u00e1s de 10 a\u00f1os de experiencia en el periodismo, se especializa en pol\u00edtica nacional y an\u00e1lisis socioecon\u00f3mico. Su enfoque cr\u00edtico y riguroso aporta una perspectiva \u00fanica a cada art\u00edculo.","sameAs":["https:\/\/www.diario21.tv\/noticias\/"],"url":"https:\/\/www.diario21.tv\/noticias\/author\/juan-perez\/"}]}},"_links":{"self":[{"href":"https:\/\/www.diario21.tv\/noticias\/wp-json\/wp\/v2\/posts\/4977"}],"collection":[{"href":"https:\/\/www.diario21.tv\/noticias\/wp-json\/wp\/v2\/posts"}],"about":[{"href":"https:\/\/www.diario21.tv\/noticias\/wp-json\/wp\/v2\/types\/post"}],"author":[{"embeddable":true,"href":"https:\/\/www.diario21.tv\/noticias\/wp-json\/wp\/v2\/users\/20"}],"replies":[{"embeddable":true,"href":"https:\/\/www.diario21.tv\/noticias\/wp-json\/wp\/v2\/comments?post=4977"}],"version-history":[{"count":1,"href":"https:\/\/www.diario21.tv\/noticias\/wp-json\/wp\/v2\/posts\/4977\/revisions"}],"predecessor-version":[{"id":4979,"href":"https:\/\/www.diario21.tv\/noticias\/wp-json\/wp\/v2\/posts\/4977\/revisions\/4979"}],"wp:featuredmedia":[{"embeddable":true,"href":"https:\/\/www.diario21.tv\/noticias\/wp-json\/wp\/v2\/media\/4978"}],"wp:attachment":[{"href":"https:\/\/www.diario21.tv\/noticias\/wp-json\/wp\/v2\/media?parent=4977"}],"wp:term":[{"taxonomy":"category","embeddable":true,"href":"https:\/\/www.diario21.tv\/noticias\/wp-json\/wp\/v2\/categories?post=4977"},{"taxonomy":"post_tag","embeddable":true,"href":"https:\/\/www.diario21.tv\/noticias\/wp-json\/wp\/v2\/tags?post=4977"}],"curies":[{"name":"wp","href":"https:\/\/api.w.org\/{rel}","templated":true}]}}