{"id":4974,"date":"2025-10-26T15:15:36","date_gmt":"2025-10-26T15:15:36","guid":{"rendered":"https:\/\/www.diario21.tv\/noticias\/leon-xiv-y-carlos-iii-rezan-en-la-capilla-sixtina-momento-historico-capturado\/"},"modified":"2025-10-26T15:15:39","modified_gmt":"2025-10-26T15:15:39","slug":"leon-xiv-y-carlos-iii-rezan-en-la-capilla-sixtina-momento-historico-capturado","status":"publish","type":"post","link":"https:\/\/www.diario21.tv\/noticias\/leon-xiv-y-carlos-iii-rezan-en-la-capilla-sixtina-momento-historico-capturado\/","title":{"rendered":"Le\u00f3n XIV y Carlos III rezan en la Capilla Sixtina: \u00a1Momento hist\u00f3rico capturado!"},"content":{"rendered":"<h2>Encuentro Hist\u00f3rico Entre Le\u00f3n XIV y Carlos III en la Capilla Sixtina<\/h2>\n<p>En un acontecimiento sin precedentes, Le\u00f3n XIV y Carlos III se unieron en oraci\u00f3n en la renombrada Capilla Sixtina, marcando un momento emblem\u00e1tico en la historia. Esta reuni\u00f3n, llena de simbolismo y fraternidad espiritual, tuvo lugar en un ambiente cargado de arte y fe, subrayando la importancia de la unidad y el respeto mutuo entre figuras de tan alta estima.<\/p>\n<h3>Una Oraci\u00f3n Conjunta en un Lugar Emblem\u00e1tico<\/h3>\n<p>La Capilla Sixtina, conocida mundialmente por sus impresionantes frescos, especialmente el &#8216;Juicio Final&#8217; de Miguel \u00c1ngel, fue el escenario escogido para este encuentro. La elecci\u00f3n de este lugar no es menor, ya que simboliza un espacio de paz y contemplaci\u00f3n, ideal para este tipo de actos que buscan promover el di\u00e1logo interreligioso y la paz mundial.<\/p>\n<p>Le\u00f3n XIV y Carlos III, ambos vestidos con sus respectivas vestimentas ceremoniales, compartieron momentos de oraci\u00f3n silenciosa, seguidos por un intercambio de palabras que resaltaron la importancia de trabajar juntos para enfrentar los desaf\u00edos globales. La imagen de ambos l\u00edderes, hombro con hombro, frente al altar de la Capilla, es una poderosa representaci\u00f3n de la reconciliaci\u00f3n y esperanza.<\/p>\n<h3>Implicaciones y Repercusiones del Evento<\/h3>\n<p>Este hist\u00f3rico encuentro no solo fortalece las relaciones entre las comunidades que cada uno representa, sino que tambi\u00e9n env\u00eda un mensaje potente al mundo sobre la importancia de la cooperaci\u00f3n intercultural e interreligiosa. En un mundo frecuentemente dividido por conflictos y malentendidos, acciones como esta destacan la posibilidad de entendimiento y respeto mutuo a trav\u00e9s de la fe compartida y el di\u00e1logo.<\/p>\n<p>La oraci\u00f3n conjunta en la Capilla Sixtina ser\u00e1, sin duda, recordada como un punto de inflexi\u00f3n en la manera en que l\u00edderes religiosos y comunidades de todo el mundo ven y abordan sus diferencias. Al finalizar el evento, ambos l\u00edderes expresaron su esperanza de que este sea solo el comienzo de una serie de esfuerzos conjuntos dirigidos a fomentar la paz y la unidad entre las naciones.<\/p>\n<p>Este acto no solo reafirma la relevancia de los lugares de culto como puntos de encuentro para la paz, sino que tambi\u00e9n resalta la capacidad de los l\u00edderes religiosos de influir positivamente en la b\u00fasqueda de soluciones a problemas universales. En definitiva, la reuni\u00f3n de Le\u00f3n XIV y Carlos III en la Capilla Sixtina es un testimonio del poder de la fe y la fraternidad en la construcci\u00f3n de un mundo mejor.<\/p>\n\n\n<div class=\"kk-star-ratings kksr-auto kksr-align-left kksr-valign-bottom\"\n    data-payload='{&quot;align&quot;:&quot;left&quot;,&quot;id&quot;:&quot;4974&quot;,&quot;slug&quot;:&quot;default&quot;,&quot;valign&quot;:&quot;bottom&quot;,&quot;ignore&quot;:&quot;&quot;,&quot;reference&quot;:&quot;auto&quot;,&quot;class&quot;:&quot;&quot;,&quot;count&quot;:&quot;0&quot;,&quot;legendonly&quot;:&quot;&quot;,&quot;readonly&quot;:&quot;&quot;,&quot;score&quot;:&quot;0&quot;,&quot;starsonly&quot;:&quot;&quot;,&quot;best&quot;:&quot;5&quot;,&quot;gap&quot;:&quot;5&quot;,&quot;greet&quot;:&quot;Valora este post&quot;,&quot;legend&quot;:&quot;0\\\/5 - (0 votes)&quot;,&quot;size&quot;:&quot;22&quot;,&quot;title&quot;:&quot;Le\u00f3n XIV y Carlos III rezan en la Capilla Sixtina: \u00a1Momento hist\u00f3rico capturado!&quot;,&quot;width&quot;:&quot;0&quot;,&quot;_legend&quot;:&quot;{score}\\\/{best} - ({count} {votes})&quot;,&quot;font_factor&quot;:&quot;1.25&quot;}'>\n            \n<div class=\"kksr-stars\">\n    \n<div class=\"kksr-stars-inactive\">\n            <div class=\"kksr-star\" data-star=\"1\" style=\"padding-right: 5px\">\n            \n\n<div class=\"kksr-icon\" style=\"width: 22px; height: 22px;\"><\/div>\n        <\/div>\n            <div class=\"kksr-star\" data-star=\"2\" style=\"padding-right: 5px\">\n            \n\n<div class=\"kksr-icon\" style=\"width: 22px; height: 22px;\"><\/div>\n        <\/div>\n            <div class=\"kksr-star\" data-star=\"3\" style=\"padding-right: 5px\">\n            \n\n<div class=\"kksr-icon\" style=\"width: 22px; height: 22px;\"><\/div>\n        <\/div>\n            <div class=\"kksr-star\" data-star=\"4\" style=\"padding-right: 5px\">\n            \n\n<div class=\"kksr-icon\" style=\"width: 22px; height: 22px;\"><\/div>\n        <\/div>\n            <div class=\"kksr-star\" data-star=\"5\" style=\"padding-right: 5px\">\n            \n\n<div class=\"kksr-icon\" style=\"width: 22px; height: 22px;\"><\/div>\n        <\/div>\n    <\/div>\n    \n<div class=\"kksr-stars-active\" style=\"width: 0px;\">\n            <div class=\"kksr-star\" style=\"padding-right: 5px\">\n            \n\n<div class=\"kksr-icon\" style=\"width: 22px; height: 22px;\"><\/div>\n        <\/div>\n            <div class=\"kksr-star\" style=\"padding-right: 5px\">\n            \n\n<div class=\"kksr-icon\" style=\"width: 22px; height: 22px;\"><\/div>\n        <\/div>\n            <div class=\"kksr-star\" style=\"padding-right: 5px\">\n            \n\n<div class=\"kksr-icon\" style=\"width: 22px; height: 22px;\"><\/div>\n        <\/div>\n            <div class=\"kksr-star\" style=\"padding-right: 5px\">\n            \n\n<div class=\"kksr-icon\" style=\"width: 22px; height: 22px;\"><\/div>\n        <\/div>\n            <div class=\"kksr-star\" style=\"padding-right: 5px\">\n            \n\n<div class=\"kksr-icon\" style=\"width: 22px; height: 22px;\"><\/div>\n        <\/div>\n    <\/div>\n<\/div>\n                \n\n<div class=\"kksr-legend\" style=\"font-size: 17.6px;\">\n            <span class=\"kksr-muted\">Valora este post<\/span>\n    <\/div>\n    <\/div>\n","protected":false},"excerpt":{"rendered":"<p>Encuentro Hist\u00f3rico Entre Le\u00f3n XIV y Carlos III en la Capilla Sixtina En un acontecimiento sin precedentes, Le\u00f3n XIV y Carlos III se unieron en oraci\u00f3n &#8230; <a title=\"Le\u00f3n XIV y Carlos III rezan en la Capilla Sixtina: \u00a1Momento hist\u00f3rico capturado!\" class=\"read-more\" href=\"https:\/\/www.diario21.tv\/noticias\/leon-xiv-y-carlos-iii-rezan-en-la-capilla-sixtina-momento-historico-capturado\/\" aria-label=\"Leer m\u00e1s sobre Le\u00f3n XIV y Carlos III rezan en la Capilla Sixtina: \u00a1Momento hist\u00f3rico capturado!\">Seguir leyendo &rarr;<\/a><\/p>\n","protected":false},"author":20,"featured_media":4975,"comment_status":"open","ping_status":"open","sticky":false,"template":"","format":"standard","meta":{"footnotes":""},"categories":[13],"tags":[],"class_list":["post-4974","post","type-post","status-publish","format-standard","has-post-thumbnail","hentry","category-portada"],"yoast_head":"<!-- This site is optimized with the Yoast SEO plugin v25.6 - https:\/\/yoast.com\/wordpress\/plugins\/seo\/ -->\n<title>Le\u00f3n XIV y Carlos III rezan en la Capilla Sixtina: \u00a1Momento hist\u00f3rico capturado! - Diario 21<\/title>\n<meta name=\"robots\" content=\"index, follow, max-snippet:-1, max-image-preview:large, max-video-preview:-1\" \/>\n<link rel=\"canonical\" href=\"https:\/\/www.diario21.tv\/noticias\/leon-xiv-y-carlos-iii-rezan-en-la-capilla-sixtina-momento-historico-capturado\/\" \/>\n<meta property=\"og:locale\" content=\"es_ES\" \/>\n<meta property=\"og:type\" content=\"article\" \/>\n<meta property=\"og:title\" content=\"Le\u00f3n XIV y Carlos III rezan en la Capilla Sixtina: \u00a1Momento hist\u00f3rico capturado! - Diario 21\" \/>\n<meta property=\"og:description\" content=\"Encuentro Hist\u00f3rico Entre Le\u00f3n XIV y Carlos III en la Capilla Sixtina En un acontecimiento sin precedentes, Le\u00f3n XIV y Carlos III se unieron en oraci\u00f3n ... Seguir leyendo &rarr;\" \/>\n<meta property=\"og:url\" content=\"https:\/\/www.diario21.tv\/noticias\/leon-xiv-y-carlos-iii-rezan-en-la-capilla-sixtina-momento-historico-capturado\/\" \/>\n<meta property=\"og:site_name\" content=\"Diario 21\" \/>\n<meta property=\"article:published_time\" content=\"2025-10-26T15:15:36+00:00\" \/>\n<meta property=\"article:modified_time\" content=\"2025-10-26T15:15:39+00:00\" \/>\n<meta property=\"og:image\" content=\"https:\/\/www.diario21.tv\/noticias\/wp-content\/uploads\/2025\/10\/Leon-XIV-y-Carlos-III-rezan-en-la-Capilla-Sixtina.jpg\" \/>\n\t<meta property=\"og:image:width\" content=\"1200\" \/>\n\t<meta property=\"og:image:height\" content=\"1300\" \/>\n\t<meta property=\"og:image:type\" content=\"image\/jpeg\" \/>\n<meta name=\"author\" content=\"Juan P\u00e9rez\" \/>\n<meta name=\"twitter:card\" content=\"summary_large_image\" \/>\n<meta name=\"twitter:label1\" content=\"Escrito por\" \/>\n\t<meta name=\"twitter:data1\" content=\"Juan P\u00e9rez\" \/>\n\t<meta name=\"twitter:label2\" content=\"Tiempo de lectura\" \/>\n\t<meta name=\"twitter:data2\" content=\"2 minutos\" \/>\n<script type=\"application\/ld+json\" class=\"yoast-schema-graph\">{\"@context\":\"https:\/\/schema.org\",\"@graph\":[{\"@type\":\"WebPage\",\"@id\":\"https:\/\/www.diario21.tv\/noticias\/leon-xiv-y-carlos-iii-rezan-en-la-capilla-sixtina-momento-historico-capturado\/\",\"url\":\"https:\/\/www.diario21.tv\/noticias\/leon-xiv-y-carlos-iii-rezan-en-la-capilla-sixtina-momento-historico-capturado\/\",\"name\":\"Le\u00f3n XIV y Carlos III rezan en la Capilla Sixtina: \u00a1Momento hist\u00f3rico capturado! - Diario 21\",\"isPartOf\":{\"@id\":\"https:\/\/www.diario21.tv\/noticias\/#website\"},\"primaryImageOfPage\":{\"@id\":\"https:\/\/www.diario21.tv\/noticias\/leon-xiv-y-carlos-iii-rezan-en-la-capilla-sixtina-momento-historico-capturado\/#primaryimage\"},\"image\":{\"@id\":\"https:\/\/www.diario21.tv\/noticias\/leon-xiv-y-carlos-iii-rezan-en-la-capilla-sixtina-momento-historico-capturado\/#primaryimage\"},\"thumbnailUrl\":\"https:\/\/www.diario21.tv\/noticias\/wp-content\/uploads\/2025\/10\/Leon-XIV-y-Carlos-III-rezan-en-la-Capilla-Sixtina.jpg\",\"datePublished\":\"2025-10-26T15:15:36+00:00\",\"dateModified\":\"2025-10-26T15:15:39+00:00\",\"author\":{\"@id\":\"https:\/\/www.diario21.tv\/noticias\/#\/schema\/person\/dfb778f73814d8f09f302618446a526b\"},\"breadcrumb\":{\"@id\":\"https:\/\/www.diario21.tv\/noticias\/leon-xiv-y-carlos-iii-rezan-en-la-capilla-sixtina-momento-historico-capturado\/#breadcrumb\"},\"inLanguage\":\"es-AR\",\"potentialAction\":[{\"@type\":\"ReadAction\",\"target\":[\"https:\/\/www.diario21.tv\/noticias\/leon-xiv-y-carlos-iii-rezan-en-la-capilla-sixtina-momento-historico-capturado\/\"]}]},{\"@type\":\"ImageObject\",\"inLanguage\":\"es-AR\",\"@id\":\"https:\/\/www.diario21.tv\/noticias\/leon-xiv-y-carlos-iii-rezan-en-la-capilla-sixtina-momento-historico-capturado\/#primaryimage\",\"url\":\"https:\/\/www.diario21.tv\/noticias\/wp-content\/uploads\/2025\/10\/Leon-XIV-y-Carlos-III-rezan-en-la-Capilla-Sixtina.jpg\",\"contentUrl\":\"https:\/\/www.diario21.tv\/noticias\/wp-content\/uploads\/2025\/10\/Leon-XIV-y-Carlos-III-rezan-en-la-Capilla-Sixtina.jpg\",\"width\":1200,\"height\":1300,\"caption\":\"Le\u00f3n XIV y Carlos III rezan juntos en la Capilla Sixtina en una imagen hist\u00f3rica\"},{\"@type\":\"BreadcrumbList\",\"@id\":\"https:\/\/www.diario21.tv\/noticias\/leon-xiv-y-carlos-iii-rezan-en-la-capilla-sixtina-momento-historico-capturado\/#breadcrumb\",\"itemListElement\":[{\"@type\":\"ListItem\",\"position\":1,\"name\":\"Accueil\",\"item\":\"https:\/\/www.diario21.tv\/noticias\/\"},{\"@type\":\"ListItem\",\"position\":2,\"name\":\"Le\u00f3n XIV y Carlos III rezan en la Capilla Sixtina: \u00a1Momento hist\u00f3rico capturado!\"}]},{\"@type\":\"WebSite\",\"@id\":\"https:\/\/www.diario21.tv\/noticias\/#website\",\"url\":\"https:\/\/www.diario21.tv\/noticias\/\",\"name\":\"Diario 21\",\"description\":\"\",\"potentialAction\":[{\"@type\":\"SearchAction\",\"target\":{\"@type\":\"EntryPoint\",\"urlTemplate\":\"https:\/\/www.diario21.tv\/noticias\/?s={search_term_string}\"},\"query-input\":{\"@type\":\"PropertyValueSpecification\",\"valueRequired\":true,\"valueName\":\"search_term_string\"}}],\"inLanguage\":\"es-AR\"},{\"@type\":\"Person\",\"@id\":\"https:\/\/www.diario21.tv\/noticias\/#\/schema\/person\/dfb778f73814d8f09f302618446a526b\",\"name\":\"Juan P\u00e9rez\",\"image\":{\"@type\":\"ImageObject\",\"inLanguage\":\"es-AR\",\"@id\":\"https:\/\/www.diario21.tv\/noticias\/#\/schema\/person\/image\/\",\"url\":\"https:\/\/secure.gravatar.com\/avatar\/c478a405bd10621167f4c3167cc770f5?s=96&d=mm&r=g\",\"contentUrl\":\"https:\/\/secure.gravatar.com\/avatar\/c478a405bd10621167f4c3167cc770f5?s=96&d=mm&r=g\",\"caption\":\"Juan P\u00e9rez\"},\"description\":\"Juan P\u00e9rez es el redactor en jefe de Diario 21. Con m\u00e1s de 10 a\u00f1os de experiencia en el periodismo, se especializa en pol\u00edtica nacional y an\u00e1lisis socioecon\u00f3mico. Su enfoque cr\u00edtico y riguroso aporta una perspectiva \u00fanica a cada art\u00edculo.\",\"sameAs\":[\"https:\/\/www.diario21.tv\/noticias\/\"],\"url\":\"https:\/\/www.diario21.tv\/noticias\/author\/juan-perez\/\"}]}<\/script>\n<!-- \/ Yoast SEO plugin. -->","yoast_head_json":{"title":"Le\u00f3n XIV y Carlos III rezan en la Capilla Sixtina: \u00a1Momento hist\u00f3rico capturado! - Diario 21","robots":{"index":"index","follow":"follow","max-snippet":"max-snippet:-1","max-image-preview":"max-image-preview:large","max-video-preview":"max-video-preview:-1"},"canonical":"https:\/\/www.diario21.tv\/noticias\/leon-xiv-y-carlos-iii-rezan-en-la-capilla-sixtina-momento-historico-capturado\/","og_locale":"es_ES","og_type":"article","og_title":"Le\u00f3n XIV y Carlos III rezan en la Capilla Sixtina: \u00a1Momento hist\u00f3rico capturado! - Diario 21","og_description":"Encuentro Hist\u00f3rico Entre Le\u00f3n XIV y Carlos III en la Capilla Sixtina En un acontecimiento sin precedentes, Le\u00f3n XIV y Carlos III se unieron en oraci\u00f3n ... Seguir leyendo &rarr;","og_url":"https:\/\/www.diario21.tv\/noticias\/leon-xiv-y-carlos-iii-rezan-en-la-capilla-sixtina-momento-historico-capturado\/","og_site_name":"Diario 21","article_published_time":"2025-10-26T15:15:36+00:00","article_modified_time":"2025-10-26T15:15:39+00:00","og_image":[{"width":1200,"height":1300,"url":"https:\/\/www.diario21.tv\/noticias\/wp-content\/uploads\/2025\/10\/Leon-XIV-y-Carlos-III-rezan-en-la-Capilla-Sixtina.jpg","type":"image\/jpeg"}],"author":"Juan P\u00e9rez","twitter_card":"summary_large_image","twitter_misc":{"Escrito por":"Juan P\u00e9rez","Tiempo de lectura":"2 minutos"},"schema":{"@context":"https:\/\/schema.org","@graph":[{"@type":"WebPage","@id":"https:\/\/www.diario21.tv\/noticias\/leon-xiv-y-carlos-iii-rezan-en-la-capilla-sixtina-momento-historico-capturado\/","url":"https:\/\/www.diario21.tv\/noticias\/leon-xiv-y-carlos-iii-rezan-en-la-capilla-sixtina-momento-historico-capturado\/","name":"Le\u00f3n XIV y Carlos III rezan en la Capilla Sixtina: \u00a1Momento hist\u00f3rico capturado! - Diario 21","isPartOf":{"@id":"https:\/\/www.diario21.tv\/noticias\/#website"},"primaryImageOfPage":{"@id":"https:\/\/www.diario21.tv\/noticias\/leon-xiv-y-carlos-iii-rezan-en-la-capilla-sixtina-momento-historico-capturado\/#primaryimage"},"image":{"@id":"https:\/\/www.diario21.tv\/noticias\/leon-xiv-y-carlos-iii-rezan-en-la-capilla-sixtina-momento-historico-capturado\/#primaryimage"},"thumbnailUrl":"https:\/\/www.diario21.tv\/noticias\/wp-content\/uploads\/2025\/10\/Leon-XIV-y-Carlos-III-rezan-en-la-Capilla-Sixtina.jpg","datePublished":"2025-10-26T15:15:36+00:00","dateModified":"2025-10-26T15:15:39+00:00","author":{"@id":"https:\/\/www.diario21.tv\/noticias\/#\/schema\/person\/dfb778f73814d8f09f302618446a526b"},"breadcrumb":{"@id":"https:\/\/www.diario21.tv\/noticias\/leon-xiv-y-carlos-iii-rezan-en-la-capilla-sixtina-momento-historico-capturado\/#breadcrumb"},"inLanguage":"es-AR","potentialAction":[{"@type":"ReadAction","target":["https:\/\/www.diario21.tv\/noticias\/leon-xiv-y-carlos-iii-rezan-en-la-capilla-sixtina-momento-historico-capturado\/"]}]},{"@type":"ImageObject","inLanguage":"es-AR","@id":"https:\/\/www.diario21.tv\/noticias\/leon-xiv-y-carlos-iii-rezan-en-la-capilla-sixtina-momento-historico-capturado\/#primaryimage","url":"https:\/\/www.diario21.tv\/noticias\/wp-content\/uploads\/2025\/10\/Leon-XIV-y-Carlos-III-rezan-en-la-Capilla-Sixtina.jpg","contentUrl":"https:\/\/www.diario21.tv\/noticias\/wp-content\/uploads\/2025\/10\/Leon-XIV-y-Carlos-III-rezan-en-la-Capilla-Sixtina.jpg","width":1200,"height":1300,"caption":"Le\u00f3n XIV y Carlos III rezan juntos en la Capilla Sixtina en una imagen hist\u00f3rica"},{"@type":"BreadcrumbList","@id":"https:\/\/www.diario21.tv\/noticias\/leon-xiv-y-carlos-iii-rezan-en-la-capilla-sixtina-momento-historico-capturado\/#breadcrumb","itemListElement":[{"@type":"ListItem","position":1,"name":"Accueil","item":"https:\/\/www.diario21.tv\/noticias\/"},{"@type":"ListItem","position":2,"name":"Le\u00f3n XIV y Carlos III rezan en la Capilla Sixtina: \u00a1Momento hist\u00f3rico capturado!"}]},{"@type":"WebSite","@id":"https:\/\/www.diario21.tv\/noticias\/#website","url":"https:\/\/www.diario21.tv\/noticias\/","name":"Diario 21","description":"","potentialAction":[{"@type":"SearchAction","target":{"@type":"EntryPoint","urlTemplate":"https:\/\/www.diario21.tv\/noticias\/?s={search_term_string}"},"query-input":{"@type":"PropertyValueSpecification","valueRequired":true,"valueName":"search_term_string"}}],"inLanguage":"es-AR"},{"@type":"Person","@id":"https:\/\/www.diario21.tv\/noticias\/#\/schema\/person\/dfb778f73814d8f09f302618446a526b","name":"Juan P\u00e9rez","image":{"@type":"ImageObject","inLanguage":"es-AR","@id":"https:\/\/www.diario21.tv\/noticias\/#\/schema\/person\/image\/","url":"https:\/\/secure.gravatar.com\/avatar\/c478a405bd10621167f4c3167cc770f5?s=96&d=mm&r=g","contentUrl":"https:\/\/secure.gravatar.com\/avatar\/c478a405bd10621167f4c3167cc770f5?s=96&d=mm&r=g","caption":"Juan P\u00e9rez"},"description":"Juan P\u00e9rez es el redactor en jefe de Diario 21. Con m\u00e1s de 10 a\u00f1os de experiencia en el periodismo, se especializa en pol\u00edtica nacional y an\u00e1lisis socioecon\u00f3mico. Su enfoque cr\u00edtico y riguroso aporta una perspectiva \u00fanica a cada art\u00edculo.","sameAs":["https:\/\/www.diario21.tv\/noticias\/"],"url":"https:\/\/www.diario21.tv\/noticias\/author\/juan-perez\/"}]}},"_links":{"self":[{"href":"https:\/\/www.diario21.tv\/noticias\/wp-json\/wp\/v2\/posts\/4974"}],"collection":[{"href":"https:\/\/www.diario21.tv\/noticias\/wp-json\/wp\/v2\/posts"}],"about":[{"href":"https:\/\/www.diario21.tv\/noticias\/wp-json\/wp\/v2\/types\/post"}],"author":[{"embeddable":true,"href":"https:\/\/www.diario21.tv\/noticias\/wp-json\/wp\/v2\/users\/20"}],"replies":[{"embeddable":true,"href":"https:\/\/www.diario21.tv\/noticias\/wp-json\/wp\/v2\/comments?post=4974"}],"version-history":[{"count":1,"href":"https:\/\/www.diario21.tv\/noticias\/wp-json\/wp\/v2\/posts\/4974\/revisions"}],"predecessor-version":[{"id":4976,"href":"https:\/\/www.diario21.tv\/noticias\/wp-json\/wp\/v2\/posts\/4974\/revisions\/4976"}],"wp:featuredmedia":[{"embeddable":true,"href":"https:\/\/www.diario21.tv\/noticias\/wp-json\/wp\/v2\/media\/4975"}],"wp:attachment":[{"href":"https:\/\/www.diario21.tv\/noticias\/wp-json\/wp\/v2\/media?parent=4974"}],"wp:term":[{"taxonomy":"category","embeddable":true,"href":"https:\/\/www.diario21.tv\/noticias\/wp-json\/wp\/v2\/categories?post=4974"},{"taxonomy":"post_tag","embeddable":true,"href":"https:\/\/www.diario21.tv\/noticias\/wp-json\/wp\/v2\/tags?post=4974"}],"curies":[{"name":"wp","href":"https:\/\/api.w.org\/{rel}","templated":true}]}}