{"id":4965,"date":"2025-10-25T21:09:11","date_gmt":"2025-10-25T21:09:11","guid":{"rendered":"https:\/\/www.diario21.tv\/noticias\/de-enrique-viii-a-carlos-iii-evolucion-real-y-acercamientos-historicos-descubrelo\/"},"modified":"2025-10-25T21:09:12","modified_gmt":"2025-10-25T21:09:12","slug":"de-enrique-viii-a-carlos-iii-evolucion-real-y-acercamientos-historicos-descubrelo","status":"publish","type":"post","link":"https:\/\/www.diario21.tv\/noticias\/de-enrique-viii-a-carlos-iii-evolucion-real-y-acercamientos-historicos-descubrelo\/","title":{"rendered":"De Enrique VIII a Carlos III: Evoluci\u00f3n Real y Acercamientos Hist\u00f3ricos \u00a1Desc\u00fabrelo!"},"content":{"rendered":"<h3>De la Disoluci\u00f3n de Enrique VIII a la Conciliaci\u00f3n de Carlos III<br \/><\/h3>\n<p>\nLa historia de la monarqu\u00eda brit\u00e1nica y la Iglesia ha estado llena de tensiones y transformaciones significativas. Desde la \u00e9poca de Enrique VIII, quien instaur\u00f3 una ruptura dram\u00e1tica con la Iglesia Cat\u00f3lica, hasta nuestros d\u00edas con Carlos III, cuya postura parece ser m\u00e1s inclinante hacia una reconciliaci\u00f3n y un acercamiento a la fe cat\u00f3lica, el recorrido ha sido largo y lleno de cambios ideol\u00f3gicos.<\/p>\n<h3>La Ruptura Hist\u00f3rica de Enrique VIII<br \/><\/h3>\n<p>\nEn el siglo XVI, Enrique VIII provoc\u00f3 uno de los cismas religiosos m\u00e1s significativos en la historia de Inglaterra al separarse de la Iglesia Cat\u00f3lica. Esta decisi\u00f3n estuvo motivada principalmente por su deseo de anular su matrimonio con Catalina de Arag\u00f3n, con quien no logr\u00f3 tener un heredero var\u00f3n. El Papa Clemente VII se neg\u00f3 a anular el matrimonio, lo que llev\u00f3 a Enrique a establecer la Iglesia de Inglaterra, coloc\u00e1ndose a s\u00ed mismo y a sus sucesores como los supremos l\u00edderes religiosos de la misma. Este acto no solo cambi\u00f3 la estructura religiosa del pa\u00eds, sino que tambi\u00e9n redefini\u00f3 el papel de la monarqu\u00eda en asuntos eclesi\u00e1sticos.<\/p>\n<h3>Carlos III y el Acercamiento a la Fe Cat\u00f3lica<br \/><\/h3>\n<p>\nAvanzando r\u00e1pidamente hasta el siglo XXI, nos encontramos con una actitud notablemente diferente en la figura de Carlos III. A diferencia de sus predecesores, Carlos ha mostrado un inter\u00e9s en fomentar la unidad y el respeto entre diferentes tradiciones religiosas, incluida la fe cat\u00f3lica. Aunque sigue siendo el jefe supremo de la Iglesia de Inglaterra, su enfoque ecum\u00e9nico es evidente.<\/p>\n<p>Carlos III ha hecho declaraciones que sugieren una apertura hacia otras denominaciones cristianas y ha participado en numerosos eventos que promueven el di\u00e1logo interreligioso. Este cambio de tono no solo refleja una evoluci\u00f3n personal en su enfoque hacia la religi\u00f3n, sino que tambi\u00e9n puede ser visto como un reflejo de los cambios sociales y culturales m\u00e1s amplios que se han desarrollado en el Reino Unido, donde ahora existe una mayor diversidad y aceptaci\u00f3n de diferentes creencias.<\/p>\n<h3>Implicaciones de Esta Transformaci\u00f3n<br \/><\/h3>\n<p>\nEl cambio desde la \u00e9poca de Enrique VIII hasta la era de Carlos III ilustra una flexibilidad y adaptaci\u00f3n de la monarqu\u00eda brit\u00e1nica a los tiempos cambiantes. La actitud de Carlos III hacia la fe cat\u00f3lica y su enfoque inclusivo pueden tener implicaciones significativas para la relaci\u00f3n entre la corona y diversas comunidades religiosas en el Reino Unido.<\/p>\n<p>Aunque la monarqu\u00eda ya no ejerce el poder pol\u00edtico directo que ten\u00eda en los tiempos de Enrique VIII, sigue siendo una figura de considerable influencia cultural y espiritual. La habilidad de Carlos III para tender puentes entre diferentes grupos religiosos podr\u00eda ayudar a fortalecer la cohesi\u00f3n social y promover una mayor comprensi\u00f3n mutua entre las diversas comunidades del Reino Unido.<\/p>\n<h3>Conclusi\u00f3n<br \/><\/h3>\n<p>\nDesde la disoluci\u00f3n de la Iglesia Cat\u00f3lica por Enrique VIII hasta el acercamiento contempor\u00e1neo de Carlos III hacia la reconciliaci\u00f3n religiosa, la monarqu\u00eda brit\u00e1nica ha mostrado una notable capacidad de evoluci\u00f3n y adaptaci\u00f3n. Este viaje no solo refleja los cambios en la estructura eclesi\u00e1stica y pol\u00edtica, sino tambi\u00e9n en el tejido mismo de la sociedad brit\u00e1nica. La era de Carlos III, marcada por un enfoque m\u00e1s inclusivo y conciliador, podr\u00eda abrir nuevas v\u00edas para el di\u00e1logo y la unidad en un mundo cada vez m\u00e1s diverso y plural.<\/p>\n\n\n<div class=\"kk-star-ratings kksr-auto kksr-align-left kksr-valign-bottom\"\n    data-payload='{&quot;align&quot;:&quot;left&quot;,&quot;id&quot;:&quot;4965&quot;,&quot;slug&quot;:&quot;default&quot;,&quot;valign&quot;:&quot;bottom&quot;,&quot;ignore&quot;:&quot;&quot;,&quot;reference&quot;:&quot;auto&quot;,&quot;class&quot;:&quot;&quot;,&quot;count&quot;:&quot;0&quot;,&quot;legendonly&quot;:&quot;&quot;,&quot;readonly&quot;:&quot;&quot;,&quot;score&quot;:&quot;0&quot;,&quot;starsonly&quot;:&quot;&quot;,&quot;best&quot;:&quot;5&quot;,&quot;gap&quot;:&quot;5&quot;,&quot;greet&quot;:&quot;Valora este post&quot;,&quot;legend&quot;:&quot;0\\\/5 - (0 votes)&quot;,&quot;size&quot;:&quot;22&quot;,&quot;title&quot;:&quot;De Enrique VIII a Carlos III: Evoluci\u00f3n Real y Acercamientos Hist\u00f3ricos \u00a1Desc\u00fabrelo!&quot;,&quot;width&quot;:&quot;0&quot;,&quot;_legend&quot;:&quot;{score}\\\/{best} - ({count} {votes})&quot;,&quot;font_factor&quot;:&quot;1.25&quot;}'>\n            \n<div class=\"kksr-stars\">\n    \n<div class=\"kksr-stars-inactive\">\n            <div class=\"kksr-star\" data-star=\"1\" style=\"padding-right: 5px\">\n            \n\n<div class=\"kksr-icon\" style=\"width: 22px; height: 22px;\"><\/div>\n        <\/div>\n            <div class=\"kksr-star\" data-star=\"2\" style=\"padding-right: 5px\">\n            \n\n<div class=\"kksr-icon\" style=\"width: 22px; height: 22px;\"><\/div>\n        <\/div>\n            <div class=\"kksr-star\" data-star=\"3\" style=\"padding-right: 5px\">\n            \n\n<div class=\"kksr-icon\" style=\"width: 22px; height: 22px;\"><\/div>\n        <\/div>\n            <div class=\"kksr-star\" data-star=\"4\" style=\"padding-right: 5px\">\n            \n\n<div class=\"kksr-icon\" style=\"width: 22px; height: 22px;\"><\/div>\n        <\/div>\n            <div class=\"kksr-star\" data-star=\"5\" style=\"padding-right: 5px\">\n            \n\n<div class=\"kksr-icon\" style=\"width: 22px; height: 22px;\"><\/div>\n        <\/div>\n    <\/div>\n    \n<div class=\"kksr-stars-active\" style=\"width: 0px;\">\n            <div class=\"kksr-star\" style=\"padding-right: 5px\">\n            \n\n<div class=\"kksr-icon\" style=\"width: 22px; height: 22px;\"><\/div>\n        <\/div>\n            <div class=\"kksr-star\" style=\"padding-right: 5px\">\n            \n\n<div class=\"kksr-icon\" style=\"width: 22px; height: 22px;\"><\/div>\n        <\/div>\n            <div class=\"kksr-star\" style=\"padding-right: 5px\">\n            \n\n<div class=\"kksr-icon\" style=\"width: 22px; height: 22px;\"><\/div>\n        <\/div>\n            <div class=\"kksr-star\" style=\"padding-right: 5px\">\n            \n\n<div class=\"kksr-icon\" style=\"width: 22px; height: 22px;\"><\/div>\n        <\/div>\n            <div class=\"kksr-star\" style=\"padding-right: 5px\">\n            \n\n<div class=\"kksr-icon\" style=\"width: 22px; height: 22px;\"><\/div>\n        <\/div>\n    <\/div>\n<\/div>\n                \n\n<div class=\"kksr-legend\" style=\"font-size: 17.6px;\">\n            <span class=\"kksr-muted\">Valora este post<\/span>\n    <\/div>\n    <\/div>\n","protected":false},"excerpt":{"rendered":"<p>De la Disoluci\u00f3n de Enrique VIII a la Conciliaci\u00f3n de Carlos III La historia de la monarqu\u00eda brit\u00e1nica y la Iglesia ha estado llena de tensiones &#8230; <a title=\"De Enrique VIII a Carlos III: Evoluci\u00f3n Real y Acercamientos Hist\u00f3ricos \u00a1Desc\u00fabrelo!\" class=\"read-more\" href=\"https:\/\/www.diario21.tv\/noticias\/de-enrique-viii-a-carlos-iii-evolucion-real-y-acercamientos-historicos-descubrelo\/\" aria-label=\"Leer m\u00e1s sobre De Enrique VIII a Carlos III: Evoluci\u00f3n Real y Acercamientos Hist\u00f3ricos \u00a1Desc\u00fabrelo!\">Seguir leyendo &rarr;<\/a><\/p>\n","protected":false},"author":20,"featured_media":4966,"comment_status":"open","ping_status":"open","sticky":false,"template":"","format":"standard","meta":{"footnotes":""},"categories":[13],"tags":[],"class_list":["post-4965","post","type-post","status-publish","format-standard","has-post-thumbnail","hentry","category-portada"],"yoast_head":"<!-- This site is optimized with the Yoast SEO plugin v25.6 - https:\/\/yoast.com\/wordpress\/plugins\/seo\/ -->\n<title>De Enrique VIII a Carlos III: Evoluci\u00f3n Real y Acercamientos Hist\u00f3ricos \u00a1Desc\u00fabrelo! - Diario 21<\/title>\n<meta name=\"robots\" content=\"index, follow, max-snippet:-1, max-image-preview:large, max-video-preview:-1\" \/>\n<link rel=\"canonical\" href=\"https:\/\/www.diario21.tv\/noticias\/de-enrique-viii-a-carlos-iii-evolucion-real-y-acercamientos-historicos-descubrelo\/\" \/>\n<meta property=\"og:locale\" content=\"es_ES\" \/>\n<meta property=\"og:type\" content=\"article\" \/>\n<meta property=\"og:title\" content=\"De Enrique VIII a Carlos III: Evoluci\u00f3n Real y Acercamientos Hist\u00f3ricos \u00a1Desc\u00fabrelo! - Diario 21\" \/>\n<meta property=\"og:description\" content=\"De la Disoluci\u00f3n de Enrique VIII a la Conciliaci\u00f3n de Carlos III La historia de la monarqu\u00eda brit\u00e1nica y la Iglesia ha estado llena de tensiones ... Seguir leyendo &rarr;\" \/>\n<meta property=\"og:url\" content=\"https:\/\/www.diario21.tv\/noticias\/de-enrique-viii-a-carlos-iii-evolucion-real-y-acercamientos-historicos-descubrelo\/\" \/>\n<meta property=\"og:site_name\" content=\"Diario 21\" \/>\n<meta property=\"article:published_time\" content=\"2025-10-25T21:09:11+00:00\" \/>\n<meta property=\"article:modified_time\" content=\"2025-10-25T21:09:12+00:00\" \/>\n<meta property=\"og:image\" content=\"https:\/\/www.diario21.tv\/noticias\/wp-content\/uploads\/2025\/10\/De-Enrique-VIII-a-Carlos-III-Evolucion-Real-y-Acercamientos.jpg\" \/>\n\t<meta property=\"og:image:width\" content=\"1198\" \/>\n\t<meta property=\"og:image:height\" content=\"840\" \/>\n\t<meta property=\"og:image:type\" content=\"image\/jpeg\" \/>\n<meta name=\"author\" content=\"Juan P\u00e9rez\" \/>\n<meta name=\"twitter:card\" content=\"summary_large_image\" \/>\n<meta name=\"twitter:label1\" content=\"Escrito por\" \/>\n\t<meta name=\"twitter:data1\" content=\"Juan P\u00e9rez\" \/>\n\t<meta name=\"twitter:label2\" content=\"Tiempo de lectura\" \/>\n\t<meta name=\"twitter:data2\" content=\"3 minutos\" \/>\n<script type=\"application\/ld+json\" class=\"yoast-schema-graph\">{\"@context\":\"https:\/\/schema.org\",\"@graph\":[{\"@type\":\"WebPage\",\"@id\":\"https:\/\/www.diario21.tv\/noticias\/de-enrique-viii-a-carlos-iii-evolucion-real-y-acercamientos-historicos-descubrelo\/\",\"url\":\"https:\/\/www.diario21.tv\/noticias\/de-enrique-viii-a-carlos-iii-evolucion-real-y-acercamientos-historicos-descubrelo\/\",\"name\":\"De Enrique VIII a Carlos III: Evoluci\u00f3n Real y Acercamientos Hist\u00f3ricos \u00a1Desc\u00fabrelo! - Diario 21\",\"isPartOf\":{\"@id\":\"https:\/\/www.diario21.tv\/noticias\/#website\"},\"primaryImageOfPage\":{\"@id\":\"https:\/\/www.diario21.tv\/noticias\/de-enrique-viii-a-carlos-iii-evolucion-real-y-acercamientos-historicos-descubrelo\/#primaryimage\"},\"image\":{\"@id\":\"https:\/\/www.diario21.tv\/noticias\/de-enrique-viii-a-carlos-iii-evolucion-real-y-acercamientos-historicos-descubrelo\/#primaryimage\"},\"thumbnailUrl\":\"https:\/\/www.diario21.tv\/noticias\/wp-content\/uploads\/2025\/10\/De-Enrique-VIII-a-Carlos-III-Evolucion-Real-y-Acercamientos.jpg\",\"datePublished\":\"2025-10-25T21:09:11+00:00\",\"dateModified\":\"2025-10-25T21:09:12+00:00\",\"author\":{\"@id\":\"https:\/\/www.diario21.tv\/noticias\/#\/schema\/person\/dfb778f73814d8f09f302618446a526b\"},\"breadcrumb\":{\"@id\":\"https:\/\/www.diario21.tv\/noticias\/de-enrique-viii-a-carlos-iii-evolucion-real-y-acercamientos-historicos-descubrelo\/#breadcrumb\"},\"inLanguage\":\"es-AR\",\"potentialAction\":[{\"@type\":\"ReadAction\",\"target\":[\"https:\/\/www.diario21.tv\/noticias\/de-enrique-viii-a-carlos-iii-evolucion-real-y-acercamientos-historicos-descubrelo\/\"]}]},{\"@type\":\"ImageObject\",\"inLanguage\":\"es-AR\",\"@id\":\"https:\/\/www.diario21.tv\/noticias\/de-enrique-viii-a-carlos-iii-evolucion-real-y-acercamientos-historicos-descubrelo\/#primaryimage\",\"url\":\"https:\/\/www.diario21.tv\/noticias\/wp-content\/uploads\/2025\/10\/De-Enrique-VIII-a-Carlos-III-Evolucion-Real-y-Acercamientos.jpg\",\"contentUrl\":\"https:\/\/www.diario21.tv\/noticias\/wp-content\/uploads\/2025\/10\/De-Enrique-VIII-a-Carlos-III-Evolucion-Real-y-Acercamientos.jpg\",\"width\":1198,\"height\":840,\"caption\":\"De la ruptura de Enrique VIII al acercamiento de Carlos III\"},{\"@type\":\"BreadcrumbList\",\"@id\":\"https:\/\/www.diario21.tv\/noticias\/de-enrique-viii-a-carlos-iii-evolucion-real-y-acercamientos-historicos-descubrelo\/#breadcrumb\",\"itemListElement\":[{\"@type\":\"ListItem\",\"position\":1,\"name\":\"Accueil\",\"item\":\"https:\/\/www.diario21.tv\/noticias\/\"},{\"@type\":\"ListItem\",\"position\":2,\"name\":\"De Enrique VIII a Carlos III: Evoluci\u00f3n Real y Acercamientos Hist\u00f3ricos \u00a1Desc\u00fabrelo!\"}]},{\"@type\":\"WebSite\",\"@id\":\"https:\/\/www.diario21.tv\/noticias\/#website\",\"url\":\"https:\/\/www.diario21.tv\/noticias\/\",\"name\":\"Diario 21\",\"description\":\"\",\"potentialAction\":[{\"@type\":\"SearchAction\",\"target\":{\"@type\":\"EntryPoint\",\"urlTemplate\":\"https:\/\/www.diario21.tv\/noticias\/?s={search_term_string}\"},\"query-input\":{\"@type\":\"PropertyValueSpecification\",\"valueRequired\":true,\"valueName\":\"search_term_string\"}}],\"inLanguage\":\"es-AR\"},{\"@type\":\"Person\",\"@id\":\"https:\/\/www.diario21.tv\/noticias\/#\/schema\/person\/dfb778f73814d8f09f302618446a526b\",\"name\":\"Juan P\u00e9rez\",\"image\":{\"@type\":\"ImageObject\",\"inLanguage\":\"es-AR\",\"@id\":\"https:\/\/www.diario21.tv\/noticias\/#\/schema\/person\/image\/\",\"url\":\"https:\/\/secure.gravatar.com\/avatar\/c478a405bd10621167f4c3167cc770f5?s=96&d=mm&r=g\",\"contentUrl\":\"https:\/\/secure.gravatar.com\/avatar\/c478a405bd10621167f4c3167cc770f5?s=96&d=mm&r=g\",\"caption\":\"Juan P\u00e9rez\"},\"description\":\"Juan P\u00e9rez es el redactor en jefe de Diario 21. Con m\u00e1s de 10 a\u00f1os de experiencia en el periodismo, se especializa en pol\u00edtica nacional y an\u00e1lisis socioecon\u00f3mico. Su enfoque cr\u00edtico y riguroso aporta una perspectiva \u00fanica a cada art\u00edculo.\",\"sameAs\":[\"https:\/\/www.diario21.tv\/noticias\/\"],\"url\":\"https:\/\/www.diario21.tv\/noticias\/author\/juan-perez\/\"}]}<\/script>\n<!-- \/ Yoast SEO plugin. -->","yoast_head_json":{"title":"De Enrique VIII a Carlos III: Evoluci\u00f3n Real y Acercamientos Hist\u00f3ricos \u00a1Desc\u00fabrelo! - Diario 21","robots":{"index":"index","follow":"follow","max-snippet":"max-snippet:-1","max-image-preview":"max-image-preview:large","max-video-preview":"max-video-preview:-1"},"canonical":"https:\/\/www.diario21.tv\/noticias\/de-enrique-viii-a-carlos-iii-evolucion-real-y-acercamientos-historicos-descubrelo\/","og_locale":"es_ES","og_type":"article","og_title":"De Enrique VIII a Carlos III: Evoluci\u00f3n Real y Acercamientos Hist\u00f3ricos \u00a1Desc\u00fabrelo! - Diario 21","og_description":"De la Disoluci\u00f3n de Enrique VIII a la Conciliaci\u00f3n de Carlos III La historia de la monarqu\u00eda brit\u00e1nica y la Iglesia ha estado llena de tensiones ... Seguir leyendo &rarr;","og_url":"https:\/\/www.diario21.tv\/noticias\/de-enrique-viii-a-carlos-iii-evolucion-real-y-acercamientos-historicos-descubrelo\/","og_site_name":"Diario 21","article_published_time":"2025-10-25T21:09:11+00:00","article_modified_time":"2025-10-25T21:09:12+00:00","og_image":[{"width":1198,"height":840,"url":"https:\/\/www.diario21.tv\/noticias\/wp-content\/uploads\/2025\/10\/De-Enrique-VIII-a-Carlos-III-Evolucion-Real-y-Acercamientos.jpg","type":"image\/jpeg"}],"author":"Juan P\u00e9rez","twitter_card":"summary_large_image","twitter_misc":{"Escrito por":"Juan P\u00e9rez","Tiempo de lectura":"3 minutos"},"schema":{"@context":"https:\/\/schema.org","@graph":[{"@type":"WebPage","@id":"https:\/\/www.diario21.tv\/noticias\/de-enrique-viii-a-carlos-iii-evolucion-real-y-acercamientos-historicos-descubrelo\/","url":"https:\/\/www.diario21.tv\/noticias\/de-enrique-viii-a-carlos-iii-evolucion-real-y-acercamientos-historicos-descubrelo\/","name":"De Enrique VIII a Carlos III: Evoluci\u00f3n Real y Acercamientos Hist\u00f3ricos \u00a1Desc\u00fabrelo! - Diario 21","isPartOf":{"@id":"https:\/\/www.diario21.tv\/noticias\/#website"},"primaryImageOfPage":{"@id":"https:\/\/www.diario21.tv\/noticias\/de-enrique-viii-a-carlos-iii-evolucion-real-y-acercamientos-historicos-descubrelo\/#primaryimage"},"image":{"@id":"https:\/\/www.diario21.tv\/noticias\/de-enrique-viii-a-carlos-iii-evolucion-real-y-acercamientos-historicos-descubrelo\/#primaryimage"},"thumbnailUrl":"https:\/\/www.diario21.tv\/noticias\/wp-content\/uploads\/2025\/10\/De-Enrique-VIII-a-Carlos-III-Evolucion-Real-y-Acercamientos.jpg","datePublished":"2025-10-25T21:09:11+00:00","dateModified":"2025-10-25T21:09:12+00:00","author":{"@id":"https:\/\/www.diario21.tv\/noticias\/#\/schema\/person\/dfb778f73814d8f09f302618446a526b"},"breadcrumb":{"@id":"https:\/\/www.diario21.tv\/noticias\/de-enrique-viii-a-carlos-iii-evolucion-real-y-acercamientos-historicos-descubrelo\/#breadcrumb"},"inLanguage":"es-AR","potentialAction":[{"@type":"ReadAction","target":["https:\/\/www.diario21.tv\/noticias\/de-enrique-viii-a-carlos-iii-evolucion-real-y-acercamientos-historicos-descubrelo\/"]}]},{"@type":"ImageObject","inLanguage":"es-AR","@id":"https:\/\/www.diario21.tv\/noticias\/de-enrique-viii-a-carlos-iii-evolucion-real-y-acercamientos-historicos-descubrelo\/#primaryimage","url":"https:\/\/www.diario21.tv\/noticias\/wp-content\/uploads\/2025\/10\/De-Enrique-VIII-a-Carlos-III-Evolucion-Real-y-Acercamientos.jpg","contentUrl":"https:\/\/www.diario21.tv\/noticias\/wp-content\/uploads\/2025\/10\/De-Enrique-VIII-a-Carlos-III-Evolucion-Real-y-Acercamientos.jpg","width":1198,"height":840,"caption":"De la ruptura de Enrique VIII al acercamiento de Carlos III"},{"@type":"BreadcrumbList","@id":"https:\/\/www.diario21.tv\/noticias\/de-enrique-viii-a-carlos-iii-evolucion-real-y-acercamientos-historicos-descubrelo\/#breadcrumb","itemListElement":[{"@type":"ListItem","position":1,"name":"Accueil","item":"https:\/\/www.diario21.tv\/noticias\/"},{"@type":"ListItem","position":2,"name":"De Enrique VIII a Carlos III: Evoluci\u00f3n Real y Acercamientos Hist\u00f3ricos \u00a1Desc\u00fabrelo!"}]},{"@type":"WebSite","@id":"https:\/\/www.diario21.tv\/noticias\/#website","url":"https:\/\/www.diario21.tv\/noticias\/","name":"Diario 21","description":"","potentialAction":[{"@type":"SearchAction","target":{"@type":"EntryPoint","urlTemplate":"https:\/\/www.diario21.tv\/noticias\/?s={search_term_string}"},"query-input":{"@type":"PropertyValueSpecification","valueRequired":true,"valueName":"search_term_string"}}],"inLanguage":"es-AR"},{"@type":"Person","@id":"https:\/\/www.diario21.tv\/noticias\/#\/schema\/person\/dfb778f73814d8f09f302618446a526b","name":"Juan P\u00e9rez","image":{"@type":"ImageObject","inLanguage":"es-AR","@id":"https:\/\/www.diario21.tv\/noticias\/#\/schema\/person\/image\/","url":"https:\/\/secure.gravatar.com\/avatar\/c478a405bd10621167f4c3167cc770f5?s=96&d=mm&r=g","contentUrl":"https:\/\/secure.gravatar.com\/avatar\/c478a405bd10621167f4c3167cc770f5?s=96&d=mm&r=g","caption":"Juan P\u00e9rez"},"description":"Juan P\u00e9rez es el redactor en jefe de Diario 21. Con m\u00e1s de 10 a\u00f1os de experiencia en el periodismo, se especializa en pol\u00edtica nacional y an\u00e1lisis socioecon\u00f3mico. Su enfoque cr\u00edtico y riguroso aporta una perspectiva \u00fanica a cada art\u00edculo.","sameAs":["https:\/\/www.diario21.tv\/noticias\/"],"url":"https:\/\/www.diario21.tv\/noticias\/author\/juan-perez\/"}]}},"_links":{"self":[{"href":"https:\/\/www.diario21.tv\/noticias\/wp-json\/wp\/v2\/posts\/4965"}],"collection":[{"href":"https:\/\/www.diario21.tv\/noticias\/wp-json\/wp\/v2\/posts"}],"about":[{"href":"https:\/\/www.diario21.tv\/noticias\/wp-json\/wp\/v2\/types\/post"}],"author":[{"embeddable":true,"href":"https:\/\/www.diario21.tv\/noticias\/wp-json\/wp\/v2\/users\/20"}],"replies":[{"embeddable":true,"href":"https:\/\/www.diario21.tv\/noticias\/wp-json\/wp\/v2\/comments?post=4965"}],"version-history":[{"count":1,"href":"https:\/\/www.diario21.tv\/noticias\/wp-json\/wp\/v2\/posts\/4965\/revisions"}],"predecessor-version":[{"id":4967,"href":"https:\/\/www.diario21.tv\/noticias\/wp-json\/wp\/v2\/posts\/4965\/revisions\/4967"}],"wp:featuredmedia":[{"embeddable":true,"href":"https:\/\/www.diario21.tv\/noticias\/wp-json\/wp\/v2\/media\/4966"}],"wp:attachment":[{"href":"https:\/\/www.diario21.tv\/noticias\/wp-json\/wp\/v2\/media?parent=4965"}],"wp:term":[{"taxonomy":"category","embeddable":true,"href":"https:\/\/www.diario21.tv\/noticias\/wp-json\/wp\/v2\/categories?post=4965"},{"taxonomy":"post_tag","embeddable":true,"href":"https:\/\/www.diario21.tv\/noticias\/wp-json\/wp\/v2\/tags?post=4965"}],"curies":[{"name":"wp","href":"https:\/\/api.w.org\/{rel}","templated":true}]}}