{"id":4959,"date":"2025-10-25T09:06:29","date_gmt":"2025-10-25T09:06:29","guid":{"rendered":"https:\/\/www.diario21.tv\/noticias\/desmantelan-red-de-30-arrestados-por-abandonar-hijos-y-explotar-acogida-de-menores-migrantes\/"},"modified":"2025-10-25T09:06:30","modified_gmt":"2025-10-25T09:06:30","slug":"desmantelan-red-de-30-arrestados-por-abandonar-hijos-y-explotar-acogida-de-menores-migrantes","status":"publish","type":"post","link":"https:\/\/www.diario21.tv\/noticias\/desmantelan-red-de-30-arrestados-por-abandonar-hijos-y-explotar-acogida-de-menores-migrantes\/","title":{"rendered":"Desmantelan red de 30 arrestados por abandonar hijos y explotar acogida de menores migrantes."},"content":{"rendered":"<h2>Desarticulada una Organizaci\u00f3n por Dejar a Sus Hijos a Fin de Aprovecharse del Sistema de Acogida de Menores Migrantes<\/h2>\n<p>En un reciente operativo policial, se ha desmantelado una red compuesta por 30 individuos acusados de abandonar a sus propios hijos. Este acto ten\u00eda como fin \u00faltimo beneficiarse de las ayudas estatales destinadas a la acogida de menores migrantes. La investigaci\u00f3n, que culmin\u00f3 con m\u00faltiples detenciones, revel\u00f3 un esquema en el cual los padres dejaban a sus hijos, pretendiendo que eran menores migrantes no acompa\u00f1ados.<\/p>\n<h3>Detalles del Operativo<\/h3>\n<p>La operaci\u00f3n, que se llev\u00f3 a cabo simult\u00e1neamente en varias localidades, permiti\u00f3 la detenci\u00f3n de 30 personas implicadas en esta red. Seg\u00fan fuentes policiales, este grupo operaba coordinando el abandono de ni\u00f1os en centros de acogida, para luego solicitar las ayudas gubernamentales que se otorgan para el cuidado de menores migrantes no acompa\u00f1ados. Los detenidos enfrentan ahora cargos por abuso de sistema de protecci\u00f3n infantil y fraude.<\/p>\n<h3>Impacto en los Menores<\/h3>\n<p>El abandono de estos ni\u00f1os en instituciones bajo la falsa identidad de migrantes ha provocado no solo una estafa a nivel econ\u00f3mico, sino tambi\u00e9n un grave impacto emocional y psicol\u00f3gico en los menores afectados. Estos ni\u00f1os, al ser separados de sus familias bajo circunstancias enga\u00f1osas, enfrentan desaf\u00edos significativos. Las autoridades enfatizan la gravedad del da\u00f1o emocional, que se suma a la manipulaci\u00f3n de sistemas de protecci\u00f3n dise\u00f1ados para ayudar a los realmente necesitados.<\/p>\n<h3>Reacciones y Consecuencias<\/h3>\n<p>La noticia de este desmantelamiento ha provocado una amplia condena por parte de la opini\u00f3n p\u00fablica y ha puesto de relieve la necesidad de fortalecer los mecanismos de control en los procesos de acogida de menores. Adem\u00e1s, se ha iniciado una revisi\u00f3n de los casos de los ni\u00f1os involucrados, para asegurar su bienestar y proporcionarles el apoyo necesario para reintegrarlos a un ambiente familiar seguro, ya sea con sus familias biol\u00f3gicas bajo condiciones supervisadas o con familias adoptivas.<\/p>\n<p>Este caso tambi\u00e9n ha impulsado a las autoridades a revisar y posiblemente endurecer las pol\u00edticas relacionadas con la acogida y el cuidado de menores migrantes, para prevenir que tales abusos se repitan en el futuro. Las discusiones sobre c\u00f3mo mejorar la vigilancia y la verificaci\u00f3n de los casos de menores no acompa\u00f1ados est\u00e1n en curso, con el objetivo de proteger mejor a los ni\u00f1os y asegurar que las ayudas lleguen a quienes realmente las necesitan.<\/p>\n\n\n<div class=\"kk-star-ratings kksr-auto kksr-align-left kksr-valign-bottom\"\n    data-payload='{&quot;align&quot;:&quot;left&quot;,&quot;id&quot;:&quot;4959&quot;,&quot;slug&quot;:&quot;default&quot;,&quot;valign&quot;:&quot;bottom&quot;,&quot;ignore&quot;:&quot;&quot;,&quot;reference&quot;:&quot;auto&quot;,&quot;class&quot;:&quot;&quot;,&quot;count&quot;:&quot;0&quot;,&quot;legendonly&quot;:&quot;&quot;,&quot;readonly&quot;:&quot;&quot;,&quot;score&quot;:&quot;0&quot;,&quot;starsonly&quot;:&quot;&quot;,&quot;best&quot;:&quot;5&quot;,&quot;gap&quot;:&quot;5&quot;,&quot;greet&quot;:&quot;Valora este post&quot;,&quot;legend&quot;:&quot;0\\\/5 - (0 votes)&quot;,&quot;size&quot;:&quot;22&quot;,&quot;title&quot;:&quot;Desmantelan red de 30 arrestados por abandonar hijos y explotar acogida de menores migrantes.&quot;,&quot;width&quot;:&quot;0&quot;,&quot;_legend&quot;:&quot;{score}\\\/{best} - ({count} {votes})&quot;,&quot;font_factor&quot;:&quot;1.25&quot;}'>\n            \n<div class=\"kksr-stars\">\n    \n<div class=\"kksr-stars-inactive\">\n            <div class=\"kksr-star\" data-star=\"1\" style=\"padding-right: 5px\">\n            \n\n<div class=\"kksr-icon\" style=\"width: 22px; height: 22px;\"><\/div>\n        <\/div>\n            <div class=\"kksr-star\" data-star=\"2\" style=\"padding-right: 5px\">\n            \n\n<div class=\"kksr-icon\" style=\"width: 22px; height: 22px;\"><\/div>\n        <\/div>\n            <div class=\"kksr-star\" data-star=\"3\" style=\"padding-right: 5px\">\n            \n\n<div class=\"kksr-icon\" style=\"width: 22px; height: 22px;\"><\/div>\n        <\/div>\n            <div class=\"kksr-star\" data-star=\"4\" style=\"padding-right: 5px\">\n            \n\n<div class=\"kksr-icon\" style=\"width: 22px; height: 22px;\"><\/div>\n        <\/div>\n            <div class=\"kksr-star\" data-star=\"5\" style=\"padding-right: 5px\">\n            \n\n<div class=\"kksr-icon\" style=\"width: 22px; height: 22px;\"><\/div>\n        <\/div>\n    <\/div>\n    \n<div class=\"kksr-stars-active\" style=\"width: 0px;\">\n            <div class=\"kksr-star\" style=\"padding-right: 5px\">\n            \n\n<div class=\"kksr-icon\" style=\"width: 22px; height: 22px;\"><\/div>\n        <\/div>\n            <div class=\"kksr-star\" style=\"padding-right: 5px\">\n            \n\n<div class=\"kksr-icon\" style=\"width: 22px; height: 22px;\"><\/div>\n        <\/div>\n            <div class=\"kksr-star\" style=\"padding-right: 5px\">\n            \n\n<div class=\"kksr-icon\" style=\"width: 22px; height: 22px;\"><\/div>\n        <\/div>\n            <div class=\"kksr-star\" style=\"padding-right: 5px\">\n            \n\n<div class=\"kksr-icon\" style=\"width: 22px; height: 22px;\"><\/div>\n        <\/div>\n            <div class=\"kksr-star\" style=\"padding-right: 5px\">\n            \n\n<div class=\"kksr-icon\" style=\"width: 22px; height: 22px;\"><\/div>\n        <\/div>\n    <\/div>\n<\/div>\n                \n\n<div class=\"kksr-legend\" style=\"font-size: 17.6px;\">\n            <span class=\"kksr-muted\">Valora este post<\/span>\n    <\/div>\n    <\/div>\n","protected":false},"excerpt":{"rendered":"<p>Desarticulada una Organizaci\u00f3n por Dejar a Sus Hijos a Fin de Aprovecharse del Sistema de Acogida de Menores Migrantes En un reciente operativo policial, se ha &#8230; <a title=\"Desmantelan red de 30 arrestados por abandonar hijos y explotar acogida de menores migrantes.\" class=\"read-more\" href=\"https:\/\/www.diario21.tv\/noticias\/desmantelan-red-de-30-arrestados-por-abandonar-hijos-y-explotar-acogida-de-menores-migrantes\/\" aria-label=\"Leer m\u00e1s sobre Desmantelan red de 30 arrestados por abandonar hijos y explotar acogida de menores migrantes.\">Seguir leyendo &rarr;<\/a><\/p>\n","protected":false},"author":20,"featured_media":4960,"comment_status":"open","ping_status":"open","sticky":false,"template":"","format":"standard","meta":{"footnotes":""},"categories":[13],"tags":[],"class_list":["post-4959","post","type-post","status-publish","format-standard","has-post-thumbnail","hentry","category-portada"],"yoast_head":"<!-- This site is optimized with the Yoast SEO plugin v25.6 - https:\/\/yoast.com\/wordpress\/plugins\/seo\/ -->\n<title>Desmantelan red de 30 arrestados por abandonar hijos y explotar acogida de menores migrantes. - Diario 21<\/title>\n<meta name=\"robots\" content=\"index, follow, max-snippet:-1, max-image-preview:large, max-video-preview:-1\" \/>\n<link rel=\"canonical\" href=\"https:\/\/www.diario21.tv\/noticias\/desmantelan-red-de-30-arrestados-por-abandonar-hijos-y-explotar-acogida-de-menores-migrantes\/\" \/>\n<meta property=\"og:locale\" content=\"es_ES\" \/>\n<meta property=\"og:type\" content=\"article\" \/>\n<meta property=\"og:title\" content=\"Desmantelan red de 30 arrestados por abandonar hijos y explotar acogida de menores migrantes. - Diario 21\" \/>\n<meta property=\"og:description\" content=\"Desarticulada una Organizaci\u00f3n por Dejar a Sus Hijos a Fin de Aprovecharse del Sistema de Acogida de Menores Migrantes En un reciente operativo policial, se ha ... Seguir leyendo &rarr;\" \/>\n<meta property=\"og:url\" content=\"https:\/\/www.diario21.tv\/noticias\/desmantelan-red-de-30-arrestados-por-abandonar-hijos-y-explotar-acogida-de-menores-migrantes\/\" \/>\n<meta property=\"og:site_name\" content=\"Diario 21\" \/>\n<meta property=\"article:published_time\" content=\"2025-10-25T09:06:29+00:00\" \/>\n<meta property=\"article:modified_time\" content=\"2025-10-25T09:06:30+00:00\" \/>\n<meta property=\"og:image\" content=\"https:\/\/www.diario21.tv\/noticias\/wp-content\/uploads\/2025\/10\/Desmantelan-red-de-30-arrestados-por-abandonar-hijos-y-explotar.jpg\" \/>\n\t<meta property=\"og:image:width\" content=\"1200\" \/>\n\t<meta property=\"og:image:height\" content=\"840\" \/>\n\t<meta property=\"og:image:type\" content=\"image\/jpeg\" \/>\n<meta name=\"author\" content=\"Juan P\u00e9rez\" \/>\n<meta name=\"twitter:card\" content=\"summary_large_image\" \/>\n<meta name=\"twitter:label1\" content=\"Escrito por\" \/>\n\t<meta name=\"twitter:data1\" content=\"Juan P\u00e9rez\" \/>\n\t<meta name=\"twitter:label2\" content=\"Tiempo de lectura\" \/>\n\t<meta name=\"twitter:data2\" content=\"2 minutos\" \/>\n<script type=\"application\/ld+json\" class=\"yoast-schema-graph\">{\"@context\":\"https:\/\/schema.org\",\"@graph\":[{\"@type\":\"WebPage\",\"@id\":\"https:\/\/www.diario21.tv\/noticias\/desmantelan-red-de-30-arrestados-por-abandonar-hijos-y-explotar-acogida-de-menores-migrantes\/\",\"url\":\"https:\/\/www.diario21.tv\/noticias\/desmantelan-red-de-30-arrestados-por-abandonar-hijos-y-explotar-acogida-de-menores-migrantes\/\",\"name\":\"Desmantelan red de 30 arrestados por abandonar hijos y explotar acogida de menores migrantes. - Diario 21\",\"isPartOf\":{\"@id\":\"https:\/\/www.diario21.tv\/noticias\/#website\"},\"primaryImageOfPage\":{\"@id\":\"https:\/\/www.diario21.tv\/noticias\/desmantelan-red-de-30-arrestados-por-abandonar-hijos-y-explotar-acogida-de-menores-migrantes\/#primaryimage\"},\"image\":{\"@id\":\"https:\/\/www.diario21.tv\/noticias\/desmantelan-red-de-30-arrestados-por-abandonar-hijos-y-explotar-acogida-de-menores-migrantes\/#primaryimage\"},\"thumbnailUrl\":\"https:\/\/www.diario21.tv\/noticias\/wp-content\/uploads\/2025\/10\/Desmantelan-red-de-30-arrestados-por-abandonar-hijos-y-explotar.jpg\",\"datePublished\":\"2025-10-25T09:06:29+00:00\",\"dateModified\":\"2025-10-25T09:06:30+00:00\",\"author\":{\"@id\":\"https:\/\/www.diario21.tv\/noticias\/#\/schema\/person\/dfb778f73814d8f09f302618446a526b\"},\"breadcrumb\":{\"@id\":\"https:\/\/www.diario21.tv\/noticias\/desmantelan-red-de-30-arrestados-por-abandonar-hijos-y-explotar-acogida-de-menores-migrantes\/#breadcrumb\"},\"inLanguage\":\"es-AR\",\"potentialAction\":[{\"@type\":\"ReadAction\",\"target\":[\"https:\/\/www.diario21.tv\/noticias\/desmantelan-red-de-30-arrestados-por-abandonar-hijos-y-explotar-acogida-de-menores-migrantes\/\"]}]},{\"@type\":\"ImageObject\",\"inLanguage\":\"es-AR\",\"@id\":\"https:\/\/www.diario21.tv\/noticias\/desmantelan-red-de-30-arrestados-por-abandonar-hijos-y-explotar-acogida-de-menores-migrantes\/#primaryimage\",\"url\":\"https:\/\/www.diario21.tv\/noticias\/wp-content\/uploads\/2025\/10\/Desmantelan-red-de-30-arrestados-por-abandonar-hijos-y-explotar.jpg\",\"contentUrl\":\"https:\/\/www.diario21.tv\/noticias\/wp-content\/uploads\/2025\/10\/Desmantelan-red-de-30-arrestados-por-abandonar-hijos-y-explotar.jpg\",\"width\":1200,\"height\":840,\"caption\":\"Cae una red con 30 detenidos por abandonar a sus hijos para beneficiarse de la acogida de menores migrantes\"},{\"@type\":\"BreadcrumbList\",\"@id\":\"https:\/\/www.diario21.tv\/noticias\/desmantelan-red-de-30-arrestados-por-abandonar-hijos-y-explotar-acogida-de-menores-migrantes\/#breadcrumb\",\"itemListElement\":[{\"@type\":\"ListItem\",\"position\":1,\"name\":\"Accueil\",\"item\":\"https:\/\/www.diario21.tv\/noticias\/\"},{\"@type\":\"ListItem\",\"position\":2,\"name\":\"Desmantelan red de 30 arrestados por abandonar hijos y explotar acogida de menores migrantes.\"}]},{\"@type\":\"WebSite\",\"@id\":\"https:\/\/www.diario21.tv\/noticias\/#website\",\"url\":\"https:\/\/www.diario21.tv\/noticias\/\",\"name\":\"Diario 21\",\"description\":\"\",\"potentialAction\":[{\"@type\":\"SearchAction\",\"target\":{\"@type\":\"EntryPoint\",\"urlTemplate\":\"https:\/\/www.diario21.tv\/noticias\/?s={search_term_string}\"},\"query-input\":{\"@type\":\"PropertyValueSpecification\",\"valueRequired\":true,\"valueName\":\"search_term_string\"}}],\"inLanguage\":\"es-AR\"},{\"@type\":\"Person\",\"@id\":\"https:\/\/www.diario21.tv\/noticias\/#\/schema\/person\/dfb778f73814d8f09f302618446a526b\",\"name\":\"Juan P\u00e9rez\",\"image\":{\"@type\":\"ImageObject\",\"inLanguage\":\"es-AR\",\"@id\":\"https:\/\/www.diario21.tv\/noticias\/#\/schema\/person\/image\/\",\"url\":\"https:\/\/secure.gravatar.com\/avatar\/c478a405bd10621167f4c3167cc770f5?s=96&d=mm&r=g\",\"contentUrl\":\"https:\/\/secure.gravatar.com\/avatar\/c478a405bd10621167f4c3167cc770f5?s=96&d=mm&r=g\",\"caption\":\"Juan P\u00e9rez\"},\"description\":\"Juan P\u00e9rez es el redactor en jefe de Diario 21. Con m\u00e1s de 10 a\u00f1os de experiencia en el periodismo, se especializa en pol\u00edtica nacional y an\u00e1lisis socioecon\u00f3mico. Su enfoque cr\u00edtico y riguroso aporta una perspectiva \u00fanica a cada art\u00edculo.\",\"sameAs\":[\"https:\/\/www.diario21.tv\/noticias\/\"],\"url\":\"https:\/\/www.diario21.tv\/noticias\/author\/juan-perez\/\"}]}<\/script>\n<!-- \/ Yoast SEO plugin. -->","yoast_head_json":{"title":"Desmantelan red de 30 arrestados por abandonar hijos y explotar acogida de menores migrantes. - Diario 21","robots":{"index":"index","follow":"follow","max-snippet":"max-snippet:-1","max-image-preview":"max-image-preview:large","max-video-preview":"max-video-preview:-1"},"canonical":"https:\/\/www.diario21.tv\/noticias\/desmantelan-red-de-30-arrestados-por-abandonar-hijos-y-explotar-acogida-de-menores-migrantes\/","og_locale":"es_ES","og_type":"article","og_title":"Desmantelan red de 30 arrestados por abandonar hijos y explotar acogida de menores migrantes. - Diario 21","og_description":"Desarticulada una Organizaci\u00f3n por Dejar a Sus Hijos a Fin de Aprovecharse del Sistema de Acogida de Menores Migrantes En un reciente operativo policial, se ha ... Seguir leyendo &rarr;","og_url":"https:\/\/www.diario21.tv\/noticias\/desmantelan-red-de-30-arrestados-por-abandonar-hijos-y-explotar-acogida-de-menores-migrantes\/","og_site_name":"Diario 21","article_published_time":"2025-10-25T09:06:29+00:00","article_modified_time":"2025-10-25T09:06:30+00:00","og_image":[{"width":1200,"height":840,"url":"https:\/\/www.diario21.tv\/noticias\/wp-content\/uploads\/2025\/10\/Desmantelan-red-de-30-arrestados-por-abandonar-hijos-y-explotar.jpg","type":"image\/jpeg"}],"author":"Juan P\u00e9rez","twitter_card":"summary_large_image","twitter_misc":{"Escrito por":"Juan P\u00e9rez","Tiempo de lectura":"2 minutos"},"schema":{"@context":"https:\/\/schema.org","@graph":[{"@type":"WebPage","@id":"https:\/\/www.diario21.tv\/noticias\/desmantelan-red-de-30-arrestados-por-abandonar-hijos-y-explotar-acogida-de-menores-migrantes\/","url":"https:\/\/www.diario21.tv\/noticias\/desmantelan-red-de-30-arrestados-por-abandonar-hijos-y-explotar-acogida-de-menores-migrantes\/","name":"Desmantelan red de 30 arrestados por abandonar hijos y explotar acogida de menores migrantes. - Diario 21","isPartOf":{"@id":"https:\/\/www.diario21.tv\/noticias\/#website"},"primaryImageOfPage":{"@id":"https:\/\/www.diario21.tv\/noticias\/desmantelan-red-de-30-arrestados-por-abandonar-hijos-y-explotar-acogida-de-menores-migrantes\/#primaryimage"},"image":{"@id":"https:\/\/www.diario21.tv\/noticias\/desmantelan-red-de-30-arrestados-por-abandonar-hijos-y-explotar-acogida-de-menores-migrantes\/#primaryimage"},"thumbnailUrl":"https:\/\/www.diario21.tv\/noticias\/wp-content\/uploads\/2025\/10\/Desmantelan-red-de-30-arrestados-por-abandonar-hijos-y-explotar.jpg","datePublished":"2025-10-25T09:06:29+00:00","dateModified":"2025-10-25T09:06:30+00:00","author":{"@id":"https:\/\/www.diario21.tv\/noticias\/#\/schema\/person\/dfb778f73814d8f09f302618446a526b"},"breadcrumb":{"@id":"https:\/\/www.diario21.tv\/noticias\/desmantelan-red-de-30-arrestados-por-abandonar-hijos-y-explotar-acogida-de-menores-migrantes\/#breadcrumb"},"inLanguage":"es-AR","potentialAction":[{"@type":"ReadAction","target":["https:\/\/www.diario21.tv\/noticias\/desmantelan-red-de-30-arrestados-por-abandonar-hijos-y-explotar-acogida-de-menores-migrantes\/"]}]},{"@type":"ImageObject","inLanguage":"es-AR","@id":"https:\/\/www.diario21.tv\/noticias\/desmantelan-red-de-30-arrestados-por-abandonar-hijos-y-explotar-acogida-de-menores-migrantes\/#primaryimage","url":"https:\/\/www.diario21.tv\/noticias\/wp-content\/uploads\/2025\/10\/Desmantelan-red-de-30-arrestados-por-abandonar-hijos-y-explotar.jpg","contentUrl":"https:\/\/www.diario21.tv\/noticias\/wp-content\/uploads\/2025\/10\/Desmantelan-red-de-30-arrestados-por-abandonar-hijos-y-explotar.jpg","width":1200,"height":840,"caption":"Cae una red con 30 detenidos por abandonar a sus hijos para beneficiarse de la acogida de menores migrantes"},{"@type":"BreadcrumbList","@id":"https:\/\/www.diario21.tv\/noticias\/desmantelan-red-de-30-arrestados-por-abandonar-hijos-y-explotar-acogida-de-menores-migrantes\/#breadcrumb","itemListElement":[{"@type":"ListItem","position":1,"name":"Accueil","item":"https:\/\/www.diario21.tv\/noticias\/"},{"@type":"ListItem","position":2,"name":"Desmantelan red de 30 arrestados por abandonar hijos y explotar acogida de menores migrantes."}]},{"@type":"WebSite","@id":"https:\/\/www.diario21.tv\/noticias\/#website","url":"https:\/\/www.diario21.tv\/noticias\/","name":"Diario 21","description":"","potentialAction":[{"@type":"SearchAction","target":{"@type":"EntryPoint","urlTemplate":"https:\/\/www.diario21.tv\/noticias\/?s={search_term_string}"},"query-input":{"@type":"PropertyValueSpecification","valueRequired":true,"valueName":"search_term_string"}}],"inLanguage":"es-AR"},{"@type":"Person","@id":"https:\/\/www.diario21.tv\/noticias\/#\/schema\/person\/dfb778f73814d8f09f302618446a526b","name":"Juan P\u00e9rez","image":{"@type":"ImageObject","inLanguage":"es-AR","@id":"https:\/\/www.diario21.tv\/noticias\/#\/schema\/person\/image\/","url":"https:\/\/secure.gravatar.com\/avatar\/c478a405bd10621167f4c3167cc770f5?s=96&d=mm&r=g","contentUrl":"https:\/\/secure.gravatar.com\/avatar\/c478a405bd10621167f4c3167cc770f5?s=96&d=mm&r=g","caption":"Juan P\u00e9rez"},"description":"Juan P\u00e9rez es el redactor en jefe de Diario 21. Con m\u00e1s de 10 a\u00f1os de experiencia en el periodismo, se especializa en pol\u00edtica nacional y an\u00e1lisis socioecon\u00f3mico. Su enfoque cr\u00edtico y riguroso aporta una perspectiva \u00fanica a cada art\u00edculo.","sameAs":["https:\/\/www.diario21.tv\/noticias\/"],"url":"https:\/\/www.diario21.tv\/noticias\/author\/juan-perez\/"}]}},"_links":{"self":[{"href":"https:\/\/www.diario21.tv\/noticias\/wp-json\/wp\/v2\/posts\/4959"}],"collection":[{"href":"https:\/\/www.diario21.tv\/noticias\/wp-json\/wp\/v2\/posts"}],"about":[{"href":"https:\/\/www.diario21.tv\/noticias\/wp-json\/wp\/v2\/types\/post"}],"author":[{"embeddable":true,"href":"https:\/\/www.diario21.tv\/noticias\/wp-json\/wp\/v2\/users\/20"}],"replies":[{"embeddable":true,"href":"https:\/\/www.diario21.tv\/noticias\/wp-json\/wp\/v2\/comments?post=4959"}],"version-history":[{"count":1,"href":"https:\/\/www.diario21.tv\/noticias\/wp-json\/wp\/v2\/posts\/4959\/revisions"}],"predecessor-version":[{"id":4961,"href":"https:\/\/www.diario21.tv\/noticias\/wp-json\/wp\/v2\/posts\/4959\/revisions\/4961"}],"wp:featuredmedia":[{"embeddable":true,"href":"https:\/\/www.diario21.tv\/noticias\/wp-json\/wp\/v2\/media\/4960"}],"wp:attachment":[{"href":"https:\/\/www.diario21.tv\/noticias\/wp-json\/wp\/v2\/media?parent=4959"}],"wp:term":[{"taxonomy":"category","embeddable":true,"href":"https:\/\/www.diario21.tv\/noticias\/wp-json\/wp\/v2\/categories?post=4959"},{"taxonomy":"post_tag","embeddable":true,"href":"https:\/\/www.diario21.tv\/noticias\/wp-json\/wp\/v2\/tags?post=4959"}],"curies":[{"name":"wp","href":"https:\/\/api.w.org\/{rel}","templated":true}]}}