{"id":4935,"date":"2025-10-23T02:49:07","date_gmt":"2025-10-23T02:49:07","guid":{"rendered":"https:\/\/www.diario21.tv\/noticias\/increible-espana-logra-24-dias-blancos-sin-muertes-en-carreteras-en-2025\/"},"modified":"2025-10-23T02:49:08","modified_gmt":"2025-10-23T02:49:08","slug":"increible-espana-logra-24-dias-blancos-sin-muertes-en-carreteras-en-2025","status":"publish","type":"post","link":"https:\/\/www.diario21.tv\/noticias\/increible-espana-logra-24-dias-blancos-sin-muertes-en-carreteras-en-2025\/","title":{"rendered":"\u00a1Incre\u00edble! Espa\u00f1a logra 24 &#8216;d\u00edas blancos&#8217; sin muertes en carreteras en 2025"},"content":{"rendered":"<h2>El Misterio de los &#8216;D\u00edas Blancos&#8217;: 24 Jornadas sin Muertes en las V\u00edas de Espa\u00f1a en 2025<\/h2>\n<p>En el a\u00f1o 2025, Espa\u00f1a experiment\u00f3 un fen\u00f3meno sin precedentes en la seguridad vial: durante 24 d\u00edas espec\u00edficos, no se registraron muertes en las carreteras de todo el pa\u00eds. Este fen\u00f3meno, denominado &#8216;d\u00edas blancos&#8217;, ha capturado la atenci\u00f3n de expertos en seguridad vial y autoridades, quienes buscan entender las causas detr\u00e1s de esta inusitada estad\u00edstica.<\/p>\n<h3>An\u00e1lisis de los &#8216;D\u00edas Blancos&#8217;<\/h3>\n<p>Los &#8216;d\u00edas blancos&#8217; no se distribuyeron de manera uniforme a lo largo del a\u00f1o, sino que se presentaron en distintos meses y bajo diversas condiciones meteorol\u00f3gicas y de tr\u00e1fico, lo que a\u00f1ade complejidad al intento de descifrar las razones detr\u00e1s de esta serie de d\u00edas sin fatalidades. Especulaciones abarcan desde mejoras en las infraestructuras viarias, hasta campa\u00f1as de concientizaci\u00f3n m\u00e1s eficaces y posibles cambios en el comportamiento de los conductores.<\/p>\n<h3>Factores Contribuyentes<\/h3>\n<p>Expertos sugieren que varios factores podr\u00edan haber contribuido a esta notable estad\u00edstica. Primero, las mejoras continuas en la infraestructura vial espa\u00f1ola, incluyendo carreteras m\u00e1s seguras y mejor se\u00f1alizadas, podr\u00edan estar jugando un papel importante. Adem\u00e1s, la implementaci\u00f3n de tecnolog\u00edas avanzadas en veh\u00edculos nuevos, como sistemas de asistencia al conductor y mejores medidas de seguridad pasiva y activa, tambi\u00e9n podr\u00edan estar contribuyendo a reducir los accidentes mortales.<\/p>\n<p>Otro factor considerado es el incremento en las campa\u00f1as de sensibilizaci\u00f3n sobre los peligros de la conducci\u00f3n bajo los efectos del alcohol y el exceso de velocidad, junto con un posible aumento en los controles de tr\u00e1fico por parte de las autoridades, lo que podr\u00eda estar disuadiendo comportamientos de riesgo en los conductores.<\/p>\n<h3>Impacto Social y Econ\u00f3mico<\/h3>\n<p>La ausencia de fallecidos en las carreteras durante estos d\u00edas no solo tiene un impacto emocional y social significativo, al evitar el dolor y la p\u00e9rdida de vidas, sino tambi\u00e9n un impacto econ\u00f3mico. Cada accidente de tr\u00e1fico conlleva costos asociados a servicios de emergencia, atenci\u00f3n m\u00e9dica, p\u00e9rdidas de productividad, entre otros. Por lo tanto, d\u00edas sin muertes en carreteras pueden representar un ahorro significativo para la econom\u00eda nacional.<\/p>\n<h3>Desaf\u00edos Futuros y Sostenibilidad del Fen\u00f3meno<\/h3>\n<p>A pesar de la buena noticia que representan los &#8216;d\u00edas blancos&#8217;, expertos advierten que es crucial no bajar la guardia. La sostenibilidad de este fen\u00f3meno depende de la continuidad en la aplicaci\u00f3n de pol\u00edticas de seguridad vial efectivas y de la adaptaci\u00f3n de estas a los nuevos retos que presentan el incremento de tr\u00e1fico y los cambios en los modos de movilidad urbana y rural.<\/p>\n<p>En conclusi\u00f3n, los 24 &#8216;d\u00edas blancos&#8217; de 2025 en las carreteras espa\u00f1olas representan un logro notable en el campo de la seguridad vial. Sin embargo, es esencial que se contin\u00fae trabajando arduamente y de manera colaborativa entre las diversas entidades y la ciudadan\u00eda, para entender completamente las causas detr\u00e1s de estos d\u00edas sin fallecidos y buscar replicar estos resultados de manera sostenida en el futuro.<\/p>\n\n\n<div class=\"kk-star-ratings kksr-auto kksr-align-left kksr-valign-bottom\"\n    data-payload='{&quot;align&quot;:&quot;left&quot;,&quot;id&quot;:&quot;4935&quot;,&quot;slug&quot;:&quot;default&quot;,&quot;valign&quot;:&quot;bottom&quot;,&quot;ignore&quot;:&quot;&quot;,&quot;reference&quot;:&quot;auto&quot;,&quot;class&quot;:&quot;&quot;,&quot;count&quot;:&quot;0&quot;,&quot;legendonly&quot;:&quot;&quot;,&quot;readonly&quot;:&quot;&quot;,&quot;score&quot;:&quot;0&quot;,&quot;starsonly&quot;:&quot;&quot;,&quot;best&quot;:&quot;5&quot;,&quot;gap&quot;:&quot;5&quot;,&quot;greet&quot;:&quot;Valora este post&quot;,&quot;legend&quot;:&quot;0\\\/5 - (0 votes)&quot;,&quot;size&quot;:&quot;22&quot;,&quot;title&quot;:&quot;\u00a1Incre\u00edble! Espa\u00f1a logra 24 \\u0026#039;d\u00edas blancos\\u0026#039; sin muertes en carreteras en 2025&quot;,&quot;width&quot;:&quot;0&quot;,&quot;_legend&quot;:&quot;{score}\\\/{best} - ({count} {votes})&quot;,&quot;font_factor&quot;:&quot;1.25&quot;}'>\n            \n<div class=\"kksr-stars\">\n    \n<div class=\"kksr-stars-inactive\">\n            <div class=\"kksr-star\" data-star=\"1\" style=\"padding-right: 5px\">\n            \n\n<div class=\"kksr-icon\" style=\"width: 22px; height: 22px;\"><\/div>\n        <\/div>\n            <div class=\"kksr-star\" data-star=\"2\" style=\"padding-right: 5px\">\n            \n\n<div class=\"kksr-icon\" style=\"width: 22px; height: 22px;\"><\/div>\n        <\/div>\n            <div class=\"kksr-star\" data-star=\"3\" style=\"padding-right: 5px\">\n            \n\n<div class=\"kksr-icon\" style=\"width: 22px; height: 22px;\"><\/div>\n        <\/div>\n            <div class=\"kksr-star\" data-star=\"4\" style=\"padding-right: 5px\">\n            \n\n<div class=\"kksr-icon\" style=\"width: 22px; height: 22px;\"><\/div>\n        <\/div>\n            <div class=\"kksr-star\" data-star=\"5\" style=\"padding-right: 5px\">\n            \n\n<div class=\"kksr-icon\" style=\"width: 22px; height: 22px;\"><\/div>\n        <\/div>\n    <\/div>\n    \n<div class=\"kksr-stars-active\" style=\"width: 0px;\">\n            <div class=\"kksr-star\" style=\"padding-right: 5px\">\n            \n\n<div class=\"kksr-icon\" style=\"width: 22px; height: 22px;\"><\/div>\n        <\/div>\n            <div class=\"kksr-star\" style=\"padding-right: 5px\">\n            \n\n<div class=\"kksr-icon\" style=\"width: 22px; height: 22px;\"><\/div>\n        <\/div>\n            <div class=\"kksr-star\" style=\"padding-right: 5px\">\n            \n\n<div class=\"kksr-icon\" style=\"width: 22px; height: 22px;\"><\/div>\n        <\/div>\n            <div class=\"kksr-star\" style=\"padding-right: 5px\">\n            \n\n<div class=\"kksr-icon\" style=\"width: 22px; height: 22px;\"><\/div>\n        <\/div>\n            <div class=\"kksr-star\" style=\"padding-right: 5px\">\n            \n\n<div class=\"kksr-icon\" style=\"width: 22px; height: 22px;\"><\/div>\n        <\/div>\n    <\/div>\n<\/div>\n                \n\n<div class=\"kksr-legend\" style=\"font-size: 17.6px;\">\n            <span class=\"kksr-muted\">Valora este post<\/span>\n    <\/div>\n    <\/div>\n","protected":false},"excerpt":{"rendered":"<p>El Misterio de los &#8216;D\u00edas Blancos&#8217;: 24 Jornadas sin Muertes en las V\u00edas de Espa\u00f1a en 2025 En el a\u00f1o 2025, Espa\u00f1a experiment\u00f3 un fen\u00f3meno sin &#8230; <a title=\"\u00a1Incre\u00edble! Espa\u00f1a logra 24 &#8216;d\u00edas blancos&#8217; sin muertes en carreteras en 2025\" class=\"read-more\" href=\"https:\/\/www.diario21.tv\/noticias\/increible-espana-logra-24-dias-blancos-sin-muertes-en-carreteras-en-2025\/\" aria-label=\"Leer m\u00e1s sobre \u00a1Incre\u00edble! Espa\u00f1a logra 24 &#8216;d\u00edas blancos&#8217; sin muertes en carreteras en 2025\">Seguir leyendo &rarr;<\/a><\/p>\n","protected":false},"author":20,"featured_media":4936,"comment_status":"open","ping_status":"open","sticky":false,"template":"","format":"standard","meta":{"footnotes":""},"categories":[13],"tags":[],"class_list":["post-4935","post","type-post","status-publish","format-standard","has-post-thumbnail","hentry","category-portada"],"yoast_head":"<!-- This site is optimized with the Yoast SEO plugin v25.6 - https:\/\/yoast.com\/wordpress\/plugins\/seo\/ -->\n<title>\u00a1Incre\u00edble! Espa\u00f1a logra 24 &#039;d\u00edas blancos&#039; sin muertes en carreteras en 2025 - Diario 21<\/title>\n<meta name=\"robots\" content=\"index, follow, max-snippet:-1, max-image-preview:large, max-video-preview:-1\" \/>\n<link rel=\"canonical\" href=\"https:\/\/www.diario21.tv\/noticias\/increible-espana-logra-24-dias-blancos-sin-muertes-en-carreteras-en-2025\/\" \/>\n<meta property=\"og:locale\" content=\"es_ES\" \/>\n<meta property=\"og:type\" content=\"article\" \/>\n<meta property=\"og:title\" content=\"\u00a1Incre\u00edble! Espa\u00f1a logra 24 &#039;d\u00edas blancos&#039; sin muertes en carreteras en 2025 - Diario 21\" \/>\n<meta property=\"og:description\" content=\"El Misterio de los &#8216;D\u00edas Blancos&#8217;: 24 Jornadas sin Muertes en las V\u00edas de Espa\u00f1a en 2025 En el a\u00f1o 2025, Espa\u00f1a experiment\u00f3 un fen\u00f3meno sin ... Seguir leyendo &rarr;\" \/>\n<meta property=\"og:url\" content=\"https:\/\/www.diario21.tv\/noticias\/increible-espana-logra-24-dias-blancos-sin-muertes-en-carreteras-en-2025\/\" \/>\n<meta property=\"og:site_name\" content=\"Diario 21\" \/>\n<meta property=\"article:published_time\" content=\"2025-10-23T02:49:07+00:00\" \/>\n<meta property=\"article:modified_time\" content=\"2025-10-23T02:49:08+00:00\" \/>\n<meta property=\"og:image\" content=\"https:\/\/www.diario21.tv\/noticias\/wp-content\/uploads\/2025\/10\/\u00a1Increible-Espana-logra-24-dias-blancos-sin-muertes-en-carreteras.jpg\" \/>\n\t<meta property=\"og:image:width\" content=\"1200\" \/>\n\t<meta property=\"og:image:height\" content=\"840\" \/>\n\t<meta property=\"og:image:type\" content=\"image\/jpeg\" \/>\n<meta name=\"author\" content=\"Juan P\u00e9rez\" \/>\n<meta name=\"twitter:card\" content=\"summary_large_image\" \/>\n<meta name=\"twitter:label1\" content=\"Escrito por\" \/>\n\t<meta name=\"twitter:data1\" content=\"Juan P\u00e9rez\" \/>\n\t<meta name=\"twitter:label2\" content=\"Tiempo de lectura\" \/>\n\t<meta name=\"twitter:data2\" content=\"3 minutos\" \/>\n<script type=\"application\/ld+json\" class=\"yoast-schema-graph\">{\"@context\":\"https:\/\/schema.org\",\"@graph\":[{\"@type\":\"WebPage\",\"@id\":\"https:\/\/www.diario21.tv\/noticias\/increible-espana-logra-24-dias-blancos-sin-muertes-en-carreteras-en-2025\/\",\"url\":\"https:\/\/www.diario21.tv\/noticias\/increible-espana-logra-24-dias-blancos-sin-muertes-en-carreteras-en-2025\/\",\"name\":\"\u00a1Incre\u00edble! Espa\u00f1a logra 24 'd\u00edas blancos' sin muertes en carreteras en 2025 - Diario 21\",\"isPartOf\":{\"@id\":\"https:\/\/www.diario21.tv\/noticias\/#website\"},\"primaryImageOfPage\":{\"@id\":\"https:\/\/www.diario21.tv\/noticias\/increible-espana-logra-24-dias-blancos-sin-muertes-en-carreteras-en-2025\/#primaryimage\"},\"image\":{\"@id\":\"https:\/\/www.diario21.tv\/noticias\/increible-espana-logra-24-dias-blancos-sin-muertes-en-carreteras-en-2025\/#primaryimage\"},\"thumbnailUrl\":\"https:\/\/www.diario21.tv\/noticias\/wp-content\/uploads\/2025\/10\/\u00a1Increible-Espana-logra-24-dias-blancos-sin-muertes-en-carreteras.jpg\",\"datePublished\":\"2025-10-23T02:49:07+00:00\",\"dateModified\":\"2025-10-23T02:49:08+00:00\",\"author\":{\"@id\":\"https:\/\/www.diario21.tv\/noticias\/#\/schema\/person\/dfb778f73814d8f09f302618446a526b\"},\"breadcrumb\":{\"@id\":\"https:\/\/www.diario21.tv\/noticias\/increible-espana-logra-24-dias-blancos-sin-muertes-en-carreteras-en-2025\/#breadcrumb\"},\"inLanguage\":\"es-AR\",\"potentialAction\":[{\"@type\":\"ReadAction\",\"target\":[\"https:\/\/www.diario21.tv\/noticias\/increible-espana-logra-24-dias-blancos-sin-muertes-en-carreteras-en-2025\/\"]}]},{\"@type\":\"ImageObject\",\"inLanguage\":\"es-AR\",\"@id\":\"https:\/\/www.diario21.tv\/noticias\/increible-espana-logra-24-dias-blancos-sin-muertes-en-carreteras-en-2025\/#primaryimage\",\"url\":\"https:\/\/www.diario21.tv\/noticias\/wp-content\/uploads\/2025\/10\/\u00a1Increible-Espana-logra-24-dias-blancos-sin-muertes-en-carreteras.jpg\",\"contentUrl\":\"https:\/\/www.diario21.tv\/noticias\/wp-content\/uploads\/2025\/10\/\u00a1Increible-Espana-logra-24-dias-blancos-sin-muertes-en-carreteras.jpg\",\"width\":1200,\"height\":840,\"caption\":\"El puzle de los &amp;#039;d\u00edas blancos&amp;#039;: 24 d\u00edas sin fallecidos en las carreteras espa\u00f1olas en 2025\"},{\"@type\":\"BreadcrumbList\",\"@id\":\"https:\/\/www.diario21.tv\/noticias\/increible-espana-logra-24-dias-blancos-sin-muertes-en-carreteras-en-2025\/#breadcrumb\",\"itemListElement\":[{\"@type\":\"ListItem\",\"position\":1,\"name\":\"Accueil\",\"item\":\"https:\/\/www.diario21.tv\/noticias\/\"},{\"@type\":\"ListItem\",\"position\":2,\"name\":\"\u00a1Incre\u00edble! Espa\u00f1a logra 24 &#8216;d\u00edas blancos&#8217; sin muertes en carreteras en 2025\"}]},{\"@type\":\"WebSite\",\"@id\":\"https:\/\/www.diario21.tv\/noticias\/#website\",\"url\":\"https:\/\/www.diario21.tv\/noticias\/\",\"name\":\"Diario 21\",\"description\":\"\",\"potentialAction\":[{\"@type\":\"SearchAction\",\"target\":{\"@type\":\"EntryPoint\",\"urlTemplate\":\"https:\/\/www.diario21.tv\/noticias\/?s={search_term_string}\"},\"query-input\":{\"@type\":\"PropertyValueSpecification\",\"valueRequired\":true,\"valueName\":\"search_term_string\"}}],\"inLanguage\":\"es-AR\"},{\"@type\":\"Person\",\"@id\":\"https:\/\/www.diario21.tv\/noticias\/#\/schema\/person\/dfb778f73814d8f09f302618446a526b\",\"name\":\"Juan P\u00e9rez\",\"image\":{\"@type\":\"ImageObject\",\"inLanguage\":\"es-AR\",\"@id\":\"https:\/\/www.diario21.tv\/noticias\/#\/schema\/person\/image\/\",\"url\":\"https:\/\/secure.gravatar.com\/avatar\/c478a405bd10621167f4c3167cc770f5?s=96&d=mm&r=g\",\"contentUrl\":\"https:\/\/secure.gravatar.com\/avatar\/c478a405bd10621167f4c3167cc770f5?s=96&d=mm&r=g\",\"caption\":\"Juan P\u00e9rez\"},\"description\":\"Juan P\u00e9rez es el redactor en jefe de Diario 21. Con m\u00e1s de 10 a\u00f1os de experiencia en el periodismo, se especializa en pol\u00edtica nacional y an\u00e1lisis socioecon\u00f3mico. Su enfoque cr\u00edtico y riguroso aporta una perspectiva \u00fanica a cada art\u00edculo.\",\"sameAs\":[\"https:\/\/www.diario21.tv\/noticias\/\"],\"url\":\"https:\/\/www.diario21.tv\/noticias\/author\/juan-perez\/\"}]}<\/script>\n<!-- \/ Yoast SEO plugin. -->","yoast_head_json":{"title":"\u00a1Incre\u00edble! Espa\u00f1a logra 24 'd\u00edas blancos' sin muertes en carreteras en 2025 - Diario 21","robots":{"index":"index","follow":"follow","max-snippet":"max-snippet:-1","max-image-preview":"max-image-preview:large","max-video-preview":"max-video-preview:-1"},"canonical":"https:\/\/www.diario21.tv\/noticias\/increible-espana-logra-24-dias-blancos-sin-muertes-en-carreteras-en-2025\/","og_locale":"es_ES","og_type":"article","og_title":"\u00a1Incre\u00edble! Espa\u00f1a logra 24 'd\u00edas blancos' sin muertes en carreteras en 2025 - Diario 21","og_description":"El Misterio de los &#8216;D\u00edas Blancos&#8217;: 24 Jornadas sin Muertes en las V\u00edas de Espa\u00f1a en 2025 En el a\u00f1o 2025, Espa\u00f1a experiment\u00f3 un fen\u00f3meno sin ... Seguir leyendo &rarr;","og_url":"https:\/\/www.diario21.tv\/noticias\/increible-espana-logra-24-dias-blancos-sin-muertes-en-carreteras-en-2025\/","og_site_name":"Diario 21","article_published_time":"2025-10-23T02:49:07+00:00","article_modified_time":"2025-10-23T02:49:08+00:00","og_image":[{"width":1200,"height":840,"url":"https:\/\/www.diario21.tv\/noticias\/wp-content\/uploads\/2025\/10\/\u00a1Increible-Espana-logra-24-dias-blancos-sin-muertes-en-carreteras.jpg","type":"image\/jpeg"}],"author":"Juan P\u00e9rez","twitter_card":"summary_large_image","twitter_misc":{"Escrito por":"Juan P\u00e9rez","Tiempo de lectura":"3 minutos"},"schema":{"@context":"https:\/\/schema.org","@graph":[{"@type":"WebPage","@id":"https:\/\/www.diario21.tv\/noticias\/increible-espana-logra-24-dias-blancos-sin-muertes-en-carreteras-en-2025\/","url":"https:\/\/www.diario21.tv\/noticias\/increible-espana-logra-24-dias-blancos-sin-muertes-en-carreteras-en-2025\/","name":"\u00a1Incre\u00edble! Espa\u00f1a logra 24 'd\u00edas blancos' sin muertes en carreteras en 2025 - Diario 21","isPartOf":{"@id":"https:\/\/www.diario21.tv\/noticias\/#website"},"primaryImageOfPage":{"@id":"https:\/\/www.diario21.tv\/noticias\/increible-espana-logra-24-dias-blancos-sin-muertes-en-carreteras-en-2025\/#primaryimage"},"image":{"@id":"https:\/\/www.diario21.tv\/noticias\/increible-espana-logra-24-dias-blancos-sin-muertes-en-carreteras-en-2025\/#primaryimage"},"thumbnailUrl":"https:\/\/www.diario21.tv\/noticias\/wp-content\/uploads\/2025\/10\/\u00a1Increible-Espana-logra-24-dias-blancos-sin-muertes-en-carreteras.jpg","datePublished":"2025-10-23T02:49:07+00:00","dateModified":"2025-10-23T02:49:08+00:00","author":{"@id":"https:\/\/www.diario21.tv\/noticias\/#\/schema\/person\/dfb778f73814d8f09f302618446a526b"},"breadcrumb":{"@id":"https:\/\/www.diario21.tv\/noticias\/increible-espana-logra-24-dias-blancos-sin-muertes-en-carreteras-en-2025\/#breadcrumb"},"inLanguage":"es-AR","potentialAction":[{"@type":"ReadAction","target":["https:\/\/www.diario21.tv\/noticias\/increible-espana-logra-24-dias-blancos-sin-muertes-en-carreteras-en-2025\/"]}]},{"@type":"ImageObject","inLanguage":"es-AR","@id":"https:\/\/www.diario21.tv\/noticias\/increible-espana-logra-24-dias-blancos-sin-muertes-en-carreteras-en-2025\/#primaryimage","url":"https:\/\/www.diario21.tv\/noticias\/wp-content\/uploads\/2025\/10\/\u00a1Increible-Espana-logra-24-dias-blancos-sin-muertes-en-carreteras.jpg","contentUrl":"https:\/\/www.diario21.tv\/noticias\/wp-content\/uploads\/2025\/10\/\u00a1Increible-Espana-logra-24-dias-blancos-sin-muertes-en-carreteras.jpg","width":1200,"height":840,"caption":"El puzle de los &amp;#039;d\u00edas blancos&amp;#039;: 24 d\u00edas sin fallecidos en las carreteras espa\u00f1olas en 2025"},{"@type":"BreadcrumbList","@id":"https:\/\/www.diario21.tv\/noticias\/increible-espana-logra-24-dias-blancos-sin-muertes-en-carreteras-en-2025\/#breadcrumb","itemListElement":[{"@type":"ListItem","position":1,"name":"Accueil","item":"https:\/\/www.diario21.tv\/noticias\/"},{"@type":"ListItem","position":2,"name":"\u00a1Incre\u00edble! Espa\u00f1a logra 24 &#8216;d\u00edas blancos&#8217; sin muertes en carreteras en 2025"}]},{"@type":"WebSite","@id":"https:\/\/www.diario21.tv\/noticias\/#website","url":"https:\/\/www.diario21.tv\/noticias\/","name":"Diario 21","description":"","potentialAction":[{"@type":"SearchAction","target":{"@type":"EntryPoint","urlTemplate":"https:\/\/www.diario21.tv\/noticias\/?s={search_term_string}"},"query-input":{"@type":"PropertyValueSpecification","valueRequired":true,"valueName":"search_term_string"}}],"inLanguage":"es-AR"},{"@type":"Person","@id":"https:\/\/www.diario21.tv\/noticias\/#\/schema\/person\/dfb778f73814d8f09f302618446a526b","name":"Juan P\u00e9rez","image":{"@type":"ImageObject","inLanguage":"es-AR","@id":"https:\/\/www.diario21.tv\/noticias\/#\/schema\/person\/image\/","url":"https:\/\/secure.gravatar.com\/avatar\/c478a405bd10621167f4c3167cc770f5?s=96&d=mm&r=g","contentUrl":"https:\/\/secure.gravatar.com\/avatar\/c478a405bd10621167f4c3167cc770f5?s=96&d=mm&r=g","caption":"Juan P\u00e9rez"},"description":"Juan P\u00e9rez es el redactor en jefe de Diario 21. Con m\u00e1s de 10 a\u00f1os de experiencia en el periodismo, se especializa en pol\u00edtica nacional y an\u00e1lisis socioecon\u00f3mico. Su enfoque cr\u00edtico y riguroso aporta una perspectiva \u00fanica a cada art\u00edculo.","sameAs":["https:\/\/www.diario21.tv\/noticias\/"],"url":"https:\/\/www.diario21.tv\/noticias\/author\/juan-perez\/"}]}},"_links":{"self":[{"href":"https:\/\/www.diario21.tv\/noticias\/wp-json\/wp\/v2\/posts\/4935"}],"collection":[{"href":"https:\/\/www.diario21.tv\/noticias\/wp-json\/wp\/v2\/posts"}],"about":[{"href":"https:\/\/www.diario21.tv\/noticias\/wp-json\/wp\/v2\/types\/post"}],"author":[{"embeddable":true,"href":"https:\/\/www.diario21.tv\/noticias\/wp-json\/wp\/v2\/users\/20"}],"replies":[{"embeddable":true,"href":"https:\/\/www.diario21.tv\/noticias\/wp-json\/wp\/v2\/comments?post=4935"}],"version-history":[{"count":1,"href":"https:\/\/www.diario21.tv\/noticias\/wp-json\/wp\/v2\/posts\/4935\/revisions"}],"predecessor-version":[{"id":4937,"href":"https:\/\/www.diario21.tv\/noticias\/wp-json\/wp\/v2\/posts\/4935\/revisions\/4937"}],"wp:featuredmedia":[{"embeddable":true,"href":"https:\/\/www.diario21.tv\/noticias\/wp-json\/wp\/v2\/media\/4936"}],"wp:attachment":[{"href":"https:\/\/www.diario21.tv\/noticias\/wp-json\/wp\/v2\/media?parent=4935"}],"wp:term":[{"taxonomy":"category","embeddable":true,"href":"https:\/\/www.diario21.tv\/noticias\/wp-json\/wp\/v2\/categories?post=4935"},{"taxonomy":"post_tag","embeddable":true,"href":"https:\/\/www.diario21.tv\/noticias\/wp-json\/wp\/v2\/tags?post=4935"}],"curies":[{"name":"wp","href":"https:\/\/api.w.org\/{rel}","templated":true}]}}