{"id":4929,"date":"2025-10-22T14:46:45","date_gmt":"2025-10-22T14:46:45","guid":{"rendered":"https:\/\/www.diario21.tv\/noticias\/espectaculo-celestial-los-fragmentos-del-cometa-halley-iluminaran-el-cielo-en-las-orionidas-2025\/"},"modified":"2025-10-22T14:46:46","modified_gmt":"2025-10-22T14:46:46","slug":"espectaculo-celestial-los-fragmentos-del-cometa-halley-iluminaran-el-cielo-en-las-orionidas-2025","status":"publish","type":"post","link":"https:\/\/www.diario21.tv\/noticias\/espectaculo-celestial-los-fragmentos-del-cometa-halley-iluminaran-el-cielo-en-las-orionidas-2025\/","title":{"rendered":"\u00a1Espect\u00e1culo celestial! Los fragmentos del Cometa Halley iluminar\u00e1n el cielo en las Ori\u00f3nidas 2025."},"content":{"rendered":"<h2>Ori\u00f3nidas 2025: Espect\u00e1culo Celestial Gracias al Cometa Halley<\/h2>\n<p>La pr\u00f3xima semana, los aficionados a la astronom\u00eda tendr\u00e1n una cita con uno de los eventos m\u00e1s deslumbrantes del cielo nocturno: la lluvia de meteoros de las Ori\u00f3nidas. Este fen\u00f3meno, que se produce cada a\u00f1o, es resultado de los fragmentos dejados por el cometa Halley, el cual es conocido por su impactante luminosidad y su hist\u00f3rica trayectoria visible desde la Tierra cada 76 a\u00f1os.<\/p>\n<h3>\u00bfQu\u00e9 son las Ori\u00f3nidas?<\/h3>\n<p>Las Ori\u00f3nidas son una lluvia de meteoros que se origina cuando la Tierra atraviesa los escombros dejados por el cometa Halley. Estos fragmentos, al entrar en contacto con la atm\u00f3sfera terrestre, provocan estelas de luz conocidas como meteoros, que parecen emanar de la constelaci\u00f3n de Ori\u00f3n, de ah\u00ed su nombre. Este espect\u00e1culo celeste es especialmente notable por la velocidad y brillo de sus meteoros.<\/p>\n<h3>\u00bfCu\u00e1ndo y c\u00f3mo observar las Ori\u00f3nidas?<\/h3>\n<p>El pico de la lluvia de las Ori\u00f3nidas est\u00e1 previsto para la noche del 21 al 22 de octubre de 2025. Durante este per\u00edodo, se espera que el cielo se ilumine con una frecuencia de hasta 20 meteoros por hora. Para disfrutar de este maravilloso evento, no se necesitan equipos especiales; basta con encontrar un lugar alejado de la contaminaci\u00f3n lum\u00ednica de las ciudades.<\/p>\n<p>Los expertos recomiendan dirigir la vista hacia el sureste despu\u00e9s de la medianoche y antes del amanecer, cuando Ori\u00f3n est\u00e1 m\u00e1s alto en el cielo. Aunque los meteoros pueden aparecer en cualquier parte del cielo, es desde esta constelaci\u00f3n desde donde parecen irradiar.<\/p>\n<h3>Consejos para una observaci\u00f3n \u00f3ptima<\/h3>\n<p>1. **Encuentre un lugar oscuro**: Salga de la ciudad o dir\u00edjase a \u00e1reas rurales donde la ausencia de luces artificiales permita una mejor visibilidad de los meteoros.<\/p>\n<p>2. **Paciencia y comodidad**: Lleve una silla reclinable o una manta para acostarse y mirar el cielo. La espera puede ser larga, as\u00ed que la comodidad es clave.<\/p>\n<p>3. **Vigilancia del tiempo**: Aseg\u00farese de que el pron\u00f3stico meteorol\u00f3gico sea favorable, pues las nubes pueden ocultar la vista de los meteoros.<\/p>\n<p>4. **Adaptaci\u00f3n de la vista a la oscuridad**: Evite mirar directamente las fuentes de luz para que sus ojos se adapten a la oscuridad y puedan detectar mejor los meteoros.<\/p>\n<p>Esta lluvia de meteoros no solo proporciona un espect\u00e1culo visual impresionante, sino que tambi\u00e9n ofrece una oportunidad para reflexionar sobre la vastedad del universo y la recurrente presencia del cometa Halley en la historia de la observaci\u00f3n celestial. As\u00ed que, si las condiciones lo permiten, no pierda la oportunidad de ser testigo de este evento astron\u00f3mico en 2025.<\/p>\n\n\n<div class=\"kk-star-ratings kksr-auto kksr-align-left kksr-valign-bottom\"\n    data-payload='{&quot;align&quot;:&quot;left&quot;,&quot;id&quot;:&quot;4929&quot;,&quot;slug&quot;:&quot;default&quot;,&quot;valign&quot;:&quot;bottom&quot;,&quot;ignore&quot;:&quot;&quot;,&quot;reference&quot;:&quot;auto&quot;,&quot;class&quot;:&quot;&quot;,&quot;count&quot;:&quot;0&quot;,&quot;legendonly&quot;:&quot;&quot;,&quot;readonly&quot;:&quot;&quot;,&quot;score&quot;:&quot;0&quot;,&quot;starsonly&quot;:&quot;&quot;,&quot;best&quot;:&quot;5&quot;,&quot;gap&quot;:&quot;5&quot;,&quot;greet&quot;:&quot;Valora este post&quot;,&quot;legend&quot;:&quot;0\\\/5 - (0 votes)&quot;,&quot;size&quot;:&quot;22&quot;,&quot;title&quot;:&quot;\u00a1Espect\u00e1culo celestial! Los fragmentos del Cometa Halley iluminar\u00e1n el cielo en las Ori\u00f3nidas 2025.&quot;,&quot;width&quot;:&quot;0&quot;,&quot;_legend&quot;:&quot;{score}\\\/{best} - ({count} {votes})&quot;,&quot;font_factor&quot;:&quot;1.25&quot;}'>\n            \n<div class=\"kksr-stars\">\n    \n<div class=\"kksr-stars-inactive\">\n            <div class=\"kksr-star\" data-star=\"1\" style=\"padding-right: 5px\">\n            \n\n<div class=\"kksr-icon\" style=\"width: 22px; height: 22px;\"><\/div>\n        <\/div>\n            <div class=\"kksr-star\" data-star=\"2\" style=\"padding-right: 5px\">\n            \n\n<div class=\"kksr-icon\" style=\"width: 22px; height: 22px;\"><\/div>\n        <\/div>\n            <div class=\"kksr-star\" data-star=\"3\" style=\"padding-right: 5px\">\n            \n\n<div class=\"kksr-icon\" style=\"width: 22px; height: 22px;\"><\/div>\n        <\/div>\n            <div class=\"kksr-star\" data-star=\"4\" style=\"padding-right: 5px\">\n            \n\n<div class=\"kksr-icon\" style=\"width: 22px; height: 22px;\"><\/div>\n        <\/div>\n            <div class=\"kksr-star\" data-star=\"5\" style=\"padding-right: 5px\">\n            \n\n<div class=\"kksr-icon\" style=\"width: 22px; height: 22px;\"><\/div>\n        <\/div>\n    <\/div>\n    \n<div class=\"kksr-stars-active\" style=\"width: 0px;\">\n            <div class=\"kksr-star\" style=\"padding-right: 5px\">\n            \n\n<div class=\"kksr-icon\" style=\"width: 22px; height: 22px;\"><\/div>\n        <\/div>\n            <div class=\"kksr-star\" style=\"padding-right: 5px\">\n            \n\n<div class=\"kksr-icon\" style=\"width: 22px; height: 22px;\"><\/div>\n        <\/div>\n            <div class=\"kksr-star\" style=\"padding-right: 5px\">\n            \n\n<div class=\"kksr-icon\" style=\"width: 22px; height: 22px;\"><\/div>\n        <\/div>\n            <div class=\"kksr-star\" style=\"padding-right: 5px\">\n            \n\n<div class=\"kksr-icon\" style=\"width: 22px; height: 22px;\"><\/div>\n        <\/div>\n            <div class=\"kksr-star\" style=\"padding-right: 5px\">\n            \n\n<div class=\"kksr-icon\" style=\"width: 22px; height: 22px;\"><\/div>\n        <\/div>\n    <\/div>\n<\/div>\n                \n\n<div class=\"kksr-legend\" style=\"font-size: 17.6px;\">\n            <span class=\"kksr-muted\">Valora este post<\/span>\n    <\/div>\n    <\/div>\n","protected":false},"excerpt":{"rendered":"<p>Ori\u00f3nidas 2025: Espect\u00e1culo Celestial Gracias al Cometa Halley La pr\u00f3xima semana, los aficionados a la astronom\u00eda tendr\u00e1n una cita con uno de los eventos m\u00e1s deslumbrantes &#8230; <a title=\"\u00a1Espect\u00e1culo celestial! Los fragmentos del Cometa Halley iluminar\u00e1n el cielo en las Ori\u00f3nidas 2025.\" class=\"read-more\" href=\"https:\/\/www.diario21.tv\/noticias\/espectaculo-celestial-los-fragmentos-del-cometa-halley-iluminaran-el-cielo-en-las-orionidas-2025\/\" aria-label=\"Leer m\u00e1s sobre \u00a1Espect\u00e1culo celestial! Los fragmentos del Cometa Halley iluminar\u00e1n el cielo en las Ori\u00f3nidas 2025.\">Seguir leyendo &rarr;<\/a><\/p>\n","protected":false},"author":20,"featured_media":4930,"comment_status":"open","ping_status":"open","sticky":false,"template":"","format":"standard","meta":{"footnotes":""},"categories":[13],"tags":[],"class_list":["post-4929","post","type-post","status-publish","format-standard","has-post-thumbnail","hentry","category-portada"],"yoast_head":"<!-- This site is optimized with the Yoast SEO plugin v25.6 - https:\/\/yoast.com\/wordpress\/plugins\/seo\/ -->\n<title>\u00a1Espect\u00e1culo celestial! Los fragmentos del Cometa Halley iluminar\u00e1n el cielo en las Ori\u00f3nidas 2025. - Diario 21<\/title>\n<meta name=\"robots\" content=\"index, follow, max-snippet:-1, max-image-preview:large, max-video-preview:-1\" \/>\n<link rel=\"canonical\" href=\"https:\/\/www.diario21.tv\/noticias\/espectaculo-celestial-los-fragmentos-del-cometa-halley-iluminaran-el-cielo-en-las-orionidas-2025\/\" \/>\n<meta property=\"og:locale\" content=\"es_ES\" \/>\n<meta property=\"og:type\" content=\"article\" \/>\n<meta property=\"og:title\" content=\"\u00a1Espect\u00e1culo celestial! Los fragmentos del Cometa Halley iluminar\u00e1n el cielo en las Ori\u00f3nidas 2025. - Diario 21\" \/>\n<meta property=\"og:description\" content=\"Ori\u00f3nidas 2025: Espect\u00e1culo Celestial Gracias al Cometa Halley La pr\u00f3xima semana, los aficionados a la astronom\u00eda tendr\u00e1n una cita con uno de los eventos m\u00e1s deslumbrantes ... Seguir leyendo &rarr;\" \/>\n<meta property=\"og:url\" content=\"https:\/\/www.diario21.tv\/noticias\/espectaculo-celestial-los-fragmentos-del-cometa-halley-iluminaran-el-cielo-en-las-orionidas-2025\/\" \/>\n<meta property=\"og:site_name\" content=\"Diario 21\" \/>\n<meta property=\"article:published_time\" content=\"2025-10-22T14:46:45+00:00\" \/>\n<meta property=\"article:modified_time\" content=\"2025-10-22T14:46:46+00:00\" \/>\n<meta property=\"og:image\" content=\"https:\/\/www.diario21.tv\/noticias\/wp-content\/uploads\/2025\/10\/\u00a1Espectaculo-celestial-Los-fragmentos-del-Cometa-Halley-iluminaran-el-cielo.jpg\" \/>\n\t<meta property=\"og:image:width\" content=\"1200\" \/>\n\t<meta property=\"og:image:height\" content=\"840\" \/>\n\t<meta property=\"og:image:type\" content=\"image\/jpeg\" \/>\n<meta name=\"author\" content=\"Juan P\u00e9rez\" \/>\n<meta name=\"twitter:card\" content=\"summary_large_image\" \/>\n<meta name=\"twitter:label1\" content=\"Escrito por\" \/>\n\t<meta name=\"twitter:data1\" content=\"Juan P\u00e9rez\" \/>\n\t<meta name=\"twitter:label2\" content=\"Tiempo de lectura\" \/>\n\t<meta name=\"twitter:data2\" content=\"2 minutos\" \/>\n<script type=\"application\/ld+json\" class=\"yoast-schema-graph\">{\"@context\":\"https:\/\/schema.org\",\"@graph\":[{\"@type\":\"WebPage\",\"@id\":\"https:\/\/www.diario21.tv\/noticias\/espectaculo-celestial-los-fragmentos-del-cometa-halley-iluminaran-el-cielo-en-las-orionidas-2025\/\",\"url\":\"https:\/\/www.diario21.tv\/noticias\/espectaculo-celestial-los-fragmentos-del-cometa-halley-iluminaran-el-cielo-en-las-orionidas-2025\/\",\"name\":\"\u00a1Espect\u00e1culo celestial! Los fragmentos del Cometa Halley iluminar\u00e1n el cielo en las Ori\u00f3nidas 2025. - Diario 21\",\"isPartOf\":{\"@id\":\"https:\/\/www.diario21.tv\/noticias\/#website\"},\"primaryImageOfPage\":{\"@id\":\"https:\/\/www.diario21.tv\/noticias\/espectaculo-celestial-los-fragmentos-del-cometa-halley-iluminaran-el-cielo-en-las-orionidas-2025\/#primaryimage\"},\"image\":{\"@id\":\"https:\/\/www.diario21.tv\/noticias\/espectaculo-celestial-los-fragmentos-del-cometa-halley-iluminaran-el-cielo-en-las-orionidas-2025\/#primaryimage\"},\"thumbnailUrl\":\"https:\/\/www.diario21.tv\/noticias\/wp-content\/uploads\/2025\/10\/\u00a1Espectaculo-celestial-Los-fragmentos-del-Cometa-Halley-iluminaran-el-cielo.jpg\",\"datePublished\":\"2025-10-22T14:46:45+00:00\",\"dateModified\":\"2025-10-22T14:46:46+00:00\",\"author\":{\"@id\":\"https:\/\/www.diario21.tv\/noticias\/#\/schema\/person\/dfb778f73814d8f09f302618446a526b\"},\"breadcrumb\":{\"@id\":\"https:\/\/www.diario21.tv\/noticias\/espectaculo-celestial-los-fragmentos-del-cometa-halley-iluminaran-el-cielo-en-las-orionidas-2025\/#breadcrumb\"},\"inLanguage\":\"es-AR\",\"potentialAction\":[{\"@type\":\"ReadAction\",\"target\":[\"https:\/\/www.diario21.tv\/noticias\/espectaculo-celestial-los-fragmentos-del-cometa-halley-iluminaran-el-cielo-en-las-orionidas-2025\/\"]}]},{\"@type\":\"ImageObject\",\"inLanguage\":\"es-AR\",\"@id\":\"https:\/\/www.diario21.tv\/noticias\/espectaculo-celestial-los-fragmentos-del-cometa-halley-iluminaran-el-cielo-en-las-orionidas-2025\/#primaryimage\",\"url\":\"https:\/\/www.diario21.tv\/noticias\/wp-content\/uploads\/2025\/10\/\u00a1Espectaculo-celestial-Los-fragmentos-del-Cometa-Halley-iluminaran-el-cielo.jpg\",\"contentUrl\":\"https:\/\/www.diario21.tv\/noticias\/wp-content\/uploads\/2025\/10\/\u00a1Espectaculo-celestial-Los-fragmentos-del-Cometa-Halley-iluminaran-el-cielo.jpg\",\"width\":1200,\"height\":840,\"caption\":\"Ori\u00f3nidas 2025: los fragmentos del cometa Halley iluminar\u00e1n el cielo la pr\u00f3xima semana\"},{\"@type\":\"BreadcrumbList\",\"@id\":\"https:\/\/www.diario21.tv\/noticias\/espectaculo-celestial-los-fragmentos-del-cometa-halley-iluminaran-el-cielo-en-las-orionidas-2025\/#breadcrumb\",\"itemListElement\":[{\"@type\":\"ListItem\",\"position\":1,\"name\":\"Accueil\",\"item\":\"https:\/\/www.diario21.tv\/noticias\/\"},{\"@type\":\"ListItem\",\"position\":2,\"name\":\"\u00a1Espect\u00e1culo celestial! Los fragmentos del Cometa Halley iluminar\u00e1n el cielo en las Ori\u00f3nidas 2025.\"}]},{\"@type\":\"WebSite\",\"@id\":\"https:\/\/www.diario21.tv\/noticias\/#website\",\"url\":\"https:\/\/www.diario21.tv\/noticias\/\",\"name\":\"Diario 21\",\"description\":\"\",\"potentialAction\":[{\"@type\":\"SearchAction\",\"target\":{\"@type\":\"EntryPoint\",\"urlTemplate\":\"https:\/\/www.diario21.tv\/noticias\/?s={search_term_string}\"},\"query-input\":{\"@type\":\"PropertyValueSpecification\",\"valueRequired\":true,\"valueName\":\"search_term_string\"}}],\"inLanguage\":\"es-AR\"},{\"@type\":\"Person\",\"@id\":\"https:\/\/www.diario21.tv\/noticias\/#\/schema\/person\/dfb778f73814d8f09f302618446a526b\",\"name\":\"Juan P\u00e9rez\",\"image\":{\"@type\":\"ImageObject\",\"inLanguage\":\"es-AR\",\"@id\":\"https:\/\/www.diario21.tv\/noticias\/#\/schema\/person\/image\/\",\"url\":\"https:\/\/secure.gravatar.com\/avatar\/c478a405bd10621167f4c3167cc770f5?s=96&d=mm&r=g\",\"contentUrl\":\"https:\/\/secure.gravatar.com\/avatar\/c478a405bd10621167f4c3167cc770f5?s=96&d=mm&r=g\",\"caption\":\"Juan P\u00e9rez\"},\"description\":\"Juan P\u00e9rez es el redactor en jefe de Diario 21. Con m\u00e1s de 10 a\u00f1os de experiencia en el periodismo, se especializa en pol\u00edtica nacional y an\u00e1lisis socioecon\u00f3mico. Su enfoque cr\u00edtico y riguroso aporta una perspectiva \u00fanica a cada art\u00edculo.\",\"sameAs\":[\"https:\/\/www.diario21.tv\/noticias\/\"],\"url\":\"https:\/\/www.diario21.tv\/noticias\/author\/juan-perez\/\"}]}<\/script>\n<!-- \/ Yoast SEO plugin. -->","yoast_head_json":{"title":"\u00a1Espect\u00e1culo celestial! Los fragmentos del Cometa Halley iluminar\u00e1n el cielo en las Ori\u00f3nidas 2025. - Diario 21","robots":{"index":"index","follow":"follow","max-snippet":"max-snippet:-1","max-image-preview":"max-image-preview:large","max-video-preview":"max-video-preview:-1"},"canonical":"https:\/\/www.diario21.tv\/noticias\/espectaculo-celestial-los-fragmentos-del-cometa-halley-iluminaran-el-cielo-en-las-orionidas-2025\/","og_locale":"es_ES","og_type":"article","og_title":"\u00a1Espect\u00e1culo celestial! Los fragmentos del Cometa Halley iluminar\u00e1n el cielo en las Ori\u00f3nidas 2025. - Diario 21","og_description":"Ori\u00f3nidas 2025: Espect\u00e1culo Celestial Gracias al Cometa Halley La pr\u00f3xima semana, los aficionados a la astronom\u00eda tendr\u00e1n una cita con uno de los eventos m\u00e1s deslumbrantes ... Seguir leyendo &rarr;","og_url":"https:\/\/www.diario21.tv\/noticias\/espectaculo-celestial-los-fragmentos-del-cometa-halley-iluminaran-el-cielo-en-las-orionidas-2025\/","og_site_name":"Diario 21","article_published_time":"2025-10-22T14:46:45+00:00","article_modified_time":"2025-10-22T14:46:46+00:00","og_image":[{"width":1200,"height":840,"url":"https:\/\/www.diario21.tv\/noticias\/wp-content\/uploads\/2025\/10\/\u00a1Espectaculo-celestial-Los-fragmentos-del-Cometa-Halley-iluminaran-el-cielo.jpg","type":"image\/jpeg"}],"author":"Juan P\u00e9rez","twitter_card":"summary_large_image","twitter_misc":{"Escrito por":"Juan P\u00e9rez","Tiempo de lectura":"2 minutos"},"schema":{"@context":"https:\/\/schema.org","@graph":[{"@type":"WebPage","@id":"https:\/\/www.diario21.tv\/noticias\/espectaculo-celestial-los-fragmentos-del-cometa-halley-iluminaran-el-cielo-en-las-orionidas-2025\/","url":"https:\/\/www.diario21.tv\/noticias\/espectaculo-celestial-los-fragmentos-del-cometa-halley-iluminaran-el-cielo-en-las-orionidas-2025\/","name":"\u00a1Espect\u00e1culo celestial! Los fragmentos del Cometa Halley iluminar\u00e1n el cielo en las Ori\u00f3nidas 2025. - Diario 21","isPartOf":{"@id":"https:\/\/www.diario21.tv\/noticias\/#website"},"primaryImageOfPage":{"@id":"https:\/\/www.diario21.tv\/noticias\/espectaculo-celestial-los-fragmentos-del-cometa-halley-iluminaran-el-cielo-en-las-orionidas-2025\/#primaryimage"},"image":{"@id":"https:\/\/www.diario21.tv\/noticias\/espectaculo-celestial-los-fragmentos-del-cometa-halley-iluminaran-el-cielo-en-las-orionidas-2025\/#primaryimage"},"thumbnailUrl":"https:\/\/www.diario21.tv\/noticias\/wp-content\/uploads\/2025\/10\/\u00a1Espectaculo-celestial-Los-fragmentos-del-Cometa-Halley-iluminaran-el-cielo.jpg","datePublished":"2025-10-22T14:46:45+00:00","dateModified":"2025-10-22T14:46:46+00:00","author":{"@id":"https:\/\/www.diario21.tv\/noticias\/#\/schema\/person\/dfb778f73814d8f09f302618446a526b"},"breadcrumb":{"@id":"https:\/\/www.diario21.tv\/noticias\/espectaculo-celestial-los-fragmentos-del-cometa-halley-iluminaran-el-cielo-en-las-orionidas-2025\/#breadcrumb"},"inLanguage":"es-AR","potentialAction":[{"@type":"ReadAction","target":["https:\/\/www.diario21.tv\/noticias\/espectaculo-celestial-los-fragmentos-del-cometa-halley-iluminaran-el-cielo-en-las-orionidas-2025\/"]}]},{"@type":"ImageObject","inLanguage":"es-AR","@id":"https:\/\/www.diario21.tv\/noticias\/espectaculo-celestial-los-fragmentos-del-cometa-halley-iluminaran-el-cielo-en-las-orionidas-2025\/#primaryimage","url":"https:\/\/www.diario21.tv\/noticias\/wp-content\/uploads\/2025\/10\/\u00a1Espectaculo-celestial-Los-fragmentos-del-Cometa-Halley-iluminaran-el-cielo.jpg","contentUrl":"https:\/\/www.diario21.tv\/noticias\/wp-content\/uploads\/2025\/10\/\u00a1Espectaculo-celestial-Los-fragmentos-del-Cometa-Halley-iluminaran-el-cielo.jpg","width":1200,"height":840,"caption":"Ori\u00f3nidas 2025: los fragmentos del cometa Halley iluminar\u00e1n el cielo la pr\u00f3xima semana"},{"@type":"BreadcrumbList","@id":"https:\/\/www.diario21.tv\/noticias\/espectaculo-celestial-los-fragmentos-del-cometa-halley-iluminaran-el-cielo-en-las-orionidas-2025\/#breadcrumb","itemListElement":[{"@type":"ListItem","position":1,"name":"Accueil","item":"https:\/\/www.diario21.tv\/noticias\/"},{"@type":"ListItem","position":2,"name":"\u00a1Espect\u00e1culo celestial! Los fragmentos del Cometa Halley iluminar\u00e1n el cielo en las Ori\u00f3nidas 2025."}]},{"@type":"WebSite","@id":"https:\/\/www.diario21.tv\/noticias\/#website","url":"https:\/\/www.diario21.tv\/noticias\/","name":"Diario 21","description":"","potentialAction":[{"@type":"SearchAction","target":{"@type":"EntryPoint","urlTemplate":"https:\/\/www.diario21.tv\/noticias\/?s={search_term_string}"},"query-input":{"@type":"PropertyValueSpecification","valueRequired":true,"valueName":"search_term_string"}}],"inLanguage":"es-AR"},{"@type":"Person","@id":"https:\/\/www.diario21.tv\/noticias\/#\/schema\/person\/dfb778f73814d8f09f302618446a526b","name":"Juan P\u00e9rez","image":{"@type":"ImageObject","inLanguage":"es-AR","@id":"https:\/\/www.diario21.tv\/noticias\/#\/schema\/person\/image\/","url":"https:\/\/secure.gravatar.com\/avatar\/c478a405bd10621167f4c3167cc770f5?s=96&d=mm&r=g","contentUrl":"https:\/\/secure.gravatar.com\/avatar\/c478a405bd10621167f4c3167cc770f5?s=96&d=mm&r=g","caption":"Juan P\u00e9rez"},"description":"Juan P\u00e9rez es el redactor en jefe de Diario 21. Con m\u00e1s de 10 a\u00f1os de experiencia en el periodismo, se especializa en pol\u00edtica nacional y an\u00e1lisis socioecon\u00f3mico. Su enfoque cr\u00edtico y riguroso aporta una perspectiva \u00fanica a cada art\u00edculo.","sameAs":["https:\/\/www.diario21.tv\/noticias\/"],"url":"https:\/\/www.diario21.tv\/noticias\/author\/juan-perez\/"}]}},"_links":{"self":[{"href":"https:\/\/www.diario21.tv\/noticias\/wp-json\/wp\/v2\/posts\/4929"}],"collection":[{"href":"https:\/\/www.diario21.tv\/noticias\/wp-json\/wp\/v2\/posts"}],"about":[{"href":"https:\/\/www.diario21.tv\/noticias\/wp-json\/wp\/v2\/types\/post"}],"author":[{"embeddable":true,"href":"https:\/\/www.diario21.tv\/noticias\/wp-json\/wp\/v2\/users\/20"}],"replies":[{"embeddable":true,"href":"https:\/\/www.diario21.tv\/noticias\/wp-json\/wp\/v2\/comments?post=4929"}],"version-history":[{"count":1,"href":"https:\/\/www.diario21.tv\/noticias\/wp-json\/wp\/v2\/posts\/4929\/revisions"}],"predecessor-version":[{"id":4931,"href":"https:\/\/www.diario21.tv\/noticias\/wp-json\/wp\/v2\/posts\/4929\/revisions\/4931"}],"wp:featuredmedia":[{"embeddable":true,"href":"https:\/\/www.diario21.tv\/noticias\/wp-json\/wp\/v2\/media\/4930"}],"wp:attachment":[{"href":"https:\/\/www.diario21.tv\/noticias\/wp-json\/wp\/v2\/media?parent=4929"}],"wp:term":[{"taxonomy":"category","embeddable":true,"href":"https:\/\/www.diario21.tv\/noticias\/wp-json\/wp\/v2\/categories?post=4929"},{"taxonomy":"post_tag","embeddable":true,"href":"https:\/\/www.diario21.tv\/noticias\/wp-json\/wp\/v2\/tags?post=4929"}],"curies":[{"name":"wp","href":"https:\/\/api.w.org\/{rel}","templated":true}]}}