{"id":4926,"date":"2025-10-22T08:23:51","date_gmt":"2025-10-22T08:23:51","guid":{"rendered":"https:\/\/www.diario21.tv\/noticias\/alerta-de-salud-queso-espanol-contaminado-con-bacterias-peligrosas\/"},"modified":"2025-10-22T08:23:53","modified_gmt":"2025-10-22T08:23:53","slug":"alerta-de-salud-queso-espanol-contaminado-con-bacterias-peligrosas","status":"publish","type":"post","link":"https:\/\/www.diario21.tv\/noticias\/alerta-de-salud-queso-espanol-contaminado-con-bacterias-peligrosas\/","title":{"rendered":"\u00a1Alerta de salud! Queso espa\u00f1ol contaminado con bacterias peligrosas"},"content":{"rendered":"<h2>Advertencia de Salud: Riesgo de Bacterias Peligrosas en Queso Producido en Espa\u00f1a<\/h2>\n<p>Las autoridades sanitarias han emitido una advertencia despu\u00e9s de detectar la presencia de bacterias potencialmente peligrosas en un lote de queso elaborado en Espa\u00f1a. Este descubrimiento ha provocado preocupaci\u00f3n debido a que las bacterias identificadas pueden provocar enfermedades serias si el producto es consumido.<\/p>\n<h3>Identificaci\u00f3n del Problema<\/h3>\n<p>El problema fue identificado durante una inspecci\u00f3n rutinaria en la f\u00e1brica donde se produce el queso. Los an\u00e1lisis microbiol\u00f3gicos revelaron la presencia de bacterias que podr\u00edan causar s\u00edntomas graves de intoxicaci\u00f3n alimentaria. Tras el hallazgo, se procedi\u00f3 inmediatamente a realizar una investigaci\u00f3n m\u00e1s profunda para determinar el alcance de la contaminaci\u00f3n y las posibles causas de la misma.<\/p>\n<h3>Medidas Tomadas<\/h3>\n<p>Como respuesta inicial, se ha ordenado la retirada del mercado de todos los lotes afectados del queso. Adem\u00e1s, se est\u00e1n realizando controles adicionales en la planta de producci\u00f3n para asegurar que no haya otros productos contaminados. Las autoridades tambi\u00e9n est\u00e1n colaborando con la empresa para identificar la fuente de la contaminaci\u00f3n y evitar futuros incidentes.<\/p>\n<h3>Recomendaciones para los Consumidores<\/h3>\n<p>Las autoridades sanitarias aconsejan a los consumidores que hayan comprado este queso que se abstengan de consumirlo y lo devuelvan al punto de venta donde fue adquirido. Es importante revisar el etiquetado del producto para verificar si corresponde a los lotes contaminados. En caso de haber consumido el producto y experimentar s\u00edntomas como fiebre, dolor abdominal, v\u00f3mitos o diarrea, se recomienda buscar atenci\u00f3n m\u00e9dica inmediatamente.<\/p>\n<h3>Compromiso con la Seguridad Alimentaria<\/h3>\n<p>Este incidente subraya la importancia de mantener rigurosos controles de calidad en la producci\u00f3n de alimentos y de seguir las pr\u00e1cticas recomendadas de manejo e higiene. Las autoridades y la empresa involucrada han reafirmado su compromiso con la seguridad alimentaria y est\u00e1n trabajando conjuntamente para resolver la situaci\u00f3n y restaurar la confianza del p\u00fablico en sus productos.<\/p>\n<h3>Seguimiento Continuo<\/h3>\n<p>La situaci\u00f3n sigue bajo revisi\u00f3n y las autoridades sanitarias han prometido actualizar al p\u00fablico a medida que se disponga de m\u00e1s informaci\u00f3n. Se est\u00e1 haciendo un esfuerzo considerable para asegurar que este tipo de incidentes no se repitan en el futuro.<\/p>\n<p>Este evento sirve como un recordatorio cr\u00edtico de la necesidad de vigilancia constante en la producci\u00f3n de alimentos y de la importancia de las medidas preventivas para proteger la salud p\u00fablica.<\/p>\n\n\n<div class=\"kk-star-ratings kksr-auto kksr-align-left kksr-valign-bottom\"\n    data-payload='{&quot;align&quot;:&quot;left&quot;,&quot;id&quot;:&quot;4926&quot;,&quot;slug&quot;:&quot;default&quot;,&quot;valign&quot;:&quot;bottom&quot;,&quot;ignore&quot;:&quot;&quot;,&quot;reference&quot;:&quot;auto&quot;,&quot;class&quot;:&quot;&quot;,&quot;count&quot;:&quot;0&quot;,&quot;legendonly&quot;:&quot;&quot;,&quot;readonly&quot;:&quot;&quot;,&quot;score&quot;:&quot;0&quot;,&quot;starsonly&quot;:&quot;&quot;,&quot;best&quot;:&quot;5&quot;,&quot;gap&quot;:&quot;5&quot;,&quot;greet&quot;:&quot;Valora este post&quot;,&quot;legend&quot;:&quot;0\\\/5 - (0 votes)&quot;,&quot;size&quot;:&quot;22&quot;,&quot;title&quot;:&quot;\u00a1Alerta de salud! Queso espa\u00f1ol contaminado con bacterias peligrosas&quot;,&quot;width&quot;:&quot;0&quot;,&quot;_legend&quot;:&quot;{score}\\\/{best} - ({count} {votes})&quot;,&quot;font_factor&quot;:&quot;1.25&quot;}'>\n            \n<div class=\"kksr-stars\">\n    \n<div class=\"kksr-stars-inactive\">\n            <div class=\"kksr-star\" data-star=\"1\" style=\"padding-right: 5px\">\n            \n\n<div class=\"kksr-icon\" style=\"width: 22px; height: 22px;\"><\/div>\n        <\/div>\n            <div class=\"kksr-star\" data-star=\"2\" style=\"padding-right: 5px\">\n            \n\n<div class=\"kksr-icon\" style=\"width: 22px; height: 22px;\"><\/div>\n        <\/div>\n            <div class=\"kksr-star\" data-star=\"3\" style=\"padding-right: 5px\">\n            \n\n<div class=\"kksr-icon\" style=\"width: 22px; height: 22px;\"><\/div>\n        <\/div>\n            <div class=\"kksr-star\" data-star=\"4\" style=\"padding-right: 5px\">\n            \n\n<div class=\"kksr-icon\" style=\"width: 22px; height: 22px;\"><\/div>\n        <\/div>\n            <div class=\"kksr-star\" data-star=\"5\" style=\"padding-right: 5px\">\n            \n\n<div class=\"kksr-icon\" style=\"width: 22px; height: 22px;\"><\/div>\n        <\/div>\n    <\/div>\n    \n<div class=\"kksr-stars-active\" style=\"width: 0px;\">\n            <div class=\"kksr-star\" style=\"padding-right: 5px\">\n            \n\n<div class=\"kksr-icon\" style=\"width: 22px; height: 22px;\"><\/div>\n        <\/div>\n            <div class=\"kksr-star\" style=\"padding-right: 5px\">\n            \n\n<div class=\"kksr-icon\" style=\"width: 22px; height: 22px;\"><\/div>\n        <\/div>\n            <div class=\"kksr-star\" style=\"padding-right: 5px\">\n            \n\n<div class=\"kksr-icon\" style=\"width: 22px; height: 22px;\"><\/div>\n        <\/div>\n            <div class=\"kksr-star\" style=\"padding-right: 5px\">\n            \n\n<div class=\"kksr-icon\" style=\"width: 22px; height: 22px;\"><\/div>\n        <\/div>\n            <div class=\"kksr-star\" style=\"padding-right: 5px\">\n            \n\n<div class=\"kksr-icon\" style=\"width: 22px; height: 22px;\"><\/div>\n        <\/div>\n    <\/div>\n<\/div>\n                \n\n<div class=\"kksr-legend\" style=\"font-size: 17.6px;\">\n            <span class=\"kksr-muted\">Valora este post<\/span>\n    <\/div>\n    <\/div>\n","protected":false},"excerpt":{"rendered":"<p>Advertencia de Salud: Riesgo de Bacterias Peligrosas en Queso Producido en Espa\u00f1a Las autoridades sanitarias han emitido una advertencia despu\u00e9s de detectar la presencia de bacterias &#8230; <a title=\"\u00a1Alerta de salud! Queso espa\u00f1ol contaminado con bacterias peligrosas\" class=\"read-more\" href=\"https:\/\/www.diario21.tv\/noticias\/alerta-de-salud-queso-espanol-contaminado-con-bacterias-peligrosas\/\" aria-label=\"Leer m\u00e1s sobre \u00a1Alerta de salud! Queso espa\u00f1ol contaminado con bacterias peligrosas\">Seguir leyendo &rarr;<\/a><\/p>\n","protected":false},"author":20,"featured_media":4927,"comment_status":"open","ping_status":"open","sticky":false,"template":"","format":"standard","meta":{"footnotes":""},"categories":[13],"tags":[],"class_list":["post-4926","post","type-post","status-publish","format-standard","has-post-thumbnail","hentry","category-portada"],"yoast_head":"<!-- This site is optimized with the Yoast SEO plugin v25.6 - https:\/\/yoast.com\/wordpress\/plugins\/seo\/ -->\n<title>\u00a1Alerta de salud! Queso espa\u00f1ol contaminado con bacterias peligrosas - Diario 21<\/title>\n<meta name=\"robots\" content=\"index, follow, max-snippet:-1, max-image-preview:large, max-video-preview:-1\" \/>\n<link rel=\"canonical\" href=\"https:\/\/www.diario21.tv\/noticias\/alerta-de-salud-queso-espanol-contaminado-con-bacterias-peligrosas\/\" \/>\n<meta property=\"og:locale\" content=\"es_ES\" \/>\n<meta property=\"og:type\" content=\"article\" \/>\n<meta property=\"og:title\" content=\"\u00a1Alerta de salud! Queso espa\u00f1ol contaminado con bacterias peligrosas - Diario 21\" \/>\n<meta property=\"og:description\" content=\"Advertencia de Salud: Riesgo de Bacterias Peligrosas en Queso Producido en Espa\u00f1a Las autoridades sanitarias han emitido una advertencia despu\u00e9s de detectar la presencia de bacterias ... Seguir leyendo &rarr;\" \/>\n<meta property=\"og:url\" content=\"https:\/\/www.diario21.tv\/noticias\/alerta-de-salud-queso-espanol-contaminado-con-bacterias-peligrosas\/\" \/>\n<meta property=\"og:site_name\" content=\"Diario 21\" \/>\n<meta property=\"article:published_time\" content=\"2025-10-22T08:23:51+00:00\" \/>\n<meta property=\"article:modified_time\" content=\"2025-10-22T08:23:53+00:00\" \/>\n<meta property=\"og:image\" content=\"https:\/\/www.diario21.tv\/noticias\/wp-content\/uploads\/2025\/10\/\u00a1Alerta-de-salud-Queso-espanol-contaminado-con-bacterias-peligrosas.jpg\" \/>\n\t<meta property=\"og:image:width\" content=\"1200\" \/>\n\t<meta property=\"og:image:height\" content=\"840\" \/>\n\t<meta property=\"og:image:type\" content=\"image\/jpeg\" \/>\n<meta name=\"author\" content=\"Juan P\u00e9rez\" \/>\n<meta name=\"twitter:card\" content=\"summary_large_image\" \/>\n<meta name=\"twitter:label1\" content=\"Escrito por\" \/>\n\t<meta name=\"twitter:data1\" content=\"Juan P\u00e9rez\" \/>\n\t<meta name=\"twitter:label2\" content=\"Tiempo de lectura\" \/>\n\t<meta name=\"twitter:data2\" content=\"2 minutos\" \/>\n<script type=\"application\/ld+json\" class=\"yoast-schema-graph\">{\"@context\":\"https:\/\/schema.org\",\"@graph\":[{\"@type\":\"WebPage\",\"@id\":\"https:\/\/www.diario21.tv\/noticias\/alerta-de-salud-queso-espanol-contaminado-con-bacterias-peligrosas\/\",\"url\":\"https:\/\/www.diario21.tv\/noticias\/alerta-de-salud-queso-espanol-contaminado-con-bacterias-peligrosas\/\",\"name\":\"\u00a1Alerta de salud! Queso espa\u00f1ol contaminado con bacterias peligrosas - Diario 21\",\"isPartOf\":{\"@id\":\"https:\/\/www.diario21.tv\/noticias\/#website\"},\"primaryImageOfPage\":{\"@id\":\"https:\/\/www.diario21.tv\/noticias\/alerta-de-salud-queso-espanol-contaminado-con-bacterias-peligrosas\/#primaryimage\"},\"image\":{\"@id\":\"https:\/\/www.diario21.tv\/noticias\/alerta-de-salud-queso-espanol-contaminado-con-bacterias-peligrosas\/#primaryimage\"},\"thumbnailUrl\":\"https:\/\/www.diario21.tv\/noticias\/wp-content\/uploads\/2025\/10\/\u00a1Alerta-de-salud-Queso-espanol-contaminado-con-bacterias-peligrosas.jpg\",\"datePublished\":\"2025-10-22T08:23:51+00:00\",\"dateModified\":\"2025-10-22T08:23:53+00:00\",\"author\":{\"@id\":\"https:\/\/www.diario21.tv\/noticias\/#\/schema\/person\/dfb778f73814d8f09f302618446a526b\"},\"breadcrumb\":{\"@id\":\"https:\/\/www.diario21.tv\/noticias\/alerta-de-salud-queso-espanol-contaminado-con-bacterias-peligrosas\/#breadcrumb\"},\"inLanguage\":\"es-AR\",\"potentialAction\":[{\"@type\":\"ReadAction\",\"target\":[\"https:\/\/www.diario21.tv\/noticias\/alerta-de-salud-queso-espanol-contaminado-con-bacterias-peligrosas\/\"]}]},{\"@type\":\"ImageObject\",\"inLanguage\":\"es-AR\",\"@id\":\"https:\/\/www.diario21.tv\/noticias\/alerta-de-salud-queso-espanol-contaminado-con-bacterias-peligrosas\/#primaryimage\",\"url\":\"https:\/\/www.diario21.tv\/noticias\/wp-content\/uploads\/2025\/10\/\u00a1Alerta-de-salud-Queso-espanol-contaminado-con-bacterias-peligrosas.jpg\",\"contentUrl\":\"https:\/\/www.diario21.tv\/noticias\/wp-content\/uploads\/2025\/10\/\u00a1Alerta-de-salud-Queso-espanol-contaminado-con-bacterias-peligrosas.jpg\",\"width\":1200,\"height\":840,\"caption\":\"Alerta sanitaria por la presencia de bacterias que pueden causar enfermedades graves en un queso fabricado en Espa\u00f1a\"},{\"@type\":\"BreadcrumbList\",\"@id\":\"https:\/\/www.diario21.tv\/noticias\/alerta-de-salud-queso-espanol-contaminado-con-bacterias-peligrosas\/#breadcrumb\",\"itemListElement\":[{\"@type\":\"ListItem\",\"position\":1,\"name\":\"Accueil\",\"item\":\"https:\/\/www.diario21.tv\/noticias\/\"},{\"@type\":\"ListItem\",\"position\":2,\"name\":\"\u00a1Alerta de salud! Queso espa\u00f1ol contaminado con bacterias peligrosas\"}]},{\"@type\":\"WebSite\",\"@id\":\"https:\/\/www.diario21.tv\/noticias\/#website\",\"url\":\"https:\/\/www.diario21.tv\/noticias\/\",\"name\":\"Diario 21\",\"description\":\"\",\"potentialAction\":[{\"@type\":\"SearchAction\",\"target\":{\"@type\":\"EntryPoint\",\"urlTemplate\":\"https:\/\/www.diario21.tv\/noticias\/?s={search_term_string}\"},\"query-input\":{\"@type\":\"PropertyValueSpecification\",\"valueRequired\":true,\"valueName\":\"search_term_string\"}}],\"inLanguage\":\"es-AR\"},{\"@type\":\"Person\",\"@id\":\"https:\/\/www.diario21.tv\/noticias\/#\/schema\/person\/dfb778f73814d8f09f302618446a526b\",\"name\":\"Juan P\u00e9rez\",\"image\":{\"@type\":\"ImageObject\",\"inLanguage\":\"es-AR\",\"@id\":\"https:\/\/www.diario21.tv\/noticias\/#\/schema\/person\/image\/\",\"url\":\"https:\/\/secure.gravatar.com\/avatar\/c478a405bd10621167f4c3167cc770f5?s=96&d=mm&r=g\",\"contentUrl\":\"https:\/\/secure.gravatar.com\/avatar\/c478a405bd10621167f4c3167cc770f5?s=96&d=mm&r=g\",\"caption\":\"Juan P\u00e9rez\"},\"description\":\"Juan P\u00e9rez es el redactor en jefe de Diario 21. Con m\u00e1s de 10 a\u00f1os de experiencia en el periodismo, se especializa en pol\u00edtica nacional y an\u00e1lisis socioecon\u00f3mico. Su enfoque cr\u00edtico y riguroso aporta una perspectiva \u00fanica a cada art\u00edculo.\",\"sameAs\":[\"https:\/\/www.diario21.tv\/noticias\/\"],\"url\":\"https:\/\/www.diario21.tv\/noticias\/author\/juan-perez\/\"}]}<\/script>\n<!-- \/ Yoast SEO plugin. -->","yoast_head_json":{"title":"\u00a1Alerta de salud! Queso espa\u00f1ol contaminado con bacterias peligrosas - Diario 21","robots":{"index":"index","follow":"follow","max-snippet":"max-snippet:-1","max-image-preview":"max-image-preview:large","max-video-preview":"max-video-preview:-1"},"canonical":"https:\/\/www.diario21.tv\/noticias\/alerta-de-salud-queso-espanol-contaminado-con-bacterias-peligrosas\/","og_locale":"es_ES","og_type":"article","og_title":"\u00a1Alerta de salud! Queso espa\u00f1ol contaminado con bacterias peligrosas - Diario 21","og_description":"Advertencia de Salud: Riesgo de Bacterias Peligrosas en Queso Producido en Espa\u00f1a Las autoridades sanitarias han emitido una advertencia despu\u00e9s de detectar la presencia de bacterias ... Seguir leyendo &rarr;","og_url":"https:\/\/www.diario21.tv\/noticias\/alerta-de-salud-queso-espanol-contaminado-con-bacterias-peligrosas\/","og_site_name":"Diario 21","article_published_time":"2025-10-22T08:23:51+00:00","article_modified_time":"2025-10-22T08:23:53+00:00","og_image":[{"width":1200,"height":840,"url":"https:\/\/www.diario21.tv\/noticias\/wp-content\/uploads\/2025\/10\/\u00a1Alerta-de-salud-Queso-espanol-contaminado-con-bacterias-peligrosas.jpg","type":"image\/jpeg"}],"author":"Juan P\u00e9rez","twitter_card":"summary_large_image","twitter_misc":{"Escrito por":"Juan P\u00e9rez","Tiempo de lectura":"2 minutos"},"schema":{"@context":"https:\/\/schema.org","@graph":[{"@type":"WebPage","@id":"https:\/\/www.diario21.tv\/noticias\/alerta-de-salud-queso-espanol-contaminado-con-bacterias-peligrosas\/","url":"https:\/\/www.diario21.tv\/noticias\/alerta-de-salud-queso-espanol-contaminado-con-bacterias-peligrosas\/","name":"\u00a1Alerta de salud! Queso espa\u00f1ol contaminado con bacterias peligrosas - Diario 21","isPartOf":{"@id":"https:\/\/www.diario21.tv\/noticias\/#website"},"primaryImageOfPage":{"@id":"https:\/\/www.diario21.tv\/noticias\/alerta-de-salud-queso-espanol-contaminado-con-bacterias-peligrosas\/#primaryimage"},"image":{"@id":"https:\/\/www.diario21.tv\/noticias\/alerta-de-salud-queso-espanol-contaminado-con-bacterias-peligrosas\/#primaryimage"},"thumbnailUrl":"https:\/\/www.diario21.tv\/noticias\/wp-content\/uploads\/2025\/10\/\u00a1Alerta-de-salud-Queso-espanol-contaminado-con-bacterias-peligrosas.jpg","datePublished":"2025-10-22T08:23:51+00:00","dateModified":"2025-10-22T08:23:53+00:00","author":{"@id":"https:\/\/www.diario21.tv\/noticias\/#\/schema\/person\/dfb778f73814d8f09f302618446a526b"},"breadcrumb":{"@id":"https:\/\/www.diario21.tv\/noticias\/alerta-de-salud-queso-espanol-contaminado-con-bacterias-peligrosas\/#breadcrumb"},"inLanguage":"es-AR","potentialAction":[{"@type":"ReadAction","target":["https:\/\/www.diario21.tv\/noticias\/alerta-de-salud-queso-espanol-contaminado-con-bacterias-peligrosas\/"]}]},{"@type":"ImageObject","inLanguage":"es-AR","@id":"https:\/\/www.diario21.tv\/noticias\/alerta-de-salud-queso-espanol-contaminado-con-bacterias-peligrosas\/#primaryimage","url":"https:\/\/www.diario21.tv\/noticias\/wp-content\/uploads\/2025\/10\/\u00a1Alerta-de-salud-Queso-espanol-contaminado-con-bacterias-peligrosas.jpg","contentUrl":"https:\/\/www.diario21.tv\/noticias\/wp-content\/uploads\/2025\/10\/\u00a1Alerta-de-salud-Queso-espanol-contaminado-con-bacterias-peligrosas.jpg","width":1200,"height":840,"caption":"Alerta sanitaria por la presencia de bacterias que pueden causar enfermedades graves en un queso fabricado en Espa\u00f1a"},{"@type":"BreadcrumbList","@id":"https:\/\/www.diario21.tv\/noticias\/alerta-de-salud-queso-espanol-contaminado-con-bacterias-peligrosas\/#breadcrumb","itemListElement":[{"@type":"ListItem","position":1,"name":"Accueil","item":"https:\/\/www.diario21.tv\/noticias\/"},{"@type":"ListItem","position":2,"name":"\u00a1Alerta de salud! Queso espa\u00f1ol contaminado con bacterias peligrosas"}]},{"@type":"WebSite","@id":"https:\/\/www.diario21.tv\/noticias\/#website","url":"https:\/\/www.diario21.tv\/noticias\/","name":"Diario 21","description":"","potentialAction":[{"@type":"SearchAction","target":{"@type":"EntryPoint","urlTemplate":"https:\/\/www.diario21.tv\/noticias\/?s={search_term_string}"},"query-input":{"@type":"PropertyValueSpecification","valueRequired":true,"valueName":"search_term_string"}}],"inLanguage":"es-AR"},{"@type":"Person","@id":"https:\/\/www.diario21.tv\/noticias\/#\/schema\/person\/dfb778f73814d8f09f302618446a526b","name":"Juan P\u00e9rez","image":{"@type":"ImageObject","inLanguage":"es-AR","@id":"https:\/\/www.diario21.tv\/noticias\/#\/schema\/person\/image\/","url":"https:\/\/secure.gravatar.com\/avatar\/c478a405bd10621167f4c3167cc770f5?s=96&d=mm&r=g","contentUrl":"https:\/\/secure.gravatar.com\/avatar\/c478a405bd10621167f4c3167cc770f5?s=96&d=mm&r=g","caption":"Juan P\u00e9rez"},"description":"Juan P\u00e9rez es el redactor en jefe de Diario 21. Con m\u00e1s de 10 a\u00f1os de experiencia en el periodismo, se especializa en pol\u00edtica nacional y an\u00e1lisis socioecon\u00f3mico. Su enfoque cr\u00edtico y riguroso aporta una perspectiva \u00fanica a cada art\u00edculo.","sameAs":["https:\/\/www.diario21.tv\/noticias\/"],"url":"https:\/\/www.diario21.tv\/noticias\/author\/juan-perez\/"}]}},"_links":{"self":[{"href":"https:\/\/www.diario21.tv\/noticias\/wp-json\/wp\/v2\/posts\/4926"}],"collection":[{"href":"https:\/\/www.diario21.tv\/noticias\/wp-json\/wp\/v2\/posts"}],"about":[{"href":"https:\/\/www.diario21.tv\/noticias\/wp-json\/wp\/v2\/types\/post"}],"author":[{"embeddable":true,"href":"https:\/\/www.diario21.tv\/noticias\/wp-json\/wp\/v2\/users\/20"}],"replies":[{"embeddable":true,"href":"https:\/\/www.diario21.tv\/noticias\/wp-json\/wp\/v2\/comments?post=4926"}],"version-history":[{"count":1,"href":"https:\/\/www.diario21.tv\/noticias\/wp-json\/wp\/v2\/posts\/4926\/revisions"}],"predecessor-version":[{"id":4928,"href":"https:\/\/www.diario21.tv\/noticias\/wp-json\/wp\/v2\/posts\/4926\/revisions\/4928"}],"wp:featuredmedia":[{"embeddable":true,"href":"https:\/\/www.diario21.tv\/noticias\/wp-json\/wp\/v2\/media\/4927"}],"wp:attachment":[{"href":"https:\/\/www.diario21.tv\/noticias\/wp-json\/wp\/v2\/media?parent=4926"}],"wp:term":[{"taxonomy":"category","embeddable":true,"href":"https:\/\/www.diario21.tv\/noticias\/wp-json\/wp\/v2\/categories?post=4926"},{"taxonomy":"post_tag","embeddable":true,"href":"https:\/\/www.diario21.tv\/noticias\/wp-json\/wp\/v2\/tags?post=4926"}],"curies":[{"name":"wp","href":"https:\/\/api.w.org\/{rel}","templated":true}]}}