{"id":4905,"date":"2025-10-20T14:14:07","date_gmt":"2025-10-20T14:14:07","guid":{"rendered":"https:\/\/www.diario21.tv\/noticias\/imperdible-morante-y-su-genial-despedida-misterio-y-emocion-en-el-ruedo\/"},"modified":"2025-10-20T14:14:08","modified_gmt":"2025-10-20T14:14:08","slug":"imperdible-morante-y-su-genial-despedida-misterio-y-emocion-en-el-ruedo","status":"publish","type":"post","link":"https:\/\/www.diario21.tv\/noticias\/imperdible-morante-y-su-genial-despedida-misterio-y-emocion-en-el-ruedo\/","title":{"rendered":"\u00a1Imperdible! Morante y su genial despedida: misterio y emoci\u00f3n en el ruedo."},"content":{"rendered":"<h2>La Fascinaci\u00f3n por Morante: Brillantez y Enigma en el Adi\u00f3s de una Leyenda<\/h2>\n<p>En el mundo del toreo, existen figuras que trascienden el tiempo y el espacio, dejando una huella imborrable en el coraz\u00f3n de los aficionados y en la historia de este arte. Morante de la Puebla es sin duda uno de esos nombres que resonar\u00e1 por generaciones. Su anuncio de retirada ha conmocionado a la comunidad taurina y ha desatado un torbellino de emociones y expectativas en torno a sus \u00faltimas actuaciones.<\/p>\n<h3>Un Estilo Inconfundible<\/h3>\n<p>Morante de la Puebla es reconocido por su estilo \u00fanico, una mezcla de tradici\u00f3n y una pizca de rebeld\u00eda art\u00edstica que lo distingue de otros toreros. Su capacidad para interpretar la lidia como una forma de arte visual es lo que atrae a multitudes. Cada movimiento en la arena parece estar cargado de una intensidad dram\u00e1tica que solo unos pocos pueden igualar.<\/p>\n<p>El torero se ha ganado el respeto y la admiraci\u00f3n de aficionados y cr\u00edticos por igual, gracias a su enfoque po\u00e9tico y a veces melanc\u00f3lico del toreo. La belleza de su t\u00e9cnica no reside solo en la ejecuci\u00f3n, sino en la emoci\u00f3n que logra transmitir. Es esta habilidad para conectar emocionalmente con la audiencia lo que lo ha catapultado a la fama.<\/p>\n<h3>El Anuncio de su Retirada<\/h3>\n<p>Cuando Morante de la Puebla anunci\u00f3 que esta ser\u00eda su \u00faltima temporada en los ruedos, la noticia tom\u00f3 por sorpresa a muchos. En un mundo donde la figura del torero a menudo se asocia con la juventud y el vigor f\u00edsico, Morante ha demostrado que el arte del toreo tambi\u00e9n requiere madurez y sabidur\u00eda.<\/p>\n<p>La decisi\u00f3n de retirarse en el pico de su carrera ha generado un sinf\u00edn de especulaciones y an\u00e1lisis. Algunos sugieren que desea salir dejando una imagen impecable y legendaria, evitando el declive que muchos otros han experimentado. Otros creen que es un movimiento estrat\u00e9gico para aumentar el inter\u00e9s en sus \u00faltimas apariciones y asegurar que su adi\u00f3s sea recordado como un evento hist\u00f3rico.<\/p>\n<h3>Expectativas para sus \u00daltimas Corridas<\/h3>\n<p>Las entradas para las \u00faltimas corridas de Morante se han vendido a un ritmo sin precedentes, con aficionados ansiosos por presenciar la \u00faltima danza de este maestro con el toro. Los eventos prometen ser espectaculares, no solo por la habilidad de Morante, sino tambi\u00e9n por la atm\u00f3sfera de despedida que envolver\u00e1 cada presentaci\u00f3n.<\/p>\n<p>Los aficionados esperan que Morante deje el ruedo por la puerta grande, con actuaciones que resuman su carrera brillante y atrevida. Existe una mezcla de tristeza y celebraci\u00f3n en el aire; tristeza por la p\u00e9rdida de un artista excepcional y celebraci\u00f3n por haber sido testigos de su trayectoria.<\/p>\n<h3>El Legado de Morante<\/h3>\n<p>M\u00e1s all\u00e1 de sus \u00faltimas apariciones, el legado de Morante de la Puebla perdurar\u00e1. Ha inspirado a una nueva generaci\u00f3n de toreros que ven en \u00e9l un modelo a seguir, no solo por su t\u00e9cnica, sino por su interpretaci\u00f3n art\u00edstica del toreo. Asimismo, ha dejado una marca indeleble en la cultura popular, elevando el toreo a una expresi\u00f3n art\u00edstica comparable con cualquier otra forma de arte tradicional.<\/p>\n<p>En resumen, la despedida de Morante no es solo el final de una carrera; es el cierre de un cap\u00edtulo significativo en la historia del toreo. A medida que se prepara para decir adi\u00f3s, el mundo espera, con el aliento contenido, las \u00faltimas pinceladas de genialidad de este \u00edcono del toreo.<\/p>\n\n\n<div class=\"kk-star-ratings kksr-auto kksr-align-left kksr-valign-bottom\"\n    data-payload='{&quot;align&quot;:&quot;left&quot;,&quot;id&quot;:&quot;4905&quot;,&quot;slug&quot;:&quot;default&quot;,&quot;valign&quot;:&quot;bottom&quot;,&quot;ignore&quot;:&quot;&quot;,&quot;reference&quot;:&quot;auto&quot;,&quot;class&quot;:&quot;&quot;,&quot;count&quot;:&quot;0&quot;,&quot;legendonly&quot;:&quot;&quot;,&quot;readonly&quot;:&quot;&quot;,&quot;score&quot;:&quot;0&quot;,&quot;starsonly&quot;:&quot;&quot;,&quot;best&quot;:&quot;5&quot;,&quot;gap&quot;:&quot;5&quot;,&quot;greet&quot;:&quot;Valora este post&quot;,&quot;legend&quot;:&quot;0\\\/5 - (0 votes)&quot;,&quot;size&quot;:&quot;22&quot;,&quot;title&quot;:&quot;\u00a1Imperdible! Morante y su genial despedida: misterio y emoci\u00f3n en el ruedo.&quot;,&quot;width&quot;:&quot;0&quot;,&quot;_legend&quot;:&quot;{score}\\\/{best} - ({count} {votes})&quot;,&quot;font_factor&quot;:&quot;1.25&quot;}'>\n            \n<div class=\"kksr-stars\">\n    \n<div class=\"kksr-stars-inactive\">\n            <div class=\"kksr-star\" data-star=\"1\" style=\"padding-right: 5px\">\n            \n\n<div class=\"kksr-icon\" style=\"width: 22px; height: 22px;\"><\/div>\n        <\/div>\n            <div class=\"kksr-star\" data-star=\"2\" style=\"padding-right: 5px\">\n            \n\n<div class=\"kksr-icon\" style=\"width: 22px; height: 22px;\"><\/div>\n        <\/div>\n            <div class=\"kksr-star\" data-star=\"3\" style=\"padding-right: 5px\">\n            \n\n<div class=\"kksr-icon\" style=\"width: 22px; height: 22px;\"><\/div>\n        <\/div>\n            <div class=\"kksr-star\" data-star=\"4\" style=\"padding-right: 5px\">\n            \n\n<div class=\"kksr-icon\" style=\"width: 22px; height: 22px;\"><\/div>\n        <\/div>\n            <div class=\"kksr-star\" data-star=\"5\" style=\"padding-right: 5px\">\n            \n\n<div class=\"kksr-icon\" style=\"width: 22px; height: 22px;\"><\/div>\n        <\/div>\n    <\/div>\n    \n<div class=\"kksr-stars-active\" style=\"width: 0px;\">\n            <div class=\"kksr-star\" style=\"padding-right: 5px\">\n            \n\n<div class=\"kksr-icon\" style=\"width: 22px; height: 22px;\"><\/div>\n        <\/div>\n            <div class=\"kksr-star\" style=\"padding-right: 5px\">\n            \n\n<div class=\"kksr-icon\" style=\"width: 22px; height: 22px;\"><\/div>\n        <\/div>\n            <div class=\"kksr-star\" style=\"padding-right: 5px\">\n            \n\n<div class=\"kksr-icon\" style=\"width: 22px; height: 22px;\"><\/div>\n        <\/div>\n            <div class=\"kksr-star\" style=\"padding-right: 5px\">\n            \n\n<div class=\"kksr-icon\" style=\"width: 22px; height: 22px;\"><\/div>\n        <\/div>\n            <div class=\"kksr-star\" style=\"padding-right: 5px\">\n            \n\n<div class=\"kksr-icon\" style=\"width: 22px; height: 22px;\"><\/div>\n        <\/div>\n    <\/div>\n<\/div>\n                \n\n<div class=\"kksr-legend\" style=\"font-size: 17.6px;\">\n            <span class=\"kksr-muted\">Valora este post<\/span>\n    <\/div>\n    <\/div>\n","protected":false},"excerpt":{"rendered":"<p>La Fascinaci\u00f3n por Morante: Brillantez y Enigma en el Adi\u00f3s de una Leyenda En el mundo del toreo, existen figuras que trascienden el tiempo y el &#8230; <a title=\"\u00a1Imperdible! Morante y su genial despedida: misterio y emoci\u00f3n en el ruedo.\" class=\"read-more\" href=\"https:\/\/www.diario21.tv\/noticias\/imperdible-morante-y-su-genial-despedida-misterio-y-emocion-en-el-ruedo\/\" aria-label=\"Leer m\u00e1s sobre \u00a1Imperdible! Morante y su genial despedida: misterio y emoci\u00f3n en el ruedo.\">Seguir leyendo &rarr;<\/a><\/p>\n","protected":false},"author":20,"featured_media":4906,"comment_status":"open","ping_status":"open","sticky":false,"template":"","format":"standard","meta":{"footnotes":""},"categories":[13],"tags":[],"class_list":["post-4905","post","type-post","status-publish","format-standard","has-post-thumbnail","hentry","category-portada"],"yoast_head":"<!-- This site is optimized with the Yoast SEO plugin v25.6 - https:\/\/yoast.com\/wordpress\/plugins\/seo\/ -->\n<title>\u00a1Imperdible! Morante y su genial despedida: misterio y emoci\u00f3n en el ruedo. - Diario 21<\/title>\n<meta name=\"robots\" content=\"index, follow, max-snippet:-1, max-image-preview:large, max-video-preview:-1\" \/>\n<link rel=\"canonical\" href=\"https:\/\/www.diario21.tv\/noticias\/imperdible-morante-y-su-genial-despedida-misterio-y-emocion-en-el-ruedo\/\" \/>\n<meta property=\"og:locale\" content=\"es_ES\" \/>\n<meta property=\"og:type\" content=\"article\" \/>\n<meta property=\"og:title\" content=\"\u00a1Imperdible! Morante y su genial despedida: misterio y emoci\u00f3n en el ruedo. - Diario 21\" \/>\n<meta property=\"og:description\" content=\"La Fascinaci\u00f3n por Morante: Brillantez y Enigma en el Adi\u00f3s de una Leyenda En el mundo del toreo, existen figuras que trascienden el tiempo y el ... Seguir leyendo &rarr;\" \/>\n<meta property=\"og:url\" content=\"https:\/\/www.diario21.tv\/noticias\/imperdible-morante-y-su-genial-despedida-misterio-y-emocion-en-el-ruedo\/\" \/>\n<meta property=\"og:site_name\" content=\"Diario 21\" \/>\n<meta property=\"article:published_time\" content=\"2025-10-20T14:14:07+00:00\" \/>\n<meta property=\"article:modified_time\" content=\"2025-10-20T14:14:08+00:00\" \/>\n<meta property=\"og:image\" content=\"https:\/\/www.diario21.tv\/noticias\/wp-content\/uploads\/2025\/10\/\u00a1Imperdible-Morante-y-su-genial-despedida-misterio-y-emocion-en.jpg\" \/>\n\t<meta property=\"og:image:width\" content=\"1200\" \/>\n\t<meta property=\"og:image:height\" content=\"840\" \/>\n\t<meta property=\"og:image:type\" content=\"image\/jpeg\" \/>\n<meta name=\"author\" content=\"Juan P\u00e9rez\" \/>\n<meta name=\"twitter:card\" content=\"summary_large_image\" \/>\n<meta name=\"twitter:label1\" content=\"Escrito por\" \/>\n\t<meta name=\"twitter:data1\" content=\"Juan P\u00e9rez\" \/>\n\t<meta name=\"twitter:label2\" content=\"Tiempo de lectura\" \/>\n\t<meta name=\"twitter:data2\" content=\"3 minutos\" \/>\n<script type=\"application\/ld+json\" class=\"yoast-schema-graph\">{\"@context\":\"https:\/\/schema.org\",\"@graph\":[{\"@type\":\"WebPage\",\"@id\":\"https:\/\/www.diario21.tv\/noticias\/imperdible-morante-y-su-genial-despedida-misterio-y-emocion-en-el-ruedo\/\",\"url\":\"https:\/\/www.diario21.tv\/noticias\/imperdible-morante-y-su-genial-despedida-misterio-y-emocion-en-el-ruedo\/\",\"name\":\"\u00a1Imperdible! Morante y su genial despedida: misterio y emoci\u00f3n en el ruedo. - Diario 21\",\"isPartOf\":{\"@id\":\"https:\/\/www.diario21.tv\/noticias\/#website\"},\"primaryImageOfPage\":{\"@id\":\"https:\/\/www.diario21.tv\/noticias\/imperdible-morante-y-su-genial-despedida-misterio-y-emocion-en-el-ruedo\/#primaryimage\"},\"image\":{\"@id\":\"https:\/\/www.diario21.tv\/noticias\/imperdible-morante-y-su-genial-despedida-misterio-y-emocion-en-el-ruedo\/#primaryimage\"},\"thumbnailUrl\":\"https:\/\/www.diario21.tv\/noticias\/wp-content\/uploads\/2025\/10\/\u00a1Imperdible-Morante-y-su-genial-despedida-misterio-y-emocion-en.jpg\",\"datePublished\":\"2025-10-20T14:14:07+00:00\",\"dateModified\":\"2025-10-20T14:14:08+00:00\",\"author\":{\"@id\":\"https:\/\/www.diario21.tv\/noticias\/#\/schema\/person\/dfb778f73814d8f09f302618446a526b\"},\"breadcrumb\":{\"@id\":\"https:\/\/www.diario21.tv\/noticias\/imperdible-morante-y-su-genial-despedida-misterio-y-emocion-en-el-ruedo\/#breadcrumb\"},\"inLanguage\":\"es-AR\",\"potentialAction\":[{\"@type\":\"ReadAction\",\"target\":[\"https:\/\/www.diario21.tv\/noticias\/imperdible-morante-y-su-genial-despedida-misterio-y-emocion-en-el-ruedo\/\"]}]},{\"@type\":\"ImageObject\",\"inLanguage\":\"es-AR\",\"@id\":\"https:\/\/www.diario21.tv\/noticias\/imperdible-morante-y-su-genial-despedida-misterio-y-emocion-en-el-ruedo\/#primaryimage\",\"url\":\"https:\/\/www.diario21.tv\/noticias\/wp-content\/uploads\/2025\/10\/\u00a1Imperdible-Morante-y-su-genial-despedida-misterio-y-emocion-en.jpg\",\"contentUrl\":\"https:\/\/www.diario21.tv\/noticias\/wp-content\/uploads\/2025\/10\/\u00a1Imperdible-Morante-y-su-genial-despedida-misterio-y-emocion-en.jpg\",\"width\":1200,\"height\":840,\"caption\":\"Locura por Morante: la genialidad y el misterio en la despedida de los grandes\"},{\"@type\":\"BreadcrumbList\",\"@id\":\"https:\/\/www.diario21.tv\/noticias\/imperdible-morante-y-su-genial-despedida-misterio-y-emocion-en-el-ruedo\/#breadcrumb\",\"itemListElement\":[{\"@type\":\"ListItem\",\"position\":1,\"name\":\"Accueil\",\"item\":\"https:\/\/www.diario21.tv\/noticias\/\"},{\"@type\":\"ListItem\",\"position\":2,\"name\":\"\u00a1Imperdible! Morante y su genial despedida: misterio y emoci\u00f3n en el ruedo.\"}]},{\"@type\":\"WebSite\",\"@id\":\"https:\/\/www.diario21.tv\/noticias\/#website\",\"url\":\"https:\/\/www.diario21.tv\/noticias\/\",\"name\":\"Diario 21\",\"description\":\"\",\"potentialAction\":[{\"@type\":\"SearchAction\",\"target\":{\"@type\":\"EntryPoint\",\"urlTemplate\":\"https:\/\/www.diario21.tv\/noticias\/?s={search_term_string}\"},\"query-input\":{\"@type\":\"PropertyValueSpecification\",\"valueRequired\":true,\"valueName\":\"search_term_string\"}}],\"inLanguage\":\"es-AR\"},{\"@type\":\"Person\",\"@id\":\"https:\/\/www.diario21.tv\/noticias\/#\/schema\/person\/dfb778f73814d8f09f302618446a526b\",\"name\":\"Juan P\u00e9rez\",\"image\":{\"@type\":\"ImageObject\",\"inLanguage\":\"es-AR\",\"@id\":\"https:\/\/www.diario21.tv\/noticias\/#\/schema\/person\/image\/\",\"url\":\"https:\/\/secure.gravatar.com\/avatar\/c478a405bd10621167f4c3167cc770f5?s=96&d=mm&r=g\",\"contentUrl\":\"https:\/\/secure.gravatar.com\/avatar\/c478a405bd10621167f4c3167cc770f5?s=96&d=mm&r=g\",\"caption\":\"Juan P\u00e9rez\"},\"description\":\"Juan P\u00e9rez es el redactor en jefe de Diario 21. Con m\u00e1s de 10 a\u00f1os de experiencia en el periodismo, se especializa en pol\u00edtica nacional y an\u00e1lisis socioecon\u00f3mico. Su enfoque cr\u00edtico y riguroso aporta una perspectiva \u00fanica a cada art\u00edculo.\",\"sameAs\":[\"https:\/\/www.diario21.tv\/noticias\/\"],\"url\":\"https:\/\/www.diario21.tv\/noticias\/author\/juan-perez\/\"}]}<\/script>\n<!-- \/ Yoast SEO plugin. -->","yoast_head_json":{"title":"\u00a1Imperdible! Morante y su genial despedida: misterio y emoci\u00f3n en el ruedo. - Diario 21","robots":{"index":"index","follow":"follow","max-snippet":"max-snippet:-1","max-image-preview":"max-image-preview:large","max-video-preview":"max-video-preview:-1"},"canonical":"https:\/\/www.diario21.tv\/noticias\/imperdible-morante-y-su-genial-despedida-misterio-y-emocion-en-el-ruedo\/","og_locale":"es_ES","og_type":"article","og_title":"\u00a1Imperdible! Morante y su genial despedida: misterio y emoci\u00f3n en el ruedo. - Diario 21","og_description":"La Fascinaci\u00f3n por Morante: Brillantez y Enigma en el Adi\u00f3s de una Leyenda En el mundo del toreo, existen figuras que trascienden el tiempo y el ... Seguir leyendo &rarr;","og_url":"https:\/\/www.diario21.tv\/noticias\/imperdible-morante-y-su-genial-despedida-misterio-y-emocion-en-el-ruedo\/","og_site_name":"Diario 21","article_published_time":"2025-10-20T14:14:07+00:00","article_modified_time":"2025-10-20T14:14:08+00:00","og_image":[{"width":1200,"height":840,"url":"https:\/\/www.diario21.tv\/noticias\/wp-content\/uploads\/2025\/10\/\u00a1Imperdible-Morante-y-su-genial-despedida-misterio-y-emocion-en.jpg","type":"image\/jpeg"}],"author":"Juan P\u00e9rez","twitter_card":"summary_large_image","twitter_misc":{"Escrito por":"Juan P\u00e9rez","Tiempo de lectura":"3 minutos"},"schema":{"@context":"https:\/\/schema.org","@graph":[{"@type":"WebPage","@id":"https:\/\/www.diario21.tv\/noticias\/imperdible-morante-y-su-genial-despedida-misterio-y-emocion-en-el-ruedo\/","url":"https:\/\/www.diario21.tv\/noticias\/imperdible-morante-y-su-genial-despedida-misterio-y-emocion-en-el-ruedo\/","name":"\u00a1Imperdible! Morante y su genial despedida: misterio y emoci\u00f3n en el ruedo. - Diario 21","isPartOf":{"@id":"https:\/\/www.diario21.tv\/noticias\/#website"},"primaryImageOfPage":{"@id":"https:\/\/www.diario21.tv\/noticias\/imperdible-morante-y-su-genial-despedida-misterio-y-emocion-en-el-ruedo\/#primaryimage"},"image":{"@id":"https:\/\/www.diario21.tv\/noticias\/imperdible-morante-y-su-genial-despedida-misterio-y-emocion-en-el-ruedo\/#primaryimage"},"thumbnailUrl":"https:\/\/www.diario21.tv\/noticias\/wp-content\/uploads\/2025\/10\/\u00a1Imperdible-Morante-y-su-genial-despedida-misterio-y-emocion-en.jpg","datePublished":"2025-10-20T14:14:07+00:00","dateModified":"2025-10-20T14:14:08+00:00","author":{"@id":"https:\/\/www.diario21.tv\/noticias\/#\/schema\/person\/dfb778f73814d8f09f302618446a526b"},"breadcrumb":{"@id":"https:\/\/www.diario21.tv\/noticias\/imperdible-morante-y-su-genial-despedida-misterio-y-emocion-en-el-ruedo\/#breadcrumb"},"inLanguage":"es-AR","potentialAction":[{"@type":"ReadAction","target":["https:\/\/www.diario21.tv\/noticias\/imperdible-morante-y-su-genial-despedida-misterio-y-emocion-en-el-ruedo\/"]}]},{"@type":"ImageObject","inLanguage":"es-AR","@id":"https:\/\/www.diario21.tv\/noticias\/imperdible-morante-y-su-genial-despedida-misterio-y-emocion-en-el-ruedo\/#primaryimage","url":"https:\/\/www.diario21.tv\/noticias\/wp-content\/uploads\/2025\/10\/\u00a1Imperdible-Morante-y-su-genial-despedida-misterio-y-emocion-en.jpg","contentUrl":"https:\/\/www.diario21.tv\/noticias\/wp-content\/uploads\/2025\/10\/\u00a1Imperdible-Morante-y-su-genial-despedida-misterio-y-emocion-en.jpg","width":1200,"height":840,"caption":"Locura por Morante: la genialidad y el misterio en la despedida de los grandes"},{"@type":"BreadcrumbList","@id":"https:\/\/www.diario21.tv\/noticias\/imperdible-morante-y-su-genial-despedida-misterio-y-emocion-en-el-ruedo\/#breadcrumb","itemListElement":[{"@type":"ListItem","position":1,"name":"Accueil","item":"https:\/\/www.diario21.tv\/noticias\/"},{"@type":"ListItem","position":2,"name":"\u00a1Imperdible! Morante y su genial despedida: misterio y emoci\u00f3n en el ruedo."}]},{"@type":"WebSite","@id":"https:\/\/www.diario21.tv\/noticias\/#website","url":"https:\/\/www.diario21.tv\/noticias\/","name":"Diario 21","description":"","potentialAction":[{"@type":"SearchAction","target":{"@type":"EntryPoint","urlTemplate":"https:\/\/www.diario21.tv\/noticias\/?s={search_term_string}"},"query-input":{"@type":"PropertyValueSpecification","valueRequired":true,"valueName":"search_term_string"}}],"inLanguage":"es-AR"},{"@type":"Person","@id":"https:\/\/www.diario21.tv\/noticias\/#\/schema\/person\/dfb778f73814d8f09f302618446a526b","name":"Juan P\u00e9rez","image":{"@type":"ImageObject","inLanguage":"es-AR","@id":"https:\/\/www.diario21.tv\/noticias\/#\/schema\/person\/image\/","url":"https:\/\/secure.gravatar.com\/avatar\/c478a405bd10621167f4c3167cc770f5?s=96&d=mm&r=g","contentUrl":"https:\/\/secure.gravatar.com\/avatar\/c478a405bd10621167f4c3167cc770f5?s=96&d=mm&r=g","caption":"Juan P\u00e9rez"},"description":"Juan P\u00e9rez es el redactor en jefe de Diario 21. Con m\u00e1s de 10 a\u00f1os de experiencia en el periodismo, se especializa en pol\u00edtica nacional y an\u00e1lisis socioecon\u00f3mico. Su enfoque cr\u00edtico y riguroso aporta una perspectiva \u00fanica a cada art\u00edculo.","sameAs":["https:\/\/www.diario21.tv\/noticias\/"],"url":"https:\/\/www.diario21.tv\/noticias\/author\/juan-perez\/"}]}},"_links":{"self":[{"href":"https:\/\/www.diario21.tv\/noticias\/wp-json\/wp\/v2\/posts\/4905"}],"collection":[{"href":"https:\/\/www.diario21.tv\/noticias\/wp-json\/wp\/v2\/posts"}],"about":[{"href":"https:\/\/www.diario21.tv\/noticias\/wp-json\/wp\/v2\/types\/post"}],"author":[{"embeddable":true,"href":"https:\/\/www.diario21.tv\/noticias\/wp-json\/wp\/v2\/users\/20"}],"replies":[{"embeddable":true,"href":"https:\/\/www.diario21.tv\/noticias\/wp-json\/wp\/v2\/comments?post=4905"}],"version-history":[{"count":1,"href":"https:\/\/www.diario21.tv\/noticias\/wp-json\/wp\/v2\/posts\/4905\/revisions"}],"predecessor-version":[{"id":4907,"href":"https:\/\/www.diario21.tv\/noticias\/wp-json\/wp\/v2\/posts\/4905\/revisions\/4907"}],"wp:featuredmedia":[{"embeddable":true,"href":"https:\/\/www.diario21.tv\/noticias\/wp-json\/wp\/v2\/media\/4906"}],"wp:attachment":[{"href":"https:\/\/www.diario21.tv\/noticias\/wp-json\/wp\/v2\/media?parent=4905"}],"wp:term":[{"taxonomy":"category","embeddable":true,"href":"https:\/\/www.diario21.tv\/noticias\/wp-json\/wp\/v2\/categories?post=4905"},{"taxonomy":"post_tag","embeddable":true,"href":"https:\/\/www.diario21.tv\/noticias\/wp-json\/wp\/v2\/tags?post=4905"}],"curies":[{"name":"wp","href":"https:\/\/api.w.org\/{rel}","templated":true}]}}