{"id":4902,"date":"2025-10-20T08:12:51","date_gmt":"2025-10-20T08:12:51","guid":{"rendered":"https:\/\/www.diario21.tv\/noticias\/impactante-antecedentes-de-violencia-machista-en-detenido-por-crimen-en-zarautz\/"},"modified":"2025-10-20T08:12:54","modified_gmt":"2025-10-20T08:12:54","slug":"impactante-antecedentes-de-violencia-machista-en-detenido-por-crimen-en-zarautz","status":"publish","type":"post","link":"https:\/\/www.diario21.tv\/noticias\/impactante-antecedentes-de-violencia-machista-en-detenido-por-crimen-en-zarautz\/","title":{"rendered":"\u00a1Impactante! Antecedentes de violencia machista en detenido por crimen en Zarautz"},"content":{"rendered":"<h2>Arresto en Zarautz por un delito de homicidio<\/h2>\n<p>En un reciente suceso que ha conmocionado a la localidad de Zarautz, las autoridades han detenido a un individuo en relaci\u00f3n con un grave incidente de homicidio. Este hombre, cuya identidad no ha sido divulgada en detalle, ya ten\u00eda en su historial registros por delitos de violencia de g\u00e9nero.<\/p>\n<h3>Antecedentes de violencia machista<\/h3>\n<p>El sospechoso, previamente conocido por las fuerzas de seguridad debido a sus antecedentes de violencia machista, ha vuelto a ser el foco de una investigaci\u00f3n policial despu\u00e9s de estar vinculado con la muerte de una persona en Zarautz. Los detalles espec\u00edficos del crimen a\u00fan est\u00e1n bajo investigaci\u00f3n, pero se sabe que el acto violento ha a\u00f1adido otro cap\u00edtulo sombr\u00edo a su historial delictivo.<\/p>\n<p>Las autoridades, tras recibir el aviso del incidente, actuaron con prontitud para detener al acusado, quien ya estaba en el radar policial debido a sus previas infracciones. Estos antecedentes han sido cruciales para la r\u00e1pida respuesta de la polic\u00eda, permitiendo una intervenci\u00f3n efectiva antes de que la situaci\u00f3n pudiera escalar a\u00fan m\u00e1s.<\/p>\n<h3>Impacto en la comunidad<\/h3>\n<p>El arresto ha resonado profundamente dentro de la comunidad de Zarautz, una localidad que no es ajena a sucesos lamentables, pero que siempre busca preservar la seguridad y la tranquilidad de sus habitantes. Este incidente ha reavivado preocupaciones sobre la violencia machista y ha intensificado las discusiones sobre c\u00f3mo prevenir tales actos en el futuro.<\/p>\n<p>La respuesta de la comunidad y las autoridades locales ha sido de firme rechazo hacia cualquier forma de violencia, especialmente aquella dirigida hacia las mujeres. Se est\u00e1n tomando medidas adicionales para reforzar la seguridad en la zona y para apoyar a aquellos afectados por tales tragedias.<\/p>\n<h3>Procedimientos legales en curso<\/h3>\n<p>Con el sospechoso ahora bajo custodia, se est\u00e1n llevando a cabo procedimientos legales para determinar la extensi\u00f3n de su responsabilidad en el crimen de Zarautz. Las investigaciones contin\u00faan, y el caso se encuentra en una etapa cr\u00edtica donde se busca esclarecer todos los hechos y circunstancias que rodearon el incidente.<\/p>\n<p>Este caso ha puesto de relieve la importancia de la vigilancia continua y del manejo de individuos con antecedentes de violencia, resaltando la necesidad de sistemas de apoyo y prevenci\u00f3n m\u00e1s robustos. La comunidad, aunque perturbada por este suceso, muestra un esp\u00edritu resiliente, con la esperanza de que acciones legales adecuadas puedan proporcionar justicia y evitar la repetici\u00f3n de tales actos en el futuro. <\/p>\n<p>La expectativa general es que este caso sirva como un llamado a la acci\u00f3n para fortalecer las medidas contra la violencia de g\u00e9nero y proteger a todas las personas dentro de la comunidad de Zarautz y m\u00e1s all\u00e1.<\/p>\n\n\n<div class=\"kk-star-ratings kksr-auto kksr-align-left kksr-valign-bottom\"\n    data-payload='{&quot;align&quot;:&quot;left&quot;,&quot;id&quot;:&quot;4902&quot;,&quot;slug&quot;:&quot;default&quot;,&quot;valign&quot;:&quot;bottom&quot;,&quot;ignore&quot;:&quot;&quot;,&quot;reference&quot;:&quot;auto&quot;,&quot;class&quot;:&quot;&quot;,&quot;count&quot;:&quot;0&quot;,&quot;legendonly&quot;:&quot;&quot;,&quot;readonly&quot;:&quot;&quot;,&quot;score&quot;:&quot;0&quot;,&quot;starsonly&quot;:&quot;&quot;,&quot;best&quot;:&quot;5&quot;,&quot;gap&quot;:&quot;5&quot;,&quot;greet&quot;:&quot;Valora este post&quot;,&quot;legend&quot;:&quot;0\\\/5 - (0 votes)&quot;,&quot;size&quot;:&quot;22&quot;,&quot;title&quot;:&quot;\u00a1Impactante! Antecedentes de violencia machista en detenido por crimen en Zarautz&quot;,&quot;width&quot;:&quot;0&quot;,&quot;_legend&quot;:&quot;{score}\\\/{best} - ({count} {votes})&quot;,&quot;font_factor&quot;:&quot;1.25&quot;}'>\n            \n<div class=\"kksr-stars\">\n    \n<div class=\"kksr-stars-inactive\">\n            <div class=\"kksr-star\" data-star=\"1\" style=\"padding-right: 5px\">\n            \n\n<div class=\"kksr-icon\" style=\"width: 22px; height: 22px;\"><\/div>\n        <\/div>\n            <div class=\"kksr-star\" data-star=\"2\" style=\"padding-right: 5px\">\n            \n\n<div class=\"kksr-icon\" style=\"width: 22px; height: 22px;\"><\/div>\n        <\/div>\n            <div class=\"kksr-star\" data-star=\"3\" style=\"padding-right: 5px\">\n            \n\n<div class=\"kksr-icon\" style=\"width: 22px; height: 22px;\"><\/div>\n        <\/div>\n            <div class=\"kksr-star\" data-star=\"4\" style=\"padding-right: 5px\">\n            \n\n<div class=\"kksr-icon\" style=\"width: 22px; height: 22px;\"><\/div>\n        <\/div>\n            <div class=\"kksr-star\" data-star=\"5\" style=\"padding-right: 5px\">\n            \n\n<div class=\"kksr-icon\" style=\"width: 22px; height: 22px;\"><\/div>\n        <\/div>\n    <\/div>\n    \n<div class=\"kksr-stars-active\" style=\"width: 0px;\">\n            <div class=\"kksr-star\" style=\"padding-right: 5px\">\n            \n\n<div class=\"kksr-icon\" style=\"width: 22px; height: 22px;\"><\/div>\n        <\/div>\n            <div class=\"kksr-star\" style=\"padding-right: 5px\">\n            \n\n<div class=\"kksr-icon\" style=\"width: 22px; height: 22px;\"><\/div>\n        <\/div>\n            <div class=\"kksr-star\" style=\"padding-right: 5px\">\n            \n\n<div class=\"kksr-icon\" style=\"width: 22px; height: 22px;\"><\/div>\n        <\/div>\n            <div class=\"kksr-star\" style=\"padding-right: 5px\">\n            \n\n<div class=\"kksr-icon\" style=\"width: 22px; height: 22px;\"><\/div>\n        <\/div>\n            <div class=\"kksr-star\" style=\"padding-right: 5px\">\n            \n\n<div class=\"kksr-icon\" style=\"width: 22px; height: 22px;\"><\/div>\n        <\/div>\n    <\/div>\n<\/div>\n                \n\n<div class=\"kksr-legend\" style=\"font-size: 17.6px;\">\n            <span class=\"kksr-muted\">Valora este post<\/span>\n    <\/div>\n    <\/div>\n","protected":false},"excerpt":{"rendered":"<p>Arresto en Zarautz por un delito de homicidio En un reciente suceso que ha conmocionado a la localidad de Zarautz, las autoridades han detenido a un &#8230; <a title=\"\u00a1Impactante! Antecedentes de violencia machista en detenido por crimen en Zarautz\" class=\"read-more\" href=\"https:\/\/www.diario21.tv\/noticias\/impactante-antecedentes-de-violencia-machista-en-detenido-por-crimen-en-zarautz\/\" aria-label=\"Leer m\u00e1s sobre \u00a1Impactante! Antecedentes de violencia machista en detenido por crimen en Zarautz\">Seguir leyendo &rarr;<\/a><\/p>\n","protected":false},"author":20,"featured_media":4903,"comment_status":"open","ping_status":"open","sticky":false,"template":"","format":"standard","meta":{"footnotes":""},"categories":[13],"tags":[],"class_list":["post-4902","post","type-post","status-publish","format-standard","has-post-thumbnail","hentry","category-portada"],"yoast_head":"<!-- This site is optimized with the Yoast SEO plugin v25.6 - https:\/\/yoast.com\/wordpress\/plugins\/seo\/ -->\n<title>\u00a1Impactante! Antecedentes de violencia machista en detenido por crimen en Zarautz - Diario 21<\/title>\n<meta name=\"robots\" content=\"index, follow, max-snippet:-1, max-image-preview:large, max-video-preview:-1\" \/>\n<link rel=\"canonical\" href=\"https:\/\/www.diario21.tv\/noticias\/impactante-antecedentes-de-violencia-machista-en-detenido-por-crimen-en-zarautz\/\" \/>\n<meta property=\"og:locale\" content=\"es_ES\" \/>\n<meta property=\"og:type\" content=\"article\" \/>\n<meta property=\"og:title\" content=\"\u00a1Impactante! Antecedentes de violencia machista en detenido por crimen en Zarautz - Diario 21\" \/>\n<meta property=\"og:description\" content=\"Arresto en Zarautz por un delito de homicidio En un reciente suceso que ha conmocionado a la localidad de Zarautz, las autoridades han detenido a un ... Seguir leyendo &rarr;\" \/>\n<meta property=\"og:url\" content=\"https:\/\/www.diario21.tv\/noticias\/impactante-antecedentes-de-violencia-machista-en-detenido-por-crimen-en-zarautz\/\" \/>\n<meta property=\"og:site_name\" content=\"Diario 21\" \/>\n<meta property=\"article:published_time\" content=\"2025-10-20T08:12:51+00:00\" \/>\n<meta property=\"article:modified_time\" content=\"2025-10-20T08:12:54+00:00\" \/>\n<meta property=\"og:image\" content=\"https:\/\/www.diario21.tv\/noticias\/wp-content\/uploads\/2025\/10\/\u00a1Impactante-Antecedentes-de-violencia-machista-en-detenido-por-crimen-en.png\" \/>\n\t<meta property=\"og:image:width\" content=\"1200\" \/>\n\t<meta property=\"og:image:height\" content=\"840\" \/>\n\t<meta property=\"og:image:type\" content=\"image\/png\" \/>\n<meta name=\"author\" content=\"Juan P\u00e9rez\" \/>\n<meta name=\"twitter:card\" content=\"summary_large_image\" \/>\n<meta name=\"twitter:label1\" content=\"Escrito por\" \/>\n\t<meta name=\"twitter:data1\" content=\"Juan P\u00e9rez\" \/>\n\t<meta name=\"twitter:label2\" content=\"Tiempo de lectura\" \/>\n\t<meta name=\"twitter:data2\" content=\"2 minutos\" \/>\n<script type=\"application\/ld+json\" class=\"yoast-schema-graph\">{\"@context\":\"https:\/\/schema.org\",\"@graph\":[{\"@type\":\"WebPage\",\"@id\":\"https:\/\/www.diario21.tv\/noticias\/impactante-antecedentes-de-violencia-machista-en-detenido-por-crimen-en-zarautz\/\",\"url\":\"https:\/\/www.diario21.tv\/noticias\/impactante-antecedentes-de-violencia-machista-en-detenido-por-crimen-en-zarautz\/\",\"name\":\"\u00a1Impactante! Antecedentes de violencia machista en detenido por crimen en Zarautz - Diario 21\",\"isPartOf\":{\"@id\":\"https:\/\/www.diario21.tv\/noticias\/#website\"},\"primaryImageOfPage\":{\"@id\":\"https:\/\/www.diario21.tv\/noticias\/impactante-antecedentes-de-violencia-machista-en-detenido-por-crimen-en-zarautz\/#primaryimage\"},\"image\":{\"@id\":\"https:\/\/www.diario21.tv\/noticias\/impactante-antecedentes-de-violencia-machista-en-detenido-por-crimen-en-zarautz\/#primaryimage\"},\"thumbnailUrl\":\"https:\/\/www.diario21.tv\/noticias\/wp-content\/uploads\/2025\/10\/\u00a1Impactante-Antecedentes-de-violencia-machista-en-detenido-por-crimen-en.png\",\"datePublished\":\"2025-10-20T08:12:51+00:00\",\"dateModified\":\"2025-10-20T08:12:54+00:00\",\"author\":{\"@id\":\"https:\/\/www.diario21.tv\/noticias\/#\/schema\/person\/dfb778f73814d8f09f302618446a526b\"},\"breadcrumb\":{\"@id\":\"https:\/\/www.diario21.tv\/noticias\/impactante-antecedentes-de-violencia-machista-en-detenido-por-crimen-en-zarautz\/#breadcrumb\"},\"inLanguage\":\"es-AR\",\"potentialAction\":[{\"@type\":\"ReadAction\",\"target\":[\"https:\/\/www.diario21.tv\/noticias\/impactante-antecedentes-de-violencia-machista-en-detenido-por-crimen-en-zarautz\/\"]}]},{\"@type\":\"ImageObject\",\"inLanguage\":\"es-AR\",\"@id\":\"https:\/\/www.diario21.tv\/noticias\/impactante-antecedentes-de-violencia-machista-en-detenido-por-crimen-en-zarautz\/#primaryimage\",\"url\":\"https:\/\/www.diario21.tv\/noticias\/wp-content\/uploads\/2025\/10\/\u00a1Impactante-Antecedentes-de-violencia-machista-en-detenido-por-crimen-en.png\",\"contentUrl\":\"https:\/\/www.diario21.tv\/noticias\/wp-content\/uploads\/2025\/10\/\u00a1Impactante-Antecedentes-de-violencia-machista-en-detenido-por-crimen-en.png\",\"width\":1200,\"height\":840,\"caption\":\"El detenido por el crimen de Zarautz ten\u00eda antecedentes por violencia machista\"},{\"@type\":\"BreadcrumbList\",\"@id\":\"https:\/\/www.diario21.tv\/noticias\/impactante-antecedentes-de-violencia-machista-en-detenido-por-crimen-en-zarautz\/#breadcrumb\",\"itemListElement\":[{\"@type\":\"ListItem\",\"position\":1,\"name\":\"Accueil\",\"item\":\"https:\/\/www.diario21.tv\/noticias\/\"},{\"@type\":\"ListItem\",\"position\":2,\"name\":\"\u00a1Impactante! Antecedentes de violencia machista en detenido por crimen en Zarautz\"}]},{\"@type\":\"WebSite\",\"@id\":\"https:\/\/www.diario21.tv\/noticias\/#website\",\"url\":\"https:\/\/www.diario21.tv\/noticias\/\",\"name\":\"Diario 21\",\"description\":\"\",\"potentialAction\":[{\"@type\":\"SearchAction\",\"target\":{\"@type\":\"EntryPoint\",\"urlTemplate\":\"https:\/\/www.diario21.tv\/noticias\/?s={search_term_string}\"},\"query-input\":{\"@type\":\"PropertyValueSpecification\",\"valueRequired\":true,\"valueName\":\"search_term_string\"}}],\"inLanguage\":\"es-AR\"},{\"@type\":\"Person\",\"@id\":\"https:\/\/www.diario21.tv\/noticias\/#\/schema\/person\/dfb778f73814d8f09f302618446a526b\",\"name\":\"Juan P\u00e9rez\",\"image\":{\"@type\":\"ImageObject\",\"inLanguage\":\"es-AR\",\"@id\":\"https:\/\/www.diario21.tv\/noticias\/#\/schema\/person\/image\/\",\"url\":\"https:\/\/secure.gravatar.com\/avatar\/c478a405bd10621167f4c3167cc770f5?s=96&d=mm&r=g\",\"contentUrl\":\"https:\/\/secure.gravatar.com\/avatar\/c478a405bd10621167f4c3167cc770f5?s=96&d=mm&r=g\",\"caption\":\"Juan P\u00e9rez\"},\"description\":\"Juan P\u00e9rez es el redactor en jefe de Diario 21. Con m\u00e1s de 10 a\u00f1os de experiencia en el periodismo, se especializa en pol\u00edtica nacional y an\u00e1lisis socioecon\u00f3mico. Su enfoque cr\u00edtico y riguroso aporta una perspectiva \u00fanica a cada art\u00edculo.\",\"sameAs\":[\"https:\/\/www.diario21.tv\/noticias\/\"],\"url\":\"https:\/\/www.diario21.tv\/noticias\/author\/juan-perez\/\"}]}<\/script>\n<!-- \/ Yoast SEO plugin. -->","yoast_head_json":{"title":"\u00a1Impactante! Antecedentes de violencia machista en detenido por crimen en Zarautz - Diario 21","robots":{"index":"index","follow":"follow","max-snippet":"max-snippet:-1","max-image-preview":"max-image-preview:large","max-video-preview":"max-video-preview:-1"},"canonical":"https:\/\/www.diario21.tv\/noticias\/impactante-antecedentes-de-violencia-machista-en-detenido-por-crimen-en-zarautz\/","og_locale":"es_ES","og_type":"article","og_title":"\u00a1Impactante! Antecedentes de violencia machista en detenido por crimen en Zarautz - Diario 21","og_description":"Arresto en Zarautz por un delito de homicidio En un reciente suceso que ha conmocionado a la localidad de Zarautz, las autoridades han detenido a un ... Seguir leyendo &rarr;","og_url":"https:\/\/www.diario21.tv\/noticias\/impactante-antecedentes-de-violencia-machista-en-detenido-por-crimen-en-zarautz\/","og_site_name":"Diario 21","article_published_time":"2025-10-20T08:12:51+00:00","article_modified_time":"2025-10-20T08:12:54+00:00","og_image":[{"width":1200,"height":840,"url":"https:\/\/www.diario21.tv\/noticias\/wp-content\/uploads\/2025\/10\/\u00a1Impactante-Antecedentes-de-violencia-machista-en-detenido-por-crimen-en.png","type":"image\/png"}],"author":"Juan P\u00e9rez","twitter_card":"summary_large_image","twitter_misc":{"Escrito por":"Juan P\u00e9rez","Tiempo de lectura":"2 minutos"},"schema":{"@context":"https:\/\/schema.org","@graph":[{"@type":"WebPage","@id":"https:\/\/www.diario21.tv\/noticias\/impactante-antecedentes-de-violencia-machista-en-detenido-por-crimen-en-zarautz\/","url":"https:\/\/www.diario21.tv\/noticias\/impactante-antecedentes-de-violencia-machista-en-detenido-por-crimen-en-zarautz\/","name":"\u00a1Impactante! Antecedentes de violencia machista en detenido por crimen en Zarautz - Diario 21","isPartOf":{"@id":"https:\/\/www.diario21.tv\/noticias\/#website"},"primaryImageOfPage":{"@id":"https:\/\/www.diario21.tv\/noticias\/impactante-antecedentes-de-violencia-machista-en-detenido-por-crimen-en-zarautz\/#primaryimage"},"image":{"@id":"https:\/\/www.diario21.tv\/noticias\/impactante-antecedentes-de-violencia-machista-en-detenido-por-crimen-en-zarautz\/#primaryimage"},"thumbnailUrl":"https:\/\/www.diario21.tv\/noticias\/wp-content\/uploads\/2025\/10\/\u00a1Impactante-Antecedentes-de-violencia-machista-en-detenido-por-crimen-en.png","datePublished":"2025-10-20T08:12:51+00:00","dateModified":"2025-10-20T08:12:54+00:00","author":{"@id":"https:\/\/www.diario21.tv\/noticias\/#\/schema\/person\/dfb778f73814d8f09f302618446a526b"},"breadcrumb":{"@id":"https:\/\/www.diario21.tv\/noticias\/impactante-antecedentes-de-violencia-machista-en-detenido-por-crimen-en-zarautz\/#breadcrumb"},"inLanguage":"es-AR","potentialAction":[{"@type":"ReadAction","target":["https:\/\/www.diario21.tv\/noticias\/impactante-antecedentes-de-violencia-machista-en-detenido-por-crimen-en-zarautz\/"]}]},{"@type":"ImageObject","inLanguage":"es-AR","@id":"https:\/\/www.diario21.tv\/noticias\/impactante-antecedentes-de-violencia-machista-en-detenido-por-crimen-en-zarautz\/#primaryimage","url":"https:\/\/www.diario21.tv\/noticias\/wp-content\/uploads\/2025\/10\/\u00a1Impactante-Antecedentes-de-violencia-machista-en-detenido-por-crimen-en.png","contentUrl":"https:\/\/www.diario21.tv\/noticias\/wp-content\/uploads\/2025\/10\/\u00a1Impactante-Antecedentes-de-violencia-machista-en-detenido-por-crimen-en.png","width":1200,"height":840,"caption":"El detenido por el crimen de Zarautz ten\u00eda antecedentes por violencia machista"},{"@type":"BreadcrumbList","@id":"https:\/\/www.diario21.tv\/noticias\/impactante-antecedentes-de-violencia-machista-en-detenido-por-crimen-en-zarautz\/#breadcrumb","itemListElement":[{"@type":"ListItem","position":1,"name":"Accueil","item":"https:\/\/www.diario21.tv\/noticias\/"},{"@type":"ListItem","position":2,"name":"\u00a1Impactante! Antecedentes de violencia machista en detenido por crimen en Zarautz"}]},{"@type":"WebSite","@id":"https:\/\/www.diario21.tv\/noticias\/#website","url":"https:\/\/www.diario21.tv\/noticias\/","name":"Diario 21","description":"","potentialAction":[{"@type":"SearchAction","target":{"@type":"EntryPoint","urlTemplate":"https:\/\/www.diario21.tv\/noticias\/?s={search_term_string}"},"query-input":{"@type":"PropertyValueSpecification","valueRequired":true,"valueName":"search_term_string"}}],"inLanguage":"es-AR"},{"@type":"Person","@id":"https:\/\/www.diario21.tv\/noticias\/#\/schema\/person\/dfb778f73814d8f09f302618446a526b","name":"Juan P\u00e9rez","image":{"@type":"ImageObject","inLanguage":"es-AR","@id":"https:\/\/www.diario21.tv\/noticias\/#\/schema\/person\/image\/","url":"https:\/\/secure.gravatar.com\/avatar\/c478a405bd10621167f4c3167cc770f5?s=96&d=mm&r=g","contentUrl":"https:\/\/secure.gravatar.com\/avatar\/c478a405bd10621167f4c3167cc770f5?s=96&d=mm&r=g","caption":"Juan P\u00e9rez"},"description":"Juan P\u00e9rez es el redactor en jefe de Diario 21. Con m\u00e1s de 10 a\u00f1os de experiencia en el periodismo, se especializa en pol\u00edtica nacional y an\u00e1lisis socioecon\u00f3mico. Su enfoque cr\u00edtico y riguroso aporta una perspectiva \u00fanica a cada art\u00edculo.","sameAs":["https:\/\/www.diario21.tv\/noticias\/"],"url":"https:\/\/www.diario21.tv\/noticias\/author\/juan-perez\/"}]}},"_links":{"self":[{"href":"https:\/\/www.diario21.tv\/noticias\/wp-json\/wp\/v2\/posts\/4902"}],"collection":[{"href":"https:\/\/www.diario21.tv\/noticias\/wp-json\/wp\/v2\/posts"}],"about":[{"href":"https:\/\/www.diario21.tv\/noticias\/wp-json\/wp\/v2\/types\/post"}],"author":[{"embeddable":true,"href":"https:\/\/www.diario21.tv\/noticias\/wp-json\/wp\/v2\/users\/20"}],"replies":[{"embeddable":true,"href":"https:\/\/www.diario21.tv\/noticias\/wp-json\/wp\/v2\/comments?post=4902"}],"version-history":[{"count":1,"href":"https:\/\/www.diario21.tv\/noticias\/wp-json\/wp\/v2\/posts\/4902\/revisions"}],"predecessor-version":[{"id":4904,"href":"https:\/\/www.diario21.tv\/noticias\/wp-json\/wp\/v2\/posts\/4902\/revisions\/4904"}],"wp:featuredmedia":[{"embeddable":true,"href":"https:\/\/www.diario21.tv\/noticias\/wp-json\/wp\/v2\/media\/4903"}],"wp:attachment":[{"href":"https:\/\/www.diario21.tv\/noticias\/wp-json\/wp\/v2\/media?parent=4902"}],"wp:term":[{"taxonomy":"category","embeddable":true,"href":"https:\/\/www.diario21.tv\/noticias\/wp-json\/wp\/v2\/categories?post=4902"},{"taxonomy":"post_tag","embeddable":true,"href":"https:\/\/www.diario21.tv\/noticias\/wp-json\/wp\/v2\/tags?post=4902"}],"curies":[{"name":"wp","href":"https:\/\/api.w.org\/{rel}","templated":true}]}}