{"id":4884,"date":"2025-10-18T14:00:27","date_gmt":"2025-10-18T14:00:27","guid":{"rendered":"https:\/\/www.diario21.tv\/noticias\/alerta-de-neurologos-invasion-de-productos-milagro-para-combatir-el-insomnio\/"},"modified":"2025-10-18T14:00:29","modified_gmt":"2025-10-18T14:00:29","slug":"alerta-de-neurologos-invasion-de-productos-milagro-para-combatir-el-insomnio","status":"publish","type":"post","link":"https:\/\/www.diario21.tv\/noticias\/alerta-de-neurologos-invasion-de-productos-milagro-para-combatir-el-insomnio\/","title":{"rendered":"\u00a1Alerta de neur\u00f3logos! Invasi\u00f3n de productos milagro para combatir el insomnio."},"content":{"rendered":"<h2>Advertencia de neur\u00f3logos sobre productos supuestamente milagrosos para el insomnio<\/h2>\n<p>En un mundo donde el sue\u00f1o reparador se ha vuelto elusivo para muchos, los neur\u00f3logos est\u00e1n levantando la voz contra una creciente ola de productos que prometen soluciones instant\u00e1neas y milagrosas para el insomnio. Estos productos, que van desde suplementos hasta dispositivos electr\u00f3nicos, est\u00e1n ganando popularidad a un ritmo alarmante, pero los expertos advierten que no todo lo que brilla es oro.<\/p>\n<h3>La proliferaci\u00f3n de soluciones instant\u00e1neas en el mercado<\/h3>\n<p>El mercado est\u00e1 inundado de una variedad de productos que aseguran curar el insomnio. Desde aplicaciones de smartphone que generan sonidos y frecuencias dise\u00f1adas para inducir el sue\u00f1o, hasta pastillas y t\u00e9s herbales que prometen una noche de descanso profundo. Aunque algunos de estos pueden ofrecer una soluci\u00f3n temporal, los especialistas en neurolog\u00eda indican que no se debe confiar ciegamente en su efectividad a largo plazo.<\/p>\n<h3>El riesgo detr\u00e1s de los &#8216;productos milagro&#8217;<\/h3>\n<p>Uno de los principales peligros de estos productos milagro es que pueden desviar a las personas de buscar ayuda m\u00e9dica adecuada. El insomnio puede ser un s\u00edntoma de condiciones m\u00e9dicas m\u00e1s serias que requieren atenci\u00f3n especializada. Al optar por soluciones r\u00e1pidas y no comprobadas, los pacientes podr\u00edan estar ignorando la ra\u00edz del problema, lo que a la larga podr\u00eda agravar su situaci\u00f3n.<\/p>\n<p>Adem\u00e1s, muchos de estos productos no han sido suficientemente testados en estudios cl\u00ednicos rigurosos, lo que plantea preguntas sobre su seguridad y eficacia. La falta de regulaci\u00f3n en este tipo de productos aumenta el riesgo de efectos secundarios no anticipados, interacciones con otros medicamentos y resultados inconsistentes.<\/p>\n<h3>La importancia de una soluci\u00f3n integral<\/h3>\n<p>Los expertos en neurolog\u00eda enfatizan la importancia de abordar el insomnio con un enfoque integral que incluya cambios en el estilo de vida, t\u00e9cnicas de relajaci\u00f3n y, cuando sea necesario, intervenci\u00f3n m\u00e9dica. Una evaluaci\u00f3n m\u00e9dica puede ayudar a descartar o tratar condiciones subyacentes como depresi\u00f3n, ansiedad o trastornos del sue\u00f1o como la apnea del sue\u00f1o, que podr\u00edan estar contribuyendo al problema.<\/p>\n<p>Es fundamental que los pacientes con insomnio consulten a profesionales de la salud para recibir un diagn\u00f3stico adecuado y un plan de tratamiento basado en evidencia cient\u00edfica. Los neur\u00f3logos recomiendan ser cautelosos con cualquier producto que ofrezca una cura r\u00e1pida y f\u00e1cil, y aconsejan priorizar m\u00e9todos probados y verdaderos sobre soluciones instant\u00e1neas y potencialmente enga\u00f1osas.<\/p>\n<h3>Conclusi\u00f3n<\/h3>\n<p>En conclusi\u00f3n, mientras que el mercado de productos para el insomnio contin\u00faa creciendo, es esencial que los consumidores se mantengan informados y cr\u00edticos sobre las opciones disponibles. La salud del sue\u00f1o es vital para el bienestar general, y las decisiones sobre c\u00f3mo tratar el insomnio deben tomarse con cuidado y consideraci\u00f3n, guiadas por el consejo de profesionales m\u00e9dicos cualificados. Los neur\u00f3logos instan a todos a ser prudentes y a buscar soluciones duraderas y seguras para mejorar la calidad del sue\u00f1o.<\/p>\n\n\n<div class=\"kk-star-ratings kksr-auto kksr-align-left kksr-valign-bottom\"\n    data-payload='{&quot;align&quot;:&quot;left&quot;,&quot;id&quot;:&quot;4884&quot;,&quot;slug&quot;:&quot;default&quot;,&quot;valign&quot;:&quot;bottom&quot;,&quot;ignore&quot;:&quot;&quot;,&quot;reference&quot;:&quot;auto&quot;,&quot;class&quot;:&quot;&quot;,&quot;count&quot;:&quot;0&quot;,&quot;legendonly&quot;:&quot;&quot;,&quot;readonly&quot;:&quot;&quot;,&quot;score&quot;:&quot;0&quot;,&quot;starsonly&quot;:&quot;&quot;,&quot;best&quot;:&quot;5&quot;,&quot;gap&quot;:&quot;5&quot;,&quot;greet&quot;:&quot;Valora este post&quot;,&quot;legend&quot;:&quot;0\\\/5 - (0 votes)&quot;,&quot;size&quot;:&quot;22&quot;,&quot;title&quot;:&quot;\u00a1Alerta de neur\u00f3logos! Invasi\u00f3n de productos milagro para combatir el insomnio.&quot;,&quot;width&quot;:&quot;0&quot;,&quot;_legend&quot;:&quot;{score}\\\/{best} - ({count} {votes})&quot;,&quot;font_factor&quot;:&quot;1.25&quot;}'>\n            \n<div class=\"kksr-stars\">\n    \n<div class=\"kksr-stars-inactive\">\n            <div class=\"kksr-star\" data-star=\"1\" style=\"padding-right: 5px\">\n            \n\n<div class=\"kksr-icon\" style=\"width: 22px; height: 22px;\"><\/div>\n        <\/div>\n            <div class=\"kksr-star\" data-star=\"2\" style=\"padding-right: 5px\">\n            \n\n<div class=\"kksr-icon\" style=\"width: 22px; height: 22px;\"><\/div>\n        <\/div>\n            <div class=\"kksr-star\" data-star=\"3\" style=\"padding-right: 5px\">\n            \n\n<div class=\"kksr-icon\" style=\"width: 22px; height: 22px;\"><\/div>\n        <\/div>\n            <div class=\"kksr-star\" data-star=\"4\" style=\"padding-right: 5px\">\n            \n\n<div class=\"kksr-icon\" style=\"width: 22px; height: 22px;\"><\/div>\n        <\/div>\n            <div class=\"kksr-star\" data-star=\"5\" style=\"padding-right: 5px\">\n            \n\n<div class=\"kksr-icon\" style=\"width: 22px; height: 22px;\"><\/div>\n        <\/div>\n    <\/div>\n    \n<div class=\"kksr-stars-active\" style=\"width: 0px;\">\n            <div class=\"kksr-star\" style=\"padding-right: 5px\">\n            \n\n<div class=\"kksr-icon\" style=\"width: 22px; height: 22px;\"><\/div>\n        <\/div>\n            <div class=\"kksr-star\" style=\"padding-right: 5px\">\n            \n\n<div class=\"kksr-icon\" style=\"width: 22px; height: 22px;\"><\/div>\n        <\/div>\n            <div class=\"kksr-star\" style=\"padding-right: 5px\">\n            \n\n<div class=\"kksr-icon\" style=\"width: 22px; height: 22px;\"><\/div>\n        <\/div>\n            <div class=\"kksr-star\" style=\"padding-right: 5px\">\n            \n\n<div class=\"kksr-icon\" style=\"width: 22px; height: 22px;\"><\/div>\n        <\/div>\n            <div class=\"kksr-star\" style=\"padding-right: 5px\">\n            \n\n<div class=\"kksr-icon\" style=\"width: 22px; height: 22px;\"><\/div>\n        <\/div>\n    <\/div>\n<\/div>\n                \n\n<div class=\"kksr-legend\" style=\"font-size: 17.6px;\">\n            <span class=\"kksr-muted\">Valora este post<\/span>\n    <\/div>\n    <\/div>\n","protected":false},"excerpt":{"rendered":"<p>Advertencia de neur\u00f3logos sobre productos supuestamente milagrosos para el insomnio En un mundo donde el sue\u00f1o reparador se ha vuelto elusivo para muchos, los neur\u00f3logos est\u00e1n &#8230; <a title=\"\u00a1Alerta de neur\u00f3logos! Invasi\u00f3n de productos milagro para combatir el insomnio.\" class=\"read-more\" href=\"https:\/\/www.diario21.tv\/noticias\/alerta-de-neurologos-invasion-de-productos-milagro-para-combatir-el-insomnio\/\" aria-label=\"Leer m\u00e1s sobre \u00a1Alerta de neur\u00f3logos! Invasi\u00f3n de productos milagro para combatir el insomnio.\">Seguir leyendo &rarr;<\/a><\/p>\n","protected":false},"author":20,"featured_media":4885,"comment_status":"open","ping_status":"open","sticky":false,"template":"","format":"standard","meta":{"footnotes":""},"categories":[13],"tags":[],"class_list":["post-4884","post","type-post","status-publish","format-standard","has-post-thumbnail","hentry","category-portada"],"yoast_head":"<!-- This site is optimized with the Yoast SEO plugin v25.6 - https:\/\/yoast.com\/wordpress\/plugins\/seo\/ -->\n<title>\u00a1Alerta de neur\u00f3logos! Invasi\u00f3n de productos milagro para combatir el insomnio. - Diario 21<\/title>\n<meta name=\"robots\" content=\"index, follow, max-snippet:-1, max-image-preview:large, max-video-preview:-1\" \/>\n<link rel=\"canonical\" href=\"https:\/\/www.diario21.tv\/noticias\/alerta-de-neurologos-invasion-de-productos-milagro-para-combatir-el-insomnio\/\" \/>\n<meta property=\"og:locale\" content=\"es_ES\" \/>\n<meta property=\"og:type\" content=\"article\" \/>\n<meta property=\"og:title\" content=\"\u00a1Alerta de neur\u00f3logos! Invasi\u00f3n de productos milagro para combatir el insomnio. - Diario 21\" \/>\n<meta property=\"og:description\" content=\"Advertencia de neur\u00f3logos sobre productos supuestamente milagrosos para el insomnio En un mundo donde el sue\u00f1o reparador se ha vuelto elusivo para muchos, los neur\u00f3logos est\u00e1n ... Seguir leyendo &rarr;\" \/>\n<meta property=\"og:url\" content=\"https:\/\/www.diario21.tv\/noticias\/alerta-de-neurologos-invasion-de-productos-milagro-para-combatir-el-insomnio\/\" \/>\n<meta property=\"og:site_name\" content=\"Diario 21\" \/>\n<meta property=\"article:published_time\" content=\"2025-10-18T14:00:27+00:00\" \/>\n<meta property=\"article:modified_time\" content=\"2025-10-18T14:00:29+00:00\" \/>\n<meta property=\"og:image\" content=\"https:\/\/www.diario21.tv\/noticias\/wp-content\/uploads\/2025\/10\/\u00a1Alerta-de-neurologos-Invasion-de-productos-milagro-para-combatir-el.jpg\" \/>\n\t<meta property=\"og:image:width\" content=\"1200\" \/>\n\t<meta property=\"og:image:height\" content=\"840\" \/>\n\t<meta property=\"og:image:type\" content=\"image\/jpeg\" \/>\n<meta name=\"author\" content=\"Juan P\u00e9rez\" \/>\n<meta name=\"twitter:card\" content=\"summary_large_image\" \/>\n<meta name=\"twitter:label1\" content=\"Escrito por\" \/>\n\t<meta name=\"twitter:data1\" content=\"Juan P\u00e9rez\" \/>\n\t<meta name=\"twitter:label2\" content=\"Tiempo de lectura\" \/>\n\t<meta name=\"twitter:data2\" content=\"3 minutos\" \/>\n<script type=\"application\/ld+json\" class=\"yoast-schema-graph\">{\"@context\":\"https:\/\/schema.org\",\"@graph\":[{\"@type\":\"WebPage\",\"@id\":\"https:\/\/www.diario21.tv\/noticias\/alerta-de-neurologos-invasion-de-productos-milagro-para-combatir-el-insomnio\/\",\"url\":\"https:\/\/www.diario21.tv\/noticias\/alerta-de-neurologos-invasion-de-productos-milagro-para-combatir-el-insomnio\/\",\"name\":\"\u00a1Alerta de neur\u00f3logos! Invasi\u00f3n de productos milagro para combatir el insomnio. - Diario 21\",\"isPartOf\":{\"@id\":\"https:\/\/www.diario21.tv\/noticias\/#website\"},\"primaryImageOfPage\":{\"@id\":\"https:\/\/www.diario21.tv\/noticias\/alerta-de-neurologos-invasion-de-productos-milagro-para-combatir-el-insomnio\/#primaryimage\"},\"image\":{\"@id\":\"https:\/\/www.diario21.tv\/noticias\/alerta-de-neurologos-invasion-de-productos-milagro-para-combatir-el-insomnio\/#primaryimage\"},\"thumbnailUrl\":\"https:\/\/www.diario21.tv\/noticias\/wp-content\/uploads\/2025\/10\/\u00a1Alerta-de-neurologos-Invasion-de-productos-milagro-para-combatir-el.jpg\",\"datePublished\":\"2025-10-18T14:00:27+00:00\",\"dateModified\":\"2025-10-18T14:00:29+00:00\",\"author\":{\"@id\":\"https:\/\/www.diario21.tv\/noticias\/#\/schema\/person\/dfb778f73814d8f09f302618446a526b\"},\"breadcrumb\":{\"@id\":\"https:\/\/www.diario21.tv\/noticias\/alerta-de-neurologos-invasion-de-productos-milagro-para-combatir-el-insomnio\/#breadcrumb\"},\"inLanguage\":\"es-AR\",\"potentialAction\":[{\"@type\":\"ReadAction\",\"target\":[\"https:\/\/www.diario21.tv\/noticias\/alerta-de-neurologos-invasion-de-productos-milagro-para-combatir-el-insomnio\/\"]}]},{\"@type\":\"ImageObject\",\"inLanguage\":\"es-AR\",\"@id\":\"https:\/\/www.diario21.tv\/noticias\/alerta-de-neurologos-invasion-de-productos-milagro-para-combatir-el-insomnio\/#primaryimage\",\"url\":\"https:\/\/www.diario21.tv\/noticias\/wp-content\/uploads\/2025\/10\/\u00a1Alerta-de-neurologos-Invasion-de-productos-milagro-para-combatir-el.jpg\",\"contentUrl\":\"https:\/\/www.diario21.tv\/noticias\/wp-content\/uploads\/2025\/10\/\u00a1Alerta-de-neurologos-Invasion-de-productos-milagro-para-combatir-el.jpg\",\"width\":1200,\"height\":840,\"caption\":\"Los neur\u00f3logos alertan sobre la invasi\u00f3n de &amp;#039;productos milagro&amp;#039; contra el insomnio\"},{\"@type\":\"BreadcrumbList\",\"@id\":\"https:\/\/www.diario21.tv\/noticias\/alerta-de-neurologos-invasion-de-productos-milagro-para-combatir-el-insomnio\/#breadcrumb\",\"itemListElement\":[{\"@type\":\"ListItem\",\"position\":1,\"name\":\"Accueil\",\"item\":\"https:\/\/www.diario21.tv\/noticias\/\"},{\"@type\":\"ListItem\",\"position\":2,\"name\":\"\u00a1Alerta de neur\u00f3logos! Invasi\u00f3n de productos milagro para combatir el insomnio.\"}]},{\"@type\":\"WebSite\",\"@id\":\"https:\/\/www.diario21.tv\/noticias\/#website\",\"url\":\"https:\/\/www.diario21.tv\/noticias\/\",\"name\":\"Diario 21\",\"description\":\"\",\"potentialAction\":[{\"@type\":\"SearchAction\",\"target\":{\"@type\":\"EntryPoint\",\"urlTemplate\":\"https:\/\/www.diario21.tv\/noticias\/?s={search_term_string}\"},\"query-input\":{\"@type\":\"PropertyValueSpecification\",\"valueRequired\":true,\"valueName\":\"search_term_string\"}}],\"inLanguage\":\"es-AR\"},{\"@type\":\"Person\",\"@id\":\"https:\/\/www.diario21.tv\/noticias\/#\/schema\/person\/dfb778f73814d8f09f302618446a526b\",\"name\":\"Juan P\u00e9rez\",\"image\":{\"@type\":\"ImageObject\",\"inLanguage\":\"es-AR\",\"@id\":\"https:\/\/www.diario21.tv\/noticias\/#\/schema\/person\/image\/\",\"url\":\"https:\/\/secure.gravatar.com\/avatar\/c478a405bd10621167f4c3167cc770f5?s=96&d=mm&r=g\",\"contentUrl\":\"https:\/\/secure.gravatar.com\/avatar\/c478a405bd10621167f4c3167cc770f5?s=96&d=mm&r=g\",\"caption\":\"Juan P\u00e9rez\"},\"description\":\"Juan P\u00e9rez es el redactor en jefe de Diario 21. Con m\u00e1s de 10 a\u00f1os de experiencia en el periodismo, se especializa en pol\u00edtica nacional y an\u00e1lisis socioecon\u00f3mico. Su enfoque cr\u00edtico y riguroso aporta una perspectiva \u00fanica a cada art\u00edculo.\",\"sameAs\":[\"https:\/\/www.diario21.tv\/noticias\/\"],\"url\":\"https:\/\/www.diario21.tv\/noticias\/author\/juan-perez\/\"}]}<\/script>\n<!-- \/ Yoast SEO plugin. -->","yoast_head_json":{"title":"\u00a1Alerta de neur\u00f3logos! Invasi\u00f3n de productos milagro para combatir el insomnio. - Diario 21","robots":{"index":"index","follow":"follow","max-snippet":"max-snippet:-1","max-image-preview":"max-image-preview:large","max-video-preview":"max-video-preview:-1"},"canonical":"https:\/\/www.diario21.tv\/noticias\/alerta-de-neurologos-invasion-de-productos-milagro-para-combatir-el-insomnio\/","og_locale":"es_ES","og_type":"article","og_title":"\u00a1Alerta de neur\u00f3logos! Invasi\u00f3n de productos milagro para combatir el insomnio. - Diario 21","og_description":"Advertencia de neur\u00f3logos sobre productos supuestamente milagrosos para el insomnio En un mundo donde el sue\u00f1o reparador se ha vuelto elusivo para muchos, los neur\u00f3logos est\u00e1n ... Seguir leyendo &rarr;","og_url":"https:\/\/www.diario21.tv\/noticias\/alerta-de-neurologos-invasion-de-productos-milagro-para-combatir-el-insomnio\/","og_site_name":"Diario 21","article_published_time":"2025-10-18T14:00:27+00:00","article_modified_time":"2025-10-18T14:00:29+00:00","og_image":[{"width":1200,"height":840,"url":"https:\/\/www.diario21.tv\/noticias\/wp-content\/uploads\/2025\/10\/\u00a1Alerta-de-neurologos-Invasion-de-productos-milagro-para-combatir-el.jpg","type":"image\/jpeg"}],"author":"Juan P\u00e9rez","twitter_card":"summary_large_image","twitter_misc":{"Escrito por":"Juan P\u00e9rez","Tiempo de lectura":"3 minutos"},"schema":{"@context":"https:\/\/schema.org","@graph":[{"@type":"WebPage","@id":"https:\/\/www.diario21.tv\/noticias\/alerta-de-neurologos-invasion-de-productos-milagro-para-combatir-el-insomnio\/","url":"https:\/\/www.diario21.tv\/noticias\/alerta-de-neurologos-invasion-de-productos-milagro-para-combatir-el-insomnio\/","name":"\u00a1Alerta de neur\u00f3logos! Invasi\u00f3n de productos milagro para combatir el insomnio. - Diario 21","isPartOf":{"@id":"https:\/\/www.diario21.tv\/noticias\/#website"},"primaryImageOfPage":{"@id":"https:\/\/www.diario21.tv\/noticias\/alerta-de-neurologos-invasion-de-productos-milagro-para-combatir-el-insomnio\/#primaryimage"},"image":{"@id":"https:\/\/www.diario21.tv\/noticias\/alerta-de-neurologos-invasion-de-productos-milagro-para-combatir-el-insomnio\/#primaryimage"},"thumbnailUrl":"https:\/\/www.diario21.tv\/noticias\/wp-content\/uploads\/2025\/10\/\u00a1Alerta-de-neurologos-Invasion-de-productos-milagro-para-combatir-el.jpg","datePublished":"2025-10-18T14:00:27+00:00","dateModified":"2025-10-18T14:00:29+00:00","author":{"@id":"https:\/\/www.diario21.tv\/noticias\/#\/schema\/person\/dfb778f73814d8f09f302618446a526b"},"breadcrumb":{"@id":"https:\/\/www.diario21.tv\/noticias\/alerta-de-neurologos-invasion-de-productos-milagro-para-combatir-el-insomnio\/#breadcrumb"},"inLanguage":"es-AR","potentialAction":[{"@type":"ReadAction","target":["https:\/\/www.diario21.tv\/noticias\/alerta-de-neurologos-invasion-de-productos-milagro-para-combatir-el-insomnio\/"]}]},{"@type":"ImageObject","inLanguage":"es-AR","@id":"https:\/\/www.diario21.tv\/noticias\/alerta-de-neurologos-invasion-de-productos-milagro-para-combatir-el-insomnio\/#primaryimage","url":"https:\/\/www.diario21.tv\/noticias\/wp-content\/uploads\/2025\/10\/\u00a1Alerta-de-neurologos-Invasion-de-productos-milagro-para-combatir-el.jpg","contentUrl":"https:\/\/www.diario21.tv\/noticias\/wp-content\/uploads\/2025\/10\/\u00a1Alerta-de-neurologos-Invasion-de-productos-milagro-para-combatir-el.jpg","width":1200,"height":840,"caption":"Los neur\u00f3logos alertan sobre la invasi\u00f3n de &amp;#039;productos milagro&amp;#039; contra el insomnio"},{"@type":"BreadcrumbList","@id":"https:\/\/www.diario21.tv\/noticias\/alerta-de-neurologos-invasion-de-productos-milagro-para-combatir-el-insomnio\/#breadcrumb","itemListElement":[{"@type":"ListItem","position":1,"name":"Accueil","item":"https:\/\/www.diario21.tv\/noticias\/"},{"@type":"ListItem","position":2,"name":"\u00a1Alerta de neur\u00f3logos! Invasi\u00f3n de productos milagro para combatir el insomnio."}]},{"@type":"WebSite","@id":"https:\/\/www.diario21.tv\/noticias\/#website","url":"https:\/\/www.diario21.tv\/noticias\/","name":"Diario 21","description":"","potentialAction":[{"@type":"SearchAction","target":{"@type":"EntryPoint","urlTemplate":"https:\/\/www.diario21.tv\/noticias\/?s={search_term_string}"},"query-input":{"@type":"PropertyValueSpecification","valueRequired":true,"valueName":"search_term_string"}}],"inLanguage":"es-AR"},{"@type":"Person","@id":"https:\/\/www.diario21.tv\/noticias\/#\/schema\/person\/dfb778f73814d8f09f302618446a526b","name":"Juan P\u00e9rez","image":{"@type":"ImageObject","inLanguage":"es-AR","@id":"https:\/\/www.diario21.tv\/noticias\/#\/schema\/person\/image\/","url":"https:\/\/secure.gravatar.com\/avatar\/c478a405bd10621167f4c3167cc770f5?s=96&d=mm&r=g","contentUrl":"https:\/\/secure.gravatar.com\/avatar\/c478a405bd10621167f4c3167cc770f5?s=96&d=mm&r=g","caption":"Juan P\u00e9rez"},"description":"Juan P\u00e9rez es el redactor en jefe de Diario 21. Con m\u00e1s de 10 a\u00f1os de experiencia en el periodismo, se especializa en pol\u00edtica nacional y an\u00e1lisis socioecon\u00f3mico. Su enfoque cr\u00edtico y riguroso aporta una perspectiva \u00fanica a cada art\u00edculo.","sameAs":["https:\/\/www.diario21.tv\/noticias\/"],"url":"https:\/\/www.diario21.tv\/noticias\/author\/juan-perez\/"}]}},"_links":{"self":[{"href":"https:\/\/www.diario21.tv\/noticias\/wp-json\/wp\/v2\/posts\/4884"}],"collection":[{"href":"https:\/\/www.diario21.tv\/noticias\/wp-json\/wp\/v2\/posts"}],"about":[{"href":"https:\/\/www.diario21.tv\/noticias\/wp-json\/wp\/v2\/types\/post"}],"author":[{"embeddable":true,"href":"https:\/\/www.diario21.tv\/noticias\/wp-json\/wp\/v2\/users\/20"}],"replies":[{"embeddable":true,"href":"https:\/\/www.diario21.tv\/noticias\/wp-json\/wp\/v2\/comments?post=4884"}],"version-history":[{"count":1,"href":"https:\/\/www.diario21.tv\/noticias\/wp-json\/wp\/v2\/posts\/4884\/revisions"}],"predecessor-version":[{"id":4886,"href":"https:\/\/www.diario21.tv\/noticias\/wp-json\/wp\/v2\/posts\/4884\/revisions\/4886"}],"wp:featuredmedia":[{"embeddable":true,"href":"https:\/\/www.diario21.tv\/noticias\/wp-json\/wp\/v2\/media\/4885"}],"wp:attachment":[{"href":"https:\/\/www.diario21.tv\/noticias\/wp-json\/wp\/v2\/media?parent=4884"}],"wp:term":[{"taxonomy":"category","embeddable":true,"href":"https:\/\/www.diario21.tv\/noticias\/wp-json\/wp\/v2\/categories?post=4884"},{"taxonomy":"post_tag","embeddable":true,"href":"https:\/\/www.diario21.tv\/noticias\/wp-json\/wp\/v2\/tags?post=4884"}],"curies":[{"name":"wp","href":"https:\/\/api.w.org\/{rel}","templated":true}]}}