{"id":4881,"date":"2025-10-18T07:59:04","date_gmt":"2025-10-18T07:59:04","guid":{"rendered":"https:\/\/www.diario21.tv\/noticias\/escandalo-financiero-jose-luis-moreno-involucrado-en-prestamos-de-33-millones-por-trama-corrupta\/"},"modified":"2025-10-18T07:59:05","modified_gmt":"2025-10-18T07:59:05","slug":"escandalo-financiero-jose-luis-moreno-involucrado-en-prestamos-de-33-millones-por-trama-corrupta","status":"publish","type":"post","link":"https:\/\/www.diario21.tv\/noticias\/escandalo-financiero-jose-luis-moreno-involucrado-en-prestamos-de-33-millones-por-trama-corrupta\/","title":{"rendered":"\u00a1Esc\u00e1ndalo financiero! Jos\u00e9 Luis Moreno involucrado en pr\u00e9stamos de 3,3 millones por trama corrupta"},"content":{"rendered":"<h2>El Magistrado Imputa a Jos\u00e9 Luis Moreno por Obtener 3,3 Millones de Euros en Pr\u00e9stamos y Cr\u00e9ditos de una Red Criminal<\/h2>\n<p>El conocido empresario Jos\u00e9 Luis Moreno ha sido formalmente acusado por un juez de haber recibido un total de 3,3 millones de euros a trav\u00e9s de pr\u00e9stamos y cr\u00e9ditos facilitados por una organizaci\u00f3n delictiva. Esta suma de dinero, seg\u00fan las investigaciones, fue entregada al productor y empresario en diferentes etapas y por diversos m\u00e9todos financieros que est\u00e1n siendo escudri\u00f1ados por las autoridades.<\/p>\n<h3>Detalles de la Acusaci\u00f3n<\/h3>\n<p>Seg\u00fan la informaci\u00f3n revelada por el tribunal, Jos\u00e9 Luis Moreno fue beneficiado con esta considerable cantidad de dinero en el marco de operaciones financieras que ahora son objeto de investigaci\u00f3n. El juez encargado del caso ha se\u00f1alado que estos fondos proven\u00edan directamente de actividades il\u00edcitas gestionadas por la trama criminal, la cual ha estado operando en varios niveles econ\u00f3micos y sociales.<\/p>\n<p>La acusaci\u00f3n sostiene que los pr\u00e9stamos y cr\u00e9ditos concedidos a Moreno no solo implican una violaci\u00f3n de las normas financieras, sino que tambi\u00e9n est\u00e1n vinculados con actividades de lavado de dinero. Estos fondos, presuntamente, fueron utilizados por el empresario para financiar sus proyectos empresariales y personales, lo que ha a\u00f1adido una capa de complejidad al caso debido a la mezcla de fondos leg\u00edtimos e il\u00edcitos.<\/p>\n<h3>Repercusiones Legales y Pr\u00f3ximos Pasos<\/h3>\n<p>El proceso legal contra Jos\u00e9 Luis Moreno est\u00e1 en una fase cr\u00edtica, donde el juez y los fiscales est\u00e1n compilando todas las evidencias necesarias para proceder con el juicio. Las acusaciones son severas y podr\u00edan resultar en consecuencias significativas para el empresario, incluyendo posibles penas de c\u00e1rcel si se le encuentra culpable de los delitos imputados.<\/p>\n<p>Adem\u00e1s, este caso ha atra\u00eddo la atenci\u00f3n p\u00fablica y medi\u00e1tica, dada la prominencia de Moreno en el sector empresarial y de entretenimiento en Espa\u00f1a. Su carrera y reputaci\u00f3n est\u00e1n en juego, y el resultado de este proceso legal podr\u00eda tener implicaciones duraderas en su vida profesional y personal.<\/p>\n<p>El juez ha ordenado una serie de medidas cautelares mientras contin\u00faa la investigaci\u00f3n, y se espera que en las pr\u00f3ximas semanas se ofrezcan m\u00e1s detalles sobre c\u00f3mo proceder\u00e1 el caso. Por el momento, Jos\u00e9 Luis Moreno y sus abogados no han hecho declaraciones p\u00fablicas detalladas sobre las acusaciones, aunque se anticipa que defender\u00e1n vigorosamente su posici\u00f3n en los tribunales.<\/p>\n\n\n<div class=\"kk-star-ratings kksr-auto kksr-align-left kksr-valign-bottom\"\n    data-payload='{&quot;align&quot;:&quot;left&quot;,&quot;id&quot;:&quot;4881&quot;,&quot;slug&quot;:&quot;default&quot;,&quot;valign&quot;:&quot;bottom&quot;,&quot;ignore&quot;:&quot;&quot;,&quot;reference&quot;:&quot;auto&quot;,&quot;class&quot;:&quot;&quot;,&quot;count&quot;:&quot;0&quot;,&quot;legendonly&quot;:&quot;&quot;,&quot;readonly&quot;:&quot;&quot;,&quot;score&quot;:&quot;0&quot;,&quot;starsonly&quot;:&quot;&quot;,&quot;best&quot;:&quot;5&quot;,&quot;gap&quot;:&quot;5&quot;,&quot;greet&quot;:&quot;Valora este post&quot;,&quot;legend&quot;:&quot;0\\\/5 - (0 votes)&quot;,&quot;size&quot;:&quot;22&quot;,&quot;title&quot;:&quot;\u00a1Esc\u00e1ndalo financiero! Jos\u00e9 Luis Moreno involucrado en pr\u00e9stamos de 3,3 millones por trama corrupta&quot;,&quot;width&quot;:&quot;0&quot;,&quot;_legend&quot;:&quot;{score}\\\/{best} - ({count} {votes})&quot;,&quot;font_factor&quot;:&quot;1.25&quot;}'>\n            \n<div class=\"kksr-stars\">\n    \n<div class=\"kksr-stars-inactive\">\n            <div class=\"kksr-star\" data-star=\"1\" style=\"padding-right: 5px\">\n            \n\n<div class=\"kksr-icon\" style=\"width: 22px; height: 22px;\"><\/div>\n        <\/div>\n            <div class=\"kksr-star\" data-star=\"2\" style=\"padding-right: 5px\">\n            \n\n<div class=\"kksr-icon\" style=\"width: 22px; height: 22px;\"><\/div>\n        <\/div>\n            <div class=\"kksr-star\" data-star=\"3\" style=\"padding-right: 5px\">\n            \n\n<div class=\"kksr-icon\" style=\"width: 22px; height: 22px;\"><\/div>\n        <\/div>\n            <div class=\"kksr-star\" data-star=\"4\" style=\"padding-right: 5px\">\n            \n\n<div class=\"kksr-icon\" style=\"width: 22px; height: 22px;\"><\/div>\n        <\/div>\n            <div class=\"kksr-star\" data-star=\"5\" style=\"padding-right: 5px\">\n            \n\n<div class=\"kksr-icon\" style=\"width: 22px; height: 22px;\"><\/div>\n        <\/div>\n    <\/div>\n    \n<div class=\"kksr-stars-active\" style=\"width: 0px;\">\n            <div class=\"kksr-star\" style=\"padding-right: 5px\">\n            \n\n<div class=\"kksr-icon\" style=\"width: 22px; height: 22px;\"><\/div>\n        <\/div>\n            <div class=\"kksr-star\" style=\"padding-right: 5px\">\n            \n\n<div class=\"kksr-icon\" style=\"width: 22px; height: 22px;\"><\/div>\n        <\/div>\n            <div class=\"kksr-star\" style=\"padding-right: 5px\">\n            \n\n<div class=\"kksr-icon\" style=\"width: 22px; height: 22px;\"><\/div>\n        <\/div>\n            <div class=\"kksr-star\" style=\"padding-right: 5px\">\n            \n\n<div class=\"kksr-icon\" style=\"width: 22px; height: 22px;\"><\/div>\n        <\/div>\n            <div class=\"kksr-star\" style=\"padding-right: 5px\">\n            \n\n<div class=\"kksr-icon\" style=\"width: 22px; height: 22px;\"><\/div>\n        <\/div>\n    <\/div>\n<\/div>\n                \n\n<div class=\"kksr-legend\" style=\"font-size: 17.6px;\">\n            <span class=\"kksr-muted\">Valora este post<\/span>\n    <\/div>\n    <\/div>\n","protected":false},"excerpt":{"rendered":"<p>El Magistrado Imputa a Jos\u00e9 Luis Moreno por Obtener 3,3 Millones de Euros en Pr\u00e9stamos y Cr\u00e9ditos de una Red Criminal El conocido empresario Jos\u00e9 Luis &#8230; <a title=\"\u00a1Esc\u00e1ndalo financiero! Jos\u00e9 Luis Moreno involucrado en pr\u00e9stamos de 3,3 millones por trama corrupta\" class=\"read-more\" href=\"https:\/\/www.diario21.tv\/noticias\/escandalo-financiero-jose-luis-moreno-involucrado-en-prestamos-de-33-millones-por-trama-corrupta\/\" aria-label=\"Leer m\u00e1s sobre \u00a1Esc\u00e1ndalo financiero! Jos\u00e9 Luis Moreno involucrado en pr\u00e9stamos de 3,3 millones por trama corrupta\">Seguir leyendo &rarr;<\/a><\/p>\n","protected":false},"author":20,"featured_media":4882,"comment_status":"open","ping_status":"open","sticky":false,"template":"","format":"standard","meta":{"footnotes":""},"categories":[13],"tags":[],"class_list":["post-4881","post","type-post","status-publish","format-standard","has-post-thumbnail","hentry","category-portada"],"yoast_head":"<!-- This site is optimized with the Yoast SEO plugin v25.6 - https:\/\/yoast.com\/wordpress\/plugins\/seo\/ -->\n<title>\u00a1Esc\u00e1ndalo financiero! Jos\u00e9 Luis Moreno involucrado en pr\u00e9stamos de 3,3 millones por trama corrupta - Diario 21<\/title>\n<meta name=\"robots\" content=\"index, follow, max-snippet:-1, max-image-preview:large, max-video-preview:-1\" \/>\n<link rel=\"canonical\" href=\"https:\/\/www.diario21.tv\/noticias\/escandalo-financiero-jose-luis-moreno-involucrado-en-prestamos-de-33-millones-por-trama-corrupta\/\" \/>\n<meta property=\"og:locale\" content=\"es_ES\" \/>\n<meta property=\"og:type\" content=\"article\" \/>\n<meta property=\"og:title\" content=\"\u00a1Esc\u00e1ndalo financiero! Jos\u00e9 Luis Moreno involucrado en pr\u00e9stamos de 3,3 millones por trama corrupta - Diario 21\" \/>\n<meta property=\"og:description\" content=\"El Magistrado Imputa a Jos\u00e9 Luis Moreno por Obtener 3,3 Millones de Euros en Pr\u00e9stamos y Cr\u00e9ditos de una Red Criminal El conocido empresario Jos\u00e9 Luis ... Seguir leyendo &rarr;\" \/>\n<meta property=\"og:url\" content=\"https:\/\/www.diario21.tv\/noticias\/escandalo-financiero-jose-luis-moreno-involucrado-en-prestamos-de-33-millones-por-trama-corrupta\/\" \/>\n<meta property=\"og:site_name\" content=\"Diario 21\" \/>\n<meta property=\"article:published_time\" content=\"2025-10-18T07:59:04+00:00\" \/>\n<meta property=\"article:modified_time\" content=\"2025-10-18T07:59:05+00:00\" \/>\n<meta property=\"og:image\" content=\"https:\/\/www.diario21.tv\/noticias\/wp-content\/uploads\/2025\/10\/\u00a1Escandalo-financiero-Jose-Luis-Moreno-involucrado-en-prestamos-de-33.jpg\" \/>\n\t<meta property=\"og:image:width\" content=\"1200\" \/>\n\t<meta property=\"og:image:height\" content=\"840\" \/>\n\t<meta property=\"og:image:type\" content=\"image\/jpeg\" \/>\n<meta name=\"author\" content=\"Juan P\u00e9rez\" \/>\n<meta name=\"twitter:card\" content=\"summary_large_image\" \/>\n<meta name=\"twitter:label1\" content=\"Escrito por\" \/>\n\t<meta name=\"twitter:data1\" content=\"Juan P\u00e9rez\" \/>\n\t<meta name=\"twitter:label2\" content=\"Tiempo de lectura\" \/>\n\t<meta name=\"twitter:data2\" content=\"2 minutos\" \/>\n<script type=\"application\/ld+json\" class=\"yoast-schema-graph\">{\"@context\":\"https:\/\/schema.org\",\"@graph\":[{\"@type\":\"WebPage\",\"@id\":\"https:\/\/www.diario21.tv\/noticias\/escandalo-financiero-jose-luis-moreno-involucrado-en-prestamos-de-33-millones-por-trama-corrupta\/\",\"url\":\"https:\/\/www.diario21.tv\/noticias\/escandalo-financiero-jose-luis-moreno-involucrado-en-prestamos-de-33-millones-por-trama-corrupta\/\",\"name\":\"\u00a1Esc\u00e1ndalo financiero! Jos\u00e9 Luis Moreno involucrado en pr\u00e9stamos de 3,3 millones por trama corrupta - Diario 21\",\"isPartOf\":{\"@id\":\"https:\/\/www.diario21.tv\/noticias\/#website\"},\"primaryImageOfPage\":{\"@id\":\"https:\/\/www.diario21.tv\/noticias\/escandalo-financiero-jose-luis-moreno-involucrado-en-prestamos-de-33-millones-por-trama-corrupta\/#primaryimage\"},\"image\":{\"@id\":\"https:\/\/www.diario21.tv\/noticias\/escandalo-financiero-jose-luis-moreno-involucrado-en-prestamos-de-33-millones-por-trama-corrupta\/#primaryimage\"},\"thumbnailUrl\":\"https:\/\/www.diario21.tv\/noticias\/wp-content\/uploads\/2025\/10\/\u00a1Escandalo-financiero-Jose-Luis-Moreno-involucrado-en-prestamos-de-33.jpg\",\"datePublished\":\"2025-10-18T07:59:04+00:00\",\"dateModified\":\"2025-10-18T07:59:05+00:00\",\"author\":{\"@id\":\"https:\/\/www.diario21.tv\/noticias\/#\/schema\/person\/dfb778f73814d8f09f302618446a526b\"},\"breadcrumb\":{\"@id\":\"https:\/\/www.diario21.tv\/noticias\/escandalo-financiero-jose-luis-moreno-involucrado-en-prestamos-de-33-millones-por-trama-corrupta\/#breadcrumb\"},\"inLanguage\":\"es-AR\",\"potentialAction\":[{\"@type\":\"ReadAction\",\"target\":[\"https:\/\/www.diario21.tv\/noticias\/escandalo-financiero-jose-luis-moreno-involucrado-en-prestamos-de-33-millones-por-trama-corrupta\/\"]}]},{\"@type\":\"ImageObject\",\"inLanguage\":\"es-AR\",\"@id\":\"https:\/\/www.diario21.tv\/noticias\/escandalo-financiero-jose-luis-moreno-involucrado-en-prestamos-de-33-millones-por-trama-corrupta\/#primaryimage\",\"url\":\"https:\/\/www.diario21.tv\/noticias\/wp-content\/uploads\/2025\/10\/\u00a1Escandalo-financiero-Jose-Luis-Moreno-involucrado-en-prestamos-de-33.jpg\",\"contentUrl\":\"https:\/\/www.diario21.tv\/noticias\/wp-content\/uploads\/2025\/10\/\u00a1Escandalo-financiero-Jose-Luis-Moreno-involucrado-en-prestamos-de-33.jpg\",\"width\":1200,\"height\":840,\"caption\":\"El juez acusa a Jos\u00e9 Luis Moreno de recibir 3,3 millones de la trama en pr\u00e9stamos y cr\u00e9ditos\"},{\"@type\":\"BreadcrumbList\",\"@id\":\"https:\/\/www.diario21.tv\/noticias\/escandalo-financiero-jose-luis-moreno-involucrado-en-prestamos-de-33-millones-por-trama-corrupta\/#breadcrumb\",\"itemListElement\":[{\"@type\":\"ListItem\",\"position\":1,\"name\":\"Accueil\",\"item\":\"https:\/\/www.diario21.tv\/noticias\/\"},{\"@type\":\"ListItem\",\"position\":2,\"name\":\"\u00a1Esc\u00e1ndalo financiero! Jos\u00e9 Luis Moreno involucrado en pr\u00e9stamos de 3,3 millones por trama corrupta\"}]},{\"@type\":\"WebSite\",\"@id\":\"https:\/\/www.diario21.tv\/noticias\/#website\",\"url\":\"https:\/\/www.diario21.tv\/noticias\/\",\"name\":\"Diario 21\",\"description\":\"\",\"potentialAction\":[{\"@type\":\"SearchAction\",\"target\":{\"@type\":\"EntryPoint\",\"urlTemplate\":\"https:\/\/www.diario21.tv\/noticias\/?s={search_term_string}\"},\"query-input\":{\"@type\":\"PropertyValueSpecification\",\"valueRequired\":true,\"valueName\":\"search_term_string\"}}],\"inLanguage\":\"es-AR\"},{\"@type\":\"Person\",\"@id\":\"https:\/\/www.diario21.tv\/noticias\/#\/schema\/person\/dfb778f73814d8f09f302618446a526b\",\"name\":\"Juan P\u00e9rez\",\"image\":{\"@type\":\"ImageObject\",\"inLanguage\":\"es-AR\",\"@id\":\"https:\/\/www.diario21.tv\/noticias\/#\/schema\/person\/image\/\",\"url\":\"https:\/\/secure.gravatar.com\/avatar\/c478a405bd10621167f4c3167cc770f5?s=96&d=mm&r=g\",\"contentUrl\":\"https:\/\/secure.gravatar.com\/avatar\/c478a405bd10621167f4c3167cc770f5?s=96&d=mm&r=g\",\"caption\":\"Juan P\u00e9rez\"},\"description\":\"Juan P\u00e9rez es el redactor en jefe de Diario 21. Con m\u00e1s de 10 a\u00f1os de experiencia en el periodismo, se especializa en pol\u00edtica nacional y an\u00e1lisis socioecon\u00f3mico. Su enfoque cr\u00edtico y riguroso aporta una perspectiva \u00fanica a cada art\u00edculo.\",\"sameAs\":[\"https:\/\/www.diario21.tv\/noticias\/\"],\"url\":\"https:\/\/www.diario21.tv\/noticias\/author\/juan-perez\/\"}]}<\/script>\n<!-- \/ Yoast SEO plugin. -->","yoast_head_json":{"title":"\u00a1Esc\u00e1ndalo financiero! Jos\u00e9 Luis Moreno involucrado en pr\u00e9stamos de 3,3 millones por trama corrupta - Diario 21","robots":{"index":"index","follow":"follow","max-snippet":"max-snippet:-1","max-image-preview":"max-image-preview:large","max-video-preview":"max-video-preview:-1"},"canonical":"https:\/\/www.diario21.tv\/noticias\/escandalo-financiero-jose-luis-moreno-involucrado-en-prestamos-de-33-millones-por-trama-corrupta\/","og_locale":"es_ES","og_type":"article","og_title":"\u00a1Esc\u00e1ndalo financiero! Jos\u00e9 Luis Moreno involucrado en pr\u00e9stamos de 3,3 millones por trama corrupta - Diario 21","og_description":"El Magistrado Imputa a Jos\u00e9 Luis Moreno por Obtener 3,3 Millones de Euros en Pr\u00e9stamos y Cr\u00e9ditos de una Red Criminal El conocido empresario Jos\u00e9 Luis ... Seguir leyendo &rarr;","og_url":"https:\/\/www.diario21.tv\/noticias\/escandalo-financiero-jose-luis-moreno-involucrado-en-prestamos-de-33-millones-por-trama-corrupta\/","og_site_name":"Diario 21","article_published_time":"2025-10-18T07:59:04+00:00","article_modified_time":"2025-10-18T07:59:05+00:00","og_image":[{"width":1200,"height":840,"url":"https:\/\/www.diario21.tv\/noticias\/wp-content\/uploads\/2025\/10\/\u00a1Escandalo-financiero-Jose-Luis-Moreno-involucrado-en-prestamos-de-33.jpg","type":"image\/jpeg"}],"author":"Juan P\u00e9rez","twitter_card":"summary_large_image","twitter_misc":{"Escrito por":"Juan P\u00e9rez","Tiempo de lectura":"2 minutos"},"schema":{"@context":"https:\/\/schema.org","@graph":[{"@type":"WebPage","@id":"https:\/\/www.diario21.tv\/noticias\/escandalo-financiero-jose-luis-moreno-involucrado-en-prestamos-de-33-millones-por-trama-corrupta\/","url":"https:\/\/www.diario21.tv\/noticias\/escandalo-financiero-jose-luis-moreno-involucrado-en-prestamos-de-33-millones-por-trama-corrupta\/","name":"\u00a1Esc\u00e1ndalo financiero! Jos\u00e9 Luis Moreno involucrado en pr\u00e9stamos de 3,3 millones por trama corrupta - Diario 21","isPartOf":{"@id":"https:\/\/www.diario21.tv\/noticias\/#website"},"primaryImageOfPage":{"@id":"https:\/\/www.diario21.tv\/noticias\/escandalo-financiero-jose-luis-moreno-involucrado-en-prestamos-de-33-millones-por-trama-corrupta\/#primaryimage"},"image":{"@id":"https:\/\/www.diario21.tv\/noticias\/escandalo-financiero-jose-luis-moreno-involucrado-en-prestamos-de-33-millones-por-trama-corrupta\/#primaryimage"},"thumbnailUrl":"https:\/\/www.diario21.tv\/noticias\/wp-content\/uploads\/2025\/10\/\u00a1Escandalo-financiero-Jose-Luis-Moreno-involucrado-en-prestamos-de-33.jpg","datePublished":"2025-10-18T07:59:04+00:00","dateModified":"2025-10-18T07:59:05+00:00","author":{"@id":"https:\/\/www.diario21.tv\/noticias\/#\/schema\/person\/dfb778f73814d8f09f302618446a526b"},"breadcrumb":{"@id":"https:\/\/www.diario21.tv\/noticias\/escandalo-financiero-jose-luis-moreno-involucrado-en-prestamos-de-33-millones-por-trama-corrupta\/#breadcrumb"},"inLanguage":"es-AR","potentialAction":[{"@type":"ReadAction","target":["https:\/\/www.diario21.tv\/noticias\/escandalo-financiero-jose-luis-moreno-involucrado-en-prestamos-de-33-millones-por-trama-corrupta\/"]}]},{"@type":"ImageObject","inLanguage":"es-AR","@id":"https:\/\/www.diario21.tv\/noticias\/escandalo-financiero-jose-luis-moreno-involucrado-en-prestamos-de-33-millones-por-trama-corrupta\/#primaryimage","url":"https:\/\/www.diario21.tv\/noticias\/wp-content\/uploads\/2025\/10\/\u00a1Escandalo-financiero-Jose-Luis-Moreno-involucrado-en-prestamos-de-33.jpg","contentUrl":"https:\/\/www.diario21.tv\/noticias\/wp-content\/uploads\/2025\/10\/\u00a1Escandalo-financiero-Jose-Luis-Moreno-involucrado-en-prestamos-de-33.jpg","width":1200,"height":840,"caption":"El juez acusa a Jos\u00e9 Luis Moreno de recibir 3,3 millones de la trama en pr\u00e9stamos y cr\u00e9ditos"},{"@type":"BreadcrumbList","@id":"https:\/\/www.diario21.tv\/noticias\/escandalo-financiero-jose-luis-moreno-involucrado-en-prestamos-de-33-millones-por-trama-corrupta\/#breadcrumb","itemListElement":[{"@type":"ListItem","position":1,"name":"Accueil","item":"https:\/\/www.diario21.tv\/noticias\/"},{"@type":"ListItem","position":2,"name":"\u00a1Esc\u00e1ndalo financiero! Jos\u00e9 Luis Moreno involucrado en pr\u00e9stamos de 3,3 millones por trama corrupta"}]},{"@type":"WebSite","@id":"https:\/\/www.diario21.tv\/noticias\/#website","url":"https:\/\/www.diario21.tv\/noticias\/","name":"Diario 21","description":"","potentialAction":[{"@type":"SearchAction","target":{"@type":"EntryPoint","urlTemplate":"https:\/\/www.diario21.tv\/noticias\/?s={search_term_string}"},"query-input":{"@type":"PropertyValueSpecification","valueRequired":true,"valueName":"search_term_string"}}],"inLanguage":"es-AR"},{"@type":"Person","@id":"https:\/\/www.diario21.tv\/noticias\/#\/schema\/person\/dfb778f73814d8f09f302618446a526b","name":"Juan P\u00e9rez","image":{"@type":"ImageObject","inLanguage":"es-AR","@id":"https:\/\/www.diario21.tv\/noticias\/#\/schema\/person\/image\/","url":"https:\/\/secure.gravatar.com\/avatar\/c478a405bd10621167f4c3167cc770f5?s=96&d=mm&r=g","contentUrl":"https:\/\/secure.gravatar.com\/avatar\/c478a405bd10621167f4c3167cc770f5?s=96&d=mm&r=g","caption":"Juan P\u00e9rez"},"description":"Juan P\u00e9rez es el redactor en jefe de Diario 21. Con m\u00e1s de 10 a\u00f1os de experiencia en el periodismo, se especializa en pol\u00edtica nacional y an\u00e1lisis socioecon\u00f3mico. Su enfoque cr\u00edtico y riguroso aporta una perspectiva \u00fanica a cada art\u00edculo.","sameAs":["https:\/\/www.diario21.tv\/noticias\/"],"url":"https:\/\/www.diario21.tv\/noticias\/author\/juan-perez\/"}]}},"_links":{"self":[{"href":"https:\/\/www.diario21.tv\/noticias\/wp-json\/wp\/v2\/posts\/4881"}],"collection":[{"href":"https:\/\/www.diario21.tv\/noticias\/wp-json\/wp\/v2\/posts"}],"about":[{"href":"https:\/\/www.diario21.tv\/noticias\/wp-json\/wp\/v2\/types\/post"}],"author":[{"embeddable":true,"href":"https:\/\/www.diario21.tv\/noticias\/wp-json\/wp\/v2\/users\/20"}],"replies":[{"embeddable":true,"href":"https:\/\/www.diario21.tv\/noticias\/wp-json\/wp\/v2\/comments?post=4881"}],"version-history":[{"count":1,"href":"https:\/\/www.diario21.tv\/noticias\/wp-json\/wp\/v2\/posts\/4881\/revisions"}],"predecessor-version":[{"id":4883,"href":"https:\/\/www.diario21.tv\/noticias\/wp-json\/wp\/v2\/posts\/4881\/revisions\/4883"}],"wp:featuredmedia":[{"embeddable":true,"href":"https:\/\/www.diario21.tv\/noticias\/wp-json\/wp\/v2\/media\/4882"}],"wp:attachment":[{"href":"https:\/\/www.diario21.tv\/noticias\/wp-json\/wp\/v2\/media?parent=4881"}],"wp:term":[{"taxonomy":"category","embeddable":true,"href":"https:\/\/www.diario21.tv\/noticias\/wp-json\/wp\/v2\/categories?post=4881"},{"taxonomy":"post_tag","embeddable":true,"href":"https:\/\/www.diario21.tv\/noticias\/wp-json\/wp\/v2\/tags?post=4881"}],"curies":[{"name":"wp","href":"https:\/\/api.w.org\/{rel}","templated":true}]}}