{"id":4869,"date":"2025-10-17T07:53:52","date_gmt":"2025-10-17T07:53:52","guid":{"rendered":"https:\/\/www.diario21.tv\/noticias\/escandalo-jose-luis-moreno-podria-enfrentarse-a-juicio-por-crimen-organizado-y-blanqueo\/"},"modified":"2025-10-17T07:53:53","modified_gmt":"2025-10-17T07:53:53","slug":"escandalo-jose-luis-moreno-podria-enfrentarse-a-juicio-por-crimen-organizado-y-blanqueo","status":"publish","type":"post","link":"https:\/\/www.diario21.tv\/noticias\/escandalo-jose-luis-moreno-podria-enfrentarse-a-juicio-por-crimen-organizado-y-blanqueo\/","title":{"rendered":"\u00a1Esc\u00e1ndalo! Jos\u00e9 Luis Moreno podr\u00eda enfrentarse a juicio por crimen organizado y blanqueo"},"content":{"rendered":"<h2>Jos\u00e9 Luis Moreno Podr\u00eda Enfrentar Juicio por Delitos de Organizaci\u00f3n Criminal y Blanqueo<\/h2>\n<p>Un magistrado ha sugerido que el conocido productor televisivo y empresario teatral, Jos\u00e9 Luis Moreno, sea llevado a juicio acusado de estar al frente de una organizaci\u00f3n criminal y de realizar actividades de blanqueo de capitales. Esta propuesta surge despu\u00e9s de una exhaustiva investigaci\u00f3n en la que se han analizado numerosas pruebas que apuntan a la posible implicaci\u00f3n de Moreno en estas actividades il\u00edcitas.<\/p>\n<h3>Detalles de la Acusaci\u00f3n<\/h3>\n<p>Seg\u00fan el informe del juez, existe suficiente evidencia para considerar que Moreno no solo particip\u00f3, sino que posiblemente lider\u00f3 un complejo entramado dedicado a la comisi\u00f3n de delitos financieros a gran escala. Las operaciones incluir\u00edan la creaci\u00f3n de empresas ficticias y otras maniobras destinadas a ocultar el origen y el destino final de los fondos ilegales.<\/p>\n<p>La investigaci\u00f3n detalla c\u00f3mo este grupo, supuestamente dirigido por Moreno, habr\u00eda utilizado diversas t\u00e9cnicas de blanqueo de dinero, como la simulaci\u00f3n de contratos y la manipulaci\u00f3n de facturas, para reintroducir el capital de origen dudoso en el sistema financiero legal. Adem\u00e1s, se menciona el uso de cuentas bancarias en varios pa\u00edses, lo que complica el rastreo y la recuperaci\u00f3n de los activos.<\/p>\n<h3>Respuesta de Jos\u00e9 Luis Moreno<\/h3>\n<p>Hasta el momento, Jos\u00e9 Luis Moreno ha negado todas las acusaciones, defendiendo su inocencia y la legalidad de todas sus operaciones comerciales. Sus abogados han argumentado que las pruebas presentadas en su contra son insuficientes y han solicitado el desestimiento de los cargos por falta de pruebas concretas que demuestren su participaci\u00f3n directa en los delitos que se le imputan.<\/p>\n<h3>Pr\u00f3ximos Pasos en el Proceso<\/h3>\n<p>Con la propuesta del juez de llevar a Moreno a juicio, el caso ahora se mover\u00e1 hacia una fase m\u00e1s formal donde se examinar\u00e1n todas las evidencias y se escuchar\u00e1n los argumentos de ambas partes. Este proceso determinar\u00e1 si efectivamente se proceder\u00e1 a un juicio formal contra el productor.<\/p>\n<p>De ser encontrado culpable, Jos\u00e9 Luis Moreno podr\u00eda enfrentarse a una pena significativa, que reflejar\u00eda la gravedad de los delitos de los que se le acusa. Por ahora, el mundo del espect\u00e1culo y los medios de comunicaci\u00f3n en Espa\u00f1a siguen de cerca el desarrollo de este caso, dada la prominencia del acusado en la industria del entretenimiento nacional.<\/p>\n\n\n<div class=\"kk-star-ratings kksr-auto kksr-align-left kksr-valign-bottom\"\n    data-payload='{&quot;align&quot;:&quot;left&quot;,&quot;id&quot;:&quot;4869&quot;,&quot;slug&quot;:&quot;default&quot;,&quot;valign&quot;:&quot;bottom&quot;,&quot;ignore&quot;:&quot;&quot;,&quot;reference&quot;:&quot;auto&quot;,&quot;class&quot;:&quot;&quot;,&quot;count&quot;:&quot;0&quot;,&quot;legendonly&quot;:&quot;&quot;,&quot;readonly&quot;:&quot;&quot;,&quot;score&quot;:&quot;0&quot;,&quot;starsonly&quot;:&quot;&quot;,&quot;best&quot;:&quot;5&quot;,&quot;gap&quot;:&quot;5&quot;,&quot;greet&quot;:&quot;Valora este post&quot;,&quot;legend&quot;:&quot;0\\\/5 - (0 votes)&quot;,&quot;size&quot;:&quot;22&quot;,&quot;title&quot;:&quot;\u00a1Esc\u00e1ndalo! Jos\u00e9 Luis Moreno podr\u00eda enfrentarse a juicio por crimen organizado y blanqueo&quot;,&quot;width&quot;:&quot;0&quot;,&quot;_legend&quot;:&quot;{score}\\\/{best} - ({count} {votes})&quot;,&quot;font_factor&quot;:&quot;1.25&quot;}'>\n            \n<div class=\"kksr-stars\">\n    \n<div class=\"kksr-stars-inactive\">\n            <div class=\"kksr-star\" data-star=\"1\" style=\"padding-right: 5px\">\n            \n\n<div class=\"kksr-icon\" style=\"width: 22px; height: 22px;\"><\/div>\n        <\/div>\n            <div class=\"kksr-star\" data-star=\"2\" style=\"padding-right: 5px\">\n            \n\n<div class=\"kksr-icon\" style=\"width: 22px; height: 22px;\"><\/div>\n        <\/div>\n            <div class=\"kksr-star\" data-star=\"3\" style=\"padding-right: 5px\">\n            \n\n<div class=\"kksr-icon\" style=\"width: 22px; height: 22px;\"><\/div>\n        <\/div>\n            <div class=\"kksr-star\" data-star=\"4\" style=\"padding-right: 5px\">\n            \n\n<div class=\"kksr-icon\" style=\"width: 22px; height: 22px;\"><\/div>\n        <\/div>\n            <div class=\"kksr-star\" data-star=\"5\" style=\"padding-right: 5px\">\n            \n\n<div class=\"kksr-icon\" style=\"width: 22px; height: 22px;\"><\/div>\n        <\/div>\n    <\/div>\n    \n<div class=\"kksr-stars-active\" style=\"width: 0px;\">\n            <div class=\"kksr-star\" style=\"padding-right: 5px\">\n            \n\n<div class=\"kksr-icon\" style=\"width: 22px; height: 22px;\"><\/div>\n        <\/div>\n            <div class=\"kksr-star\" style=\"padding-right: 5px\">\n            \n\n<div class=\"kksr-icon\" style=\"width: 22px; height: 22px;\"><\/div>\n        <\/div>\n            <div class=\"kksr-star\" style=\"padding-right: 5px\">\n            \n\n<div class=\"kksr-icon\" style=\"width: 22px; height: 22px;\"><\/div>\n        <\/div>\n            <div class=\"kksr-star\" style=\"padding-right: 5px\">\n            \n\n<div class=\"kksr-icon\" style=\"width: 22px; height: 22px;\"><\/div>\n        <\/div>\n            <div class=\"kksr-star\" style=\"padding-right: 5px\">\n            \n\n<div class=\"kksr-icon\" style=\"width: 22px; height: 22px;\"><\/div>\n        <\/div>\n    <\/div>\n<\/div>\n                \n\n<div class=\"kksr-legend\" style=\"font-size: 17.6px;\">\n            <span class=\"kksr-muted\">Valora este post<\/span>\n    <\/div>\n    <\/div>\n","protected":false},"excerpt":{"rendered":"<p>Jos\u00e9 Luis Moreno Podr\u00eda Enfrentar Juicio por Delitos de Organizaci\u00f3n Criminal y Blanqueo Un magistrado ha sugerido que el conocido productor televisivo y empresario teatral, Jos\u00e9 &#8230; <a title=\"\u00a1Esc\u00e1ndalo! Jos\u00e9 Luis Moreno podr\u00eda enfrentarse a juicio por crimen organizado y blanqueo\" class=\"read-more\" href=\"https:\/\/www.diario21.tv\/noticias\/escandalo-jose-luis-moreno-podria-enfrentarse-a-juicio-por-crimen-organizado-y-blanqueo\/\" aria-label=\"Leer m\u00e1s sobre \u00a1Esc\u00e1ndalo! Jos\u00e9 Luis Moreno podr\u00eda enfrentarse a juicio por crimen organizado y blanqueo\">Seguir leyendo &rarr;<\/a><\/p>\n","protected":false},"author":20,"featured_media":4870,"comment_status":"open","ping_status":"open","sticky":false,"template":"","format":"standard","meta":{"footnotes":""},"categories":[13],"tags":[],"class_list":["post-4869","post","type-post","status-publish","format-standard","has-post-thumbnail","hentry","category-portada"],"yoast_head":"<!-- This site is optimized with the Yoast SEO plugin v25.6 - https:\/\/yoast.com\/wordpress\/plugins\/seo\/ -->\n<title>\u00a1Esc\u00e1ndalo! Jos\u00e9 Luis Moreno podr\u00eda enfrentarse a juicio por crimen organizado y blanqueo - Diario 21<\/title>\n<meta name=\"robots\" content=\"index, follow, max-snippet:-1, max-image-preview:large, max-video-preview:-1\" \/>\n<link rel=\"canonical\" href=\"https:\/\/www.diario21.tv\/noticias\/escandalo-jose-luis-moreno-podria-enfrentarse-a-juicio-por-crimen-organizado-y-blanqueo\/\" \/>\n<meta property=\"og:locale\" content=\"es_ES\" \/>\n<meta property=\"og:type\" content=\"article\" \/>\n<meta property=\"og:title\" content=\"\u00a1Esc\u00e1ndalo! Jos\u00e9 Luis Moreno podr\u00eda enfrentarse a juicio por crimen organizado y blanqueo - Diario 21\" \/>\n<meta property=\"og:description\" content=\"Jos\u00e9 Luis Moreno Podr\u00eda Enfrentar Juicio por Delitos de Organizaci\u00f3n Criminal y Blanqueo Un magistrado ha sugerido que el conocido productor televisivo y empresario teatral, Jos\u00e9 ... Seguir leyendo &rarr;\" \/>\n<meta property=\"og:url\" content=\"https:\/\/www.diario21.tv\/noticias\/escandalo-jose-luis-moreno-podria-enfrentarse-a-juicio-por-crimen-organizado-y-blanqueo\/\" \/>\n<meta property=\"og:site_name\" content=\"Diario 21\" \/>\n<meta property=\"article:published_time\" content=\"2025-10-17T07:53:52+00:00\" \/>\n<meta property=\"article:modified_time\" content=\"2025-10-17T07:53:53+00:00\" \/>\n<meta property=\"og:image\" content=\"https:\/\/www.diario21.tv\/noticias\/wp-content\/uploads\/2025\/10\/\u00a1Escandalo-Jose-Luis-Moreno-podria-enfrentarse-a-juicio-por-crimen.jpg\" \/>\n\t<meta property=\"og:image:width\" content=\"1200\" \/>\n\t<meta property=\"og:image:height\" content=\"840\" \/>\n\t<meta property=\"og:image:type\" content=\"image\/jpeg\" \/>\n<meta name=\"author\" content=\"Juan P\u00e9rez\" \/>\n<meta name=\"twitter:card\" content=\"summary_large_image\" \/>\n<meta name=\"twitter:label1\" content=\"Escrito por\" \/>\n\t<meta name=\"twitter:data1\" content=\"Juan P\u00e9rez\" \/>\n\t<meta name=\"twitter:label2\" content=\"Tiempo de lectura\" \/>\n\t<meta name=\"twitter:data2\" content=\"2 minutos\" \/>\n<script type=\"application\/ld+json\" class=\"yoast-schema-graph\">{\"@context\":\"https:\/\/schema.org\",\"@graph\":[{\"@type\":\"WebPage\",\"@id\":\"https:\/\/www.diario21.tv\/noticias\/escandalo-jose-luis-moreno-podria-enfrentarse-a-juicio-por-crimen-organizado-y-blanqueo\/\",\"url\":\"https:\/\/www.diario21.tv\/noticias\/escandalo-jose-luis-moreno-podria-enfrentarse-a-juicio-por-crimen-organizado-y-blanqueo\/\",\"name\":\"\u00a1Esc\u00e1ndalo! Jos\u00e9 Luis Moreno podr\u00eda enfrentarse a juicio por crimen organizado y blanqueo - Diario 21\",\"isPartOf\":{\"@id\":\"https:\/\/www.diario21.tv\/noticias\/#website\"},\"primaryImageOfPage\":{\"@id\":\"https:\/\/www.diario21.tv\/noticias\/escandalo-jose-luis-moreno-podria-enfrentarse-a-juicio-por-crimen-organizado-y-blanqueo\/#primaryimage\"},\"image\":{\"@id\":\"https:\/\/www.diario21.tv\/noticias\/escandalo-jose-luis-moreno-podria-enfrentarse-a-juicio-por-crimen-organizado-y-blanqueo\/#primaryimage\"},\"thumbnailUrl\":\"https:\/\/www.diario21.tv\/noticias\/wp-content\/uploads\/2025\/10\/\u00a1Escandalo-Jose-Luis-Moreno-podria-enfrentarse-a-juicio-por-crimen.jpg\",\"datePublished\":\"2025-10-17T07:53:52+00:00\",\"dateModified\":\"2025-10-17T07:53:53+00:00\",\"author\":{\"@id\":\"https:\/\/www.diario21.tv\/noticias\/#\/schema\/person\/dfb778f73814d8f09f302618446a526b\"},\"breadcrumb\":{\"@id\":\"https:\/\/www.diario21.tv\/noticias\/escandalo-jose-luis-moreno-podria-enfrentarse-a-juicio-por-crimen-organizado-y-blanqueo\/#breadcrumb\"},\"inLanguage\":\"es-AR\",\"potentialAction\":[{\"@type\":\"ReadAction\",\"target\":[\"https:\/\/www.diario21.tv\/noticias\/escandalo-jose-luis-moreno-podria-enfrentarse-a-juicio-por-crimen-organizado-y-blanqueo\/\"]}]},{\"@type\":\"ImageObject\",\"inLanguage\":\"es-AR\",\"@id\":\"https:\/\/www.diario21.tv\/noticias\/escandalo-jose-luis-moreno-podria-enfrentarse-a-juicio-por-crimen-organizado-y-blanqueo\/#primaryimage\",\"url\":\"https:\/\/www.diario21.tv\/noticias\/wp-content\/uploads\/2025\/10\/\u00a1Escandalo-Jose-Luis-Moreno-podria-enfrentarse-a-juicio-por-crimen.jpg\",\"contentUrl\":\"https:\/\/www.diario21.tv\/noticias\/wp-content\/uploads\/2025\/10\/\u00a1Escandalo-Jose-Luis-Moreno-podria-enfrentarse-a-juicio-por-crimen.jpg\",\"width\":1200,\"height\":840,\"caption\":\"El juez propone juzgar a Jos\u00e9 Luis Moreno por organizaci\u00f3n criminal y blanqueo\"},{\"@type\":\"BreadcrumbList\",\"@id\":\"https:\/\/www.diario21.tv\/noticias\/escandalo-jose-luis-moreno-podria-enfrentarse-a-juicio-por-crimen-organizado-y-blanqueo\/#breadcrumb\",\"itemListElement\":[{\"@type\":\"ListItem\",\"position\":1,\"name\":\"Accueil\",\"item\":\"https:\/\/www.diario21.tv\/noticias\/\"},{\"@type\":\"ListItem\",\"position\":2,\"name\":\"\u00a1Esc\u00e1ndalo! Jos\u00e9 Luis Moreno podr\u00eda enfrentarse a juicio por crimen organizado y blanqueo\"}]},{\"@type\":\"WebSite\",\"@id\":\"https:\/\/www.diario21.tv\/noticias\/#website\",\"url\":\"https:\/\/www.diario21.tv\/noticias\/\",\"name\":\"Diario 21\",\"description\":\"\",\"potentialAction\":[{\"@type\":\"SearchAction\",\"target\":{\"@type\":\"EntryPoint\",\"urlTemplate\":\"https:\/\/www.diario21.tv\/noticias\/?s={search_term_string}\"},\"query-input\":{\"@type\":\"PropertyValueSpecification\",\"valueRequired\":true,\"valueName\":\"search_term_string\"}}],\"inLanguage\":\"es-AR\"},{\"@type\":\"Person\",\"@id\":\"https:\/\/www.diario21.tv\/noticias\/#\/schema\/person\/dfb778f73814d8f09f302618446a526b\",\"name\":\"Juan P\u00e9rez\",\"image\":{\"@type\":\"ImageObject\",\"inLanguage\":\"es-AR\",\"@id\":\"https:\/\/www.diario21.tv\/noticias\/#\/schema\/person\/image\/\",\"url\":\"https:\/\/secure.gravatar.com\/avatar\/c478a405bd10621167f4c3167cc770f5?s=96&d=mm&r=g\",\"contentUrl\":\"https:\/\/secure.gravatar.com\/avatar\/c478a405bd10621167f4c3167cc770f5?s=96&d=mm&r=g\",\"caption\":\"Juan P\u00e9rez\"},\"description\":\"Juan P\u00e9rez es el redactor en jefe de Diario 21. Con m\u00e1s de 10 a\u00f1os de experiencia en el periodismo, se especializa en pol\u00edtica nacional y an\u00e1lisis socioecon\u00f3mico. Su enfoque cr\u00edtico y riguroso aporta una perspectiva \u00fanica a cada art\u00edculo.\",\"sameAs\":[\"https:\/\/www.diario21.tv\/noticias\/\"],\"url\":\"https:\/\/www.diario21.tv\/noticias\/author\/juan-perez\/\"}]}<\/script>\n<!-- \/ Yoast SEO plugin. -->","yoast_head_json":{"title":"\u00a1Esc\u00e1ndalo! Jos\u00e9 Luis Moreno podr\u00eda enfrentarse a juicio por crimen organizado y blanqueo - Diario 21","robots":{"index":"index","follow":"follow","max-snippet":"max-snippet:-1","max-image-preview":"max-image-preview:large","max-video-preview":"max-video-preview:-1"},"canonical":"https:\/\/www.diario21.tv\/noticias\/escandalo-jose-luis-moreno-podria-enfrentarse-a-juicio-por-crimen-organizado-y-blanqueo\/","og_locale":"es_ES","og_type":"article","og_title":"\u00a1Esc\u00e1ndalo! Jos\u00e9 Luis Moreno podr\u00eda enfrentarse a juicio por crimen organizado y blanqueo - Diario 21","og_description":"Jos\u00e9 Luis Moreno Podr\u00eda Enfrentar Juicio por Delitos de Organizaci\u00f3n Criminal y Blanqueo Un magistrado ha sugerido que el conocido productor televisivo y empresario teatral, Jos\u00e9 ... Seguir leyendo &rarr;","og_url":"https:\/\/www.diario21.tv\/noticias\/escandalo-jose-luis-moreno-podria-enfrentarse-a-juicio-por-crimen-organizado-y-blanqueo\/","og_site_name":"Diario 21","article_published_time":"2025-10-17T07:53:52+00:00","article_modified_time":"2025-10-17T07:53:53+00:00","og_image":[{"width":1200,"height":840,"url":"https:\/\/www.diario21.tv\/noticias\/wp-content\/uploads\/2025\/10\/\u00a1Escandalo-Jose-Luis-Moreno-podria-enfrentarse-a-juicio-por-crimen.jpg","type":"image\/jpeg"}],"author":"Juan P\u00e9rez","twitter_card":"summary_large_image","twitter_misc":{"Escrito por":"Juan P\u00e9rez","Tiempo de lectura":"2 minutos"},"schema":{"@context":"https:\/\/schema.org","@graph":[{"@type":"WebPage","@id":"https:\/\/www.diario21.tv\/noticias\/escandalo-jose-luis-moreno-podria-enfrentarse-a-juicio-por-crimen-organizado-y-blanqueo\/","url":"https:\/\/www.diario21.tv\/noticias\/escandalo-jose-luis-moreno-podria-enfrentarse-a-juicio-por-crimen-organizado-y-blanqueo\/","name":"\u00a1Esc\u00e1ndalo! Jos\u00e9 Luis Moreno podr\u00eda enfrentarse a juicio por crimen organizado y blanqueo - Diario 21","isPartOf":{"@id":"https:\/\/www.diario21.tv\/noticias\/#website"},"primaryImageOfPage":{"@id":"https:\/\/www.diario21.tv\/noticias\/escandalo-jose-luis-moreno-podria-enfrentarse-a-juicio-por-crimen-organizado-y-blanqueo\/#primaryimage"},"image":{"@id":"https:\/\/www.diario21.tv\/noticias\/escandalo-jose-luis-moreno-podria-enfrentarse-a-juicio-por-crimen-organizado-y-blanqueo\/#primaryimage"},"thumbnailUrl":"https:\/\/www.diario21.tv\/noticias\/wp-content\/uploads\/2025\/10\/\u00a1Escandalo-Jose-Luis-Moreno-podria-enfrentarse-a-juicio-por-crimen.jpg","datePublished":"2025-10-17T07:53:52+00:00","dateModified":"2025-10-17T07:53:53+00:00","author":{"@id":"https:\/\/www.diario21.tv\/noticias\/#\/schema\/person\/dfb778f73814d8f09f302618446a526b"},"breadcrumb":{"@id":"https:\/\/www.diario21.tv\/noticias\/escandalo-jose-luis-moreno-podria-enfrentarse-a-juicio-por-crimen-organizado-y-blanqueo\/#breadcrumb"},"inLanguage":"es-AR","potentialAction":[{"@type":"ReadAction","target":["https:\/\/www.diario21.tv\/noticias\/escandalo-jose-luis-moreno-podria-enfrentarse-a-juicio-por-crimen-organizado-y-blanqueo\/"]}]},{"@type":"ImageObject","inLanguage":"es-AR","@id":"https:\/\/www.diario21.tv\/noticias\/escandalo-jose-luis-moreno-podria-enfrentarse-a-juicio-por-crimen-organizado-y-blanqueo\/#primaryimage","url":"https:\/\/www.diario21.tv\/noticias\/wp-content\/uploads\/2025\/10\/\u00a1Escandalo-Jose-Luis-Moreno-podria-enfrentarse-a-juicio-por-crimen.jpg","contentUrl":"https:\/\/www.diario21.tv\/noticias\/wp-content\/uploads\/2025\/10\/\u00a1Escandalo-Jose-Luis-Moreno-podria-enfrentarse-a-juicio-por-crimen.jpg","width":1200,"height":840,"caption":"El juez propone juzgar a Jos\u00e9 Luis Moreno por organizaci\u00f3n criminal y blanqueo"},{"@type":"BreadcrumbList","@id":"https:\/\/www.diario21.tv\/noticias\/escandalo-jose-luis-moreno-podria-enfrentarse-a-juicio-por-crimen-organizado-y-blanqueo\/#breadcrumb","itemListElement":[{"@type":"ListItem","position":1,"name":"Accueil","item":"https:\/\/www.diario21.tv\/noticias\/"},{"@type":"ListItem","position":2,"name":"\u00a1Esc\u00e1ndalo! Jos\u00e9 Luis Moreno podr\u00eda enfrentarse a juicio por crimen organizado y blanqueo"}]},{"@type":"WebSite","@id":"https:\/\/www.diario21.tv\/noticias\/#website","url":"https:\/\/www.diario21.tv\/noticias\/","name":"Diario 21","description":"","potentialAction":[{"@type":"SearchAction","target":{"@type":"EntryPoint","urlTemplate":"https:\/\/www.diario21.tv\/noticias\/?s={search_term_string}"},"query-input":{"@type":"PropertyValueSpecification","valueRequired":true,"valueName":"search_term_string"}}],"inLanguage":"es-AR"},{"@type":"Person","@id":"https:\/\/www.diario21.tv\/noticias\/#\/schema\/person\/dfb778f73814d8f09f302618446a526b","name":"Juan P\u00e9rez","image":{"@type":"ImageObject","inLanguage":"es-AR","@id":"https:\/\/www.diario21.tv\/noticias\/#\/schema\/person\/image\/","url":"https:\/\/secure.gravatar.com\/avatar\/c478a405bd10621167f4c3167cc770f5?s=96&d=mm&r=g","contentUrl":"https:\/\/secure.gravatar.com\/avatar\/c478a405bd10621167f4c3167cc770f5?s=96&d=mm&r=g","caption":"Juan P\u00e9rez"},"description":"Juan P\u00e9rez es el redactor en jefe de Diario 21. Con m\u00e1s de 10 a\u00f1os de experiencia en el periodismo, se especializa en pol\u00edtica nacional y an\u00e1lisis socioecon\u00f3mico. Su enfoque cr\u00edtico y riguroso aporta una perspectiva \u00fanica a cada art\u00edculo.","sameAs":["https:\/\/www.diario21.tv\/noticias\/"],"url":"https:\/\/www.diario21.tv\/noticias\/author\/juan-perez\/"}]}},"_links":{"self":[{"href":"https:\/\/www.diario21.tv\/noticias\/wp-json\/wp\/v2\/posts\/4869"}],"collection":[{"href":"https:\/\/www.diario21.tv\/noticias\/wp-json\/wp\/v2\/posts"}],"about":[{"href":"https:\/\/www.diario21.tv\/noticias\/wp-json\/wp\/v2\/types\/post"}],"author":[{"embeddable":true,"href":"https:\/\/www.diario21.tv\/noticias\/wp-json\/wp\/v2\/users\/20"}],"replies":[{"embeddable":true,"href":"https:\/\/www.diario21.tv\/noticias\/wp-json\/wp\/v2\/comments?post=4869"}],"version-history":[{"count":1,"href":"https:\/\/www.diario21.tv\/noticias\/wp-json\/wp\/v2\/posts\/4869\/revisions"}],"predecessor-version":[{"id":4871,"href":"https:\/\/www.diario21.tv\/noticias\/wp-json\/wp\/v2\/posts\/4869\/revisions\/4871"}],"wp:featuredmedia":[{"embeddable":true,"href":"https:\/\/www.diario21.tv\/noticias\/wp-json\/wp\/v2\/media\/4870"}],"wp:attachment":[{"href":"https:\/\/www.diario21.tv\/noticias\/wp-json\/wp\/v2\/media?parent=4869"}],"wp:term":[{"taxonomy":"category","embeddable":true,"href":"https:\/\/www.diario21.tv\/noticias\/wp-json\/wp\/v2\/categories?post=4869"},{"taxonomy":"post_tag","embeddable":true,"href":"https:\/\/www.diario21.tv\/noticias\/wp-json\/wp\/v2\/tags?post=4869"}],"curies":[{"name":"wp","href":"https:\/\/api.w.org\/{rel}","templated":true}]}}