{"id":4866,"date":"2025-10-17T01:53:13","date_gmt":"2025-10-17T01:53:13","guid":{"rendered":"https:\/\/www.diario21.tv\/noticias\/descubre-como-tu-dieta-puede-prevenir-el-deterioro-cognitivo-en-la-vejez\/"},"modified":"2025-10-17T01:53:14","modified_gmt":"2025-10-17T01:53:14","slug":"descubre-como-tu-dieta-puede-prevenir-el-deterioro-cognitivo-en-la-vejez","status":"publish","type":"post","link":"https:\/\/www.diario21.tv\/noticias\/descubre-como-tu-dieta-puede-prevenir-el-deterioro-cognitivo-en-la-vejez\/","title":{"rendered":"\u00a1Descubre c\u00f3mo tu dieta puede prevenir el deterioro cognitivo en la vejez!"},"content":{"rendered":"<h2>Modificaciones alimenticias podr\u00edan aplazar o atenuar el declive cognitivo en personas mayores<\/h2>\n<p>A medida que la poblaci\u00f3n mundial envejece, aumenta la importancia de encontrar estrategias efectivas para prevenir o retrasar el deterioro cognitivo asociado con la edad. Recientes investigaciones sugieren que ciertos cambios en la dieta pueden jugar un papel crucial en la conservaci\u00f3n de la salud mental durante los a\u00f1os dorados.<\/p>\n<h3>Impacto de la Nutrici\u00f3n en la Funci\u00f3n Cerebral<\/h3>\n<p>Estudios han demostrado que lo que comemos influye significativamente en nuestra salud cerebral. Nutrientes espec\u00edficos y patrones diet\u00e9ticos parecen estar especialmente vinculados con mejoras en la memoria y la capacidad cognitiva en ancianos. Por ejemplo, dietas ricas en frutas, verduras, pescados y frutos secos \u2014componentes clave de la dieta mediterr\u00e1nea\u2014 han sido asociadas con una menor incidencia de deterioro cognitivo.<\/p>\n<h3>Alimentos Beneficiosos para el Cerebro<\/h3>\n<p>Entre los alimentos considerados beneficiosos para el mantenimiento de una buena salud cerebral se encuentran el pescado y otros alimentos ricos en omega-3, que son conocidos por sus propiedades antiinflamatorias. Los antioxidantes presentes en frutas y verduras tambi\u00e9n desempe\u00f1an un papel esencial, protegiendo al cerebro de los da\u00f1os causados por el estr\u00e9s oxidativo, que se incrementa con la edad.<\/p>\n<p>Las grasas saludables, como las encontradas en el aceite de oliva y los aguacates, contribuyen a la integridad de las membranas neuronales, esencial para la transmisi\u00f3n de impulsos nerviosos. Por otro lado, los cereales integrales pueden mejorar la salud vascular, lo que a su vez puede ayudar a prevenir condiciones que afectan al cerebro, como los accidentes cerebrovasculares.<\/p>\n<h3>Evitando Alimentos Da\u00f1inos<\/h3>\n<p>Asimismo, es crucial evitar alimentos que puedan perjudicar la salud cerebral. Las dietas altas en az\u00facares refinados y grasas saturadas han demostrado tener un impacto negativo, potencialmente incrementando el riesgo de enfermedades neurodegenerativas. Adem\u00e1s, el consumo excesivo de alcohol y de alimentos ultraprocesados tambi\u00e9n deber\u00eda ser limitado, ya que pueden contribuir al declive cognitivo.<\/p>\n<h3>Estrategias Diet\u00e9ticas Recomendadas<\/h3>\n<p>Adoptar un enfoque hol\u00edstico que incluya una dieta equilibrada rica en nutrientes neuroprotectores y baja en alimentos procesados puede ser la estrategia m\u00e1s efectiva. Incorporar ejercicio regular y mantener un peso saludable tambi\u00e9n son aspectos importantes que pueden complementar los beneficios de una buena dieta.<\/p>\n<p>Mientras que la evidencia sigue acumul\u00e1ndose, lo claro es que las elecciones diet\u00e9ticas juegan un papel significativo en la prolongaci\u00f3n de la salud cognitiva. Aunque cambiar la dieta no garantiza la prevenci\u00f3n completa del deterioro cognitivo, s\u00ed puede ser una poderosa herramienta en el arsenal para mitigar sus efectos y mejorar la calidad de vida en la vejez.<\/p>\n<p>En resumen, aunque m\u00e1s investigaciones son necesarias para entender completamente las relaciones entre dieta y funci\u00f3n cerebral en la vejez, los datos actuales son prometedores y apoyan la idea de que modificar nuestros h\u00e1bitos alimenticios puede tener efectos beneficiosos en nuestra salud mental conforme envejecemos.<\/p>\n\n\n<div class=\"kk-star-ratings kksr-auto kksr-align-left kksr-valign-bottom\"\n    data-payload='{&quot;align&quot;:&quot;left&quot;,&quot;id&quot;:&quot;4866&quot;,&quot;slug&quot;:&quot;default&quot;,&quot;valign&quot;:&quot;bottom&quot;,&quot;ignore&quot;:&quot;&quot;,&quot;reference&quot;:&quot;auto&quot;,&quot;class&quot;:&quot;&quot;,&quot;count&quot;:&quot;0&quot;,&quot;legendonly&quot;:&quot;&quot;,&quot;readonly&quot;:&quot;&quot;,&quot;score&quot;:&quot;0&quot;,&quot;starsonly&quot;:&quot;&quot;,&quot;best&quot;:&quot;5&quot;,&quot;gap&quot;:&quot;5&quot;,&quot;greet&quot;:&quot;Valora este post&quot;,&quot;legend&quot;:&quot;0\\\/5 - (0 votes)&quot;,&quot;size&quot;:&quot;22&quot;,&quot;title&quot;:&quot;\u00a1Descubre c\u00f3mo tu dieta puede prevenir el deterioro cognitivo en la vejez!&quot;,&quot;width&quot;:&quot;0&quot;,&quot;_legend&quot;:&quot;{score}\\\/{best} - ({count} {votes})&quot;,&quot;font_factor&quot;:&quot;1.25&quot;}'>\n            \n<div class=\"kksr-stars\">\n    \n<div class=\"kksr-stars-inactive\">\n            <div class=\"kksr-star\" data-star=\"1\" style=\"padding-right: 5px\">\n            \n\n<div class=\"kksr-icon\" style=\"width: 22px; height: 22px;\"><\/div>\n        <\/div>\n            <div class=\"kksr-star\" data-star=\"2\" style=\"padding-right: 5px\">\n            \n\n<div class=\"kksr-icon\" style=\"width: 22px; height: 22px;\"><\/div>\n        <\/div>\n            <div class=\"kksr-star\" data-star=\"3\" style=\"padding-right: 5px\">\n            \n\n<div class=\"kksr-icon\" style=\"width: 22px; height: 22px;\"><\/div>\n        <\/div>\n            <div class=\"kksr-star\" data-star=\"4\" style=\"padding-right: 5px\">\n            \n\n<div class=\"kksr-icon\" style=\"width: 22px; height: 22px;\"><\/div>\n        <\/div>\n            <div class=\"kksr-star\" data-star=\"5\" style=\"padding-right: 5px\">\n            \n\n<div class=\"kksr-icon\" style=\"width: 22px; height: 22px;\"><\/div>\n        <\/div>\n    <\/div>\n    \n<div class=\"kksr-stars-active\" style=\"width: 0px;\">\n            <div class=\"kksr-star\" style=\"padding-right: 5px\">\n            \n\n<div class=\"kksr-icon\" style=\"width: 22px; height: 22px;\"><\/div>\n        <\/div>\n            <div class=\"kksr-star\" style=\"padding-right: 5px\">\n            \n\n<div class=\"kksr-icon\" style=\"width: 22px; height: 22px;\"><\/div>\n        <\/div>\n            <div class=\"kksr-star\" style=\"padding-right: 5px\">\n            \n\n<div class=\"kksr-icon\" style=\"width: 22px; height: 22px;\"><\/div>\n        <\/div>\n            <div class=\"kksr-star\" style=\"padding-right: 5px\">\n            \n\n<div class=\"kksr-icon\" style=\"width: 22px; height: 22px;\"><\/div>\n        <\/div>\n            <div class=\"kksr-star\" style=\"padding-right: 5px\">\n            \n\n<div class=\"kksr-icon\" style=\"width: 22px; height: 22px;\"><\/div>\n        <\/div>\n    <\/div>\n<\/div>\n                \n\n<div class=\"kksr-legend\" style=\"font-size: 17.6px;\">\n            <span class=\"kksr-muted\">Valora este post<\/span>\n    <\/div>\n    <\/div>\n","protected":false},"excerpt":{"rendered":"<p>Modificaciones alimenticias podr\u00edan aplazar o atenuar el declive cognitivo en personas mayores A medida que la poblaci\u00f3n mundial envejece, aumenta la importancia de encontrar estrategias efectivas &#8230; <a title=\"\u00a1Descubre c\u00f3mo tu dieta puede prevenir el deterioro cognitivo en la vejez!\" class=\"read-more\" href=\"https:\/\/www.diario21.tv\/noticias\/descubre-como-tu-dieta-puede-prevenir-el-deterioro-cognitivo-en-la-vejez\/\" aria-label=\"Leer m\u00e1s sobre \u00a1Descubre c\u00f3mo tu dieta puede prevenir el deterioro cognitivo en la vejez!\">Seguir leyendo &rarr;<\/a><\/p>\n","protected":false},"author":20,"featured_media":4867,"comment_status":"open","ping_status":"open","sticky":false,"template":"","format":"standard","meta":{"footnotes":""},"categories":[13],"tags":[],"class_list":["post-4866","post","type-post","status-publish","format-standard","has-post-thumbnail","hentry","category-portada"],"yoast_head":"<!-- This site is optimized with the Yoast SEO plugin v25.6 - https:\/\/yoast.com\/wordpress\/plugins\/seo\/ -->\n<title>\u00a1Descubre c\u00f3mo tu dieta puede prevenir el deterioro cognitivo en la vejez! - Diario 21<\/title>\n<meta name=\"robots\" content=\"index, follow, max-snippet:-1, max-image-preview:large, max-video-preview:-1\" \/>\n<link rel=\"canonical\" href=\"https:\/\/www.diario21.tv\/noticias\/descubre-como-tu-dieta-puede-prevenir-el-deterioro-cognitivo-en-la-vejez\/\" \/>\n<meta property=\"og:locale\" content=\"es_ES\" \/>\n<meta property=\"og:type\" content=\"article\" \/>\n<meta property=\"og:title\" content=\"\u00a1Descubre c\u00f3mo tu dieta puede prevenir el deterioro cognitivo en la vejez! - Diario 21\" \/>\n<meta property=\"og:description\" content=\"Modificaciones alimenticias podr\u00edan aplazar o atenuar el declive cognitivo en personas mayores A medida que la poblaci\u00f3n mundial envejece, aumenta la importancia de encontrar estrategias efectivas ... Seguir leyendo &rarr;\" \/>\n<meta property=\"og:url\" content=\"https:\/\/www.diario21.tv\/noticias\/descubre-como-tu-dieta-puede-prevenir-el-deterioro-cognitivo-en-la-vejez\/\" \/>\n<meta property=\"og:site_name\" content=\"Diario 21\" \/>\n<meta property=\"article:published_time\" content=\"2025-10-17T01:53:13+00:00\" \/>\n<meta property=\"article:modified_time\" content=\"2025-10-17T01:53:14+00:00\" \/>\n<meta property=\"og:image\" content=\"https:\/\/www.diario21.tv\/noticias\/wp-content\/uploads\/2025\/10\/\u00a1Descubre-como-tu-dieta-puede-prevenir-el-deterioro-cognitivo-en.JPG\" \/>\n\t<meta property=\"og:image:width\" content=\"1200\" \/>\n\t<meta property=\"og:image:height\" content=\"840\" \/>\n\t<meta property=\"og:image:type\" content=\"image\/jpeg\" \/>\n<meta name=\"author\" content=\"Juan P\u00e9rez\" \/>\n<meta name=\"twitter:card\" content=\"summary_large_image\" \/>\n<meta name=\"twitter:label1\" content=\"Escrito por\" \/>\n\t<meta name=\"twitter:data1\" content=\"Juan P\u00e9rez\" \/>\n\t<meta name=\"twitter:label2\" content=\"Tiempo de lectura\" \/>\n\t<meta name=\"twitter:data2\" content=\"2 minutos\" \/>\n<script type=\"application\/ld+json\" class=\"yoast-schema-graph\">{\"@context\":\"https:\/\/schema.org\",\"@graph\":[{\"@type\":\"WebPage\",\"@id\":\"https:\/\/www.diario21.tv\/noticias\/descubre-como-tu-dieta-puede-prevenir-el-deterioro-cognitivo-en-la-vejez\/\",\"url\":\"https:\/\/www.diario21.tv\/noticias\/descubre-como-tu-dieta-puede-prevenir-el-deterioro-cognitivo-en-la-vejez\/\",\"name\":\"\u00a1Descubre c\u00f3mo tu dieta puede prevenir el deterioro cognitivo en la vejez! - Diario 21\",\"isPartOf\":{\"@id\":\"https:\/\/www.diario21.tv\/noticias\/#website\"},\"primaryImageOfPage\":{\"@id\":\"https:\/\/www.diario21.tv\/noticias\/descubre-como-tu-dieta-puede-prevenir-el-deterioro-cognitivo-en-la-vejez\/#primaryimage\"},\"image\":{\"@id\":\"https:\/\/www.diario21.tv\/noticias\/descubre-como-tu-dieta-puede-prevenir-el-deterioro-cognitivo-en-la-vejez\/#primaryimage\"},\"thumbnailUrl\":\"https:\/\/www.diario21.tv\/noticias\/wp-content\/uploads\/2025\/10\/\u00a1Descubre-como-tu-dieta-puede-prevenir-el-deterioro-cognitivo-en.JPG\",\"datePublished\":\"2025-10-17T01:53:13+00:00\",\"dateModified\":\"2025-10-17T01:53:14+00:00\",\"author\":{\"@id\":\"https:\/\/www.diario21.tv\/noticias\/#\/schema\/person\/dfb778f73814d8f09f302618446a526b\"},\"breadcrumb\":{\"@id\":\"https:\/\/www.diario21.tv\/noticias\/descubre-como-tu-dieta-puede-prevenir-el-deterioro-cognitivo-en-la-vejez\/#breadcrumb\"},\"inLanguage\":\"es-AR\",\"potentialAction\":[{\"@type\":\"ReadAction\",\"target\":[\"https:\/\/www.diario21.tv\/noticias\/descubre-como-tu-dieta-puede-prevenir-el-deterioro-cognitivo-en-la-vejez\/\"]}]},{\"@type\":\"ImageObject\",\"inLanguage\":\"es-AR\",\"@id\":\"https:\/\/www.diario21.tv\/noticias\/descubre-como-tu-dieta-puede-prevenir-el-deterioro-cognitivo-en-la-vejez\/#primaryimage\",\"url\":\"https:\/\/www.diario21.tv\/noticias\/wp-content\/uploads\/2025\/10\/\u00a1Descubre-como-tu-dieta-puede-prevenir-el-deterioro-cognitivo-en.JPG\",\"contentUrl\":\"https:\/\/www.diario21.tv\/noticias\/wp-content\/uploads\/2025\/10\/\u00a1Descubre-como-tu-dieta-puede-prevenir-el-deterioro-cognitivo-en.JPG\",\"width\":1200,\"height\":840,\"caption\":\"Cambios en la dieta podr\u00edan retrasar o mitigar el deterioro cognitivo en la vejez\"},{\"@type\":\"BreadcrumbList\",\"@id\":\"https:\/\/www.diario21.tv\/noticias\/descubre-como-tu-dieta-puede-prevenir-el-deterioro-cognitivo-en-la-vejez\/#breadcrumb\",\"itemListElement\":[{\"@type\":\"ListItem\",\"position\":1,\"name\":\"Accueil\",\"item\":\"https:\/\/www.diario21.tv\/noticias\/\"},{\"@type\":\"ListItem\",\"position\":2,\"name\":\"\u00a1Descubre c\u00f3mo tu dieta puede prevenir el deterioro cognitivo en la vejez!\"}]},{\"@type\":\"WebSite\",\"@id\":\"https:\/\/www.diario21.tv\/noticias\/#website\",\"url\":\"https:\/\/www.diario21.tv\/noticias\/\",\"name\":\"Diario 21\",\"description\":\"\",\"potentialAction\":[{\"@type\":\"SearchAction\",\"target\":{\"@type\":\"EntryPoint\",\"urlTemplate\":\"https:\/\/www.diario21.tv\/noticias\/?s={search_term_string}\"},\"query-input\":{\"@type\":\"PropertyValueSpecification\",\"valueRequired\":true,\"valueName\":\"search_term_string\"}}],\"inLanguage\":\"es-AR\"},{\"@type\":\"Person\",\"@id\":\"https:\/\/www.diario21.tv\/noticias\/#\/schema\/person\/dfb778f73814d8f09f302618446a526b\",\"name\":\"Juan P\u00e9rez\",\"image\":{\"@type\":\"ImageObject\",\"inLanguage\":\"es-AR\",\"@id\":\"https:\/\/www.diario21.tv\/noticias\/#\/schema\/person\/image\/\",\"url\":\"https:\/\/secure.gravatar.com\/avatar\/c478a405bd10621167f4c3167cc770f5?s=96&d=mm&r=g\",\"contentUrl\":\"https:\/\/secure.gravatar.com\/avatar\/c478a405bd10621167f4c3167cc770f5?s=96&d=mm&r=g\",\"caption\":\"Juan P\u00e9rez\"},\"description\":\"Juan P\u00e9rez es el redactor en jefe de Diario 21. Con m\u00e1s de 10 a\u00f1os de experiencia en el periodismo, se especializa en pol\u00edtica nacional y an\u00e1lisis socioecon\u00f3mico. Su enfoque cr\u00edtico y riguroso aporta una perspectiva \u00fanica a cada art\u00edculo.\",\"sameAs\":[\"https:\/\/www.diario21.tv\/noticias\/\"],\"url\":\"https:\/\/www.diario21.tv\/noticias\/author\/juan-perez\/\"}]}<\/script>\n<!-- \/ Yoast SEO plugin. -->","yoast_head_json":{"title":"\u00a1Descubre c\u00f3mo tu dieta puede prevenir el deterioro cognitivo en la vejez! - Diario 21","robots":{"index":"index","follow":"follow","max-snippet":"max-snippet:-1","max-image-preview":"max-image-preview:large","max-video-preview":"max-video-preview:-1"},"canonical":"https:\/\/www.diario21.tv\/noticias\/descubre-como-tu-dieta-puede-prevenir-el-deterioro-cognitivo-en-la-vejez\/","og_locale":"es_ES","og_type":"article","og_title":"\u00a1Descubre c\u00f3mo tu dieta puede prevenir el deterioro cognitivo en la vejez! - Diario 21","og_description":"Modificaciones alimenticias podr\u00edan aplazar o atenuar el declive cognitivo en personas mayores A medida que la poblaci\u00f3n mundial envejece, aumenta la importancia de encontrar estrategias efectivas ... Seguir leyendo &rarr;","og_url":"https:\/\/www.diario21.tv\/noticias\/descubre-como-tu-dieta-puede-prevenir-el-deterioro-cognitivo-en-la-vejez\/","og_site_name":"Diario 21","article_published_time":"2025-10-17T01:53:13+00:00","article_modified_time":"2025-10-17T01:53:14+00:00","og_image":[{"width":1200,"height":840,"url":"https:\/\/www.diario21.tv\/noticias\/wp-content\/uploads\/2025\/10\/\u00a1Descubre-como-tu-dieta-puede-prevenir-el-deterioro-cognitivo-en.JPG","type":"image\/jpeg"}],"author":"Juan P\u00e9rez","twitter_card":"summary_large_image","twitter_misc":{"Escrito por":"Juan P\u00e9rez","Tiempo de lectura":"2 minutos"},"schema":{"@context":"https:\/\/schema.org","@graph":[{"@type":"WebPage","@id":"https:\/\/www.diario21.tv\/noticias\/descubre-como-tu-dieta-puede-prevenir-el-deterioro-cognitivo-en-la-vejez\/","url":"https:\/\/www.diario21.tv\/noticias\/descubre-como-tu-dieta-puede-prevenir-el-deterioro-cognitivo-en-la-vejez\/","name":"\u00a1Descubre c\u00f3mo tu dieta puede prevenir el deterioro cognitivo en la vejez! - Diario 21","isPartOf":{"@id":"https:\/\/www.diario21.tv\/noticias\/#website"},"primaryImageOfPage":{"@id":"https:\/\/www.diario21.tv\/noticias\/descubre-como-tu-dieta-puede-prevenir-el-deterioro-cognitivo-en-la-vejez\/#primaryimage"},"image":{"@id":"https:\/\/www.diario21.tv\/noticias\/descubre-como-tu-dieta-puede-prevenir-el-deterioro-cognitivo-en-la-vejez\/#primaryimage"},"thumbnailUrl":"https:\/\/www.diario21.tv\/noticias\/wp-content\/uploads\/2025\/10\/\u00a1Descubre-como-tu-dieta-puede-prevenir-el-deterioro-cognitivo-en.JPG","datePublished":"2025-10-17T01:53:13+00:00","dateModified":"2025-10-17T01:53:14+00:00","author":{"@id":"https:\/\/www.diario21.tv\/noticias\/#\/schema\/person\/dfb778f73814d8f09f302618446a526b"},"breadcrumb":{"@id":"https:\/\/www.diario21.tv\/noticias\/descubre-como-tu-dieta-puede-prevenir-el-deterioro-cognitivo-en-la-vejez\/#breadcrumb"},"inLanguage":"es-AR","potentialAction":[{"@type":"ReadAction","target":["https:\/\/www.diario21.tv\/noticias\/descubre-como-tu-dieta-puede-prevenir-el-deterioro-cognitivo-en-la-vejez\/"]}]},{"@type":"ImageObject","inLanguage":"es-AR","@id":"https:\/\/www.diario21.tv\/noticias\/descubre-como-tu-dieta-puede-prevenir-el-deterioro-cognitivo-en-la-vejez\/#primaryimage","url":"https:\/\/www.diario21.tv\/noticias\/wp-content\/uploads\/2025\/10\/\u00a1Descubre-como-tu-dieta-puede-prevenir-el-deterioro-cognitivo-en.JPG","contentUrl":"https:\/\/www.diario21.tv\/noticias\/wp-content\/uploads\/2025\/10\/\u00a1Descubre-como-tu-dieta-puede-prevenir-el-deterioro-cognitivo-en.JPG","width":1200,"height":840,"caption":"Cambios en la dieta podr\u00edan retrasar o mitigar el deterioro cognitivo en la vejez"},{"@type":"BreadcrumbList","@id":"https:\/\/www.diario21.tv\/noticias\/descubre-como-tu-dieta-puede-prevenir-el-deterioro-cognitivo-en-la-vejez\/#breadcrumb","itemListElement":[{"@type":"ListItem","position":1,"name":"Accueil","item":"https:\/\/www.diario21.tv\/noticias\/"},{"@type":"ListItem","position":2,"name":"\u00a1Descubre c\u00f3mo tu dieta puede prevenir el deterioro cognitivo en la vejez!"}]},{"@type":"WebSite","@id":"https:\/\/www.diario21.tv\/noticias\/#website","url":"https:\/\/www.diario21.tv\/noticias\/","name":"Diario 21","description":"","potentialAction":[{"@type":"SearchAction","target":{"@type":"EntryPoint","urlTemplate":"https:\/\/www.diario21.tv\/noticias\/?s={search_term_string}"},"query-input":{"@type":"PropertyValueSpecification","valueRequired":true,"valueName":"search_term_string"}}],"inLanguage":"es-AR"},{"@type":"Person","@id":"https:\/\/www.diario21.tv\/noticias\/#\/schema\/person\/dfb778f73814d8f09f302618446a526b","name":"Juan P\u00e9rez","image":{"@type":"ImageObject","inLanguage":"es-AR","@id":"https:\/\/www.diario21.tv\/noticias\/#\/schema\/person\/image\/","url":"https:\/\/secure.gravatar.com\/avatar\/c478a405bd10621167f4c3167cc770f5?s=96&d=mm&r=g","contentUrl":"https:\/\/secure.gravatar.com\/avatar\/c478a405bd10621167f4c3167cc770f5?s=96&d=mm&r=g","caption":"Juan P\u00e9rez"},"description":"Juan P\u00e9rez es el redactor en jefe de Diario 21. Con m\u00e1s de 10 a\u00f1os de experiencia en el periodismo, se especializa en pol\u00edtica nacional y an\u00e1lisis socioecon\u00f3mico. Su enfoque cr\u00edtico y riguroso aporta una perspectiva \u00fanica a cada art\u00edculo.","sameAs":["https:\/\/www.diario21.tv\/noticias\/"],"url":"https:\/\/www.diario21.tv\/noticias\/author\/juan-perez\/"}]}},"_links":{"self":[{"href":"https:\/\/www.diario21.tv\/noticias\/wp-json\/wp\/v2\/posts\/4866"}],"collection":[{"href":"https:\/\/www.diario21.tv\/noticias\/wp-json\/wp\/v2\/posts"}],"about":[{"href":"https:\/\/www.diario21.tv\/noticias\/wp-json\/wp\/v2\/types\/post"}],"author":[{"embeddable":true,"href":"https:\/\/www.diario21.tv\/noticias\/wp-json\/wp\/v2\/users\/20"}],"replies":[{"embeddable":true,"href":"https:\/\/www.diario21.tv\/noticias\/wp-json\/wp\/v2\/comments?post=4866"}],"version-history":[{"count":1,"href":"https:\/\/www.diario21.tv\/noticias\/wp-json\/wp\/v2\/posts\/4866\/revisions"}],"predecessor-version":[{"id":4868,"href":"https:\/\/www.diario21.tv\/noticias\/wp-json\/wp\/v2\/posts\/4866\/revisions\/4868"}],"wp:featuredmedia":[{"embeddable":true,"href":"https:\/\/www.diario21.tv\/noticias\/wp-json\/wp\/v2\/media\/4867"}],"wp:attachment":[{"href":"https:\/\/www.diario21.tv\/noticias\/wp-json\/wp\/v2\/media?parent=4866"}],"wp:term":[{"taxonomy":"category","embeddable":true,"href":"https:\/\/www.diario21.tv\/noticias\/wp-json\/wp\/v2\/categories?post=4866"},{"taxonomy":"post_tag","embeddable":true,"href":"https:\/\/www.diario21.tv\/noticias\/wp-json\/wp\/v2\/tags?post=4866"}],"curies":[{"name":"wp","href":"https:\/\/api.w.org\/{rel}","templated":true}]}}