{"id":4863,"date":"2025-10-16T19:51:33","date_gmt":"2025-10-16T19:51:33","guid":{"rendered":"https:\/\/www.diario21.tv\/noticias\/increible-podrias-ver-auroras-boreales-en-espana-descubre-donde-y-cuando\/"},"modified":"2025-10-16T19:51:34","modified_gmt":"2025-10-16T19:51:34","slug":"increible-podrias-ver-auroras-boreales-en-espana-descubre-donde-y-cuando","status":"publish","type":"post","link":"https:\/\/www.diario21.tv\/noticias\/increible-podrias-ver-auroras-boreales-en-espana-descubre-donde-y-cuando\/","title":{"rendered":"\u00a1Incre\u00edble! Podr\u00edas ver auroras boreales en Espa\u00f1a: descubre d\u00f3nde y cu\u00e1ndo"},"content":{"rendered":"<h2>Posibilidad de presenciar auroras boreales en Espa\u00f1a: ubicaciones y tiempos propicios<\/h2>\n<p>Las auroras boreales, ese fen\u00f3meno celestial que pinta el cielo con tonos de verde, p\u00farpura y azul, normalmente se observan en las latitudes m\u00e1s septentrionales del planeta. Sin embargo, recientes estudios sugieren que este espectacular evento natural podr\u00eda ser visible ocasionalmente m\u00e1s al sur, incluso en Espa\u00f1a. A continuaci\u00f3n, exploramos d\u00f3nde y cu\u00e1ndo podr\u00edan avistarse estas luces danzantes en el cielo espa\u00f1ol.<\/p>\n<h3>\u00bfQu\u00e9 son las auroras boreales?<\/h3>\n<p>Antes de planificar una noche de caza de auroras, es importante entender qu\u00e9 son. Las auroras boreales, tambi\u00e9n conocidas como luces del norte, son el resultado de interacciones entre el viento solar y el campo magn\u00e9tico de la Tierra. Este fen\u00f3meno ocurre cuando part\u00edculas cargadas del sol golpean la atm\u00f3sfera terrestre y provocan que gases como el ox\u00edgeno y el nitr\u00f3geno se iluminen. Lo que resulta es un espect\u00e1culo de luces que parece danzar a trav\u00e9s del cielo.<\/p>\n<h3>Lugares en Espa\u00f1a donde podr\u00edan verse las auroras<\/h3>\n<p>Aunque es raro ver auroras boreales en Espa\u00f1a debido a su ubicaci\u00f3n geogr\u00e1fica, hay ciertas condiciones bajo las cuales este fen\u00f3meno podr\u00eda ser visible, especialmente durante periodos de m\u00e1xima actividad solar o tormentas solares fuertes. Las zonas m\u00e1s propensas a presenciar este evento en Espa\u00f1a ser\u00edan las de mayor altitud y aquellas situadas m\u00e1s al norte. Lugares como los Pirineos, la Sierra Nevada o incluso algunas \u00e1reas de la Cordillera Cant\u00e1brica podr\u00edan tener mayor probabilidad de avistar auroras durante estos eventos astron\u00f3micos excepcionales.<\/p>\n<h3>\u00bfCu\u00e1ndo es el mejor momento para ver auroras en Espa\u00f1a?<\/h3>\n<p>El ciclo solar juega un papel crucial en la frecuencia y visibilidad de las auroras boreales. Este ciclo dura aproximadamente 11 a\u00f1os, y durante el m\u00e1ximo solar, hay un aumento en la cantidad y severidad de las tormentas solares, lo que puede llevar a una mayor posibilidad de ver auroras m\u00e1s al sur de lo habitual. Los expertos sugieren que los mejores momentos para intentar ver una aurora en Espa\u00f1a ser\u00edan durante los a\u00f1os de m\u00e1ximo solar, prestando especial atenci\u00f3n a los informes de actividad solar que pueden indicar una tormenta solar inminente.<\/p>\n<h3>Preparativos para la observaci\u00f3n de auroras boreales<\/h3>\n<p>Para aquellos interesados en intentar captar este fen\u00f3meno en Espa\u00f1a, es esencial estar bien preparados. Esto incluye consultar previsiones de actividad auroral, que pueden encontrarse en diversos sitios web meteorol\u00f3gicos y astron\u00f3micos. Adem\u00e1s, es recomendable dirigirse a lugares con poca contaminaci\u00f3n lum\u00ednica y cielos despejados para maximizar las posibilidades de una buena visualizaci\u00f3n. Equiparse con ropa adecuada para el fr\u00edo y la noche, as\u00ed como con c\u00e1maras capaces de tomar fotograf\u00edas en condiciones de baja luminosidad, tambi\u00e9n mejorar\u00e1 la experiencia.<\/p>\n<p>Aunque las posibilidades de ver una aurora boreal en Espa\u00f1a son bajas en comparaci\u00f3n con pa\u00edses como Noruega o Islandia, la mera posibilidad a\u00f1ade una emoci\u00f3n extra a la observaci\u00f3n del cielo nocturno en el pa\u00eds. Con la preparaci\u00f3n adecuada y un poco de suerte, los aficionados a la astronom\u00eda y la naturaleza podr\u00edan ser testigos de este m\u00e1gico espect\u00e1culo sin tener que salir de Espa\u00f1a.<\/p>\n\n\n<div class=\"kk-star-ratings kksr-auto kksr-align-left kksr-valign-bottom\"\n    data-payload='{&quot;align&quot;:&quot;left&quot;,&quot;id&quot;:&quot;4863&quot;,&quot;slug&quot;:&quot;default&quot;,&quot;valign&quot;:&quot;bottom&quot;,&quot;ignore&quot;:&quot;&quot;,&quot;reference&quot;:&quot;auto&quot;,&quot;class&quot;:&quot;&quot;,&quot;count&quot;:&quot;0&quot;,&quot;legendonly&quot;:&quot;&quot;,&quot;readonly&quot;:&quot;&quot;,&quot;score&quot;:&quot;0&quot;,&quot;starsonly&quot;:&quot;&quot;,&quot;best&quot;:&quot;5&quot;,&quot;gap&quot;:&quot;5&quot;,&quot;greet&quot;:&quot;Valora este post&quot;,&quot;legend&quot;:&quot;0\\\/5 - (0 votes)&quot;,&quot;size&quot;:&quot;22&quot;,&quot;title&quot;:&quot;\u00a1Incre\u00edble! Podr\u00edas ver auroras boreales en Espa\u00f1a: descubre d\u00f3nde y cu\u00e1ndo&quot;,&quot;width&quot;:&quot;0&quot;,&quot;_legend&quot;:&quot;{score}\\\/{best} - ({count} {votes})&quot;,&quot;font_factor&quot;:&quot;1.25&quot;}'>\n            \n<div class=\"kksr-stars\">\n    \n<div class=\"kksr-stars-inactive\">\n            <div class=\"kksr-star\" data-star=\"1\" style=\"padding-right: 5px\">\n            \n\n<div class=\"kksr-icon\" style=\"width: 22px; height: 22px;\"><\/div>\n        <\/div>\n            <div class=\"kksr-star\" data-star=\"2\" style=\"padding-right: 5px\">\n            \n\n<div class=\"kksr-icon\" style=\"width: 22px; height: 22px;\"><\/div>\n        <\/div>\n            <div class=\"kksr-star\" data-star=\"3\" style=\"padding-right: 5px\">\n            \n\n<div class=\"kksr-icon\" style=\"width: 22px; height: 22px;\"><\/div>\n        <\/div>\n            <div class=\"kksr-star\" data-star=\"4\" style=\"padding-right: 5px\">\n            \n\n<div class=\"kksr-icon\" style=\"width: 22px; height: 22px;\"><\/div>\n        <\/div>\n            <div class=\"kksr-star\" data-star=\"5\" style=\"padding-right: 5px\">\n            \n\n<div class=\"kksr-icon\" style=\"width: 22px; height: 22px;\"><\/div>\n        <\/div>\n    <\/div>\n    \n<div class=\"kksr-stars-active\" style=\"width: 0px;\">\n            <div class=\"kksr-star\" style=\"padding-right: 5px\">\n            \n\n<div class=\"kksr-icon\" style=\"width: 22px; height: 22px;\"><\/div>\n        <\/div>\n            <div class=\"kksr-star\" style=\"padding-right: 5px\">\n            \n\n<div class=\"kksr-icon\" style=\"width: 22px; height: 22px;\"><\/div>\n        <\/div>\n            <div class=\"kksr-star\" style=\"padding-right: 5px\">\n            \n\n<div class=\"kksr-icon\" style=\"width: 22px; height: 22px;\"><\/div>\n        <\/div>\n            <div class=\"kksr-star\" style=\"padding-right: 5px\">\n            \n\n<div class=\"kksr-icon\" style=\"width: 22px; height: 22px;\"><\/div>\n        <\/div>\n            <div class=\"kksr-star\" style=\"padding-right: 5px\">\n            \n\n<div class=\"kksr-icon\" style=\"width: 22px; height: 22px;\"><\/div>\n        <\/div>\n    <\/div>\n<\/div>\n                \n\n<div class=\"kksr-legend\" style=\"font-size: 17.6px;\">\n            <span class=\"kksr-muted\">Valora este post<\/span>\n    <\/div>\n    <\/div>\n","protected":false},"excerpt":{"rendered":"<p>Posibilidad de presenciar auroras boreales en Espa\u00f1a: ubicaciones y tiempos propicios Las auroras boreales, ese fen\u00f3meno celestial que pinta el cielo con tonos de verde, p\u00farpura &#8230; <a title=\"\u00a1Incre\u00edble! Podr\u00edas ver auroras boreales en Espa\u00f1a: descubre d\u00f3nde y cu\u00e1ndo\" class=\"read-more\" href=\"https:\/\/www.diario21.tv\/noticias\/increible-podrias-ver-auroras-boreales-en-espana-descubre-donde-y-cuando\/\" aria-label=\"Leer m\u00e1s sobre \u00a1Incre\u00edble! Podr\u00edas ver auroras boreales en Espa\u00f1a: descubre d\u00f3nde y cu\u00e1ndo\">Seguir leyendo &rarr;<\/a><\/p>\n","protected":false},"author":20,"featured_media":4864,"comment_status":"open","ping_status":"open","sticky":false,"template":"","format":"standard","meta":{"footnotes":""},"categories":[13],"tags":[],"class_list":["post-4863","post","type-post","status-publish","format-standard","has-post-thumbnail","hentry","category-portada"],"yoast_head":"<!-- This site is optimized with the Yoast SEO plugin v25.6 - https:\/\/yoast.com\/wordpress\/plugins\/seo\/ -->\n<title>\u00a1Incre\u00edble! Podr\u00edas ver auroras boreales en Espa\u00f1a: descubre d\u00f3nde y cu\u00e1ndo - Diario 21<\/title>\n<meta name=\"robots\" content=\"index, follow, max-snippet:-1, max-image-preview:large, max-video-preview:-1\" \/>\n<link rel=\"canonical\" href=\"https:\/\/www.diario21.tv\/noticias\/increible-podrias-ver-auroras-boreales-en-espana-descubre-donde-y-cuando\/\" \/>\n<meta property=\"og:locale\" content=\"es_ES\" \/>\n<meta property=\"og:type\" content=\"article\" \/>\n<meta property=\"og:title\" content=\"\u00a1Incre\u00edble! Podr\u00edas ver auroras boreales en Espa\u00f1a: descubre d\u00f3nde y cu\u00e1ndo - Diario 21\" \/>\n<meta property=\"og:description\" content=\"Posibilidad de presenciar auroras boreales en Espa\u00f1a: ubicaciones y tiempos propicios Las auroras boreales, ese fen\u00f3meno celestial que pinta el cielo con tonos de verde, p\u00farpura ... Seguir leyendo &rarr;\" \/>\n<meta property=\"og:url\" content=\"https:\/\/www.diario21.tv\/noticias\/increible-podrias-ver-auroras-boreales-en-espana-descubre-donde-y-cuando\/\" \/>\n<meta property=\"og:site_name\" content=\"Diario 21\" \/>\n<meta property=\"article:published_time\" content=\"2025-10-16T19:51:33+00:00\" \/>\n<meta property=\"article:modified_time\" content=\"2025-10-16T19:51:34+00:00\" \/>\n<meta property=\"og:image\" content=\"https:\/\/www.diario21.tv\/noticias\/wp-content\/uploads\/2025\/10\/\u00a1Increible-Podrias-ver-auroras-boreales-en-Espana-descubre-donde-y.jpg\" \/>\n\t<meta property=\"og:image:width\" content=\"1200\" \/>\n\t<meta property=\"og:image:height\" content=\"840\" \/>\n\t<meta property=\"og:image:type\" content=\"image\/jpeg\" \/>\n<meta name=\"author\" content=\"Juan P\u00e9rez\" \/>\n<meta name=\"twitter:card\" content=\"summary_large_image\" \/>\n<meta name=\"twitter:label1\" content=\"Escrito por\" \/>\n\t<meta name=\"twitter:data1\" content=\"Juan P\u00e9rez\" \/>\n\t<meta name=\"twitter:label2\" content=\"Tiempo de lectura\" \/>\n\t<meta name=\"twitter:data2\" content=\"3 minutos\" \/>\n<script type=\"application\/ld+json\" class=\"yoast-schema-graph\">{\"@context\":\"https:\/\/schema.org\",\"@graph\":[{\"@type\":\"WebPage\",\"@id\":\"https:\/\/www.diario21.tv\/noticias\/increible-podrias-ver-auroras-boreales-en-espana-descubre-donde-y-cuando\/\",\"url\":\"https:\/\/www.diario21.tv\/noticias\/increible-podrias-ver-auroras-boreales-en-espana-descubre-donde-y-cuando\/\",\"name\":\"\u00a1Incre\u00edble! Podr\u00edas ver auroras boreales en Espa\u00f1a: descubre d\u00f3nde y cu\u00e1ndo - Diario 21\",\"isPartOf\":{\"@id\":\"https:\/\/www.diario21.tv\/noticias\/#website\"},\"primaryImageOfPage\":{\"@id\":\"https:\/\/www.diario21.tv\/noticias\/increible-podrias-ver-auroras-boreales-en-espana-descubre-donde-y-cuando\/#primaryimage\"},\"image\":{\"@id\":\"https:\/\/www.diario21.tv\/noticias\/increible-podrias-ver-auroras-boreales-en-espana-descubre-donde-y-cuando\/#primaryimage\"},\"thumbnailUrl\":\"https:\/\/www.diario21.tv\/noticias\/wp-content\/uploads\/2025\/10\/\u00a1Increible-Podrias-ver-auroras-boreales-en-Espana-descubre-donde-y.jpg\",\"datePublished\":\"2025-10-16T19:51:33+00:00\",\"dateModified\":\"2025-10-16T19:51:34+00:00\",\"author\":{\"@id\":\"https:\/\/www.diario21.tv\/noticias\/#\/schema\/person\/dfb778f73814d8f09f302618446a526b\"},\"breadcrumb\":{\"@id\":\"https:\/\/www.diario21.tv\/noticias\/increible-podrias-ver-auroras-boreales-en-espana-descubre-donde-y-cuando\/#breadcrumb\"},\"inLanguage\":\"es-AR\",\"potentialAction\":[{\"@type\":\"ReadAction\",\"target\":[\"https:\/\/www.diario21.tv\/noticias\/increible-podrias-ver-auroras-boreales-en-espana-descubre-donde-y-cuando\/\"]}]},{\"@type\":\"ImageObject\",\"inLanguage\":\"es-AR\",\"@id\":\"https:\/\/www.diario21.tv\/noticias\/increible-podrias-ver-auroras-boreales-en-espana-descubre-donde-y-cuando\/#primaryimage\",\"url\":\"https:\/\/www.diario21.tv\/noticias\/wp-content\/uploads\/2025\/10\/\u00a1Increible-Podrias-ver-auroras-boreales-en-Espana-descubre-donde-y.jpg\",\"contentUrl\":\"https:\/\/www.diario21.tv\/noticias\/wp-content\/uploads\/2025\/10\/\u00a1Increible-Podrias-ver-auroras-boreales-en-Espana-descubre-donde-y.jpg\",\"width\":1200,\"height\":840,\"caption\":\"Las auroras boreales podr\u00edan llegar a Espa\u00f1a: d\u00f3nde y cu\u00e1ndo verlas\"},{\"@type\":\"BreadcrumbList\",\"@id\":\"https:\/\/www.diario21.tv\/noticias\/increible-podrias-ver-auroras-boreales-en-espana-descubre-donde-y-cuando\/#breadcrumb\",\"itemListElement\":[{\"@type\":\"ListItem\",\"position\":1,\"name\":\"Accueil\",\"item\":\"https:\/\/www.diario21.tv\/noticias\/\"},{\"@type\":\"ListItem\",\"position\":2,\"name\":\"\u00a1Incre\u00edble! Podr\u00edas ver auroras boreales en Espa\u00f1a: descubre d\u00f3nde y cu\u00e1ndo\"}]},{\"@type\":\"WebSite\",\"@id\":\"https:\/\/www.diario21.tv\/noticias\/#website\",\"url\":\"https:\/\/www.diario21.tv\/noticias\/\",\"name\":\"Diario 21\",\"description\":\"\",\"potentialAction\":[{\"@type\":\"SearchAction\",\"target\":{\"@type\":\"EntryPoint\",\"urlTemplate\":\"https:\/\/www.diario21.tv\/noticias\/?s={search_term_string}\"},\"query-input\":{\"@type\":\"PropertyValueSpecification\",\"valueRequired\":true,\"valueName\":\"search_term_string\"}}],\"inLanguage\":\"es-AR\"},{\"@type\":\"Person\",\"@id\":\"https:\/\/www.diario21.tv\/noticias\/#\/schema\/person\/dfb778f73814d8f09f302618446a526b\",\"name\":\"Juan P\u00e9rez\",\"image\":{\"@type\":\"ImageObject\",\"inLanguage\":\"es-AR\",\"@id\":\"https:\/\/www.diario21.tv\/noticias\/#\/schema\/person\/image\/\",\"url\":\"https:\/\/secure.gravatar.com\/avatar\/c478a405bd10621167f4c3167cc770f5?s=96&d=mm&r=g\",\"contentUrl\":\"https:\/\/secure.gravatar.com\/avatar\/c478a405bd10621167f4c3167cc770f5?s=96&d=mm&r=g\",\"caption\":\"Juan P\u00e9rez\"},\"description\":\"Juan P\u00e9rez es el redactor en jefe de Diario 21. Con m\u00e1s de 10 a\u00f1os de experiencia en el periodismo, se especializa en pol\u00edtica nacional y an\u00e1lisis socioecon\u00f3mico. Su enfoque cr\u00edtico y riguroso aporta una perspectiva \u00fanica a cada art\u00edculo.\",\"sameAs\":[\"https:\/\/www.diario21.tv\/noticias\/\"],\"url\":\"https:\/\/www.diario21.tv\/noticias\/author\/juan-perez\/\"}]}<\/script>\n<!-- \/ Yoast SEO plugin. -->","yoast_head_json":{"title":"\u00a1Incre\u00edble! Podr\u00edas ver auroras boreales en Espa\u00f1a: descubre d\u00f3nde y cu\u00e1ndo - Diario 21","robots":{"index":"index","follow":"follow","max-snippet":"max-snippet:-1","max-image-preview":"max-image-preview:large","max-video-preview":"max-video-preview:-1"},"canonical":"https:\/\/www.diario21.tv\/noticias\/increible-podrias-ver-auroras-boreales-en-espana-descubre-donde-y-cuando\/","og_locale":"es_ES","og_type":"article","og_title":"\u00a1Incre\u00edble! Podr\u00edas ver auroras boreales en Espa\u00f1a: descubre d\u00f3nde y cu\u00e1ndo - Diario 21","og_description":"Posibilidad de presenciar auroras boreales en Espa\u00f1a: ubicaciones y tiempos propicios Las auroras boreales, ese fen\u00f3meno celestial que pinta el cielo con tonos de verde, p\u00farpura ... Seguir leyendo &rarr;","og_url":"https:\/\/www.diario21.tv\/noticias\/increible-podrias-ver-auroras-boreales-en-espana-descubre-donde-y-cuando\/","og_site_name":"Diario 21","article_published_time":"2025-10-16T19:51:33+00:00","article_modified_time":"2025-10-16T19:51:34+00:00","og_image":[{"width":1200,"height":840,"url":"https:\/\/www.diario21.tv\/noticias\/wp-content\/uploads\/2025\/10\/\u00a1Increible-Podrias-ver-auroras-boreales-en-Espana-descubre-donde-y.jpg","type":"image\/jpeg"}],"author":"Juan P\u00e9rez","twitter_card":"summary_large_image","twitter_misc":{"Escrito por":"Juan P\u00e9rez","Tiempo de lectura":"3 minutos"},"schema":{"@context":"https:\/\/schema.org","@graph":[{"@type":"WebPage","@id":"https:\/\/www.diario21.tv\/noticias\/increible-podrias-ver-auroras-boreales-en-espana-descubre-donde-y-cuando\/","url":"https:\/\/www.diario21.tv\/noticias\/increible-podrias-ver-auroras-boreales-en-espana-descubre-donde-y-cuando\/","name":"\u00a1Incre\u00edble! Podr\u00edas ver auroras boreales en Espa\u00f1a: descubre d\u00f3nde y cu\u00e1ndo - Diario 21","isPartOf":{"@id":"https:\/\/www.diario21.tv\/noticias\/#website"},"primaryImageOfPage":{"@id":"https:\/\/www.diario21.tv\/noticias\/increible-podrias-ver-auroras-boreales-en-espana-descubre-donde-y-cuando\/#primaryimage"},"image":{"@id":"https:\/\/www.diario21.tv\/noticias\/increible-podrias-ver-auroras-boreales-en-espana-descubre-donde-y-cuando\/#primaryimage"},"thumbnailUrl":"https:\/\/www.diario21.tv\/noticias\/wp-content\/uploads\/2025\/10\/\u00a1Increible-Podrias-ver-auroras-boreales-en-Espana-descubre-donde-y.jpg","datePublished":"2025-10-16T19:51:33+00:00","dateModified":"2025-10-16T19:51:34+00:00","author":{"@id":"https:\/\/www.diario21.tv\/noticias\/#\/schema\/person\/dfb778f73814d8f09f302618446a526b"},"breadcrumb":{"@id":"https:\/\/www.diario21.tv\/noticias\/increible-podrias-ver-auroras-boreales-en-espana-descubre-donde-y-cuando\/#breadcrumb"},"inLanguage":"es-AR","potentialAction":[{"@type":"ReadAction","target":["https:\/\/www.diario21.tv\/noticias\/increible-podrias-ver-auroras-boreales-en-espana-descubre-donde-y-cuando\/"]}]},{"@type":"ImageObject","inLanguage":"es-AR","@id":"https:\/\/www.diario21.tv\/noticias\/increible-podrias-ver-auroras-boreales-en-espana-descubre-donde-y-cuando\/#primaryimage","url":"https:\/\/www.diario21.tv\/noticias\/wp-content\/uploads\/2025\/10\/\u00a1Increible-Podrias-ver-auroras-boreales-en-Espana-descubre-donde-y.jpg","contentUrl":"https:\/\/www.diario21.tv\/noticias\/wp-content\/uploads\/2025\/10\/\u00a1Increible-Podrias-ver-auroras-boreales-en-Espana-descubre-donde-y.jpg","width":1200,"height":840,"caption":"Las auroras boreales podr\u00edan llegar a Espa\u00f1a: d\u00f3nde y cu\u00e1ndo verlas"},{"@type":"BreadcrumbList","@id":"https:\/\/www.diario21.tv\/noticias\/increible-podrias-ver-auroras-boreales-en-espana-descubre-donde-y-cuando\/#breadcrumb","itemListElement":[{"@type":"ListItem","position":1,"name":"Accueil","item":"https:\/\/www.diario21.tv\/noticias\/"},{"@type":"ListItem","position":2,"name":"\u00a1Incre\u00edble! Podr\u00edas ver auroras boreales en Espa\u00f1a: descubre d\u00f3nde y cu\u00e1ndo"}]},{"@type":"WebSite","@id":"https:\/\/www.diario21.tv\/noticias\/#website","url":"https:\/\/www.diario21.tv\/noticias\/","name":"Diario 21","description":"","potentialAction":[{"@type":"SearchAction","target":{"@type":"EntryPoint","urlTemplate":"https:\/\/www.diario21.tv\/noticias\/?s={search_term_string}"},"query-input":{"@type":"PropertyValueSpecification","valueRequired":true,"valueName":"search_term_string"}}],"inLanguage":"es-AR"},{"@type":"Person","@id":"https:\/\/www.diario21.tv\/noticias\/#\/schema\/person\/dfb778f73814d8f09f302618446a526b","name":"Juan P\u00e9rez","image":{"@type":"ImageObject","inLanguage":"es-AR","@id":"https:\/\/www.diario21.tv\/noticias\/#\/schema\/person\/image\/","url":"https:\/\/secure.gravatar.com\/avatar\/c478a405bd10621167f4c3167cc770f5?s=96&d=mm&r=g","contentUrl":"https:\/\/secure.gravatar.com\/avatar\/c478a405bd10621167f4c3167cc770f5?s=96&d=mm&r=g","caption":"Juan P\u00e9rez"},"description":"Juan P\u00e9rez es el redactor en jefe de Diario 21. Con m\u00e1s de 10 a\u00f1os de experiencia en el periodismo, se especializa en pol\u00edtica nacional y an\u00e1lisis socioecon\u00f3mico. Su enfoque cr\u00edtico y riguroso aporta una perspectiva \u00fanica a cada art\u00edculo.","sameAs":["https:\/\/www.diario21.tv\/noticias\/"],"url":"https:\/\/www.diario21.tv\/noticias\/author\/juan-perez\/"}]}},"_links":{"self":[{"href":"https:\/\/www.diario21.tv\/noticias\/wp-json\/wp\/v2\/posts\/4863"}],"collection":[{"href":"https:\/\/www.diario21.tv\/noticias\/wp-json\/wp\/v2\/posts"}],"about":[{"href":"https:\/\/www.diario21.tv\/noticias\/wp-json\/wp\/v2\/types\/post"}],"author":[{"embeddable":true,"href":"https:\/\/www.diario21.tv\/noticias\/wp-json\/wp\/v2\/users\/20"}],"replies":[{"embeddable":true,"href":"https:\/\/www.diario21.tv\/noticias\/wp-json\/wp\/v2\/comments?post=4863"}],"version-history":[{"count":1,"href":"https:\/\/www.diario21.tv\/noticias\/wp-json\/wp\/v2\/posts\/4863\/revisions"}],"predecessor-version":[{"id":4865,"href":"https:\/\/www.diario21.tv\/noticias\/wp-json\/wp\/v2\/posts\/4863\/revisions\/4865"}],"wp:featuredmedia":[{"embeddable":true,"href":"https:\/\/www.diario21.tv\/noticias\/wp-json\/wp\/v2\/media\/4864"}],"wp:attachment":[{"href":"https:\/\/www.diario21.tv\/noticias\/wp-json\/wp\/v2\/media?parent=4863"}],"wp:term":[{"taxonomy":"category","embeddable":true,"href":"https:\/\/www.diario21.tv\/noticias\/wp-json\/wp\/v2\/categories?post=4863"},{"taxonomy":"post_tag","embeddable":true,"href":"https:\/\/www.diario21.tv\/noticias\/wp-json\/wp\/v2\/tags?post=4863"}],"curies":[{"name":"wp","href":"https:\/\/api.w.org\/{rel}","templated":true}]}}