{"id":4860,"date":"2025-10-16T13:50:19","date_gmt":"2025-10-16T13:50:19","guid":{"rendered":"https:\/\/www.diario21.tv\/noticias\/drama-en-valencia-familia-atrapada-tras-derrumbe-de-finca\/"},"modified":"2025-10-16T13:50:21","modified_gmt":"2025-10-16T13:50:21","slug":"drama-en-valencia-familia-atrapada-tras-derrumbe-de-finca","status":"publish","type":"post","link":"https:\/\/www.diario21.tv\/noticias\/drama-en-valencia-familia-atrapada-tras-derrumbe-de-finca\/","title":{"rendered":"\u00a1Drama en Valencia! Familia atrapada tras derrumbe de finca"},"content":{"rendered":"<h2>Colapso de una Propiedad en Valencia Atrapando a una Familia<\/h2>\n<p>En un suceso alarmante, una finca ubicada en la regi\u00f3n de Valencia sufri\u00f3 un derrumbe repentino mientras una familia se encontraba en su interior. Este incidente ha resultado en una operaci\u00f3n de rescate urgente y ha despertado preocupaciones sobre la seguridad estructural en la zona.<\/p>\n<h3>Detalles del Incidente<\/h3>\n<p>El derrumbe ocurri\u00f3 en la tarde del martes, cuando los miembros de la familia estaban aparentemente en las diferentes \u00e1reas de la casa. Seg\u00fan los informes preliminares, la estructura de la finca, que data de varias d\u00e9cadas atr\u00e1s, cedi\u00f3 inesperadamente, causando que gran parte del edificio se viniera abajo.<\/p>\n<p>Los vecinos, al escuchar el estruendo del colapso, fueron los primeros en reaccionar, acudiendo al lugar para ofrecer ayuda. Alertaron a los servicios de emergencia, que llegaron al sitio con prontitud para coordinar los esfuerzos de rescate.<\/p>\n<h3>Respuesta de los Servicios de Emergencia<\/h3>\n<p>Equipos de bomberos, junto con personal de emergencias m\u00e9dicas, trabajaron arduamente en la escena para asegurar el per\u00edmetro y comenzar las labores de rescate. Utilizando equipo especializado, lograron acceder a las \u00e1reas afectadas de la finca para buscar a los miembros de la familia.<\/p>\n<p>Afortunadamente, despu\u00e9s de varias horas de intensa labor, todos los miembros de la familia fueron rescatados con vida, aunque algunos sufrieron heridas leves. Los heridos fueron trasladados a un hospital cercano para recibir tratamiento m\u00e9dico adecuado.<\/p>\n<h3>Investigaci\u00f3n en Curso<\/h3>\n<p>Las autoridades han iniciado una investigaci\u00f3n para determinar las causas exactas del derrumbe. Expertos en estructuras est\u00e1n examinando si el envejecimiento del edificio o posibles fallos en el mantenimiento pudieron haber contribuido al tr\u00e1gico suceso.<\/p>\n<p>Adem\u00e1s, se est\u00e1 revisando la documentaci\u00f3n y los permisos de la finca para asegurar que todos los reglamentos y normativas de construcci\u00f3n hab\u00edan sido cumplidos. Esta informaci\u00f3n ser\u00e1 crucial para entender mejor c\u00f3mo pudo haber ocurrido este colapso y para prevenir incidentes similares en el futuro.<\/p>\n<h3>Reacciones y Medidas de Seguridad<\/h3>\n<p>Este incidente ha provocado una oleada de reacciones entre los residentes locales y las autoridades. Hay un llamado creciente a revisar y reforzar las inspecciones de edificios antiguos en la regi\u00f3n, especialmente aquellos que, como la finca afectada, tienen varias d\u00e9cadas de antig\u00fcedad.<\/p>\n<p>El gobierno local ha prometido aumentar los esfuerzos para inspeccionar estas estructuras y ha instado a los propietarios a colaborar con las autoridades para garantizar la seguridad de todos los habitantes.<\/p>\n<p>Este desafortunado suceso sirve como un recordatorio cr\u00edtico de la importancia del mantenimiento adecuado de las propiedades y de la adherencia a las normativas de seguridad estructural. La comunidad espera que medidas efectivas sean implementadas pronto para proteger a sus ciudadanos y prevenir futuras tragedias.<\/p>\n\n\n<div class=\"kk-star-ratings kksr-auto kksr-align-left kksr-valign-bottom\"\n    data-payload='{&quot;align&quot;:&quot;left&quot;,&quot;id&quot;:&quot;4860&quot;,&quot;slug&quot;:&quot;default&quot;,&quot;valign&quot;:&quot;bottom&quot;,&quot;ignore&quot;:&quot;&quot;,&quot;reference&quot;:&quot;auto&quot;,&quot;class&quot;:&quot;&quot;,&quot;count&quot;:&quot;0&quot;,&quot;legendonly&quot;:&quot;&quot;,&quot;readonly&quot;:&quot;&quot;,&quot;score&quot;:&quot;0&quot;,&quot;starsonly&quot;:&quot;&quot;,&quot;best&quot;:&quot;5&quot;,&quot;gap&quot;:&quot;5&quot;,&quot;greet&quot;:&quot;Valora este post&quot;,&quot;legend&quot;:&quot;0\\\/5 - (0 votes)&quot;,&quot;size&quot;:&quot;22&quot;,&quot;title&quot;:&quot;\u00a1Drama en Valencia! Familia atrapada tras derrumbe de finca&quot;,&quot;width&quot;:&quot;0&quot;,&quot;_legend&quot;:&quot;{score}\\\/{best} - ({count} {votes})&quot;,&quot;font_factor&quot;:&quot;1.25&quot;}'>\n            \n<div class=\"kksr-stars\">\n    \n<div class=\"kksr-stars-inactive\">\n            <div class=\"kksr-star\" data-star=\"1\" style=\"padding-right: 5px\">\n            \n\n<div class=\"kksr-icon\" style=\"width: 22px; height: 22px;\"><\/div>\n        <\/div>\n            <div class=\"kksr-star\" data-star=\"2\" style=\"padding-right: 5px\">\n            \n\n<div class=\"kksr-icon\" style=\"width: 22px; height: 22px;\"><\/div>\n        <\/div>\n            <div class=\"kksr-star\" data-star=\"3\" style=\"padding-right: 5px\">\n            \n\n<div class=\"kksr-icon\" style=\"width: 22px; height: 22px;\"><\/div>\n        <\/div>\n            <div class=\"kksr-star\" data-star=\"4\" style=\"padding-right: 5px\">\n            \n\n<div class=\"kksr-icon\" style=\"width: 22px; height: 22px;\"><\/div>\n        <\/div>\n            <div class=\"kksr-star\" data-star=\"5\" style=\"padding-right: 5px\">\n            \n\n<div class=\"kksr-icon\" style=\"width: 22px; height: 22px;\"><\/div>\n        <\/div>\n    <\/div>\n    \n<div class=\"kksr-stars-active\" style=\"width: 0px;\">\n            <div class=\"kksr-star\" style=\"padding-right: 5px\">\n            \n\n<div class=\"kksr-icon\" style=\"width: 22px; height: 22px;\"><\/div>\n        <\/div>\n            <div class=\"kksr-star\" style=\"padding-right: 5px\">\n            \n\n<div class=\"kksr-icon\" style=\"width: 22px; height: 22px;\"><\/div>\n        <\/div>\n            <div class=\"kksr-star\" style=\"padding-right: 5px\">\n            \n\n<div class=\"kksr-icon\" style=\"width: 22px; height: 22px;\"><\/div>\n        <\/div>\n            <div class=\"kksr-star\" style=\"padding-right: 5px\">\n            \n\n<div class=\"kksr-icon\" style=\"width: 22px; height: 22px;\"><\/div>\n        <\/div>\n            <div class=\"kksr-star\" style=\"padding-right: 5px\">\n            \n\n<div class=\"kksr-icon\" style=\"width: 22px; height: 22px;\"><\/div>\n        <\/div>\n    <\/div>\n<\/div>\n                \n\n<div class=\"kksr-legend\" style=\"font-size: 17.6px;\">\n            <span class=\"kksr-muted\">Valora este post<\/span>\n    <\/div>\n    <\/div>\n","protected":false},"excerpt":{"rendered":"<p>Colapso de una Propiedad en Valencia Atrapando a una Familia En un suceso alarmante, una finca ubicada en la regi\u00f3n de Valencia sufri\u00f3 un derrumbe repentino &#8230; <a title=\"\u00a1Drama en Valencia! Familia atrapada tras derrumbe de finca\" class=\"read-more\" href=\"https:\/\/www.diario21.tv\/noticias\/drama-en-valencia-familia-atrapada-tras-derrumbe-de-finca\/\" aria-label=\"Leer m\u00e1s sobre \u00a1Drama en Valencia! Familia atrapada tras derrumbe de finca\">Seguir leyendo &rarr;<\/a><\/p>\n","protected":false},"author":20,"featured_media":4861,"comment_status":"open","ping_status":"open","sticky":false,"template":"","format":"standard","meta":{"footnotes":""},"categories":[13],"tags":[],"class_list":["post-4860","post","type-post","status-publish","format-standard","has-post-thumbnail","hentry","category-portada"],"yoast_head":"<!-- This site is optimized with the Yoast SEO plugin v25.6 - https:\/\/yoast.com\/wordpress\/plugins\/seo\/ -->\n<title>\u00a1Drama en Valencia! Familia atrapada tras derrumbe de finca - Diario 21<\/title>\n<meta name=\"robots\" content=\"index, follow, max-snippet:-1, max-image-preview:large, max-video-preview:-1\" \/>\n<link rel=\"canonical\" href=\"https:\/\/www.diario21.tv\/noticias\/drama-en-valencia-familia-atrapada-tras-derrumbe-de-finca\/\" \/>\n<meta property=\"og:locale\" content=\"es_ES\" \/>\n<meta property=\"og:type\" content=\"article\" \/>\n<meta property=\"og:title\" content=\"\u00a1Drama en Valencia! Familia atrapada tras derrumbe de finca - Diario 21\" \/>\n<meta property=\"og:description\" content=\"Colapso de una Propiedad en Valencia Atrapando a una Familia En un suceso alarmante, una finca ubicada en la regi\u00f3n de Valencia sufri\u00f3 un derrumbe repentino ... Seguir leyendo &rarr;\" \/>\n<meta property=\"og:url\" content=\"https:\/\/www.diario21.tv\/noticias\/drama-en-valencia-familia-atrapada-tras-derrumbe-de-finca\/\" \/>\n<meta property=\"og:site_name\" content=\"Diario 21\" \/>\n<meta property=\"article:published_time\" content=\"2025-10-16T13:50:19+00:00\" \/>\n<meta property=\"article:modified_time\" content=\"2025-10-16T13:50:21+00:00\" \/>\n<meta property=\"og:image\" content=\"https:\/\/www.diario21.tv\/noticias\/wp-content\/uploads\/2025\/10\/\u00a1Drama-en-Valencia-Familia-atrapada-tras-derrumbe-de-finca.png\" \/>\n\t<meta property=\"og:image:width\" content=\"1200\" \/>\n\t<meta property=\"og:image:height\" content=\"840\" \/>\n\t<meta property=\"og:image:type\" content=\"image\/png\" \/>\n<meta name=\"author\" content=\"Juan P\u00e9rez\" \/>\n<meta name=\"twitter:card\" content=\"summary_large_image\" \/>\n<meta name=\"twitter:label1\" content=\"Escrito por\" \/>\n\t<meta name=\"twitter:data1\" content=\"Juan P\u00e9rez\" \/>\n\t<meta name=\"twitter:label2\" content=\"Tiempo de lectura\" \/>\n\t<meta name=\"twitter:data2\" content=\"2 minutos\" \/>\n<script type=\"application\/ld+json\" class=\"yoast-schema-graph\">{\"@context\":\"https:\/\/schema.org\",\"@graph\":[{\"@type\":\"WebPage\",\"@id\":\"https:\/\/www.diario21.tv\/noticias\/drama-en-valencia-familia-atrapada-tras-derrumbe-de-finca\/\",\"url\":\"https:\/\/www.diario21.tv\/noticias\/drama-en-valencia-familia-atrapada-tras-derrumbe-de-finca\/\",\"name\":\"\u00a1Drama en Valencia! Familia atrapada tras derrumbe de finca - Diario 21\",\"isPartOf\":{\"@id\":\"https:\/\/www.diario21.tv\/noticias\/#website\"},\"primaryImageOfPage\":{\"@id\":\"https:\/\/www.diario21.tv\/noticias\/drama-en-valencia-familia-atrapada-tras-derrumbe-de-finca\/#primaryimage\"},\"image\":{\"@id\":\"https:\/\/www.diario21.tv\/noticias\/drama-en-valencia-familia-atrapada-tras-derrumbe-de-finca\/#primaryimage\"},\"thumbnailUrl\":\"https:\/\/www.diario21.tv\/noticias\/wp-content\/uploads\/2025\/10\/\u00a1Drama-en-Valencia-Familia-atrapada-tras-derrumbe-de-finca.png\",\"datePublished\":\"2025-10-16T13:50:19+00:00\",\"dateModified\":\"2025-10-16T13:50:21+00:00\",\"author\":{\"@id\":\"https:\/\/www.diario21.tv\/noticias\/#\/schema\/person\/dfb778f73814d8f09f302618446a526b\"},\"breadcrumb\":{\"@id\":\"https:\/\/www.diario21.tv\/noticias\/drama-en-valencia-familia-atrapada-tras-derrumbe-de-finca\/#breadcrumb\"},\"inLanguage\":\"es-AR\",\"potentialAction\":[{\"@type\":\"ReadAction\",\"target\":[\"https:\/\/www.diario21.tv\/noticias\/drama-en-valencia-familia-atrapada-tras-derrumbe-de-finca\/\"]}]},{\"@type\":\"ImageObject\",\"inLanguage\":\"es-AR\",\"@id\":\"https:\/\/www.diario21.tv\/noticias\/drama-en-valencia-familia-atrapada-tras-derrumbe-de-finca\/#primaryimage\",\"url\":\"https:\/\/www.diario21.tv\/noticias\/wp-content\/uploads\/2025\/10\/\u00a1Drama-en-Valencia-Familia-atrapada-tras-derrumbe-de-finca.png\",\"contentUrl\":\"https:\/\/www.diario21.tv\/noticias\/wp-content\/uploads\/2025\/10\/\u00a1Drama-en-Valencia-Familia-atrapada-tras-derrumbe-de-finca.png\",\"width\":1200,\"height\":840,\"caption\":\"Una finca se derrumba en Valencia con una familia dentro\"},{\"@type\":\"BreadcrumbList\",\"@id\":\"https:\/\/www.diario21.tv\/noticias\/drama-en-valencia-familia-atrapada-tras-derrumbe-de-finca\/#breadcrumb\",\"itemListElement\":[{\"@type\":\"ListItem\",\"position\":1,\"name\":\"Accueil\",\"item\":\"https:\/\/www.diario21.tv\/noticias\/\"},{\"@type\":\"ListItem\",\"position\":2,\"name\":\"\u00a1Drama en Valencia! Familia atrapada tras derrumbe de finca\"}]},{\"@type\":\"WebSite\",\"@id\":\"https:\/\/www.diario21.tv\/noticias\/#website\",\"url\":\"https:\/\/www.diario21.tv\/noticias\/\",\"name\":\"Diario 21\",\"description\":\"\",\"potentialAction\":[{\"@type\":\"SearchAction\",\"target\":{\"@type\":\"EntryPoint\",\"urlTemplate\":\"https:\/\/www.diario21.tv\/noticias\/?s={search_term_string}\"},\"query-input\":{\"@type\":\"PropertyValueSpecification\",\"valueRequired\":true,\"valueName\":\"search_term_string\"}}],\"inLanguage\":\"es-AR\"},{\"@type\":\"Person\",\"@id\":\"https:\/\/www.diario21.tv\/noticias\/#\/schema\/person\/dfb778f73814d8f09f302618446a526b\",\"name\":\"Juan P\u00e9rez\",\"image\":{\"@type\":\"ImageObject\",\"inLanguage\":\"es-AR\",\"@id\":\"https:\/\/www.diario21.tv\/noticias\/#\/schema\/person\/image\/\",\"url\":\"https:\/\/secure.gravatar.com\/avatar\/c478a405bd10621167f4c3167cc770f5?s=96&d=mm&r=g\",\"contentUrl\":\"https:\/\/secure.gravatar.com\/avatar\/c478a405bd10621167f4c3167cc770f5?s=96&d=mm&r=g\",\"caption\":\"Juan P\u00e9rez\"},\"description\":\"Juan P\u00e9rez es el redactor en jefe de Diario 21. Con m\u00e1s de 10 a\u00f1os de experiencia en el periodismo, se especializa en pol\u00edtica nacional y an\u00e1lisis socioecon\u00f3mico. Su enfoque cr\u00edtico y riguroso aporta una perspectiva \u00fanica a cada art\u00edculo.\",\"sameAs\":[\"https:\/\/www.diario21.tv\/noticias\/\"],\"url\":\"https:\/\/www.diario21.tv\/noticias\/author\/juan-perez\/\"}]}<\/script>\n<!-- \/ Yoast SEO plugin. -->","yoast_head_json":{"title":"\u00a1Drama en Valencia! Familia atrapada tras derrumbe de finca - Diario 21","robots":{"index":"index","follow":"follow","max-snippet":"max-snippet:-1","max-image-preview":"max-image-preview:large","max-video-preview":"max-video-preview:-1"},"canonical":"https:\/\/www.diario21.tv\/noticias\/drama-en-valencia-familia-atrapada-tras-derrumbe-de-finca\/","og_locale":"es_ES","og_type":"article","og_title":"\u00a1Drama en Valencia! Familia atrapada tras derrumbe de finca - Diario 21","og_description":"Colapso de una Propiedad en Valencia Atrapando a una Familia En un suceso alarmante, una finca ubicada en la regi\u00f3n de Valencia sufri\u00f3 un derrumbe repentino ... Seguir leyendo &rarr;","og_url":"https:\/\/www.diario21.tv\/noticias\/drama-en-valencia-familia-atrapada-tras-derrumbe-de-finca\/","og_site_name":"Diario 21","article_published_time":"2025-10-16T13:50:19+00:00","article_modified_time":"2025-10-16T13:50:21+00:00","og_image":[{"width":1200,"height":840,"url":"https:\/\/www.diario21.tv\/noticias\/wp-content\/uploads\/2025\/10\/\u00a1Drama-en-Valencia-Familia-atrapada-tras-derrumbe-de-finca.png","type":"image\/png"}],"author":"Juan P\u00e9rez","twitter_card":"summary_large_image","twitter_misc":{"Escrito por":"Juan P\u00e9rez","Tiempo de lectura":"2 minutos"},"schema":{"@context":"https:\/\/schema.org","@graph":[{"@type":"WebPage","@id":"https:\/\/www.diario21.tv\/noticias\/drama-en-valencia-familia-atrapada-tras-derrumbe-de-finca\/","url":"https:\/\/www.diario21.tv\/noticias\/drama-en-valencia-familia-atrapada-tras-derrumbe-de-finca\/","name":"\u00a1Drama en Valencia! Familia atrapada tras derrumbe de finca - Diario 21","isPartOf":{"@id":"https:\/\/www.diario21.tv\/noticias\/#website"},"primaryImageOfPage":{"@id":"https:\/\/www.diario21.tv\/noticias\/drama-en-valencia-familia-atrapada-tras-derrumbe-de-finca\/#primaryimage"},"image":{"@id":"https:\/\/www.diario21.tv\/noticias\/drama-en-valencia-familia-atrapada-tras-derrumbe-de-finca\/#primaryimage"},"thumbnailUrl":"https:\/\/www.diario21.tv\/noticias\/wp-content\/uploads\/2025\/10\/\u00a1Drama-en-Valencia-Familia-atrapada-tras-derrumbe-de-finca.png","datePublished":"2025-10-16T13:50:19+00:00","dateModified":"2025-10-16T13:50:21+00:00","author":{"@id":"https:\/\/www.diario21.tv\/noticias\/#\/schema\/person\/dfb778f73814d8f09f302618446a526b"},"breadcrumb":{"@id":"https:\/\/www.diario21.tv\/noticias\/drama-en-valencia-familia-atrapada-tras-derrumbe-de-finca\/#breadcrumb"},"inLanguage":"es-AR","potentialAction":[{"@type":"ReadAction","target":["https:\/\/www.diario21.tv\/noticias\/drama-en-valencia-familia-atrapada-tras-derrumbe-de-finca\/"]}]},{"@type":"ImageObject","inLanguage":"es-AR","@id":"https:\/\/www.diario21.tv\/noticias\/drama-en-valencia-familia-atrapada-tras-derrumbe-de-finca\/#primaryimage","url":"https:\/\/www.diario21.tv\/noticias\/wp-content\/uploads\/2025\/10\/\u00a1Drama-en-Valencia-Familia-atrapada-tras-derrumbe-de-finca.png","contentUrl":"https:\/\/www.diario21.tv\/noticias\/wp-content\/uploads\/2025\/10\/\u00a1Drama-en-Valencia-Familia-atrapada-tras-derrumbe-de-finca.png","width":1200,"height":840,"caption":"Una finca se derrumba en Valencia con una familia dentro"},{"@type":"BreadcrumbList","@id":"https:\/\/www.diario21.tv\/noticias\/drama-en-valencia-familia-atrapada-tras-derrumbe-de-finca\/#breadcrumb","itemListElement":[{"@type":"ListItem","position":1,"name":"Accueil","item":"https:\/\/www.diario21.tv\/noticias\/"},{"@type":"ListItem","position":2,"name":"\u00a1Drama en Valencia! Familia atrapada tras derrumbe de finca"}]},{"@type":"WebSite","@id":"https:\/\/www.diario21.tv\/noticias\/#website","url":"https:\/\/www.diario21.tv\/noticias\/","name":"Diario 21","description":"","potentialAction":[{"@type":"SearchAction","target":{"@type":"EntryPoint","urlTemplate":"https:\/\/www.diario21.tv\/noticias\/?s={search_term_string}"},"query-input":{"@type":"PropertyValueSpecification","valueRequired":true,"valueName":"search_term_string"}}],"inLanguage":"es-AR"},{"@type":"Person","@id":"https:\/\/www.diario21.tv\/noticias\/#\/schema\/person\/dfb778f73814d8f09f302618446a526b","name":"Juan P\u00e9rez","image":{"@type":"ImageObject","inLanguage":"es-AR","@id":"https:\/\/www.diario21.tv\/noticias\/#\/schema\/person\/image\/","url":"https:\/\/secure.gravatar.com\/avatar\/c478a405bd10621167f4c3167cc770f5?s=96&d=mm&r=g","contentUrl":"https:\/\/secure.gravatar.com\/avatar\/c478a405bd10621167f4c3167cc770f5?s=96&d=mm&r=g","caption":"Juan P\u00e9rez"},"description":"Juan P\u00e9rez es el redactor en jefe de Diario 21. Con m\u00e1s de 10 a\u00f1os de experiencia en el periodismo, se especializa en pol\u00edtica nacional y an\u00e1lisis socioecon\u00f3mico. Su enfoque cr\u00edtico y riguroso aporta una perspectiva \u00fanica a cada art\u00edculo.","sameAs":["https:\/\/www.diario21.tv\/noticias\/"],"url":"https:\/\/www.diario21.tv\/noticias\/author\/juan-perez\/"}]}},"_links":{"self":[{"href":"https:\/\/www.diario21.tv\/noticias\/wp-json\/wp\/v2\/posts\/4860"}],"collection":[{"href":"https:\/\/www.diario21.tv\/noticias\/wp-json\/wp\/v2\/posts"}],"about":[{"href":"https:\/\/www.diario21.tv\/noticias\/wp-json\/wp\/v2\/types\/post"}],"author":[{"embeddable":true,"href":"https:\/\/www.diario21.tv\/noticias\/wp-json\/wp\/v2\/users\/20"}],"replies":[{"embeddable":true,"href":"https:\/\/www.diario21.tv\/noticias\/wp-json\/wp\/v2\/comments?post=4860"}],"version-history":[{"count":1,"href":"https:\/\/www.diario21.tv\/noticias\/wp-json\/wp\/v2\/posts\/4860\/revisions"}],"predecessor-version":[{"id":4862,"href":"https:\/\/www.diario21.tv\/noticias\/wp-json\/wp\/v2\/posts\/4860\/revisions\/4862"}],"wp:featuredmedia":[{"embeddable":true,"href":"https:\/\/www.diario21.tv\/noticias\/wp-json\/wp\/v2\/media\/4861"}],"wp:attachment":[{"href":"https:\/\/www.diario21.tv\/noticias\/wp-json\/wp\/v2\/media?parent=4860"}],"wp:term":[{"taxonomy":"category","embeddable":true,"href":"https:\/\/www.diario21.tv\/noticias\/wp-json\/wp\/v2\/categories?post=4860"},{"taxonomy":"post_tag","embeddable":true,"href":"https:\/\/www.diario21.tv\/noticias\/wp-json\/wp\/v2\/tags?post=4860"}],"curies":[{"name":"wp","href":"https:\/\/api.w.org\/{rel}","templated":true}]}}