{"id":4836,"date":"2025-10-14T07:40:34","date_gmt":"2025-10-14T07:40:34","guid":{"rendered":"https:\/\/www.diario21.tv\/noticias\/grupo-pelearse-x-valencia-entra-y-preparate-para-el-combate\/"},"modified":"2025-10-14T07:40:35","modified_gmt":"2025-10-14T07:40:35","slug":"grupo-pelearse-x-valencia-entra-y-preparate-para-el-combate","status":"publish","type":"post","link":"https:\/\/www.diario21.tv\/noticias\/grupo-pelearse-x-valencia-entra-y-preparate-para-el-combate\/","title":{"rendered":"Grupo &#8216;Pelearse x Valencia&#8217;: Entra y Prep\u00e1rate para el Combate"},"content":{"rendered":"<h2>El colectivo &#8216;Pelearse x Valencia&#8217;: \u00abEntrar implica estar listo para el conflicto\u00bb<\/h2>\n<p>En las profundidades de las redes sociales, existe un grupo singular conocido como &#8216;Pelearse x Valencia&#8217;. Este grupo no es un espacio para debates ni di\u00e1logos pac\u00edficos; su nombre lo dice todo. Seg\u00fan los miembros del grupo, quien decide unirse debe estar consciente de que el prop\u00f3sito principal es, literalmente, encontrarse para pelear.<\/p>\n<h3>Or\u00edgenes y Prop\u00f3sito<\/h3>\n<p>El origen de &#8216;Pelearse x Valencia&#8217; es algo difuso, pero se sabe que surgi\u00f3 como un punto de encuentro en internet donde individuos, mayormente j\u00f3venes, pactan encuentros para resolver sus diferencias a trav\u00e9s de la confrontaci\u00f3n f\u00edsica. A diferencia de otros grupos que pueden tener objetivos m\u00e1s constructivos o recreativos, aqu\u00ed la premisa es clara y contundente: si te unes, es para participar en peleas.<\/p>\n<h3>Reglas y Din\u00e1mica del Grupo<\/h3>\n<p>A pesar de lo que podr\u00eda parecer un caos total, existen ciertas reglas dentro del grupo. Los enfrentamientos deben ser acordados previamente por las partes involucradas, y no se permite involucrar a personas ajenas o que no est\u00e9n dispuestas a pelear. Esto establece un c\u00f3digo de &#8220;honor&#8221; entre los participantes, quienes buscan un enfrentamiento directo sin afectar a terceros.<\/p>\n<p>La din\u00e1mica del grupo tambi\u00e9n incluye la elecci\u00f3n de lugares espec\u00edficos para los encuentros, que suelen ser \u00e1reas alejadas o menos transitadas para evitar la atenci\u00f3n de las autoridades o de personas no relacionadas con el grupo. Una vez en el lugar, los participantes proceden con la pelea bajo las condiciones acordadas, que pueden incluir l\u00edmites de tiempo o restricciones en las t\u00e9cnicas permitidas.<\/p>\n<h3>Impacto en la Comunidad y Controversias<\/h3>\n<p>La existencia de &#8216;Pelearse x Valencia&#8217; no ha estado exenta de controversias. Muchos ciudadanos y autoridades locales expresan preocupaci\u00f3n por la seguridad de los involucrados y el posible efecto negativo en la comunidad. La promoci\u00f3n de la violencia como m\u00e9todo de resoluci\u00f3n de conflictos es, sin duda, un tema delicado que ha generado debates sobre la legalidad y la moralidad de tales pr\u00e1cticas.<\/p>\n<p>Adem\u00e1s, el impacto en los j\u00f3venes es particularmente preocupante. La participaci\u00f3n en este tipo de actividades puede desencadenar comportamientos agresivos prolongados y afectar negativamente el desarrollo emocional y social de los individuos.<\/p>\n<h3>Respuesta de las Autoridades<\/h3>\n<p>Las autoridades est\u00e1n al tanto de la existencia del grupo y est\u00e1n evaluando medidas para abordar la situaci\u00f3n. El desaf\u00edo es significativo, dado que la actividad se desarrolla en un entorno privado y digital, lo que complica los esfuerzos por controlar o monitorear las acciones del grupo. Sin embargo, se est\u00e1 trabajando en estrategias para disuadir la participaci\u00f3n en estos encuentros y ofrecer alternativas m\u00e1s saludables y pac\u00edficas para la resoluci\u00f3n de conflictos entre los j\u00f3venes.<\/p>\n<h3>Conclusiones<\/h3>\n<p>&#8216;Pelearse x Valencia&#8217; es un reflejo de una subcultura juvenil que encuentra en el enfrentamiento f\u00edsico una v\u00eda para expresar y manejar sus conflictos. Aunque el grupo opera bajo una serie de normas internas, la naturaleza de sus actividades plantea serias preguntas sobre la direcci\u00f3n en la que se mueven ciertos segmentos de la sociedad y c\u00f3mo estos pueden ser guiados hacia enfoques m\u00e1s constructivos y menos destructivos.<\/p>\n\n\n<div class=\"kk-star-ratings kksr-auto kksr-align-left kksr-valign-bottom\"\n    data-payload='{&quot;align&quot;:&quot;left&quot;,&quot;id&quot;:&quot;4836&quot;,&quot;slug&quot;:&quot;default&quot;,&quot;valign&quot;:&quot;bottom&quot;,&quot;ignore&quot;:&quot;&quot;,&quot;reference&quot;:&quot;auto&quot;,&quot;class&quot;:&quot;&quot;,&quot;count&quot;:&quot;0&quot;,&quot;legendonly&quot;:&quot;&quot;,&quot;readonly&quot;:&quot;&quot;,&quot;score&quot;:&quot;0&quot;,&quot;starsonly&quot;:&quot;&quot;,&quot;best&quot;:&quot;5&quot;,&quot;gap&quot;:&quot;5&quot;,&quot;greet&quot;:&quot;Valora este post&quot;,&quot;legend&quot;:&quot;0\\\/5 - (0 votes)&quot;,&quot;size&quot;:&quot;22&quot;,&quot;title&quot;:&quot;Grupo \\u0026#039;Pelearse x Valencia\\u0026#039;: Entra y Prep\u00e1rate para el Combate&quot;,&quot;width&quot;:&quot;0&quot;,&quot;_legend&quot;:&quot;{score}\\\/{best} - ({count} {votes})&quot;,&quot;font_factor&quot;:&quot;1.25&quot;}'>\n            \n<div class=\"kksr-stars\">\n    \n<div class=\"kksr-stars-inactive\">\n            <div class=\"kksr-star\" data-star=\"1\" style=\"padding-right: 5px\">\n            \n\n<div class=\"kksr-icon\" style=\"width: 22px; height: 22px;\"><\/div>\n        <\/div>\n            <div class=\"kksr-star\" data-star=\"2\" style=\"padding-right: 5px\">\n            \n\n<div class=\"kksr-icon\" style=\"width: 22px; height: 22px;\"><\/div>\n        <\/div>\n            <div class=\"kksr-star\" data-star=\"3\" style=\"padding-right: 5px\">\n            \n\n<div class=\"kksr-icon\" style=\"width: 22px; height: 22px;\"><\/div>\n        <\/div>\n            <div class=\"kksr-star\" data-star=\"4\" style=\"padding-right: 5px\">\n            \n\n<div class=\"kksr-icon\" style=\"width: 22px; height: 22px;\"><\/div>\n        <\/div>\n            <div class=\"kksr-star\" data-star=\"5\" style=\"padding-right: 5px\">\n            \n\n<div class=\"kksr-icon\" style=\"width: 22px; height: 22px;\"><\/div>\n        <\/div>\n    <\/div>\n    \n<div class=\"kksr-stars-active\" style=\"width: 0px;\">\n            <div class=\"kksr-star\" style=\"padding-right: 5px\">\n            \n\n<div class=\"kksr-icon\" style=\"width: 22px; height: 22px;\"><\/div>\n        <\/div>\n            <div class=\"kksr-star\" style=\"padding-right: 5px\">\n            \n\n<div class=\"kksr-icon\" style=\"width: 22px; height: 22px;\"><\/div>\n        <\/div>\n            <div class=\"kksr-star\" style=\"padding-right: 5px\">\n            \n\n<div class=\"kksr-icon\" style=\"width: 22px; height: 22px;\"><\/div>\n        <\/div>\n            <div class=\"kksr-star\" style=\"padding-right: 5px\">\n            \n\n<div class=\"kksr-icon\" style=\"width: 22px; height: 22px;\"><\/div>\n        <\/div>\n            <div class=\"kksr-star\" style=\"padding-right: 5px\">\n            \n\n<div class=\"kksr-icon\" style=\"width: 22px; height: 22px;\"><\/div>\n        <\/div>\n    <\/div>\n<\/div>\n                \n\n<div class=\"kksr-legend\" style=\"font-size: 17.6px;\">\n            <span class=\"kksr-muted\">Valora este post<\/span>\n    <\/div>\n    <\/div>\n","protected":false},"excerpt":{"rendered":"<p>El colectivo &#8216;Pelearse x Valencia&#8217;: \u00abEntrar implica estar listo para el conflicto\u00bb En las profundidades de las redes sociales, existe un grupo singular conocido como &#8216;Pelearse &#8230; <a title=\"Grupo &#8216;Pelearse x Valencia&#8217;: Entra y Prep\u00e1rate para el Combate\" class=\"read-more\" href=\"https:\/\/www.diario21.tv\/noticias\/grupo-pelearse-x-valencia-entra-y-preparate-para-el-combate\/\" aria-label=\"Leer m\u00e1s sobre Grupo &#8216;Pelearse x Valencia&#8217;: Entra y Prep\u00e1rate para el Combate\">Seguir leyendo &rarr;<\/a><\/p>\n","protected":false},"author":20,"featured_media":4837,"comment_status":"open","ping_status":"open","sticky":false,"template":"","format":"standard","meta":{"footnotes":""},"categories":[13],"tags":[],"class_list":["post-4836","post","type-post","status-publish","format-standard","has-post-thumbnail","hentry","category-portada"],"yoast_head":"<!-- This site is optimized with the Yoast SEO plugin v25.6 - https:\/\/yoast.com\/wordpress\/plugins\/seo\/ -->\n<title>Grupo &#039;Pelearse x Valencia&#039;: Entra y Prep\u00e1rate para el Combate - Diario 21<\/title>\n<meta name=\"robots\" content=\"index, follow, max-snippet:-1, max-image-preview:large, max-video-preview:-1\" \/>\n<link rel=\"canonical\" href=\"https:\/\/www.diario21.tv\/noticias\/grupo-pelearse-x-valencia-entra-y-preparate-para-el-combate\/\" \/>\n<meta property=\"og:locale\" content=\"es_ES\" \/>\n<meta property=\"og:type\" content=\"article\" \/>\n<meta property=\"og:title\" content=\"Grupo &#039;Pelearse x Valencia&#039;: Entra y Prep\u00e1rate para el Combate - Diario 21\" \/>\n<meta property=\"og:description\" content=\"El colectivo &#8216;Pelearse x Valencia&#8217;: \u00abEntrar implica estar listo para el conflicto\u00bb En las profundidades de las redes sociales, existe un grupo singular conocido como &#8216;Pelearse ... Seguir leyendo &rarr;\" \/>\n<meta property=\"og:url\" content=\"https:\/\/www.diario21.tv\/noticias\/grupo-pelearse-x-valencia-entra-y-preparate-para-el-combate\/\" \/>\n<meta property=\"og:site_name\" content=\"Diario 21\" \/>\n<meta property=\"article:published_time\" content=\"2025-10-14T07:40:34+00:00\" \/>\n<meta property=\"article:modified_time\" content=\"2025-10-14T07:40:35+00:00\" \/>\n<meta property=\"og:image\" content=\"https:\/\/www.diario21.tv\/noticias\/wp-content\/uploads\/2025\/10\/Grupo-Pelearse-x-Valencia-Entra-y-Preparate-para-el-Combate.jpg\" \/>\n\t<meta property=\"og:image:width\" content=\"1540\" \/>\n\t<meta property=\"og:image:height\" content=\"1080\" \/>\n\t<meta property=\"og:image:type\" content=\"image\/jpeg\" \/>\n<meta name=\"author\" content=\"Juan P\u00e9rez\" \/>\n<meta name=\"twitter:card\" content=\"summary_large_image\" \/>\n<meta name=\"twitter:label1\" content=\"Escrito por\" \/>\n\t<meta name=\"twitter:data1\" content=\"Juan P\u00e9rez\" \/>\n\t<meta name=\"twitter:label2\" content=\"Tiempo de lectura\" \/>\n\t<meta name=\"twitter:data2\" content=\"3 minutos\" \/>\n<script type=\"application\/ld+json\" class=\"yoast-schema-graph\">{\"@context\":\"https:\/\/schema.org\",\"@graph\":[{\"@type\":\"WebPage\",\"@id\":\"https:\/\/www.diario21.tv\/noticias\/grupo-pelearse-x-valencia-entra-y-preparate-para-el-combate\/\",\"url\":\"https:\/\/www.diario21.tv\/noticias\/grupo-pelearse-x-valencia-entra-y-preparate-para-el-combate\/\",\"name\":\"Grupo 'Pelearse x Valencia': Entra y Prep\u00e1rate para el Combate - Diario 21\",\"isPartOf\":{\"@id\":\"https:\/\/www.diario21.tv\/noticias\/#website\"},\"primaryImageOfPage\":{\"@id\":\"https:\/\/www.diario21.tv\/noticias\/grupo-pelearse-x-valencia-entra-y-preparate-para-el-combate\/#primaryimage\"},\"image\":{\"@id\":\"https:\/\/www.diario21.tv\/noticias\/grupo-pelearse-x-valencia-entra-y-preparate-para-el-combate\/#primaryimage\"},\"thumbnailUrl\":\"https:\/\/www.diario21.tv\/noticias\/wp-content\/uploads\/2025\/10\/Grupo-Pelearse-x-Valencia-Entra-y-Preparate-para-el-Combate.jpg\",\"datePublished\":\"2025-10-14T07:40:34+00:00\",\"dateModified\":\"2025-10-14T07:40:35+00:00\",\"author\":{\"@id\":\"https:\/\/www.diario21.tv\/noticias\/#\/schema\/person\/dfb778f73814d8f09f302618446a526b\"},\"breadcrumb\":{\"@id\":\"https:\/\/www.diario21.tv\/noticias\/grupo-pelearse-x-valencia-entra-y-preparate-para-el-combate\/#breadcrumb\"},\"inLanguage\":\"es-AR\",\"potentialAction\":[{\"@type\":\"ReadAction\",\"target\":[\"https:\/\/www.diario21.tv\/noticias\/grupo-pelearse-x-valencia-entra-y-preparate-para-el-combate\/\"]}]},{\"@type\":\"ImageObject\",\"inLanguage\":\"es-AR\",\"@id\":\"https:\/\/www.diario21.tv\/noticias\/grupo-pelearse-x-valencia-entra-y-preparate-para-el-combate\/#primaryimage\",\"url\":\"https:\/\/www.diario21.tv\/noticias\/wp-content\/uploads\/2025\/10\/Grupo-Pelearse-x-Valencia-Entra-y-Preparate-para-el-Combate.jpg\",\"contentUrl\":\"https:\/\/www.diario21.tv\/noticias\/wp-content\/uploads\/2025\/10\/Grupo-Pelearse-x-Valencia-Entra-y-Preparate-para-el-Combate.jpg\",\"width\":1540,\"height\":1080,\"caption\":\"As\u00ed es el grupo &amp;#039;Pelearse x Valencia&amp;#039;: \u00abSi entras, ya sabes que es para pegarse\u00bb\"},{\"@type\":\"BreadcrumbList\",\"@id\":\"https:\/\/www.diario21.tv\/noticias\/grupo-pelearse-x-valencia-entra-y-preparate-para-el-combate\/#breadcrumb\",\"itemListElement\":[{\"@type\":\"ListItem\",\"position\":1,\"name\":\"Accueil\",\"item\":\"https:\/\/www.diario21.tv\/noticias\/\"},{\"@type\":\"ListItem\",\"position\":2,\"name\":\"Grupo &#8216;Pelearse x Valencia&#8217;: Entra y Prep\u00e1rate para el Combate\"}]},{\"@type\":\"WebSite\",\"@id\":\"https:\/\/www.diario21.tv\/noticias\/#website\",\"url\":\"https:\/\/www.diario21.tv\/noticias\/\",\"name\":\"Diario 21\",\"description\":\"\",\"potentialAction\":[{\"@type\":\"SearchAction\",\"target\":{\"@type\":\"EntryPoint\",\"urlTemplate\":\"https:\/\/www.diario21.tv\/noticias\/?s={search_term_string}\"},\"query-input\":{\"@type\":\"PropertyValueSpecification\",\"valueRequired\":true,\"valueName\":\"search_term_string\"}}],\"inLanguage\":\"es-AR\"},{\"@type\":\"Person\",\"@id\":\"https:\/\/www.diario21.tv\/noticias\/#\/schema\/person\/dfb778f73814d8f09f302618446a526b\",\"name\":\"Juan P\u00e9rez\",\"image\":{\"@type\":\"ImageObject\",\"inLanguage\":\"es-AR\",\"@id\":\"https:\/\/www.diario21.tv\/noticias\/#\/schema\/person\/image\/\",\"url\":\"https:\/\/secure.gravatar.com\/avatar\/c478a405bd10621167f4c3167cc770f5?s=96&d=mm&r=g\",\"contentUrl\":\"https:\/\/secure.gravatar.com\/avatar\/c478a405bd10621167f4c3167cc770f5?s=96&d=mm&r=g\",\"caption\":\"Juan P\u00e9rez\"},\"description\":\"Juan P\u00e9rez es el redactor en jefe de Diario 21. Con m\u00e1s de 10 a\u00f1os de experiencia en el periodismo, se especializa en pol\u00edtica nacional y an\u00e1lisis socioecon\u00f3mico. Su enfoque cr\u00edtico y riguroso aporta una perspectiva \u00fanica a cada art\u00edculo.\",\"sameAs\":[\"https:\/\/www.diario21.tv\/noticias\/\"],\"url\":\"https:\/\/www.diario21.tv\/noticias\/author\/juan-perez\/\"}]}<\/script>\n<!-- \/ Yoast SEO plugin. -->","yoast_head_json":{"title":"Grupo 'Pelearse x Valencia': Entra y Prep\u00e1rate para el Combate - Diario 21","robots":{"index":"index","follow":"follow","max-snippet":"max-snippet:-1","max-image-preview":"max-image-preview:large","max-video-preview":"max-video-preview:-1"},"canonical":"https:\/\/www.diario21.tv\/noticias\/grupo-pelearse-x-valencia-entra-y-preparate-para-el-combate\/","og_locale":"es_ES","og_type":"article","og_title":"Grupo 'Pelearse x Valencia': Entra y Prep\u00e1rate para el Combate - Diario 21","og_description":"El colectivo &#8216;Pelearse x Valencia&#8217;: \u00abEntrar implica estar listo para el conflicto\u00bb En las profundidades de las redes sociales, existe un grupo singular conocido como &#8216;Pelearse ... Seguir leyendo &rarr;","og_url":"https:\/\/www.diario21.tv\/noticias\/grupo-pelearse-x-valencia-entra-y-preparate-para-el-combate\/","og_site_name":"Diario 21","article_published_time":"2025-10-14T07:40:34+00:00","article_modified_time":"2025-10-14T07:40:35+00:00","og_image":[{"width":1540,"height":1080,"url":"https:\/\/www.diario21.tv\/noticias\/wp-content\/uploads\/2025\/10\/Grupo-Pelearse-x-Valencia-Entra-y-Preparate-para-el-Combate.jpg","type":"image\/jpeg"}],"author":"Juan P\u00e9rez","twitter_card":"summary_large_image","twitter_misc":{"Escrito por":"Juan P\u00e9rez","Tiempo de lectura":"3 minutos"},"schema":{"@context":"https:\/\/schema.org","@graph":[{"@type":"WebPage","@id":"https:\/\/www.diario21.tv\/noticias\/grupo-pelearse-x-valencia-entra-y-preparate-para-el-combate\/","url":"https:\/\/www.diario21.tv\/noticias\/grupo-pelearse-x-valencia-entra-y-preparate-para-el-combate\/","name":"Grupo 'Pelearse x Valencia': Entra y Prep\u00e1rate para el Combate - Diario 21","isPartOf":{"@id":"https:\/\/www.diario21.tv\/noticias\/#website"},"primaryImageOfPage":{"@id":"https:\/\/www.diario21.tv\/noticias\/grupo-pelearse-x-valencia-entra-y-preparate-para-el-combate\/#primaryimage"},"image":{"@id":"https:\/\/www.diario21.tv\/noticias\/grupo-pelearse-x-valencia-entra-y-preparate-para-el-combate\/#primaryimage"},"thumbnailUrl":"https:\/\/www.diario21.tv\/noticias\/wp-content\/uploads\/2025\/10\/Grupo-Pelearse-x-Valencia-Entra-y-Preparate-para-el-Combate.jpg","datePublished":"2025-10-14T07:40:34+00:00","dateModified":"2025-10-14T07:40:35+00:00","author":{"@id":"https:\/\/www.diario21.tv\/noticias\/#\/schema\/person\/dfb778f73814d8f09f302618446a526b"},"breadcrumb":{"@id":"https:\/\/www.diario21.tv\/noticias\/grupo-pelearse-x-valencia-entra-y-preparate-para-el-combate\/#breadcrumb"},"inLanguage":"es-AR","potentialAction":[{"@type":"ReadAction","target":["https:\/\/www.diario21.tv\/noticias\/grupo-pelearse-x-valencia-entra-y-preparate-para-el-combate\/"]}]},{"@type":"ImageObject","inLanguage":"es-AR","@id":"https:\/\/www.diario21.tv\/noticias\/grupo-pelearse-x-valencia-entra-y-preparate-para-el-combate\/#primaryimage","url":"https:\/\/www.diario21.tv\/noticias\/wp-content\/uploads\/2025\/10\/Grupo-Pelearse-x-Valencia-Entra-y-Preparate-para-el-Combate.jpg","contentUrl":"https:\/\/www.diario21.tv\/noticias\/wp-content\/uploads\/2025\/10\/Grupo-Pelearse-x-Valencia-Entra-y-Preparate-para-el-Combate.jpg","width":1540,"height":1080,"caption":"As\u00ed es el grupo &amp;#039;Pelearse x Valencia&amp;#039;: \u00abSi entras, ya sabes que es para pegarse\u00bb"},{"@type":"BreadcrumbList","@id":"https:\/\/www.diario21.tv\/noticias\/grupo-pelearse-x-valencia-entra-y-preparate-para-el-combate\/#breadcrumb","itemListElement":[{"@type":"ListItem","position":1,"name":"Accueil","item":"https:\/\/www.diario21.tv\/noticias\/"},{"@type":"ListItem","position":2,"name":"Grupo &#8216;Pelearse x Valencia&#8217;: Entra y Prep\u00e1rate para el Combate"}]},{"@type":"WebSite","@id":"https:\/\/www.diario21.tv\/noticias\/#website","url":"https:\/\/www.diario21.tv\/noticias\/","name":"Diario 21","description":"","potentialAction":[{"@type":"SearchAction","target":{"@type":"EntryPoint","urlTemplate":"https:\/\/www.diario21.tv\/noticias\/?s={search_term_string}"},"query-input":{"@type":"PropertyValueSpecification","valueRequired":true,"valueName":"search_term_string"}}],"inLanguage":"es-AR"},{"@type":"Person","@id":"https:\/\/www.diario21.tv\/noticias\/#\/schema\/person\/dfb778f73814d8f09f302618446a526b","name":"Juan P\u00e9rez","image":{"@type":"ImageObject","inLanguage":"es-AR","@id":"https:\/\/www.diario21.tv\/noticias\/#\/schema\/person\/image\/","url":"https:\/\/secure.gravatar.com\/avatar\/c478a405bd10621167f4c3167cc770f5?s=96&d=mm&r=g","contentUrl":"https:\/\/secure.gravatar.com\/avatar\/c478a405bd10621167f4c3167cc770f5?s=96&d=mm&r=g","caption":"Juan P\u00e9rez"},"description":"Juan P\u00e9rez es el redactor en jefe de Diario 21. Con m\u00e1s de 10 a\u00f1os de experiencia en el periodismo, se especializa en pol\u00edtica nacional y an\u00e1lisis socioecon\u00f3mico. Su enfoque cr\u00edtico y riguroso aporta una perspectiva \u00fanica a cada art\u00edculo.","sameAs":["https:\/\/www.diario21.tv\/noticias\/"],"url":"https:\/\/www.diario21.tv\/noticias\/author\/juan-perez\/"}]}},"_links":{"self":[{"href":"https:\/\/www.diario21.tv\/noticias\/wp-json\/wp\/v2\/posts\/4836"}],"collection":[{"href":"https:\/\/www.diario21.tv\/noticias\/wp-json\/wp\/v2\/posts"}],"about":[{"href":"https:\/\/www.diario21.tv\/noticias\/wp-json\/wp\/v2\/types\/post"}],"author":[{"embeddable":true,"href":"https:\/\/www.diario21.tv\/noticias\/wp-json\/wp\/v2\/users\/20"}],"replies":[{"embeddable":true,"href":"https:\/\/www.diario21.tv\/noticias\/wp-json\/wp\/v2\/comments?post=4836"}],"version-history":[{"count":1,"href":"https:\/\/www.diario21.tv\/noticias\/wp-json\/wp\/v2\/posts\/4836\/revisions"}],"predecessor-version":[{"id":4838,"href":"https:\/\/www.diario21.tv\/noticias\/wp-json\/wp\/v2\/posts\/4836\/revisions\/4838"}],"wp:featuredmedia":[{"embeddable":true,"href":"https:\/\/www.diario21.tv\/noticias\/wp-json\/wp\/v2\/media\/4837"}],"wp:attachment":[{"href":"https:\/\/www.diario21.tv\/noticias\/wp-json\/wp\/v2\/media?parent=4836"}],"wp:term":[{"taxonomy":"category","embeddable":true,"href":"https:\/\/www.diario21.tv\/noticias\/wp-json\/wp\/v2\/categories?post=4836"},{"taxonomy":"post_tag","embeddable":true,"href":"https:\/\/www.diario21.tv\/noticias\/wp-json\/wp\/v2\/tags?post=4836"}],"curies":[{"name":"wp","href":"https:\/\/api.w.org\/{rel}","templated":true}]}}