{"id":4830,"date":"2025-10-13T19:37:51","date_gmt":"2025-10-13T19:37:51","guid":{"rendered":"https:\/\/www.diario21.tv\/noticias\/descubre-el-truco-de-miguel-assal-para-aliviar-el-dolor-de-cabeza-calor-en-los-pies\/"},"modified":"2025-10-13T19:37:52","modified_gmt":"2025-10-13T19:37:52","slug":"descubre-el-truco-de-miguel-assal-para-aliviar-el-dolor-de-cabeza-calor-en-los-pies","status":"publish","type":"post","link":"https:\/\/www.diario21.tv\/noticias\/descubre-el-truco-de-miguel-assal-para-aliviar-el-dolor-de-cabeza-calor-en-los-pies\/","title":{"rendered":"Descubre el truco de Miguel Assal para aliviar el dolor de cabeza \u00a1Calor en los pies!"},"content":{"rendered":"<h2>Miguel Assal, experto en emergencias, ofrece consejos para mitigar el dolor de cabeza<\/h2>\n<p>Miguel Assal, reconocido t\u00e9cnico en emergencias, ha compartido recientemente una t\u00e9cnica inusual pero efectiva para aliviar el dolor de cabeza. Seg\u00fan \u00e9l, aplicar calor en los pies puede ser una soluci\u00f3n r\u00e1pida y efectiva para este problema com\u00fan. Assal explica que este m\u00e9todo funciona porque el calor en los pies hace que la sangre fluya hacia esa \u00e1rea, reduciendo la cantidad de sangre en la cabeza y, por lo tanto, el dolor.<\/p>\n<h3>M\u00e9todos caseros contra el dolor de cabeza<\/h3>\n<p>Assal sugiere que adem\u00e1s de aplicar calor en los pies, hay otras t\u00e9cnicas que pueden ser \u00fatiles. Recomienda mantener una hidrataci\u00f3n adecuada, ya que la deshidrataci\u00f3n es una causa com\u00fan de dolor de cabeza. Tambi\u00e9n aconseja evitar el exceso de cafe\u00edna y alcohol, los cuales pueden alterar el flujo sangu\u00edneo y provocar o empeorar los dolores de cabeza.<\/p>\n<p>Otra sugerencia de Assal es mantener una buena postura, especialmente si se pasa mucho tiempo sentado o frente a una computadora. Una mala postura puede tensar los m\u00fasculos del cuello y los hombros, contribuyendo al dolor de cabeza.<\/p>\n<h3>Importancia de un enfoque hol\u00edstico<\/h3>\n<p>Miguel Assal enfatiza la importancia de un enfoque hol\u00edstico para tratar el dolor de cabeza. Esto incluye no solo remedios f\u00edsicos como el calor en los pies o la hidrataci\u00f3n, sino tambi\u00e9n t\u00e9cnicas de relajaci\u00f3n como la meditaci\u00f3n o el yoga, que pueden ayudar a reducir el estr\u00e9s, una de las principales causas de los dolores de cabeza.<\/p>\n<p>En resumen, mientras que el dolor de cabeza puede tener muchas causas y manifestarse de diferentes formas, t\u00e9cnicas simples y cambios en el estilo de vida pueden hacer una gran diferencia en su manejo. Miguel Assal recomienda probar varios m\u00e9todos para ver cu\u00e1l funciona mejor para cada individuo, siempre teniendo en cuenta que si los dolores de cabeza son frecuentes o muy severos, es importante consultar a un profesional m\u00e9dico.<\/p>\n\n\n<div class=\"kk-star-ratings kksr-auto kksr-align-left kksr-valign-bottom\"\n    data-payload='{&quot;align&quot;:&quot;left&quot;,&quot;id&quot;:&quot;4830&quot;,&quot;slug&quot;:&quot;default&quot;,&quot;valign&quot;:&quot;bottom&quot;,&quot;ignore&quot;:&quot;&quot;,&quot;reference&quot;:&quot;auto&quot;,&quot;class&quot;:&quot;&quot;,&quot;count&quot;:&quot;0&quot;,&quot;legendonly&quot;:&quot;&quot;,&quot;readonly&quot;:&quot;&quot;,&quot;score&quot;:&quot;0&quot;,&quot;starsonly&quot;:&quot;&quot;,&quot;best&quot;:&quot;5&quot;,&quot;gap&quot;:&quot;5&quot;,&quot;greet&quot;:&quot;Valora este post&quot;,&quot;legend&quot;:&quot;0\\\/5 - (0 votes)&quot;,&quot;size&quot;:&quot;22&quot;,&quot;title&quot;:&quot;Descubre el truco de Miguel Assal para aliviar el dolor de cabeza \u00a1Calor en los pies!&quot;,&quot;width&quot;:&quot;0&quot;,&quot;_legend&quot;:&quot;{score}\\\/{best} - ({count} {votes})&quot;,&quot;font_factor&quot;:&quot;1.25&quot;}'>\n            \n<div class=\"kksr-stars\">\n    \n<div class=\"kksr-stars-inactive\">\n            <div class=\"kksr-star\" data-star=\"1\" style=\"padding-right: 5px\">\n            \n\n<div class=\"kksr-icon\" style=\"width: 22px; height: 22px;\"><\/div>\n        <\/div>\n            <div class=\"kksr-star\" data-star=\"2\" style=\"padding-right: 5px\">\n            \n\n<div class=\"kksr-icon\" style=\"width: 22px; height: 22px;\"><\/div>\n        <\/div>\n            <div class=\"kksr-star\" data-star=\"3\" style=\"padding-right: 5px\">\n            \n\n<div class=\"kksr-icon\" style=\"width: 22px; height: 22px;\"><\/div>\n        <\/div>\n            <div class=\"kksr-star\" data-star=\"4\" style=\"padding-right: 5px\">\n            \n\n<div class=\"kksr-icon\" style=\"width: 22px; height: 22px;\"><\/div>\n        <\/div>\n            <div class=\"kksr-star\" data-star=\"5\" style=\"padding-right: 5px\">\n            \n\n<div class=\"kksr-icon\" style=\"width: 22px; height: 22px;\"><\/div>\n        <\/div>\n    <\/div>\n    \n<div class=\"kksr-stars-active\" style=\"width: 0px;\">\n            <div class=\"kksr-star\" style=\"padding-right: 5px\">\n            \n\n<div class=\"kksr-icon\" style=\"width: 22px; height: 22px;\"><\/div>\n        <\/div>\n            <div class=\"kksr-star\" style=\"padding-right: 5px\">\n            \n\n<div class=\"kksr-icon\" style=\"width: 22px; height: 22px;\"><\/div>\n        <\/div>\n            <div class=\"kksr-star\" style=\"padding-right: 5px\">\n            \n\n<div class=\"kksr-icon\" style=\"width: 22px; height: 22px;\"><\/div>\n        <\/div>\n            <div class=\"kksr-star\" style=\"padding-right: 5px\">\n            \n\n<div class=\"kksr-icon\" style=\"width: 22px; height: 22px;\"><\/div>\n        <\/div>\n            <div class=\"kksr-star\" style=\"padding-right: 5px\">\n            \n\n<div class=\"kksr-icon\" style=\"width: 22px; height: 22px;\"><\/div>\n        <\/div>\n    <\/div>\n<\/div>\n                \n\n<div class=\"kksr-legend\" style=\"font-size: 17.6px;\">\n            <span class=\"kksr-muted\">Valora este post<\/span>\n    <\/div>\n    <\/div>\n","protected":false},"excerpt":{"rendered":"<p>Miguel Assal, experto en emergencias, ofrece consejos para mitigar el dolor de cabeza Miguel Assal, reconocido t\u00e9cnico en emergencias, ha compartido recientemente una t\u00e9cnica inusual pero &#8230; <a title=\"Descubre el truco de Miguel Assal para aliviar el dolor de cabeza \u00a1Calor en los pies!\" class=\"read-more\" href=\"https:\/\/www.diario21.tv\/noticias\/descubre-el-truco-de-miguel-assal-para-aliviar-el-dolor-de-cabeza-calor-en-los-pies\/\" aria-label=\"Leer m\u00e1s sobre Descubre el truco de Miguel Assal para aliviar el dolor de cabeza \u00a1Calor en los pies!\">Seguir leyendo &rarr;<\/a><\/p>\n","protected":false},"author":20,"featured_media":4831,"comment_status":"open","ping_status":"open","sticky":false,"template":"","format":"standard","meta":{"footnotes":""},"categories":[13],"tags":[],"class_list":["post-4830","post","type-post","status-publish","format-standard","has-post-thumbnail","hentry","category-portada"],"yoast_head":"<!-- This site is optimized with the Yoast SEO plugin v25.6 - https:\/\/yoast.com\/wordpress\/plugins\/seo\/ -->\n<title>Descubre el truco de Miguel Assal para aliviar el dolor de cabeza \u00a1Calor en los pies! - Diario 21<\/title>\n<meta name=\"robots\" content=\"index, follow, max-snippet:-1, max-image-preview:large, max-video-preview:-1\" \/>\n<link rel=\"canonical\" href=\"https:\/\/www.diario21.tv\/noticias\/descubre-el-truco-de-miguel-assal-para-aliviar-el-dolor-de-cabeza-calor-en-los-pies\/\" \/>\n<meta property=\"og:locale\" content=\"es_ES\" \/>\n<meta property=\"og:type\" content=\"article\" \/>\n<meta property=\"og:title\" content=\"Descubre el truco de Miguel Assal para aliviar el dolor de cabeza \u00a1Calor en los pies! - Diario 21\" \/>\n<meta property=\"og:description\" content=\"Miguel Assal, experto en emergencias, ofrece consejos para mitigar el dolor de cabeza Miguel Assal, reconocido t\u00e9cnico en emergencias, ha compartido recientemente una t\u00e9cnica inusual pero ... Seguir leyendo &rarr;\" \/>\n<meta property=\"og:url\" content=\"https:\/\/www.diario21.tv\/noticias\/descubre-el-truco-de-miguel-assal-para-aliviar-el-dolor-de-cabeza-calor-en-los-pies\/\" \/>\n<meta property=\"og:site_name\" content=\"Diario 21\" \/>\n<meta property=\"article:published_time\" content=\"2025-10-13T19:37:51+00:00\" \/>\n<meta property=\"article:modified_time\" content=\"2025-10-13T19:37:52+00:00\" \/>\n<meta property=\"og:image\" content=\"https:\/\/www.diario21.tv\/noticias\/wp-content\/uploads\/2025\/10\/Descubre-el-truco-de-Miguel-Assal-para-aliviar-el-dolor.jpg\" \/>\n\t<meta property=\"og:image:width\" content=\"1200\" \/>\n\t<meta property=\"og:image:height\" content=\"840\" \/>\n\t<meta property=\"og:image:type\" content=\"image\/jpeg\" \/>\n<meta name=\"author\" content=\"Juan P\u00e9rez\" \/>\n<meta name=\"twitter:card\" content=\"summary_large_image\" \/>\n<meta name=\"twitter:label1\" content=\"Escrito por\" \/>\n\t<meta name=\"twitter:data1\" content=\"Juan P\u00e9rez\" \/>\n\t<meta name=\"twitter:label2\" content=\"Tiempo de lectura\" \/>\n\t<meta name=\"twitter:data2\" content=\"2 minutos\" \/>\n<script type=\"application\/ld+json\" class=\"yoast-schema-graph\">{\"@context\":\"https:\/\/schema.org\",\"@graph\":[{\"@type\":\"WebPage\",\"@id\":\"https:\/\/www.diario21.tv\/noticias\/descubre-el-truco-de-miguel-assal-para-aliviar-el-dolor-de-cabeza-calor-en-los-pies\/\",\"url\":\"https:\/\/www.diario21.tv\/noticias\/descubre-el-truco-de-miguel-assal-para-aliviar-el-dolor-de-cabeza-calor-en-los-pies\/\",\"name\":\"Descubre el truco de Miguel Assal para aliviar el dolor de cabeza \u00a1Calor en los pies! - Diario 21\",\"isPartOf\":{\"@id\":\"https:\/\/www.diario21.tv\/noticias\/#website\"},\"primaryImageOfPage\":{\"@id\":\"https:\/\/www.diario21.tv\/noticias\/descubre-el-truco-de-miguel-assal-para-aliviar-el-dolor-de-cabeza-calor-en-los-pies\/#primaryimage\"},\"image\":{\"@id\":\"https:\/\/www.diario21.tv\/noticias\/descubre-el-truco-de-miguel-assal-para-aliviar-el-dolor-de-cabeza-calor-en-los-pies\/#primaryimage\"},\"thumbnailUrl\":\"https:\/\/www.diario21.tv\/noticias\/wp-content\/uploads\/2025\/10\/Descubre-el-truco-de-Miguel-Assal-para-aliviar-el-dolor.jpg\",\"datePublished\":\"2025-10-13T19:37:51+00:00\",\"dateModified\":\"2025-10-13T19:37:52+00:00\",\"author\":{\"@id\":\"https:\/\/www.diario21.tv\/noticias\/#\/schema\/person\/dfb778f73814d8f09f302618446a526b\"},\"breadcrumb\":{\"@id\":\"https:\/\/www.diario21.tv\/noticias\/descubre-el-truco-de-miguel-assal-para-aliviar-el-dolor-de-cabeza-calor-en-los-pies\/#breadcrumb\"},\"inLanguage\":\"es-AR\",\"potentialAction\":[{\"@type\":\"ReadAction\",\"target\":[\"https:\/\/www.diario21.tv\/noticias\/descubre-el-truco-de-miguel-assal-para-aliviar-el-dolor-de-cabeza-calor-en-los-pies\/\"]}]},{\"@type\":\"ImageObject\",\"inLanguage\":\"es-AR\",\"@id\":\"https:\/\/www.diario21.tv\/noticias\/descubre-el-truco-de-miguel-assal-para-aliviar-el-dolor-de-cabeza-calor-en-los-pies\/#primaryimage\",\"url\":\"https:\/\/www.diario21.tv\/noticias\/wp-content\/uploads\/2025\/10\/Descubre-el-truco-de-Miguel-Assal-para-aliviar-el-dolor.jpg\",\"contentUrl\":\"https:\/\/www.diario21.tv\/noticias\/wp-content\/uploads\/2025\/10\/Descubre-el-truco-de-Miguel-Assal-para-aliviar-el-dolor.jpg\",\"width\":1200,\"height\":840,\"caption\":\"Miguel Assal, t\u00e9cnico de emergencias, explica c\u00f3mo aliviar el dolor de cabeza: \u00abEl calor en los pies aleja la sangre de la cabeza\u00bb\"},{\"@type\":\"BreadcrumbList\",\"@id\":\"https:\/\/www.diario21.tv\/noticias\/descubre-el-truco-de-miguel-assal-para-aliviar-el-dolor-de-cabeza-calor-en-los-pies\/#breadcrumb\",\"itemListElement\":[{\"@type\":\"ListItem\",\"position\":1,\"name\":\"Accueil\",\"item\":\"https:\/\/www.diario21.tv\/noticias\/\"},{\"@type\":\"ListItem\",\"position\":2,\"name\":\"Descubre el truco de Miguel Assal para aliviar el dolor de cabeza \u00a1Calor en los pies!\"}]},{\"@type\":\"WebSite\",\"@id\":\"https:\/\/www.diario21.tv\/noticias\/#website\",\"url\":\"https:\/\/www.diario21.tv\/noticias\/\",\"name\":\"Diario 21\",\"description\":\"\",\"potentialAction\":[{\"@type\":\"SearchAction\",\"target\":{\"@type\":\"EntryPoint\",\"urlTemplate\":\"https:\/\/www.diario21.tv\/noticias\/?s={search_term_string}\"},\"query-input\":{\"@type\":\"PropertyValueSpecification\",\"valueRequired\":true,\"valueName\":\"search_term_string\"}}],\"inLanguage\":\"es-AR\"},{\"@type\":\"Person\",\"@id\":\"https:\/\/www.diario21.tv\/noticias\/#\/schema\/person\/dfb778f73814d8f09f302618446a526b\",\"name\":\"Juan P\u00e9rez\",\"image\":{\"@type\":\"ImageObject\",\"inLanguage\":\"es-AR\",\"@id\":\"https:\/\/www.diario21.tv\/noticias\/#\/schema\/person\/image\/\",\"url\":\"https:\/\/secure.gravatar.com\/avatar\/c478a405bd10621167f4c3167cc770f5?s=96&d=mm&r=g\",\"contentUrl\":\"https:\/\/secure.gravatar.com\/avatar\/c478a405bd10621167f4c3167cc770f5?s=96&d=mm&r=g\",\"caption\":\"Juan P\u00e9rez\"},\"description\":\"Juan P\u00e9rez es el redactor en jefe de Diario 21. Con m\u00e1s de 10 a\u00f1os de experiencia en el periodismo, se especializa en pol\u00edtica nacional y an\u00e1lisis socioecon\u00f3mico. Su enfoque cr\u00edtico y riguroso aporta una perspectiva \u00fanica a cada art\u00edculo.\",\"sameAs\":[\"https:\/\/www.diario21.tv\/noticias\/\"],\"url\":\"https:\/\/www.diario21.tv\/noticias\/author\/juan-perez\/\"}]}<\/script>\n<!-- \/ Yoast SEO plugin. -->","yoast_head_json":{"title":"Descubre el truco de Miguel Assal para aliviar el dolor de cabeza \u00a1Calor en los pies! - Diario 21","robots":{"index":"index","follow":"follow","max-snippet":"max-snippet:-1","max-image-preview":"max-image-preview:large","max-video-preview":"max-video-preview:-1"},"canonical":"https:\/\/www.diario21.tv\/noticias\/descubre-el-truco-de-miguel-assal-para-aliviar-el-dolor-de-cabeza-calor-en-los-pies\/","og_locale":"es_ES","og_type":"article","og_title":"Descubre el truco de Miguel Assal para aliviar el dolor de cabeza \u00a1Calor en los pies! - Diario 21","og_description":"Miguel Assal, experto en emergencias, ofrece consejos para mitigar el dolor de cabeza Miguel Assal, reconocido t\u00e9cnico en emergencias, ha compartido recientemente una t\u00e9cnica inusual pero ... Seguir leyendo &rarr;","og_url":"https:\/\/www.diario21.tv\/noticias\/descubre-el-truco-de-miguel-assal-para-aliviar-el-dolor-de-cabeza-calor-en-los-pies\/","og_site_name":"Diario 21","article_published_time":"2025-10-13T19:37:51+00:00","article_modified_time":"2025-10-13T19:37:52+00:00","og_image":[{"width":1200,"height":840,"url":"https:\/\/www.diario21.tv\/noticias\/wp-content\/uploads\/2025\/10\/Descubre-el-truco-de-Miguel-Assal-para-aliviar-el-dolor.jpg","type":"image\/jpeg"}],"author":"Juan P\u00e9rez","twitter_card":"summary_large_image","twitter_misc":{"Escrito por":"Juan P\u00e9rez","Tiempo de lectura":"2 minutos"},"schema":{"@context":"https:\/\/schema.org","@graph":[{"@type":"WebPage","@id":"https:\/\/www.diario21.tv\/noticias\/descubre-el-truco-de-miguel-assal-para-aliviar-el-dolor-de-cabeza-calor-en-los-pies\/","url":"https:\/\/www.diario21.tv\/noticias\/descubre-el-truco-de-miguel-assal-para-aliviar-el-dolor-de-cabeza-calor-en-los-pies\/","name":"Descubre el truco de Miguel Assal para aliviar el dolor de cabeza \u00a1Calor en los pies! - Diario 21","isPartOf":{"@id":"https:\/\/www.diario21.tv\/noticias\/#website"},"primaryImageOfPage":{"@id":"https:\/\/www.diario21.tv\/noticias\/descubre-el-truco-de-miguel-assal-para-aliviar-el-dolor-de-cabeza-calor-en-los-pies\/#primaryimage"},"image":{"@id":"https:\/\/www.diario21.tv\/noticias\/descubre-el-truco-de-miguel-assal-para-aliviar-el-dolor-de-cabeza-calor-en-los-pies\/#primaryimage"},"thumbnailUrl":"https:\/\/www.diario21.tv\/noticias\/wp-content\/uploads\/2025\/10\/Descubre-el-truco-de-Miguel-Assal-para-aliviar-el-dolor.jpg","datePublished":"2025-10-13T19:37:51+00:00","dateModified":"2025-10-13T19:37:52+00:00","author":{"@id":"https:\/\/www.diario21.tv\/noticias\/#\/schema\/person\/dfb778f73814d8f09f302618446a526b"},"breadcrumb":{"@id":"https:\/\/www.diario21.tv\/noticias\/descubre-el-truco-de-miguel-assal-para-aliviar-el-dolor-de-cabeza-calor-en-los-pies\/#breadcrumb"},"inLanguage":"es-AR","potentialAction":[{"@type":"ReadAction","target":["https:\/\/www.diario21.tv\/noticias\/descubre-el-truco-de-miguel-assal-para-aliviar-el-dolor-de-cabeza-calor-en-los-pies\/"]}]},{"@type":"ImageObject","inLanguage":"es-AR","@id":"https:\/\/www.diario21.tv\/noticias\/descubre-el-truco-de-miguel-assal-para-aliviar-el-dolor-de-cabeza-calor-en-los-pies\/#primaryimage","url":"https:\/\/www.diario21.tv\/noticias\/wp-content\/uploads\/2025\/10\/Descubre-el-truco-de-Miguel-Assal-para-aliviar-el-dolor.jpg","contentUrl":"https:\/\/www.diario21.tv\/noticias\/wp-content\/uploads\/2025\/10\/Descubre-el-truco-de-Miguel-Assal-para-aliviar-el-dolor.jpg","width":1200,"height":840,"caption":"Miguel Assal, t\u00e9cnico de emergencias, explica c\u00f3mo aliviar el dolor de cabeza: \u00abEl calor en los pies aleja la sangre de la cabeza\u00bb"},{"@type":"BreadcrumbList","@id":"https:\/\/www.diario21.tv\/noticias\/descubre-el-truco-de-miguel-assal-para-aliviar-el-dolor-de-cabeza-calor-en-los-pies\/#breadcrumb","itemListElement":[{"@type":"ListItem","position":1,"name":"Accueil","item":"https:\/\/www.diario21.tv\/noticias\/"},{"@type":"ListItem","position":2,"name":"Descubre el truco de Miguel Assal para aliviar el dolor de cabeza \u00a1Calor en los pies!"}]},{"@type":"WebSite","@id":"https:\/\/www.diario21.tv\/noticias\/#website","url":"https:\/\/www.diario21.tv\/noticias\/","name":"Diario 21","description":"","potentialAction":[{"@type":"SearchAction","target":{"@type":"EntryPoint","urlTemplate":"https:\/\/www.diario21.tv\/noticias\/?s={search_term_string}"},"query-input":{"@type":"PropertyValueSpecification","valueRequired":true,"valueName":"search_term_string"}}],"inLanguage":"es-AR"},{"@type":"Person","@id":"https:\/\/www.diario21.tv\/noticias\/#\/schema\/person\/dfb778f73814d8f09f302618446a526b","name":"Juan P\u00e9rez","image":{"@type":"ImageObject","inLanguage":"es-AR","@id":"https:\/\/www.diario21.tv\/noticias\/#\/schema\/person\/image\/","url":"https:\/\/secure.gravatar.com\/avatar\/c478a405bd10621167f4c3167cc770f5?s=96&d=mm&r=g","contentUrl":"https:\/\/secure.gravatar.com\/avatar\/c478a405bd10621167f4c3167cc770f5?s=96&d=mm&r=g","caption":"Juan P\u00e9rez"},"description":"Juan P\u00e9rez es el redactor en jefe de Diario 21. Con m\u00e1s de 10 a\u00f1os de experiencia en el periodismo, se especializa en pol\u00edtica nacional y an\u00e1lisis socioecon\u00f3mico. Su enfoque cr\u00edtico y riguroso aporta una perspectiva \u00fanica a cada art\u00edculo.","sameAs":["https:\/\/www.diario21.tv\/noticias\/"],"url":"https:\/\/www.diario21.tv\/noticias\/author\/juan-perez\/"}]}},"_links":{"self":[{"href":"https:\/\/www.diario21.tv\/noticias\/wp-json\/wp\/v2\/posts\/4830"}],"collection":[{"href":"https:\/\/www.diario21.tv\/noticias\/wp-json\/wp\/v2\/posts"}],"about":[{"href":"https:\/\/www.diario21.tv\/noticias\/wp-json\/wp\/v2\/types\/post"}],"author":[{"embeddable":true,"href":"https:\/\/www.diario21.tv\/noticias\/wp-json\/wp\/v2\/users\/20"}],"replies":[{"embeddable":true,"href":"https:\/\/www.diario21.tv\/noticias\/wp-json\/wp\/v2\/comments?post=4830"}],"version-history":[{"count":1,"href":"https:\/\/www.diario21.tv\/noticias\/wp-json\/wp\/v2\/posts\/4830\/revisions"}],"predecessor-version":[{"id":4832,"href":"https:\/\/www.diario21.tv\/noticias\/wp-json\/wp\/v2\/posts\/4830\/revisions\/4832"}],"wp:featuredmedia":[{"embeddable":true,"href":"https:\/\/www.diario21.tv\/noticias\/wp-json\/wp\/v2\/media\/4831"}],"wp:attachment":[{"href":"https:\/\/www.diario21.tv\/noticias\/wp-json\/wp\/v2\/media?parent=4830"}],"wp:term":[{"taxonomy":"category","embeddable":true,"href":"https:\/\/www.diario21.tv\/noticias\/wp-json\/wp\/v2\/categories?post=4830"},{"taxonomy":"post_tag","embeddable":true,"href":"https:\/\/www.diario21.tv\/noticias\/wp-json\/wp\/v2\/tags?post=4830"}],"curies":[{"name":"wp","href":"https:\/\/api.w.org\/{rel}","templated":true}]}}