{"id":4827,"date":"2025-10-13T13:36:47","date_gmt":"2025-10-13T13:36:47","guid":{"rendered":"https:\/\/www.diario21.tv\/noticias\/descubre-donde-esta-el-mejor-pastel-de-nata-a-solo-2-horas-de-badajoz\/"},"modified":"2025-10-13T13:36:49","modified_gmt":"2025-10-13T13:36:49","slug":"descubre-donde-esta-el-mejor-pastel-de-nata-a-solo-2-horas-de-badajoz","status":"publish","type":"post","link":"https:\/\/www.diario21.tv\/noticias\/descubre-donde-esta-el-mejor-pastel-de-nata-a-solo-2-horas-de-badajoz\/","title":{"rendered":"\u00a1Descubre d\u00f3nde est\u00e1 el mejor pastel de nata, a solo 2 horas de Badajoz!"},"content":{"rendered":"<h2>Confirmado: El pastel de nata m\u00e1s exquisito se encuentra a solo dos horas de Badajoz<\/h2>\n<p>En un anuncio que ha capturado la atenci\u00f3n de los amantes de la pasteler\u00eda en la regi\u00f3n, se ha declarado que el pastel de nata de mayor calidad se puede encontrar a tan solo dos horas de distancia de Badajoz. Este dulce, famoso por su cremosidad y sabor inigualable, ha sido la joya de muchas pasteler\u00edas locales, pero hay una en particular que ahora lleva la corona.<\/p>\n<h3>Un viaje por el sabor<\/h3>\n<p>El viaje para encontrar el mejor pastel de nata no es largo. Situado en un peque\u00f1o pueblo a las afueras de Badajoz, este establecimiento ha ganado fama no solo por sus delicias culinarias, sino tambi\u00e9n por el encanto que ofrece su localizaci\u00f3n. Los visitantes no solo tienen la oportunidad de disfrutar de un pastel excepcional, sino tambi\u00e9n de experimentar la belleza y tranquilidad de la regi\u00f3n.<\/p>\n<p>El pastel de nata, con su base crujiente y su relleno suave y cremoso, es una receta que ha sido perfeccionada a lo largo de los a\u00f1os por los pasteleros de este local. Lo que lo diferencia de otros, seg\u00fan los cr\u00edticos, es la perfecta balanza entre dulzura y textura, una proeza que no muchos consiguen alcanzar.<\/p>\n<h3>Un secreto bien guardado<\/h3>\n<p>Aunque muchos han intentado replicar la receta, el secreto del \u00e9xito de este pastel de nata parece residir en los ingredientes locales y en las t\u00e9cnicas tradicionales que han sido cuidadosamente guardadas. La combinaci\u00f3n de la frescura de la nata, junto con la t\u00e9cnica precisa en el horneado de la base, crea una experiencia culinaria que muchos consideran incomparable.<\/p>\n<p>El establecimiento, que ha estado en funcionamiento por varias d\u00e9cadas, ha visto c\u00f3mo generaciones de familias vuelven una y otra vez, atra\u00eddas por el sabor aut\u00e9ntico de sus pasteles. Adem\u00e1s, el entorno acogedor y la hospitalidad del personal hacen que cada visita sea memorable.<\/p>\n<h3>Una parada obligatoria para los gourmets<\/h3>\n<p>Para aquellos que se consideran verdaderos gourmets, este lugar se ha convertido en una parada obligatoria en sus viajes culinarios. No es solo el pastel de nata lo que atrae a los visitantes, sino tambi\u00e9n una variedad de otras delicias locales que se ofrecen, cada una con el mismo nivel de cuidado y calidad en su preparaci\u00f3n.<\/p>\n<p>Si te encuentras cerca de Badajoz o planeas un viaje por la zona, no dejes pasar la oportunidad de visitar este emblem\u00e1tico establecimiento. M\u00e1s que un simple pastel, lo que ofrece es una verdadera experiencia gastron\u00f3mica que promete dejar una impresi\u00f3n duradera.<\/p>\n<h3>\u00bfC\u00f3mo llegar?<\/h3>\n<p>Llegar al lugar no podr\u00eda ser m\u00e1s f\u00e1cil. A solo dos horas en coche desde Badajoz, el viaje es ideal para una escapada de fin de semana o incluso un desv\u00edo en un viaje m\u00e1s largo. Las rutas est\u00e1n bien se\u00f1alizadas y el trayecto es tan placentero como el destino final.<\/p>\n<p>\u00a1As\u00ed que prep\u00e1rate para un viaje lleno de sabor y tradici\u00f3n! Este pastel de nata no solo te espera, sino que promete convertirse en uno de tus favoritos.<\/p>\n\n\n<div class=\"kk-star-ratings kksr-auto kksr-align-left kksr-valign-bottom\"\n    data-payload='{&quot;align&quot;:&quot;left&quot;,&quot;id&quot;:&quot;4827&quot;,&quot;slug&quot;:&quot;default&quot;,&quot;valign&quot;:&quot;bottom&quot;,&quot;ignore&quot;:&quot;&quot;,&quot;reference&quot;:&quot;auto&quot;,&quot;class&quot;:&quot;&quot;,&quot;count&quot;:&quot;0&quot;,&quot;legendonly&quot;:&quot;&quot;,&quot;readonly&quot;:&quot;&quot;,&quot;score&quot;:&quot;0&quot;,&quot;starsonly&quot;:&quot;&quot;,&quot;best&quot;:&quot;5&quot;,&quot;gap&quot;:&quot;5&quot;,&quot;greet&quot;:&quot;Valora este post&quot;,&quot;legend&quot;:&quot;0\\\/5 - (0 votes)&quot;,&quot;size&quot;:&quot;22&quot;,&quot;title&quot;:&quot;\u00a1Descubre d\u00f3nde est\u00e1 el mejor pastel de nata, a solo 2 horas de Badajoz!&quot;,&quot;width&quot;:&quot;0&quot;,&quot;_legend&quot;:&quot;{score}\\\/{best} - ({count} {votes})&quot;,&quot;font_factor&quot;:&quot;1.25&quot;}'>\n            \n<div class=\"kksr-stars\">\n    \n<div class=\"kksr-stars-inactive\">\n            <div class=\"kksr-star\" data-star=\"1\" style=\"padding-right: 5px\">\n            \n\n<div class=\"kksr-icon\" style=\"width: 22px; height: 22px;\"><\/div>\n        <\/div>\n            <div class=\"kksr-star\" data-star=\"2\" style=\"padding-right: 5px\">\n            \n\n<div class=\"kksr-icon\" style=\"width: 22px; height: 22px;\"><\/div>\n        <\/div>\n            <div class=\"kksr-star\" data-star=\"3\" style=\"padding-right: 5px\">\n            \n\n<div class=\"kksr-icon\" style=\"width: 22px; height: 22px;\"><\/div>\n        <\/div>\n            <div class=\"kksr-star\" data-star=\"4\" style=\"padding-right: 5px\">\n            \n\n<div class=\"kksr-icon\" style=\"width: 22px; height: 22px;\"><\/div>\n        <\/div>\n            <div class=\"kksr-star\" data-star=\"5\" style=\"padding-right: 5px\">\n            \n\n<div class=\"kksr-icon\" style=\"width: 22px; height: 22px;\"><\/div>\n        <\/div>\n    <\/div>\n    \n<div class=\"kksr-stars-active\" style=\"width: 0px;\">\n            <div class=\"kksr-star\" style=\"padding-right: 5px\">\n            \n\n<div class=\"kksr-icon\" style=\"width: 22px; height: 22px;\"><\/div>\n        <\/div>\n            <div class=\"kksr-star\" style=\"padding-right: 5px\">\n            \n\n<div class=\"kksr-icon\" style=\"width: 22px; height: 22px;\"><\/div>\n        <\/div>\n            <div class=\"kksr-star\" style=\"padding-right: 5px\">\n            \n\n<div class=\"kksr-icon\" style=\"width: 22px; height: 22px;\"><\/div>\n        <\/div>\n            <div class=\"kksr-star\" style=\"padding-right: 5px\">\n            \n\n<div class=\"kksr-icon\" style=\"width: 22px; height: 22px;\"><\/div>\n        <\/div>\n            <div class=\"kksr-star\" style=\"padding-right: 5px\">\n            \n\n<div class=\"kksr-icon\" style=\"width: 22px; height: 22px;\"><\/div>\n        <\/div>\n    <\/div>\n<\/div>\n                \n\n<div class=\"kksr-legend\" style=\"font-size: 17.6px;\">\n            <span class=\"kksr-muted\">Valora este post<\/span>\n    <\/div>\n    <\/div>\n","protected":false},"excerpt":{"rendered":"<p>Confirmado: El pastel de nata m\u00e1s exquisito se encuentra a solo dos horas de Badajoz En un anuncio que ha capturado la atenci\u00f3n de los amantes &#8230; <a title=\"\u00a1Descubre d\u00f3nde est\u00e1 el mejor pastel de nata, a solo 2 horas de Badajoz!\" class=\"read-more\" href=\"https:\/\/www.diario21.tv\/noticias\/descubre-donde-esta-el-mejor-pastel-de-nata-a-solo-2-horas-de-badajoz\/\" aria-label=\"Leer m\u00e1s sobre \u00a1Descubre d\u00f3nde est\u00e1 el mejor pastel de nata, a solo 2 horas de Badajoz!\">Seguir leyendo &rarr;<\/a><\/p>\n","protected":false},"author":20,"featured_media":4828,"comment_status":"open","ping_status":"open","sticky":false,"template":"","format":"standard","meta":{"footnotes":""},"categories":[13],"tags":[],"class_list":["post-4827","post","type-post","status-publish","format-standard","has-post-thumbnail","hentry","category-portada"],"yoast_head":"<!-- This site is optimized with the Yoast SEO plugin v25.6 - https:\/\/yoast.com\/wordpress\/plugins\/seo\/ -->\n<title>\u00a1Descubre d\u00f3nde est\u00e1 el mejor pastel de nata, a solo 2 horas de Badajoz! - Diario 21<\/title>\n<meta name=\"robots\" content=\"index, follow, max-snippet:-1, max-image-preview:large, max-video-preview:-1\" \/>\n<link rel=\"canonical\" href=\"https:\/\/www.diario21.tv\/noticias\/descubre-donde-esta-el-mejor-pastel-de-nata-a-solo-2-horas-de-badajoz\/\" \/>\n<meta property=\"og:locale\" content=\"es_ES\" \/>\n<meta property=\"og:type\" content=\"article\" \/>\n<meta property=\"og:title\" content=\"\u00a1Descubre d\u00f3nde est\u00e1 el mejor pastel de nata, a solo 2 horas de Badajoz! - Diario 21\" \/>\n<meta property=\"og:description\" content=\"Confirmado: El pastel de nata m\u00e1s exquisito se encuentra a solo dos horas de Badajoz En un anuncio que ha capturado la atenci\u00f3n de los amantes ... Seguir leyendo &rarr;\" \/>\n<meta property=\"og:url\" content=\"https:\/\/www.diario21.tv\/noticias\/descubre-donde-esta-el-mejor-pastel-de-nata-a-solo-2-horas-de-badajoz\/\" \/>\n<meta property=\"og:site_name\" content=\"Diario 21\" \/>\n<meta property=\"article:published_time\" content=\"2025-10-13T13:36:47+00:00\" \/>\n<meta property=\"article:modified_time\" content=\"2025-10-13T13:36:49+00:00\" \/>\n<meta property=\"og:image\" content=\"https:\/\/www.diario21.tv\/noticias\/wp-content\/uploads\/2025\/10\/\u00a1Descubre-donde-esta-el-mejor-pastel-de-nata-a-solo.jpg\" \/>\n\t<meta property=\"og:image:width\" content=\"1200\" \/>\n\t<meta property=\"og:image:height\" content=\"840\" \/>\n\t<meta property=\"og:image:type\" content=\"image\/jpeg\" \/>\n<meta name=\"author\" content=\"Juan P\u00e9rez\" \/>\n<meta name=\"twitter:card\" content=\"summary_large_image\" \/>\n<meta name=\"twitter:label1\" content=\"Escrito por\" \/>\n\t<meta name=\"twitter:data1\" content=\"Juan P\u00e9rez\" \/>\n\t<meta name=\"twitter:label2\" content=\"Tiempo de lectura\" \/>\n\t<meta name=\"twitter:data2\" content=\"3 minutos\" \/>\n<script type=\"application\/ld+json\" class=\"yoast-schema-graph\">{\"@context\":\"https:\/\/schema.org\",\"@graph\":[{\"@type\":\"WebPage\",\"@id\":\"https:\/\/www.diario21.tv\/noticias\/descubre-donde-esta-el-mejor-pastel-de-nata-a-solo-2-horas-de-badajoz\/\",\"url\":\"https:\/\/www.diario21.tv\/noticias\/descubre-donde-esta-el-mejor-pastel-de-nata-a-solo-2-horas-de-badajoz\/\",\"name\":\"\u00a1Descubre d\u00f3nde est\u00e1 el mejor pastel de nata, a solo 2 horas de Badajoz! - Diario 21\",\"isPartOf\":{\"@id\":\"https:\/\/www.diario21.tv\/noticias\/#website\"},\"primaryImageOfPage\":{\"@id\":\"https:\/\/www.diario21.tv\/noticias\/descubre-donde-esta-el-mejor-pastel-de-nata-a-solo-2-horas-de-badajoz\/#primaryimage\"},\"image\":{\"@id\":\"https:\/\/www.diario21.tv\/noticias\/descubre-donde-esta-el-mejor-pastel-de-nata-a-solo-2-horas-de-badajoz\/#primaryimage\"},\"thumbnailUrl\":\"https:\/\/www.diario21.tv\/noticias\/wp-content\/uploads\/2025\/10\/\u00a1Descubre-donde-esta-el-mejor-pastel-de-nata-a-solo.jpg\",\"datePublished\":\"2025-10-13T13:36:47+00:00\",\"dateModified\":\"2025-10-13T13:36:49+00:00\",\"author\":{\"@id\":\"https:\/\/www.diario21.tv\/noticias\/#\/schema\/person\/dfb778f73814d8f09f302618446a526b\"},\"breadcrumb\":{\"@id\":\"https:\/\/www.diario21.tv\/noticias\/descubre-donde-esta-el-mejor-pastel-de-nata-a-solo-2-horas-de-badajoz\/#breadcrumb\"},\"inLanguage\":\"es-AR\",\"potentialAction\":[{\"@type\":\"ReadAction\",\"target\":[\"https:\/\/www.diario21.tv\/noticias\/descubre-donde-esta-el-mejor-pastel-de-nata-a-solo-2-horas-de-badajoz\/\"]}]},{\"@type\":\"ImageObject\",\"inLanguage\":\"es-AR\",\"@id\":\"https:\/\/www.diario21.tv\/noticias\/descubre-donde-esta-el-mejor-pastel-de-nata-a-solo-2-horas-de-badajoz\/#primaryimage\",\"url\":\"https:\/\/www.diario21.tv\/noticias\/wp-content\/uploads\/2025\/10\/\u00a1Descubre-donde-esta-el-mejor-pastel-de-nata-a-solo.jpg\",\"contentUrl\":\"https:\/\/www.diario21.tv\/noticias\/wp-content\/uploads\/2025\/10\/\u00a1Descubre-donde-esta-el-mejor-pastel-de-nata-a-solo.jpg\",\"width\":1200,\"height\":840,\"caption\":\"Es oficial: el mejor pastel de nata est\u00e1 a solo dos horas de Badajoz\"},{\"@type\":\"BreadcrumbList\",\"@id\":\"https:\/\/www.diario21.tv\/noticias\/descubre-donde-esta-el-mejor-pastel-de-nata-a-solo-2-horas-de-badajoz\/#breadcrumb\",\"itemListElement\":[{\"@type\":\"ListItem\",\"position\":1,\"name\":\"Accueil\",\"item\":\"https:\/\/www.diario21.tv\/noticias\/\"},{\"@type\":\"ListItem\",\"position\":2,\"name\":\"\u00a1Descubre d\u00f3nde est\u00e1 el mejor pastel de nata, a solo 2 horas de Badajoz!\"}]},{\"@type\":\"WebSite\",\"@id\":\"https:\/\/www.diario21.tv\/noticias\/#website\",\"url\":\"https:\/\/www.diario21.tv\/noticias\/\",\"name\":\"Diario 21\",\"description\":\"\",\"potentialAction\":[{\"@type\":\"SearchAction\",\"target\":{\"@type\":\"EntryPoint\",\"urlTemplate\":\"https:\/\/www.diario21.tv\/noticias\/?s={search_term_string}\"},\"query-input\":{\"@type\":\"PropertyValueSpecification\",\"valueRequired\":true,\"valueName\":\"search_term_string\"}}],\"inLanguage\":\"es-AR\"},{\"@type\":\"Person\",\"@id\":\"https:\/\/www.diario21.tv\/noticias\/#\/schema\/person\/dfb778f73814d8f09f302618446a526b\",\"name\":\"Juan P\u00e9rez\",\"image\":{\"@type\":\"ImageObject\",\"inLanguage\":\"es-AR\",\"@id\":\"https:\/\/www.diario21.tv\/noticias\/#\/schema\/person\/image\/\",\"url\":\"https:\/\/secure.gravatar.com\/avatar\/c478a405bd10621167f4c3167cc770f5?s=96&d=mm&r=g\",\"contentUrl\":\"https:\/\/secure.gravatar.com\/avatar\/c478a405bd10621167f4c3167cc770f5?s=96&d=mm&r=g\",\"caption\":\"Juan P\u00e9rez\"},\"description\":\"Juan P\u00e9rez es el redactor en jefe de Diario 21. Con m\u00e1s de 10 a\u00f1os de experiencia en el periodismo, se especializa en pol\u00edtica nacional y an\u00e1lisis socioecon\u00f3mico. Su enfoque cr\u00edtico y riguroso aporta una perspectiva \u00fanica a cada art\u00edculo.\",\"sameAs\":[\"https:\/\/www.diario21.tv\/noticias\/\"],\"url\":\"https:\/\/www.diario21.tv\/noticias\/author\/juan-perez\/\"}]}<\/script>\n<!-- \/ Yoast SEO plugin. -->","yoast_head_json":{"title":"\u00a1Descubre d\u00f3nde est\u00e1 el mejor pastel de nata, a solo 2 horas de Badajoz! - Diario 21","robots":{"index":"index","follow":"follow","max-snippet":"max-snippet:-1","max-image-preview":"max-image-preview:large","max-video-preview":"max-video-preview:-1"},"canonical":"https:\/\/www.diario21.tv\/noticias\/descubre-donde-esta-el-mejor-pastel-de-nata-a-solo-2-horas-de-badajoz\/","og_locale":"es_ES","og_type":"article","og_title":"\u00a1Descubre d\u00f3nde est\u00e1 el mejor pastel de nata, a solo 2 horas de Badajoz! - Diario 21","og_description":"Confirmado: El pastel de nata m\u00e1s exquisito se encuentra a solo dos horas de Badajoz En un anuncio que ha capturado la atenci\u00f3n de los amantes ... Seguir leyendo &rarr;","og_url":"https:\/\/www.diario21.tv\/noticias\/descubre-donde-esta-el-mejor-pastel-de-nata-a-solo-2-horas-de-badajoz\/","og_site_name":"Diario 21","article_published_time":"2025-10-13T13:36:47+00:00","article_modified_time":"2025-10-13T13:36:49+00:00","og_image":[{"width":1200,"height":840,"url":"https:\/\/www.diario21.tv\/noticias\/wp-content\/uploads\/2025\/10\/\u00a1Descubre-donde-esta-el-mejor-pastel-de-nata-a-solo.jpg","type":"image\/jpeg"}],"author":"Juan P\u00e9rez","twitter_card":"summary_large_image","twitter_misc":{"Escrito por":"Juan P\u00e9rez","Tiempo de lectura":"3 minutos"},"schema":{"@context":"https:\/\/schema.org","@graph":[{"@type":"WebPage","@id":"https:\/\/www.diario21.tv\/noticias\/descubre-donde-esta-el-mejor-pastel-de-nata-a-solo-2-horas-de-badajoz\/","url":"https:\/\/www.diario21.tv\/noticias\/descubre-donde-esta-el-mejor-pastel-de-nata-a-solo-2-horas-de-badajoz\/","name":"\u00a1Descubre d\u00f3nde est\u00e1 el mejor pastel de nata, a solo 2 horas de Badajoz! - Diario 21","isPartOf":{"@id":"https:\/\/www.diario21.tv\/noticias\/#website"},"primaryImageOfPage":{"@id":"https:\/\/www.diario21.tv\/noticias\/descubre-donde-esta-el-mejor-pastel-de-nata-a-solo-2-horas-de-badajoz\/#primaryimage"},"image":{"@id":"https:\/\/www.diario21.tv\/noticias\/descubre-donde-esta-el-mejor-pastel-de-nata-a-solo-2-horas-de-badajoz\/#primaryimage"},"thumbnailUrl":"https:\/\/www.diario21.tv\/noticias\/wp-content\/uploads\/2025\/10\/\u00a1Descubre-donde-esta-el-mejor-pastel-de-nata-a-solo.jpg","datePublished":"2025-10-13T13:36:47+00:00","dateModified":"2025-10-13T13:36:49+00:00","author":{"@id":"https:\/\/www.diario21.tv\/noticias\/#\/schema\/person\/dfb778f73814d8f09f302618446a526b"},"breadcrumb":{"@id":"https:\/\/www.diario21.tv\/noticias\/descubre-donde-esta-el-mejor-pastel-de-nata-a-solo-2-horas-de-badajoz\/#breadcrumb"},"inLanguage":"es-AR","potentialAction":[{"@type":"ReadAction","target":["https:\/\/www.diario21.tv\/noticias\/descubre-donde-esta-el-mejor-pastel-de-nata-a-solo-2-horas-de-badajoz\/"]}]},{"@type":"ImageObject","inLanguage":"es-AR","@id":"https:\/\/www.diario21.tv\/noticias\/descubre-donde-esta-el-mejor-pastel-de-nata-a-solo-2-horas-de-badajoz\/#primaryimage","url":"https:\/\/www.diario21.tv\/noticias\/wp-content\/uploads\/2025\/10\/\u00a1Descubre-donde-esta-el-mejor-pastel-de-nata-a-solo.jpg","contentUrl":"https:\/\/www.diario21.tv\/noticias\/wp-content\/uploads\/2025\/10\/\u00a1Descubre-donde-esta-el-mejor-pastel-de-nata-a-solo.jpg","width":1200,"height":840,"caption":"Es oficial: el mejor pastel de nata est\u00e1 a solo dos horas de Badajoz"},{"@type":"BreadcrumbList","@id":"https:\/\/www.diario21.tv\/noticias\/descubre-donde-esta-el-mejor-pastel-de-nata-a-solo-2-horas-de-badajoz\/#breadcrumb","itemListElement":[{"@type":"ListItem","position":1,"name":"Accueil","item":"https:\/\/www.diario21.tv\/noticias\/"},{"@type":"ListItem","position":2,"name":"\u00a1Descubre d\u00f3nde est\u00e1 el mejor pastel de nata, a solo 2 horas de Badajoz!"}]},{"@type":"WebSite","@id":"https:\/\/www.diario21.tv\/noticias\/#website","url":"https:\/\/www.diario21.tv\/noticias\/","name":"Diario 21","description":"","potentialAction":[{"@type":"SearchAction","target":{"@type":"EntryPoint","urlTemplate":"https:\/\/www.diario21.tv\/noticias\/?s={search_term_string}"},"query-input":{"@type":"PropertyValueSpecification","valueRequired":true,"valueName":"search_term_string"}}],"inLanguage":"es-AR"},{"@type":"Person","@id":"https:\/\/www.diario21.tv\/noticias\/#\/schema\/person\/dfb778f73814d8f09f302618446a526b","name":"Juan P\u00e9rez","image":{"@type":"ImageObject","inLanguage":"es-AR","@id":"https:\/\/www.diario21.tv\/noticias\/#\/schema\/person\/image\/","url":"https:\/\/secure.gravatar.com\/avatar\/c478a405bd10621167f4c3167cc770f5?s=96&d=mm&r=g","contentUrl":"https:\/\/secure.gravatar.com\/avatar\/c478a405bd10621167f4c3167cc770f5?s=96&d=mm&r=g","caption":"Juan P\u00e9rez"},"description":"Juan P\u00e9rez es el redactor en jefe de Diario 21. Con m\u00e1s de 10 a\u00f1os de experiencia en el periodismo, se especializa en pol\u00edtica nacional y an\u00e1lisis socioecon\u00f3mico. Su enfoque cr\u00edtico y riguroso aporta una perspectiva \u00fanica a cada art\u00edculo.","sameAs":["https:\/\/www.diario21.tv\/noticias\/"],"url":"https:\/\/www.diario21.tv\/noticias\/author\/juan-perez\/"}]}},"_links":{"self":[{"href":"https:\/\/www.diario21.tv\/noticias\/wp-json\/wp\/v2\/posts\/4827"}],"collection":[{"href":"https:\/\/www.diario21.tv\/noticias\/wp-json\/wp\/v2\/posts"}],"about":[{"href":"https:\/\/www.diario21.tv\/noticias\/wp-json\/wp\/v2\/types\/post"}],"author":[{"embeddable":true,"href":"https:\/\/www.diario21.tv\/noticias\/wp-json\/wp\/v2\/users\/20"}],"replies":[{"embeddable":true,"href":"https:\/\/www.diario21.tv\/noticias\/wp-json\/wp\/v2\/comments?post=4827"}],"version-history":[{"count":1,"href":"https:\/\/www.diario21.tv\/noticias\/wp-json\/wp\/v2\/posts\/4827\/revisions"}],"predecessor-version":[{"id":4829,"href":"https:\/\/www.diario21.tv\/noticias\/wp-json\/wp\/v2\/posts\/4827\/revisions\/4829"}],"wp:featuredmedia":[{"embeddable":true,"href":"https:\/\/www.diario21.tv\/noticias\/wp-json\/wp\/v2\/media\/4828"}],"wp:attachment":[{"href":"https:\/\/www.diario21.tv\/noticias\/wp-json\/wp\/v2\/media?parent=4827"}],"wp:term":[{"taxonomy":"category","embeddable":true,"href":"https:\/\/www.diario21.tv\/noticias\/wp-json\/wp\/v2\/categories?post=4827"},{"taxonomy":"post_tag","embeddable":true,"href":"https:\/\/www.diario21.tv\/noticias\/wp-json\/wp\/v2\/tags?post=4827"}],"curies":[{"name":"wp","href":"https:\/\/api.w.org\/{rel}","templated":true}]}}