{"id":4816,"date":"2025-10-12T07:27:16","date_gmt":"2025-10-12T07:27:16","guid":{"rendered":"https:\/\/www.diario21.tv\/noticias\/atencion-padres-nuevas-leyes-reduciran-a-22-los-alumnos-en-primaria-y-a-25-en-eso\/"},"modified":"2025-10-12T07:27:18","modified_gmt":"2025-10-12T07:27:18","slug":"atencion-padres-nuevas-leyes-reduciran-a-22-los-alumnos-en-primaria-y-a-25-en-eso","status":"publish","type":"post","link":"https:\/\/www.diario21.tv\/noticias\/atencion-padres-nuevas-leyes-reduciran-a-22-los-alumnos-en-primaria-y-a-25-en-eso\/","title":{"rendered":"\u00a1Atenci\u00f3n padres! Nuevas leyes reducir\u00e1n a 22 los alumnos en primaria y a 25 en ESO"},"content":{"rendered":"<h2>Reducci\u00f3n Legal del N\u00famero de Estudiantes por Aula<\/h2>\n<p>El Gobierno ha anunciado recientemente su intenci\u00f3n de implementar una nueva normativa que reducir\u00e1 el n\u00famero m\u00e1ximo de estudiantes en las aulas de primaria y secundaria. Con esta medida, se busca mejorar la calidad de la educaci\u00f3n y facilitar una atenci\u00f3n m\u00e1s personalizada para cada estudiante.<\/p>\n<h3>Detalles de la Nueva Normativa<\/h3>\n<p>Seg\u00fan lo estipulado en la nueva legislaci\u00f3n, el l\u00edmite de estudiantes por clase en los niveles de educaci\u00f3n primaria se establecer\u00e1 en 22, mientras que para la Educaci\u00f3n Secundaria Obligatoria (ESO) el m\u00e1ximo ser\u00e1 de 25 alumnos por aula. Esta acci\u00f3n es parte de un esfuerzo m\u00e1s amplio por parte del Gobierno para reforzar el sistema educativo y responder a las necesidades de los estudiantes y docentes.<\/p>\n<h3>Impacto Esperado en el \u00c1mbito Educativo<\/h3>\n<p>La reducci\u00f3n en el n\u00famero de alumnos por clase tiene como objetivo principal mejorar la interacci\u00f3n entre estudiantes y profesores. Con grupos m\u00e1s peque\u00f1os, se espera que los docentes puedan dedicar m\u00e1s tiempo a cada alumno, personalizando la ense\u00f1anza y atendiendo de manera m\u00e1s efectiva las diferencias individuales. Esta medida podr\u00eda tambi\u00e9n contribuir a un mejor ambiente en el aula, reduciendo los niveles de estr\u00e9s tanto para alumnos como para profesores y potencialmente mejorando los resultados acad\u00e9micos.<\/p>\n<h3>Opiniones y Reacciones<\/h3>\n<p>La decisi\u00f3n ha sido recibida con opiniones mixtas. Mientras que muchos educadores y padres de familia ven esta medida como un paso positivo hacia una educaci\u00f3n de mayor calidad, algunos cr\u00edticos argumentan sobre las dificultades pr\u00e1cticas de su implementaci\u00f3n, incluyendo la necesidad de m\u00e1s recursos y espacio en las escuelas. No obstante, el consenso general parece inclinarse hacia el reconocimiento de la importancia de clases m\u00e1s reducidas para un aprendizaje efectivo.<\/p>\n<p>En conclusi\u00f3n, esta nueva ley promete transformar el paisaje educativo, poniendo el foco en la calidad de la ense\u00f1anza y el bienestar de los estudiantes. A medida que se implemente, ser\u00e1 crucial monitorear sus efectos y ajustar cualquier aspecto necesario para garantizar que cumple con su objetivo de enriquecer la educaci\u00f3n en el pa\u00eds.<\/p>\n\n\n<div class=\"kk-star-ratings kksr-auto kksr-align-left kksr-valign-bottom\"\n    data-payload='{&quot;align&quot;:&quot;left&quot;,&quot;id&quot;:&quot;4816&quot;,&quot;slug&quot;:&quot;default&quot;,&quot;valign&quot;:&quot;bottom&quot;,&quot;ignore&quot;:&quot;&quot;,&quot;reference&quot;:&quot;auto&quot;,&quot;class&quot;:&quot;&quot;,&quot;count&quot;:&quot;0&quot;,&quot;legendonly&quot;:&quot;&quot;,&quot;readonly&quot;:&quot;&quot;,&quot;score&quot;:&quot;0&quot;,&quot;starsonly&quot;:&quot;&quot;,&quot;best&quot;:&quot;5&quot;,&quot;gap&quot;:&quot;5&quot;,&quot;greet&quot;:&quot;Valora este post&quot;,&quot;legend&quot;:&quot;0\\\/5 - (0 votes)&quot;,&quot;size&quot;:&quot;22&quot;,&quot;title&quot;:&quot;\u00a1Atenci\u00f3n padres! Nuevas leyes reducir\u00e1n a 22 los alumnos en primaria y a 25 en ESO&quot;,&quot;width&quot;:&quot;0&quot;,&quot;_legend&quot;:&quot;{score}\\\/{best} - ({count} {votes})&quot;,&quot;font_factor&quot;:&quot;1.25&quot;}'>\n            \n<div class=\"kksr-stars\">\n    \n<div class=\"kksr-stars-inactive\">\n            <div class=\"kksr-star\" data-star=\"1\" style=\"padding-right: 5px\">\n            \n\n<div class=\"kksr-icon\" style=\"width: 22px; height: 22px;\"><\/div>\n        <\/div>\n            <div class=\"kksr-star\" data-star=\"2\" style=\"padding-right: 5px\">\n            \n\n<div class=\"kksr-icon\" style=\"width: 22px; height: 22px;\"><\/div>\n        <\/div>\n            <div class=\"kksr-star\" data-star=\"3\" style=\"padding-right: 5px\">\n            \n\n<div class=\"kksr-icon\" style=\"width: 22px; height: 22px;\"><\/div>\n        <\/div>\n            <div class=\"kksr-star\" data-star=\"4\" style=\"padding-right: 5px\">\n            \n\n<div class=\"kksr-icon\" style=\"width: 22px; height: 22px;\"><\/div>\n        <\/div>\n            <div class=\"kksr-star\" data-star=\"5\" style=\"padding-right: 5px\">\n            \n\n<div class=\"kksr-icon\" style=\"width: 22px; height: 22px;\"><\/div>\n        <\/div>\n    <\/div>\n    \n<div class=\"kksr-stars-active\" style=\"width: 0px;\">\n            <div class=\"kksr-star\" style=\"padding-right: 5px\">\n            \n\n<div class=\"kksr-icon\" style=\"width: 22px; height: 22px;\"><\/div>\n        <\/div>\n            <div class=\"kksr-star\" style=\"padding-right: 5px\">\n            \n\n<div class=\"kksr-icon\" style=\"width: 22px; height: 22px;\"><\/div>\n        <\/div>\n            <div class=\"kksr-star\" style=\"padding-right: 5px\">\n            \n\n<div class=\"kksr-icon\" style=\"width: 22px; height: 22px;\"><\/div>\n        <\/div>\n            <div class=\"kksr-star\" style=\"padding-right: 5px\">\n            \n\n<div class=\"kksr-icon\" style=\"width: 22px; height: 22px;\"><\/div>\n        <\/div>\n            <div class=\"kksr-star\" style=\"padding-right: 5px\">\n            \n\n<div class=\"kksr-icon\" style=\"width: 22px; height: 22px;\"><\/div>\n        <\/div>\n    <\/div>\n<\/div>\n                \n\n<div class=\"kksr-legend\" style=\"font-size: 17.6px;\">\n            <span class=\"kksr-muted\">Valora este post<\/span>\n    <\/div>\n    <\/div>\n","protected":false},"excerpt":{"rendered":"<p>Reducci\u00f3n Legal del N\u00famero de Estudiantes por Aula El Gobierno ha anunciado recientemente su intenci\u00f3n de implementar una nueva normativa que reducir\u00e1 el n\u00famero m\u00e1ximo de &#8230; <a title=\"\u00a1Atenci\u00f3n padres! Nuevas leyes reducir\u00e1n a 22 los alumnos en primaria y a 25 en ESO\" class=\"read-more\" href=\"https:\/\/www.diario21.tv\/noticias\/atencion-padres-nuevas-leyes-reduciran-a-22-los-alumnos-en-primaria-y-a-25-en-eso\/\" aria-label=\"Leer m\u00e1s sobre \u00a1Atenci\u00f3n padres! Nuevas leyes reducir\u00e1n a 22 los alumnos en primaria y a 25 en ESO\">Seguir leyendo &rarr;<\/a><\/p>\n","protected":false},"author":20,"featured_media":4817,"comment_status":"open","ping_status":"open","sticky":false,"template":"","format":"standard","meta":{"footnotes":""},"categories":[13],"tags":[],"class_list":["post-4816","post","type-post","status-publish","format-standard","has-post-thumbnail","hentry","category-portada"],"yoast_head":"<!-- This site is optimized with the Yoast SEO plugin v25.6 - https:\/\/yoast.com\/wordpress\/plugins\/seo\/ -->\n<title>\u00a1Atenci\u00f3n padres! Nuevas leyes reducir\u00e1n a 22 los alumnos en primaria y a 25 en ESO - Diario 21<\/title>\n<meta name=\"robots\" content=\"index, follow, max-snippet:-1, max-image-preview:large, max-video-preview:-1\" \/>\n<link rel=\"canonical\" href=\"https:\/\/www.diario21.tv\/noticias\/atencion-padres-nuevas-leyes-reduciran-a-22-los-alumnos-en-primaria-y-a-25-en-eso\/\" \/>\n<meta property=\"og:locale\" content=\"es_ES\" \/>\n<meta property=\"og:type\" content=\"article\" \/>\n<meta property=\"og:title\" content=\"\u00a1Atenci\u00f3n padres! Nuevas leyes reducir\u00e1n a 22 los alumnos en primaria y a 25 en ESO - Diario 21\" \/>\n<meta property=\"og:description\" content=\"Reducci\u00f3n Legal del N\u00famero de Estudiantes por Aula El Gobierno ha anunciado recientemente su intenci\u00f3n de implementar una nueva normativa que reducir\u00e1 el n\u00famero m\u00e1ximo de ... Seguir leyendo &rarr;\" \/>\n<meta property=\"og:url\" content=\"https:\/\/www.diario21.tv\/noticias\/atencion-padres-nuevas-leyes-reduciran-a-22-los-alumnos-en-primaria-y-a-25-en-eso\/\" \/>\n<meta property=\"og:site_name\" content=\"Diario 21\" \/>\n<meta property=\"article:published_time\" content=\"2025-10-12T07:27:16+00:00\" \/>\n<meta property=\"article:modified_time\" content=\"2025-10-12T07:27:18+00:00\" \/>\n<meta property=\"og:image\" content=\"https:\/\/www.diario21.tv\/noticias\/wp-content\/uploads\/2025\/10\/\u00a1Atencion-padres-Nuevas-leyes-reduciran-a-22-los-alumnos-en.jpg\" \/>\n\t<meta property=\"og:image:width\" content=\"1200\" \/>\n\t<meta property=\"og:image:height\" content=\"840\" \/>\n\t<meta property=\"og:image:type\" content=\"image\/jpeg\" \/>\n<meta name=\"author\" content=\"Juan P\u00e9rez\" \/>\n<meta name=\"twitter:card\" content=\"summary_large_image\" \/>\n<meta name=\"twitter:label1\" content=\"Escrito por\" \/>\n\t<meta name=\"twitter:data1\" content=\"Juan P\u00e9rez\" \/>\n\t<meta name=\"twitter:label2\" content=\"Tiempo de lectura\" \/>\n\t<meta name=\"twitter:data2\" content=\"2 minutos\" \/>\n<script type=\"application\/ld+json\" class=\"yoast-schema-graph\">{\"@context\":\"https:\/\/schema.org\",\"@graph\":[{\"@type\":\"WebPage\",\"@id\":\"https:\/\/www.diario21.tv\/noticias\/atencion-padres-nuevas-leyes-reduciran-a-22-los-alumnos-en-primaria-y-a-25-en-eso\/\",\"url\":\"https:\/\/www.diario21.tv\/noticias\/atencion-padres-nuevas-leyes-reduciran-a-22-los-alumnos-en-primaria-y-a-25-en-eso\/\",\"name\":\"\u00a1Atenci\u00f3n padres! Nuevas leyes reducir\u00e1n a 22 los alumnos en primaria y a 25 en ESO - Diario 21\",\"isPartOf\":{\"@id\":\"https:\/\/www.diario21.tv\/noticias\/#website\"},\"primaryImageOfPage\":{\"@id\":\"https:\/\/www.diario21.tv\/noticias\/atencion-padres-nuevas-leyes-reduciran-a-22-los-alumnos-en-primaria-y-a-25-en-eso\/#primaryimage\"},\"image\":{\"@id\":\"https:\/\/www.diario21.tv\/noticias\/atencion-padres-nuevas-leyes-reduciran-a-22-los-alumnos-en-primaria-y-a-25-en-eso\/#primaryimage\"},\"thumbnailUrl\":\"https:\/\/www.diario21.tv\/noticias\/wp-content\/uploads\/2025\/10\/\u00a1Atencion-padres-Nuevas-leyes-reduciran-a-22-los-alumnos-en.jpg\",\"datePublished\":\"2025-10-12T07:27:16+00:00\",\"dateModified\":\"2025-10-12T07:27:18+00:00\",\"author\":{\"@id\":\"https:\/\/www.diario21.tv\/noticias\/#\/schema\/person\/dfb778f73814d8f09f302618446a526b\"},\"breadcrumb\":{\"@id\":\"https:\/\/www.diario21.tv\/noticias\/atencion-padres-nuevas-leyes-reduciran-a-22-los-alumnos-en-primaria-y-a-25-en-eso\/#breadcrumb\"},\"inLanguage\":\"es-AR\",\"potentialAction\":[{\"@type\":\"ReadAction\",\"target\":[\"https:\/\/www.diario21.tv\/noticias\/atencion-padres-nuevas-leyes-reduciran-a-22-los-alumnos-en-primaria-y-a-25-en-eso\/\"]}]},{\"@type\":\"ImageObject\",\"inLanguage\":\"es-AR\",\"@id\":\"https:\/\/www.diario21.tv\/noticias\/atencion-padres-nuevas-leyes-reduciran-a-22-los-alumnos-en-primaria-y-a-25-en-eso\/#primaryimage\",\"url\":\"https:\/\/www.diario21.tv\/noticias\/wp-content\/uploads\/2025\/10\/\u00a1Atencion-padres-Nuevas-leyes-reduciran-a-22-los-alumnos-en.jpg\",\"contentUrl\":\"https:\/\/www.diario21.tv\/noticias\/wp-content\/uploads\/2025\/10\/\u00a1Atencion-padres-Nuevas-leyes-reduciran-a-22-los-alumnos-en.jpg\",\"width\":1200,\"height\":840,\"caption\":\"El Gobierno rebajar\u00e1 por ley a 22 los alumnos por clase en primaria y a 25 en ESO\"},{\"@type\":\"BreadcrumbList\",\"@id\":\"https:\/\/www.diario21.tv\/noticias\/atencion-padres-nuevas-leyes-reduciran-a-22-los-alumnos-en-primaria-y-a-25-en-eso\/#breadcrumb\",\"itemListElement\":[{\"@type\":\"ListItem\",\"position\":1,\"name\":\"Accueil\",\"item\":\"https:\/\/www.diario21.tv\/noticias\/\"},{\"@type\":\"ListItem\",\"position\":2,\"name\":\"\u00a1Atenci\u00f3n padres! Nuevas leyes reducir\u00e1n a 22 los alumnos en primaria y a 25 en ESO\"}]},{\"@type\":\"WebSite\",\"@id\":\"https:\/\/www.diario21.tv\/noticias\/#website\",\"url\":\"https:\/\/www.diario21.tv\/noticias\/\",\"name\":\"Diario 21\",\"description\":\"\",\"potentialAction\":[{\"@type\":\"SearchAction\",\"target\":{\"@type\":\"EntryPoint\",\"urlTemplate\":\"https:\/\/www.diario21.tv\/noticias\/?s={search_term_string}\"},\"query-input\":{\"@type\":\"PropertyValueSpecification\",\"valueRequired\":true,\"valueName\":\"search_term_string\"}}],\"inLanguage\":\"es-AR\"},{\"@type\":\"Person\",\"@id\":\"https:\/\/www.diario21.tv\/noticias\/#\/schema\/person\/dfb778f73814d8f09f302618446a526b\",\"name\":\"Juan P\u00e9rez\",\"image\":{\"@type\":\"ImageObject\",\"inLanguage\":\"es-AR\",\"@id\":\"https:\/\/www.diario21.tv\/noticias\/#\/schema\/person\/image\/\",\"url\":\"https:\/\/secure.gravatar.com\/avatar\/c478a405bd10621167f4c3167cc770f5?s=96&d=mm&r=g\",\"contentUrl\":\"https:\/\/secure.gravatar.com\/avatar\/c478a405bd10621167f4c3167cc770f5?s=96&d=mm&r=g\",\"caption\":\"Juan P\u00e9rez\"},\"description\":\"Juan P\u00e9rez es el redactor en jefe de Diario 21. Con m\u00e1s de 10 a\u00f1os de experiencia en el periodismo, se especializa en pol\u00edtica nacional y an\u00e1lisis socioecon\u00f3mico. Su enfoque cr\u00edtico y riguroso aporta una perspectiva \u00fanica a cada art\u00edculo.\",\"sameAs\":[\"https:\/\/www.diario21.tv\/noticias\/\"],\"url\":\"https:\/\/www.diario21.tv\/noticias\/author\/juan-perez\/\"}]}<\/script>\n<!-- \/ Yoast SEO plugin. -->","yoast_head_json":{"title":"\u00a1Atenci\u00f3n padres! Nuevas leyes reducir\u00e1n a 22 los alumnos en primaria y a 25 en ESO - Diario 21","robots":{"index":"index","follow":"follow","max-snippet":"max-snippet:-1","max-image-preview":"max-image-preview:large","max-video-preview":"max-video-preview:-1"},"canonical":"https:\/\/www.diario21.tv\/noticias\/atencion-padres-nuevas-leyes-reduciran-a-22-los-alumnos-en-primaria-y-a-25-en-eso\/","og_locale":"es_ES","og_type":"article","og_title":"\u00a1Atenci\u00f3n padres! Nuevas leyes reducir\u00e1n a 22 los alumnos en primaria y a 25 en ESO - Diario 21","og_description":"Reducci\u00f3n Legal del N\u00famero de Estudiantes por Aula El Gobierno ha anunciado recientemente su intenci\u00f3n de implementar una nueva normativa que reducir\u00e1 el n\u00famero m\u00e1ximo de ... Seguir leyendo &rarr;","og_url":"https:\/\/www.diario21.tv\/noticias\/atencion-padres-nuevas-leyes-reduciran-a-22-los-alumnos-en-primaria-y-a-25-en-eso\/","og_site_name":"Diario 21","article_published_time":"2025-10-12T07:27:16+00:00","article_modified_time":"2025-10-12T07:27:18+00:00","og_image":[{"width":1200,"height":840,"url":"https:\/\/www.diario21.tv\/noticias\/wp-content\/uploads\/2025\/10\/\u00a1Atencion-padres-Nuevas-leyes-reduciran-a-22-los-alumnos-en.jpg","type":"image\/jpeg"}],"author":"Juan P\u00e9rez","twitter_card":"summary_large_image","twitter_misc":{"Escrito por":"Juan P\u00e9rez","Tiempo de lectura":"2 minutos"},"schema":{"@context":"https:\/\/schema.org","@graph":[{"@type":"WebPage","@id":"https:\/\/www.diario21.tv\/noticias\/atencion-padres-nuevas-leyes-reduciran-a-22-los-alumnos-en-primaria-y-a-25-en-eso\/","url":"https:\/\/www.diario21.tv\/noticias\/atencion-padres-nuevas-leyes-reduciran-a-22-los-alumnos-en-primaria-y-a-25-en-eso\/","name":"\u00a1Atenci\u00f3n padres! Nuevas leyes reducir\u00e1n a 22 los alumnos en primaria y a 25 en ESO - Diario 21","isPartOf":{"@id":"https:\/\/www.diario21.tv\/noticias\/#website"},"primaryImageOfPage":{"@id":"https:\/\/www.diario21.tv\/noticias\/atencion-padres-nuevas-leyes-reduciran-a-22-los-alumnos-en-primaria-y-a-25-en-eso\/#primaryimage"},"image":{"@id":"https:\/\/www.diario21.tv\/noticias\/atencion-padres-nuevas-leyes-reduciran-a-22-los-alumnos-en-primaria-y-a-25-en-eso\/#primaryimage"},"thumbnailUrl":"https:\/\/www.diario21.tv\/noticias\/wp-content\/uploads\/2025\/10\/\u00a1Atencion-padres-Nuevas-leyes-reduciran-a-22-los-alumnos-en.jpg","datePublished":"2025-10-12T07:27:16+00:00","dateModified":"2025-10-12T07:27:18+00:00","author":{"@id":"https:\/\/www.diario21.tv\/noticias\/#\/schema\/person\/dfb778f73814d8f09f302618446a526b"},"breadcrumb":{"@id":"https:\/\/www.diario21.tv\/noticias\/atencion-padres-nuevas-leyes-reduciran-a-22-los-alumnos-en-primaria-y-a-25-en-eso\/#breadcrumb"},"inLanguage":"es-AR","potentialAction":[{"@type":"ReadAction","target":["https:\/\/www.diario21.tv\/noticias\/atencion-padres-nuevas-leyes-reduciran-a-22-los-alumnos-en-primaria-y-a-25-en-eso\/"]}]},{"@type":"ImageObject","inLanguage":"es-AR","@id":"https:\/\/www.diario21.tv\/noticias\/atencion-padres-nuevas-leyes-reduciran-a-22-los-alumnos-en-primaria-y-a-25-en-eso\/#primaryimage","url":"https:\/\/www.diario21.tv\/noticias\/wp-content\/uploads\/2025\/10\/\u00a1Atencion-padres-Nuevas-leyes-reduciran-a-22-los-alumnos-en.jpg","contentUrl":"https:\/\/www.diario21.tv\/noticias\/wp-content\/uploads\/2025\/10\/\u00a1Atencion-padres-Nuevas-leyes-reduciran-a-22-los-alumnos-en.jpg","width":1200,"height":840,"caption":"El Gobierno rebajar\u00e1 por ley a 22 los alumnos por clase en primaria y a 25 en ESO"},{"@type":"BreadcrumbList","@id":"https:\/\/www.diario21.tv\/noticias\/atencion-padres-nuevas-leyes-reduciran-a-22-los-alumnos-en-primaria-y-a-25-en-eso\/#breadcrumb","itemListElement":[{"@type":"ListItem","position":1,"name":"Accueil","item":"https:\/\/www.diario21.tv\/noticias\/"},{"@type":"ListItem","position":2,"name":"\u00a1Atenci\u00f3n padres! Nuevas leyes reducir\u00e1n a 22 los alumnos en primaria y a 25 en ESO"}]},{"@type":"WebSite","@id":"https:\/\/www.diario21.tv\/noticias\/#website","url":"https:\/\/www.diario21.tv\/noticias\/","name":"Diario 21","description":"","potentialAction":[{"@type":"SearchAction","target":{"@type":"EntryPoint","urlTemplate":"https:\/\/www.diario21.tv\/noticias\/?s={search_term_string}"},"query-input":{"@type":"PropertyValueSpecification","valueRequired":true,"valueName":"search_term_string"}}],"inLanguage":"es-AR"},{"@type":"Person","@id":"https:\/\/www.diario21.tv\/noticias\/#\/schema\/person\/dfb778f73814d8f09f302618446a526b","name":"Juan P\u00e9rez","image":{"@type":"ImageObject","inLanguage":"es-AR","@id":"https:\/\/www.diario21.tv\/noticias\/#\/schema\/person\/image\/","url":"https:\/\/secure.gravatar.com\/avatar\/c478a405bd10621167f4c3167cc770f5?s=96&d=mm&r=g","contentUrl":"https:\/\/secure.gravatar.com\/avatar\/c478a405bd10621167f4c3167cc770f5?s=96&d=mm&r=g","caption":"Juan P\u00e9rez"},"description":"Juan P\u00e9rez es el redactor en jefe de Diario 21. Con m\u00e1s de 10 a\u00f1os de experiencia en el periodismo, se especializa en pol\u00edtica nacional y an\u00e1lisis socioecon\u00f3mico. Su enfoque cr\u00edtico y riguroso aporta una perspectiva \u00fanica a cada art\u00edculo.","sameAs":["https:\/\/www.diario21.tv\/noticias\/"],"url":"https:\/\/www.diario21.tv\/noticias\/author\/juan-perez\/"}]}},"_links":{"self":[{"href":"https:\/\/www.diario21.tv\/noticias\/wp-json\/wp\/v2\/posts\/4816"}],"collection":[{"href":"https:\/\/www.diario21.tv\/noticias\/wp-json\/wp\/v2\/posts"}],"about":[{"href":"https:\/\/www.diario21.tv\/noticias\/wp-json\/wp\/v2\/types\/post"}],"author":[{"embeddable":true,"href":"https:\/\/www.diario21.tv\/noticias\/wp-json\/wp\/v2\/users\/20"}],"replies":[{"embeddable":true,"href":"https:\/\/www.diario21.tv\/noticias\/wp-json\/wp\/v2\/comments?post=4816"}],"version-history":[{"count":1,"href":"https:\/\/www.diario21.tv\/noticias\/wp-json\/wp\/v2\/posts\/4816\/revisions"}],"predecessor-version":[{"id":4818,"href":"https:\/\/www.diario21.tv\/noticias\/wp-json\/wp\/v2\/posts\/4816\/revisions\/4818"}],"wp:featuredmedia":[{"embeddable":true,"href":"https:\/\/www.diario21.tv\/noticias\/wp-json\/wp\/v2\/media\/4817"}],"wp:attachment":[{"href":"https:\/\/www.diario21.tv\/noticias\/wp-json\/wp\/v2\/media?parent=4816"}],"wp:term":[{"taxonomy":"category","embeddable":true,"href":"https:\/\/www.diario21.tv\/noticias\/wp-json\/wp\/v2\/categories?post=4816"},{"taxonomy":"post_tag","embeddable":true,"href":"https:\/\/www.diario21.tv\/noticias\/wp-json\/wp\/v2\/tags?post=4816"}],"curies":[{"name":"wp","href":"https:\/\/api.w.org\/{rel}","templated":true}]}}