{"id":4813,"date":"2025-10-12T01:25:59","date_gmt":"2025-10-12T01:25:59","guid":{"rendered":"https:\/\/www.diario21.tv\/noticias\/alerta-maxima-en-alicante-y-murcia-por-aemet-universidades-suspenden-clases\/"},"modified":"2025-10-12T01:26:07","modified_gmt":"2025-10-12T01:26:07","slug":"alerta-maxima-en-alicante-y-murcia-por-aemet-universidades-suspenden-clases","status":"publish","type":"post","link":"https:\/\/www.diario21.tv\/noticias\/alerta-maxima-en-alicante-y-murcia-por-aemet-universidades-suspenden-clases\/","title":{"rendered":"\u00a1Alerta m\u00e1xima en Alicante y Murcia por Aemet! Universidades suspenden clases."},"content":{"rendered":"<h2>Alerta roja en Alicante y Murcia emitida por la Aemet<\/h2>\n<p>La Agencia Estatal de Meteorolog\u00eda (Aemet) ha elevado a alerta roja el nivel de precauci\u00f3n en las provincias de Alicante y Murcia debido a condiciones clim\u00e1ticas extremadamente adversas. Esta situaci\u00f3n ha llevado a que las instituciones acad\u00e9micas en ambas provincias tomen medidas preventivas.<\/p>\n<h3>Suspensi\u00f3n de actividades acad\u00e9micas<\/h3>\n<p>En respuesta a las advertencias emitidas por la Aemet, diversas universidades en Alicante y Murcia han decidido suspender sus actividades acad\u00e9micas. Esta medida busca garantizar la seguridad de los estudiantes y el personal ante los riesgos presentados por el estado del tiempo.<\/p>\n<h3>Recomendaciones a la poblaci\u00f3n<\/h3>\n<p>Las autoridades locales y la Aemet han instado a los ciudadanos a tomar precauciones extremas. Se recomienda evitar desplazamientos innecesarios y estar muy atentos a las actualizaciones de las condiciones meteorol\u00f3gicas. Asimismo, se aconseja seguir las instrucciones de los organismos de protecci\u00f3n civil para reducir el riesgo de incidentes.<\/p>\n<p>Esta situaci\u00f3n de alerta m\u00e1xima est\u00e1 siendo monitoreada de cerca por las autoridades competentes, y se espera que la poblaci\u00f3n acate las recomendaciones para minimizar cualquier impacto negativo derivado de las inclemencias del tiempo.<\/p>\n\n\n<div class=\"kk-star-ratings kksr-auto kksr-align-left kksr-valign-bottom\"\n    data-payload='{&quot;align&quot;:&quot;left&quot;,&quot;id&quot;:&quot;4813&quot;,&quot;slug&quot;:&quot;default&quot;,&quot;valign&quot;:&quot;bottom&quot;,&quot;ignore&quot;:&quot;&quot;,&quot;reference&quot;:&quot;auto&quot;,&quot;class&quot;:&quot;&quot;,&quot;count&quot;:&quot;1&quot;,&quot;legendonly&quot;:&quot;&quot;,&quot;readonly&quot;:&quot;&quot;,&quot;score&quot;:&quot;1&quot;,&quot;starsonly&quot;:&quot;&quot;,&quot;best&quot;:&quot;5&quot;,&quot;gap&quot;:&quot;5&quot;,&quot;greet&quot;:&quot;Valora este post&quot;,&quot;legend&quot;:&quot;1\\\/5 - (1 vote)&quot;,&quot;size&quot;:&quot;22&quot;,&quot;title&quot;:&quot;\u00a1Alerta m\u00e1xima en Alicante y Murcia por Aemet! Universidades suspenden clases.&quot;,&quot;width&quot;:&quot;24.5&quot;,&quot;_legend&quot;:&quot;{score}\\\/{best} - ({count} {votes})&quot;,&quot;font_factor&quot;:&quot;1.25&quot;}'>\n            \n<div class=\"kksr-stars\">\n    \n<div class=\"kksr-stars-inactive\">\n            <div class=\"kksr-star\" data-star=\"1\" style=\"padding-right: 5px\">\n            \n\n<div class=\"kksr-icon\" style=\"width: 22px; height: 22px;\"><\/div>\n        <\/div>\n            <div class=\"kksr-star\" data-star=\"2\" style=\"padding-right: 5px\">\n            \n\n<div class=\"kksr-icon\" style=\"width: 22px; height: 22px;\"><\/div>\n        <\/div>\n            <div class=\"kksr-star\" data-star=\"3\" style=\"padding-right: 5px\">\n            \n\n<div class=\"kksr-icon\" style=\"width: 22px; height: 22px;\"><\/div>\n        <\/div>\n            <div class=\"kksr-star\" data-star=\"4\" style=\"padding-right: 5px\">\n            \n\n<div class=\"kksr-icon\" style=\"width: 22px; height: 22px;\"><\/div>\n        <\/div>\n            <div class=\"kksr-star\" data-star=\"5\" style=\"padding-right: 5px\">\n            \n\n<div class=\"kksr-icon\" style=\"width: 22px; height: 22px;\"><\/div>\n        <\/div>\n    <\/div>\n    \n<div class=\"kksr-stars-active\" style=\"width: 24.5px;\">\n            <div class=\"kksr-star\" style=\"padding-right: 5px\">\n            \n\n<div class=\"kksr-icon\" style=\"width: 22px; height: 22px;\"><\/div>\n        <\/div>\n            <div class=\"kksr-star\" style=\"padding-right: 5px\">\n            \n\n<div class=\"kksr-icon\" style=\"width: 22px; height: 22px;\"><\/div>\n        <\/div>\n            <div class=\"kksr-star\" style=\"padding-right: 5px\">\n            \n\n<div class=\"kksr-icon\" style=\"width: 22px; height: 22px;\"><\/div>\n        <\/div>\n            <div class=\"kksr-star\" style=\"padding-right: 5px\">\n            \n\n<div class=\"kksr-icon\" style=\"width: 22px; height: 22px;\"><\/div>\n        <\/div>\n            <div class=\"kksr-star\" style=\"padding-right: 5px\">\n            \n\n<div class=\"kksr-icon\" style=\"width: 22px; height: 22px;\"><\/div>\n        <\/div>\n    <\/div>\n<\/div>\n                \n\n<div class=\"kksr-legend\" style=\"font-size: 17.6px;\">\n            1\/5 - (1 vote)    <\/div>\n    <\/div>\n","protected":false},"excerpt":{"rendered":"<p>Alerta roja en Alicante y Murcia emitida por la Aemet La Agencia Estatal de Meteorolog\u00eda (Aemet) ha elevado a alerta roja el nivel de precauci\u00f3n en &#8230; <a title=\"\u00a1Alerta m\u00e1xima en Alicante y Murcia por Aemet! Universidades suspenden clases.\" class=\"read-more\" href=\"https:\/\/www.diario21.tv\/noticias\/alerta-maxima-en-alicante-y-murcia-por-aemet-universidades-suspenden-clases\/\" aria-label=\"Leer m\u00e1s sobre \u00a1Alerta m\u00e1xima en Alicante y Murcia por Aemet! Universidades suspenden clases.\">Seguir leyendo &rarr;<\/a><\/p>\n","protected":false},"author":20,"featured_media":4814,"comment_status":"open","ping_status":"open","sticky":false,"template":"","format":"standard","meta":{"footnotes":""},"categories":[13],"tags":[],"class_list":["post-4813","post","type-post","status-publish","format-standard","has-post-thumbnail","hentry","category-portada"],"yoast_head":"<!-- This site is optimized with the Yoast SEO plugin v25.6 - https:\/\/yoast.com\/wordpress\/plugins\/seo\/ -->\n<title>\u00a1Alerta m\u00e1xima en Alicante y Murcia por Aemet! Universidades suspenden clases. - Diario 21<\/title>\n<meta name=\"robots\" content=\"index, follow, max-snippet:-1, max-image-preview:large, max-video-preview:-1\" \/>\n<link rel=\"canonical\" href=\"https:\/\/www.diario21.tv\/noticias\/alerta-maxima-en-alicante-y-murcia-por-aemet-universidades-suspenden-clases\/\" \/>\n<meta property=\"og:locale\" content=\"es_ES\" \/>\n<meta property=\"og:type\" content=\"article\" \/>\n<meta property=\"og:title\" content=\"\u00a1Alerta m\u00e1xima en Alicante y Murcia por Aemet! Universidades suspenden clases. - Diario 21\" \/>\n<meta property=\"og:description\" content=\"Alerta roja en Alicante y Murcia emitida por la Aemet La Agencia Estatal de Meteorolog\u00eda (Aemet) ha elevado a alerta roja el nivel de precauci\u00f3n en ... Seguir leyendo &rarr;\" \/>\n<meta property=\"og:url\" content=\"https:\/\/www.diario21.tv\/noticias\/alerta-maxima-en-alicante-y-murcia-por-aemet-universidades-suspenden-clases\/\" \/>\n<meta property=\"og:site_name\" content=\"Diario 21\" \/>\n<meta property=\"article:published_time\" content=\"2025-10-12T01:25:59+00:00\" \/>\n<meta property=\"article:modified_time\" content=\"2025-10-12T01:26:07+00:00\" \/>\n<meta property=\"og:image\" content=\"https:\/\/www.diario21.tv\/noticias\/wp-content\/uploads\/2025\/10\/\u00a1Alerta-maxima-en-Alicante-y-Murcia-por-Aemet-Universidades-suspenden.JPG\" \/>\n\t<meta property=\"og:image:width\" content=\"1200\" \/>\n\t<meta property=\"og:image:height\" content=\"840\" \/>\n\t<meta property=\"og:image:type\" content=\"image\/jpeg\" \/>\n<meta name=\"author\" content=\"Juan P\u00e9rez\" \/>\n<meta name=\"twitter:card\" content=\"summary_large_image\" \/>\n<meta name=\"twitter:label1\" content=\"Escrito por\" \/>\n\t<meta name=\"twitter:data1\" content=\"Juan P\u00e9rez\" \/>\n\t<meta name=\"twitter:label2\" content=\"Tiempo de lectura\" \/>\n\t<meta name=\"twitter:data2\" content=\"1 minuto\" \/>\n<script type=\"application\/ld+json\" class=\"yoast-schema-graph\">{\"@context\":\"https:\/\/schema.org\",\"@graph\":[{\"@type\":\"WebPage\",\"@id\":\"https:\/\/www.diario21.tv\/noticias\/alerta-maxima-en-alicante-y-murcia-por-aemet-universidades-suspenden-clases\/\",\"url\":\"https:\/\/www.diario21.tv\/noticias\/alerta-maxima-en-alicante-y-murcia-por-aemet-universidades-suspenden-clases\/\",\"name\":\"\u00a1Alerta m\u00e1xima en Alicante y Murcia por Aemet! Universidades suspenden clases. - Diario 21\",\"isPartOf\":{\"@id\":\"https:\/\/www.diario21.tv\/noticias\/#website\"},\"primaryImageOfPage\":{\"@id\":\"https:\/\/www.diario21.tv\/noticias\/alerta-maxima-en-alicante-y-murcia-por-aemet-universidades-suspenden-clases\/#primaryimage\"},\"image\":{\"@id\":\"https:\/\/www.diario21.tv\/noticias\/alerta-maxima-en-alicante-y-murcia-por-aemet-universidades-suspenden-clases\/#primaryimage\"},\"thumbnailUrl\":\"https:\/\/www.diario21.tv\/noticias\/wp-content\/uploads\/2025\/10\/\u00a1Alerta-maxima-en-Alicante-y-Murcia-por-Aemet-Universidades-suspenden.JPG\",\"datePublished\":\"2025-10-12T01:25:59+00:00\",\"dateModified\":\"2025-10-12T01:26:07+00:00\",\"author\":{\"@id\":\"https:\/\/www.diario21.tv\/noticias\/#\/schema\/person\/dfb778f73814d8f09f302618446a526b\"},\"breadcrumb\":{\"@id\":\"https:\/\/www.diario21.tv\/noticias\/alerta-maxima-en-alicante-y-murcia-por-aemet-universidades-suspenden-clases\/#breadcrumb\"},\"inLanguage\":\"es-AR\",\"potentialAction\":[{\"@type\":\"ReadAction\",\"target\":[\"https:\/\/www.diario21.tv\/noticias\/alerta-maxima-en-alicante-y-murcia-por-aemet-universidades-suspenden-clases\/\"]}]},{\"@type\":\"ImageObject\",\"inLanguage\":\"es-AR\",\"@id\":\"https:\/\/www.diario21.tv\/noticias\/alerta-maxima-en-alicante-y-murcia-por-aemet-universidades-suspenden-clases\/#primaryimage\",\"url\":\"https:\/\/www.diario21.tv\/noticias\/wp-content\/uploads\/2025\/10\/\u00a1Alerta-maxima-en-Alicante-y-Murcia-por-Aemet-Universidades-suspenden.JPG\",\"contentUrl\":\"https:\/\/www.diario21.tv\/noticias\/wp-content\/uploads\/2025\/10\/\u00a1Alerta-maxima-en-Alicante-y-Murcia-por-Aemet-Universidades-suspenden.JPG\",\"width\":1200,\"height\":840,\"caption\":\"La Aemet pone en m\u00e1xima alerta a Alicante y Murcia, donde las universidades han suspendido sus clases\"},{\"@type\":\"BreadcrumbList\",\"@id\":\"https:\/\/www.diario21.tv\/noticias\/alerta-maxima-en-alicante-y-murcia-por-aemet-universidades-suspenden-clases\/#breadcrumb\",\"itemListElement\":[{\"@type\":\"ListItem\",\"position\":1,\"name\":\"Accueil\",\"item\":\"https:\/\/www.diario21.tv\/noticias\/\"},{\"@type\":\"ListItem\",\"position\":2,\"name\":\"\u00a1Alerta m\u00e1xima en Alicante y Murcia por Aemet! Universidades suspenden clases.\"}]},{\"@type\":\"WebSite\",\"@id\":\"https:\/\/www.diario21.tv\/noticias\/#website\",\"url\":\"https:\/\/www.diario21.tv\/noticias\/\",\"name\":\"Diario 21\",\"description\":\"\",\"potentialAction\":[{\"@type\":\"SearchAction\",\"target\":{\"@type\":\"EntryPoint\",\"urlTemplate\":\"https:\/\/www.diario21.tv\/noticias\/?s={search_term_string}\"},\"query-input\":{\"@type\":\"PropertyValueSpecification\",\"valueRequired\":true,\"valueName\":\"search_term_string\"}}],\"inLanguage\":\"es-AR\"},{\"@type\":\"Person\",\"@id\":\"https:\/\/www.diario21.tv\/noticias\/#\/schema\/person\/dfb778f73814d8f09f302618446a526b\",\"name\":\"Juan P\u00e9rez\",\"image\":{\"@type\":\"ImageObject\",\"inLanguage\":\"es-AR\",\"@id\":\"https:\/\/www.diario21.tv\/noticias\/#\/schema\/person\/image\/\",\"url\":\"https:\/\/secure.gravatar.com\/avatar\/c478a405bd10621167f4c3167cc770f5?s=96&d=mm&r=g\",\"contentUrl\":\"https:\/\/secure.gravatar.com\/avatar\/c478a405bd10621167f4c3167cc770f5?s=96&d=mm&r=g\",\"caption\":\"Juan P\u00e9rez\"},\"description\":\"Juan P\u00e9rez es el redactor en jefe de Diario 21. Con m\u00e1s de 10 a\u00f1os de experiencia en el periodismo, se especializa en pol\u00edtica nacional y an\u00e1lisis socioecon\u00f3mico. Su enfoque cr\u00edtico y riguroso aporta una perspectiva \u00fanica a cada art\u00edculo.\",\"sameAs\":[\"https:\/\/www.diario21.tv\/noticias\/\"],\"url\":\"https:\/\/www.diario21.tv\/noticias\/author\/juan-perez\/\"}]}<\/script>\n<!-- \/ Yoast SEO plugin. -->","yoast_head_json":{"title":"\u00a1Alerta m\u00e1xima en Alicante y Murcia por Aemet! Universidades suspenden clases. - Diario 21","robots":{"index":"index","follow":"follow","max-snippet":"max-snippet:-1","max-image-preview":"max-image-preview:large","max-video-preview":"max-video-preview:-1"},"canonical":"https:\/\/www.diario21.tv\/noticias\/alerta-maxima-en-alicante-y-murcia-por-aemet-universidades-suspenden-clases\/","og_locale":"es_ES","og_type":"article","og_title":"\u00a1Alerta m\u00e1xima en Alicante y Murcia por Aemet! Universidades suspenden clases. - Diario 21","og_description":"Alerta roja en Alicante y Murcia emitida por la Aemet La Agencia Estatal de Meteorolog\u00eda (Aemet) ha elevado a alerta roja el nivel de precauci\u00f3n en ... Seguir leyendo &rarr;","og_url":"https:\/\/www.diario21.tv\/noticias\/alerta-maxima-en-alicante-y-murcia-por-aemet-universidades-suspenden-clases\/","og_site_name":"Diario 21","article_published_time":"2025-10-12T01:25:59+00:00","article_modified_time":"2025-10-12T01:26:07+00:00","og_image":[{"width":1200,"height":840,"url":"https:\/\/www.diario21.tv\/noticias\/wp-content\/uploads\/2025\/10\/\u00a1Alerta-maxima-en-Alicante-y-Murcia-por-Aemet-Universidades-suspenden.JPG","type":"image\/jpeg"}],"author":"Juan P\u00e9rez","twitter_card":"summary_large_image","twitter_misc":{"Escrito por":"Juan P\u00e9rez","Tiempo de lectura":"1 minuto"},"schema":{"@context":"https:\/\/schema.org","@graph":[{"@type":"WebPage","@id":"https:\/\/www.diario21.tv\/noticias\/alerta-maxima-en-alicante-y-murcia-por-aemet-universidades-suspenden-clases\/","url":"https:\/\/www.diario21.tv\/noticias\/alerta-maxima-en-alicante-y-murcia-por-aemet-universidades-suspenden-clases\/","name":"\u00a1Alerta m\u00e1xima en Alicante y Murcia por Aemet! Universidades suspenden clases. - Diario 21","isPartOf":{"@id":"https:\/\/www.diario21.tv\/noticias\/#website"},"primaryImageOfPage":{"@id":"https:\/\/www.diario21.tv\/noticias\/alerta-maxima-en-alicante-y-murcia-por-aemet-universidades-suspenden-clases\/#primaryimage"},"image":{"@id":"https:\/\/www.diario21.tv\/noticias\/alerta-maxima-en-alicante-y-murcia-por-aemet-universidades-suspenden-clases\/#primaryimage"},"thumbnailUrl":"https:\/\/www.diario21.tv\/noticias\/wp-content\/uploads\/2025\/10\/\u00a1Alerta-maxima-en-Alicante-y-Murcia-por-Aemet-Universidades-suspenden.JPG","datePublished":"2025-10-12T01:25:59+00:00","dateModified":"2025-10-12T01:26:07+00:00","author":{"@id":"https:\/\/www.diario21.tv\/noticias\/#\/schema\/person\/dfb778f73814d8f09f302618446a526b"},"breadcrumb":{"@id":"https:\/\/www.diario21.tv\/noticias\/alerta-maxima-en-alicante-y-murcia-por-aemet-universidades-suspenden-clases\/#breadcrumb"},"inLanguage":"es-AR","potentialAction":[{"@type":"ReadAction","target":["https:\/\/www.diario21.tv\/noticias\/alerta-maxima-en-alicante-y-murcia-por-aemet-universidades-suspenden-clases\/"]}]},{"@type":"ImageObject","inLanguage":"es-AR","@id":"https:\/\/www.diario21.tv\/noticias\/alerta-maxima-en-alicante-y-murcia-por-aemet-universidades-suspenden-clases\/#primaryimage","url":"https:\/\/www.diario21.tv\/noticias\/wp-content\/uploads\/2025\/10\/\u00a1Alerta-maxima-en-Alicante-y-Murcia-por-Aemet-Universidades-suspenden.JPG","contentUrl":"https:\/\/www.diario21.tv\/noticias\/wp-content\/uploads\/2025\/10\/\u00a1Alerta-maxima-en-Alicante-y-Murcia-por-Aemet-Universidades-suspenden.JPG","width":1200,"height":840,"caption":"La Aemet pone en m\u00e1xima alerta a Alicante y Murcia, donde las universidades han suspendido sus clases"},{"@type":"BreadcrumbList","@id":"https:\/\/www.diario21.tv\/noticias\/alerta-maxima-en-alicante-y-murcia-por-aemet-universidades-suspenden-clases\/#breadcrumb","itemListElement":[{"@type":"ListItem","position":1,"name":"Accueil","item":"https:\/\/www.diario21.tv\/noticias\/"},{"@type":"ListItem","position":2,"name":"\u00a1Alerta m\u00e1xima en Alicante y Murcia por Aemet! Universidades suspenden clases."}]},{"@type":"WebSite","@id":"https:\/\/www.diario21.tv\/noticias\/#website","url":"https:\/\/www.diario21.tv\/noticias\/","name":"Diario 21","description":"","potentialAction":[{"@type":"SearchAction","target":{"@type":"EntryPoint","urlTemplate":"https:\/\/www.diario21.tv\/noticias\/?s={search_term_string}"},"query-input":{"@type":"PropertyValueSpecification","valueRequired":true,"valueName":"search_term_string"}}],"inLanguage":"es-AR"},{"@type":"Person","@id":"https:\/\/www.diario21.tv\/noticias\/#\/schema\/person\/dfb778f73814d8f09f302618446a526b","name":"Juan P\u00e9rez","image":{"@type":"ImageObject","inLanguage":"es-AR","@id":"https:\/\/www.diario21.tv\/noticias\/#\/schema\/person\/image\/","url":"https:\/\/secure.gravatar.com\/avatar\/c478a405bd10621167f4c3167cc770f5?s=96&d=mm&r=g","contentUrl":"https:\/\/secure.gravatar.com\/avatar\/c478a405bd10621167f4c3167cc770f5?s=96&d=mm&r=g","caption":"Juan P\u00e9rez"},"description":"Juan P\u00e9rez es el redactor en jefe de Diario 21. Con m\u00e1s de 10 a\u00f1os de experiencia en el periodismo, se especializa en pol\u00edtica nacional y an\u00e1lisis socioecon\u00f3mico. Su enfoque cr\u00edtico y riguroso aporta una perspectiva \u00fanica a cada art\u00edculo.","sameAs":["https:\/\/www.diario21.tv\/noticias\/"],"url":"https:\/\/www.diario21.tv\/noticias\/author\/juan-perez\/"}]}},"_links":{"self":[{"href":"https:\/\/www.diario21.tv\/noticias\/wp-json\/wp\/v2\/posts\/4813"}],"collection":[{"href":"https:\/\/www.diario21.tv\/noticias\/wp-json\/wp\/v2\/posts"}],"about":[{"href":"https:\/\/www.diario21.tv\/noticias\/wp-json\/wp\/v2\/types\/post"}],"author":[{"embeddable":true,"href":"https:\/\/www.diario21.tv\/noticias\/wp-json\/wp\/v2\/users\/20"}],"replies":[{"embeddable":true,"href":"https:\/\/www.diario21.tv\/noticias\/wp-json\/wp\/v2\/comments?post=4813"}],"version-history":[{"count":1,"href":"https:\/\/www.diario21.tv\/noticias\/wp-json\/wp\/v2\/posts\/4813\/revisions"}],"predecessor-version":[{"id":4815,"href":"https:\/\/www.diario21.tv\/noticias\/wp-json\/wp\/v2\/posts\/4813\/revisions\/4815"}],"wp:featuredmedia":[{"embeddable":true,"href":"https:\/\/www.diario21.tv\/noticias\/wp-json\/wp\/v2\/media\/4814"}],"wp:attachment":[{"href":"https:\/\/www.diario21.tv\/noticias\/wp-json\/wp\/v2\/media?parent=4813"}],"wp:term":[{"taxonomy":"category","embeddable":true,"href":"https:\/\/www.diario21.tv\/noticias\/wp-json\/wp\/v2\/categories?post=4813"},{"taxonomy":"post_tag","embeddable":true,"href":"https:\/\/www.diario21.tv\/noticias\/wp-json\/wp\/v2\/tags?post=4813"}],"curies":[{"name":"wp","href":"https:\/\/api.w.org\/{rel}","templated":true}]}}