{"id":4807,"date":"2025-10-11T13:23:14","date_gmt":"2025-10-11T13:23:14","guid":{"rendered":"https:\/\/www.diario21.tv\/noticias\/leon-xiv-denuncia-la-economia-asesina-en-su-impactante-primer-mensaje-apostolico\/"},"modified":"2025-10-11T13:23:15","modified_gmt":"2025-10-11T13:23:15","slug":"leon-xiv-denuncia-la-economia-asesina-en-su-impactante-primer-mensaje-apostolico","status":"publish","type":"post","link":"https:\/\/www.diario21.tv\/noticias\/leon-xiv-denuncia-la-economia-asesina-en-su-impactante-primer-mensaje-apostolico\/","title":{"rendered":"Le\u00f3n XIV denuncia la econom\u00eda asesina en su impactante primer mensaje apost\u00f3lico"},"content":{"rendered":"<h2>Le\u00f3n XIV Critica la &#8220;Dictadura Econ\u00f3mica Mortal&#8221; en su Primer Mensaje Apost\u00f3lico<\/h2>\n<p>En su reciente mensaje apost\u00f3lico, el Papa Le\u00f3n XIV emiti\u00f3 una fuerte condena contra lo que describi\u00f3 como una &#8220;dictadura de una econom\u00eda que mata&#8221;. Este mensaje, que marca su primera gran comunicaci\u00f3n desde que asumi\u00f3 el papado, destaca su profundo descontento con los sistemas econ\u00f3micos actuales que, seg\u00fan \u00e9l, sacrifican la dignidad humana en favor de la ganancia financiera.<\/p>\n<h3>Una Nueva Voz Contra la Desigualdad Econ\u00f3mica<\/h3>\n<p>Desde el inicio de su pontificado, Le\u00f3n XIV ha mostrado un enfoque particular en los temas de justicia social y equidad. Su primer mensaje apost\u00f3lico no fue la excepci\u00f3n, ya que aprovech\u00f3 la ocasi\u00f3n para abordar las desigualdades que afligen a muchas sociedades alrededor del mundo. El Papa argumenta que el modelo econ\u00f3mico prevalente favorece a una minor\u00eda y deja a la mayor\u00eda en una situaci\u00f3n de vulnerabilidad y pobreza.<\/p>\n<h3>Impacto de las Pol\u00edticas Econ\u00f3micas en la Vida Diaria<\/h3>\n<p>El l\u00edder de la Iglesia Cat\u00f3lica tambi\u00e9n se\u00f1al\u00f3 c\u00f3mo las pol\u00edticas econ\u00f3micas pueden tener un impacto directo en la vida cotidiana de las personas. Seg\u00fan Le\u00f3n XIV, las decisiones econ\u00f3micas no solo determinan aspectos financieros, sino que tambi\u00e9n afectan la seguridad, la salud y el bienestar general de las comunidades. El Papa hizo un llamado a los l\u00edderes mundiales para que reformen estas pol\u00edticas y busquen soluciones que no solo sean efectivas desde el punto de vista econ\u00f3mico, sino que tambi\u00e9n promuevan el bienestar humano.<\/p>\n<h3>El Papel de la Iglesia en la Lucha por la Justicia Econ\u00f3mica<\/h3>\n<p>En su discurso, Le\u00f3n XIV reafirm\u00f3 el compromiso de la Iglesia Cat\u00f3lica en la lucha contra la injusticia econ\u00f3mica y la desigualdad. Manifest\u00f3 que la Iglesia debe ser una voz l\u00edder en el debate econ\u00f3mico global, promoviendo sistemas que respeten la dignidad de todas las personas y que fomenten una distribuci\u00f3n m\u00e1s equitativa de los recursos.<\/p>\n<h3>Reacciones y Respuestas a las Declaraciones del Papa<\/h3>\n<p>Las palabras del Papa Le\u00f3n XIV han resonado en diversas partes del mundo, recibiendo tanto apoyo como cr\u00edticas. Mientras que muchos l\u00edderes religiosos y activistas sociales han elogiado su valent\u00eda y liderazgo en abordar temas dif\u00edciles, algunos representantes del sector econ\u00f3mico han expresado preocupaci\u00f3n por lo que consideran una visi\u00f3n demasiado cr\u00edtica de la econom\u00eda de mercado.<\/p>\n<p>En resumen, el primer mensaje apost\u00f3lico de Le\u00f3n XIV establece claramente su posici\u00f3n y su visi\u00f3n para una econom\u00eda m\u00e1s justa y humana. A medida que avanza su pontificado, ser\u00e1 interesante ver c\u00f3mo estas ideas influyen en las pol\u00edticas globales y en la pr\u00e1ctica econ\u00f3mica a nivel mundial.<\/p>\n\n\n<div class=\"kk-star-ratings kksr-auto kksr-align-left kksr-valign-bottom\"\n    data-payload='{&quot;align&quot;:&quot;left&quot;,&quot;id&quot;:&quot;4807&quot;,&quot;slug&quot;:&quot;default&quot;,&quot;valign&quot;:&quot;bottom&quot;,&quot;ignore&quot;:&quot;&quot;,&quot;reference&quot;:&quot;auto&quot;,&quot;class&quot;:&quot;&quot;,&quot;count&quot;:&quot;0&quot;,&quot;legendonly&quot;:&quot;&quot;,&quot;readonly&quot;:&quot;&quot;,&quot;score&quot;:&quot;0&quot;,&quot;starsonly&quot;:&quot;&quot;,&quot;best&quot;:&quot;5&quot;,&quot;gap&quot;:&quot;5&quot;,&quot;greet&quot;:&quot;Valora este post&quot;,&quot;legend&quot;:&quot;0\\\/5 - (0 votes)&quot;,&quot;size&quot;:&quot;22&quot;,&quot;title&quot;:&quot;Le\u00f3n XIV denuncia la econom\u00eda asesina en su impactante primer mensaje apost\u00f3lico&quot;,&quot;width&quot;:&quot;0&quot;,&quot;_legend&quot;:&quot;{score}\\\/{best} - ({count} {votes})&quot;,&quot;font_factor&quot;:&quot;1.25&quot;}'>\n            \n<div class=\"kksr-stars\">\n    \n<div class=\"kksr-stars-inactive\">\n            <div class=\"kksr-star\" data-star=\"1\" style=\"padding-right: 5px\">\n            \n\n<div class=\"kksr-icon\" style=\"width: 22px; height: 22px;\"><\/div>\n        <\/div>\n            <div class=\"kksr-star\" data-star=\"2\" style=\"padding-right: 5px\">\n            \n\n<div class=\"kksr-icon\" style=\"width: 22px; height: 22px;\"><\/div>\n        <\/div>\n            <div class=\"kksr-star\" data-star=\"3\" style=\"padding-right: 5px\">\n            \n\n<div class=\"kksr-icon\" style=\"width: 22px; height: 22px;\"><\/div>\n        <\/div>\n            <div class=\"kksr-star\" data-star=\"4\" style=\"padding-right: 5px\">\n            \n\n<div class=\"kksr-icon\" style=\"width: 22px; height: 22px;\"><\/div>\n        <\/div>\n            <div class=\"kksr-star\" data-star=\"5\" style=\"padding-right: 5px\">\n            \n\n<div class=\"kksr-icon\" style=\"width: 22px; height: 22px;\"><\/div>\n        <\/div>\n    <\/div>\n    \n<div class=\"kksr-stars-active\" style=\"width: 0px;\">\n            <div class=\"kksr-star\" style=\"padding-right: 5px\">\n            \n\n<div class=\"kksr-icon\" style=\"width: 22px; height: 22px;\"><\/div>\n        <\/div>\n            <div class=\"kksr-star\" style=\"padding-right: 5px\">\n            \n\n<div class=\"kksr-icon\" style=\"width: 22px; height: 22px;\"><\/div>\n        <\/div>\n            <div class=\"kksr-star\" style=\"padding-right: 5px\">\n            \n\n<div class=\"kksr-icon\" style=\"width: 22px; height: 22px;\"><\/div>\n        <\/div>\n            <div class=\"kksr-star\" style=\"padding-right: 5px\">\n            \n\n<div class=\"kksr-icon\" style=\"width: 22px; height: 22px;\"><\/div>\n        <\/div>\n            <div class=\"kksr-star\" style=\"padding-right: 5px\">\n            \n\n<div class=\"kksr-icon\" style=\"width: 22px; height: 22px;\"><\/div>\n        <\/div>\n    <\/div>\n<\/div>\n                \n\n<div class=\"kksr-legend\" style=\"font-size: 17.6px;\">\n            <span class=\"kksr-muted\">Valora este post<\/span>\n    <\/div>\n    <\/div>\n","protected":false},"excerpt":{"rendered":"<p>Le\u00f3n XIV Critica la &#8220;Dictadura Econ\u00f3mica Mortal&#8221; en su Primer Mensaje Apost\u00f3lico En su reciente mensaje apost\u00f3lico, el Papa Le\u00f3n XIV emiti\u00f3 una fuerte condena contra &#8230; <a title=\"Le\u00f3n XIV denuncia la econom\u00eda asesina en su impactante primer mensaje apost\u00f3lico\" class=\"read-more\" href=\"https:\/\/www.diario21.tv\/noticias\/leon-xiv-denuncia-la-economia-asesina-en-su-impactante-primer-mensaje-apostolico\/\" aria-label=\"Leer m\u00e1s sobre Le\u00f3n XIV denuncia la econom\u00eda asesina en su impactante primer mensaje apost\u00f3lico\">Seguir leyendo &rarr;<\/a><\/p>\n","protected":false},"author":20,"featured_media":4808,"comment_status":"open","ping_status":"open","sticky":false,"template":"","format":"standard","meta":{"footnotes":""},"categories":[13],"tags":[],"class_list":["post-4807","post","type-post","status-publish","format-standard","has-post-thumbnail","hentry","category-portada"],"yoast_head":"<!-- This site is optimized with the Yoast SEO plugin v25.6 - https:\/\/yoast.com\/wordpress\/plugins\/seo\/ -->\n<title>Le\u00f3n XIV denuncia la econom\u00eda asesina en su impactante primer mensaje apost\u00f3lico - Diario 21<\/title>\n<meta name=\"robots\" content=\"index, follow, max-snippet:-1, max-image-preview:large, max-video-preview:-1\" \/>\n<link rel=\"canonical\" href=\"https:\/\/www.diario21.tv\/noticias\/leon-xiv-denuncia-la-economia-asesina-en-su-impactante-primer-mensaje-apostolico\/\" \/>\n<meta property=\"og:locale\" content=\"es_ES\" \/>\n<meta property=\"og:type\" content=\"article\" \/>\n<meta property=\"og:title\" content=\"Le\u00f3n XIV denuncia la econom\u00eda asesina en su impactante primer mensaje apost\u00f3lico - Diario 21\" \/>\n<meta property=\"og:description\" content=\"Le\u00f3n XIV Critica la &#8220;Dictadura Econ\u00f3mica Mortal&#8221; en su Primer Mensaje Apost\u00f3lico En su reciente mensaje apost\u00f3lico, el Papa Le\u00f3n XIV emiti\u00f3 una fuerte condena contra ... Seguir leyendo &rarr;\" \/>\n<meta property=\"og:url\" content=\"https:\/\/www.diario21.tv\/noticias\/leon-xiv-denuncia-la-economia-asesina-en-su-impactante-primer-mensaje-apostolico\/\" \/>\n<meta property=\"og:site_name\" content=\"Diario 21\" \/>\n<meta property=\"article:published_time\" content=\"2025-10-11T13:23:14+00:00\" \/>\n<meta property=\"article:modified_time\" content=\"2025-10-11T13:23:15+00:00\" \/>\n<meta property=\"og:image\" content=\"https:\/\/www.diario21.tv\/noticias\/wp-content\/uploads\/2025\/10\/Leon-XIV-denuncia-la-economia-asesina-en-su-impactante-primer.jpg\" \/>\n\t<meta property=\"og:image:width\" content=\"1200\" \/>\n\t<meta property=\"og:image:height\" content=\"840\" \/>\n\t<meta property=\"og:image:type\" content=\"image\/jpeg\" \/>\n<meta name=\"author\" content=\"Juan P\u00e9rez\" \/>\n<meta name=\"twitter:card\" content=\"summary_large_image\" \/>\n<meta name=\"twitter:label1\" content=\"Escrito por\" \/>\n\t<meta name=\"twitter:data1\" content=\"Juan P\u00e9rez\" \/>\n\t<meta name=\"twitter:label2\" content=\"Tiempo de lectura\" \/>\n\t<meta name=\"twitter:data2\" content=\"2 minutos\" \/>\n<script type=\"application\/ld+json\" class=\"yoast-schema-graph\">{\"@context\":\"https:\/\/schema.org\",\"@graph\":[{\"@type\":\"WebPage\",\"@id\":\"https:\/\/www.diario21.tv\/noticias\/leon-xiv-denuncia-la-economia-asesina-en-su-impactante-primer-mensaje-apostolico\/\",\"url\":\"https:\/\/www.diario21.tv\/noticias\/leon-xiv-denuncia-la-economia-asesina-en-su-impactante-primer-mensaje-apostolico\/\",\"name\":\"Le\u00f3n XIV denuncia la econom\u00eda asesina en su impactante primer mensaje apost\u00f3lico - Diario 21\",\"isPartOf\":{\"@id\":\"https:\/\/www.diario21.tv\/noticias\/#website\"},\"primaryImageOfPage\":{\"@id\":\"https:\/\/www.diario21.tv\/noticias\/leon-xiv-denuncia-la-economia-asesina-en-su-impactante-primer-mensaje-apostolico\/#primaryimage\"},\"image\":{\"@id\":\"https:\/\/www.diario21.tv\/noticias\/leon-xiv-denuncia-la-economia-asesina-en-su-impactante-primer-mensaje-apostolico\/#primaryimage\"},\"thumbnailUrl\":\"https:\/\/www.diario21.tv\/noticias\/wp-content\/uploads\/2025\/10\/Leon-XIV-denuncia-la-economia-asesina-en-su-impactante-primer.jpg\",\"datePublished\":\"2025-10-11T13:23:14+00:00\",\"dateModified\":\"2025-10-11T13:23:15+00:00\",\"author\":{\"@id\":\"https:\/\/www.diario21.tv\/noticias\/#\/schema\/person\/dfb778f73814d8f09f302618446a526b\"},\"breadcrumb\":{\"@id\":\"https:\/\/www.diario21.tv\/noticias\/leon-xiv-denuncia-la-economia-asesina-en-su-impactante-primer-mensaje-apostolico\/#breadcrumb\"},\"inLanguage\":\"es-AR\",\"potentialAction\":[{\"@type\":\"ReadAction\",\"target\":[\"https:\/\/www.diario21.tv\/noticias\/leon-xiv-denuncia-la-economia-asesina-en-su-impactante-primer-mensaje-apostolico\/\"]}]},{\"@type\":\"ImageObject\",\"inLanguage\":\"es-AR\",\"@id\":\"https:\/\/www.diario21.tv\/noticias\/leon-xiv-denuncia-la-economia-asesina-en-su-impactante-primer-mensaje-apostolico\/#primaryimage\",\"url\":\"https:\/\/www.diario21.tv\/noticias\/wp-content\/uploads\/2025\/10\/Leon-XIV-denuncia-la-economia-asesina-en-su-impactante-primer.jpg\",\"contentUrl\":\"https:\/\/www.diario21.tv\/noticias\/wp-content\/uploads\/2025\/10\/Leon-XIV-denuncia-la-economia-asesina-en-su-impactante-primer.jpg\",\"width\":1200,\"height\":840,\"caption\":\"Le\u00f3n XIV denuncia \u00abla dictadura de una econom\u00eda que mata\u00bb en su primer mensaje apost\u00f3lico\"},{\"@type\":\"BreadcrumbList\",\"@id\":\"https:\/\/www.diario21.tv\/noticias\/leon-xiv-denuncia-la-economia-asesina-en-su-impactante-primer-mensaje-apostolico\/#breadcrumb\",\"itemListElement\":[{\"@type\":\"ListItem\",\"position\":1,\"name\":\"Accueil\",\"item\":\"https:\/\/www.diario21.tv\/noticias\/\"},{\"@type\":\"ListItem\",\"position\":2,\"name\":\"Le\u00f3n XIV denuncia la econom\u00eda asesina en su impactante primer mensaje apost\u00f3lico\"}]},{\"@type\":\"WebSite\",\"@id\":\"https:\/\/www.diario21.tv\/noticias\/#website\",\"url\":\"https:\/\/www.diario21.tv\/noticias\/\",\"name\":\"Diario 21\",\"description\":\"\",\"potentialAction\":[{\"@type\":\"SearchAction\",\"target\":{\"@type\":\"EntryPoint\",\"urlTemplate\":\"https:\/\/www.diario21.tv\/noticias\/?s={search_term_string}\"},\"query-input\":{\"@type\":\"PropertyValueSpecification\",\"valueRequired\":true,\"valueName\":\"search_term_string\"}}],\"inLanguage\":\"es-AR\"},{\"@type\":\"Person\",\"@id\":\"https:\/\/www.diario21.tv\/noticias\/#\/schema\/person\/dfb778f73814d8f09f302618446a526b\",\"name\":\"Juan P\u00e9rez\",\"image\":{\"@type\":\"ImageObject\",\"inLanguage\":\"es-AR\",\"@id\":\"https:\/\/www.diario21.tv\/noticias\/#\/schema\/person\/image\/\",\"url\":\"https:\/\/secure.gravatar.com\/avatar\/c478a405bd10621167f4c3167cc770f5?s=96&d=mm&r=g\",\"contentUrl\":\"https:\/\/secure.gravatar.com\/avatar\/c478a405bd10621167f4c3167cc770f5?s=96&d=mm&r=g\",\"caption\":\"Juan P\u00e9rez\"},\"description\":\"Juan P\u00e9rez es el redactor en jefe de Diario 21. Con m\u00e1s de 10 a\u00f1os de experiencia en el periodismo, se especializa en pol\u00edtica nacional y an\u00e1lisis socioecon\u00f3mico. Su enfoque cr\u00edtico y riguroso aporta una perspectiva \u00fanica a cada art\u00edculo.\",\"sameAs\":[\"https:\/\/www.diario21.tv\/noticias\/\"],\"url\":\"https:\/\/www.diario21.tv\/noticias\/author\/juan-perez\/\"}]}<\/script>\n<!-- \/ Yoast SEO plugin. -->","yoast_head_json":{"title":"Le\u00f3n XIV denuncia la econom\u00eda asesina en su impactante primer mensaje apost\u00f3lico - Diario 21","robots":{"index":"index","follow":"follow","max-snippet":"max-snippet:-1","max-image-preview":"max-image-preview:large","max-video-preview":"max-video-preview:-1"},"canonical":"https:\/\/www.diario21.tv\/noticias\/leon-xiv-denuncia-la-economia-asesina-en-su-impactante-primer-mensaje-apostolico\/","og_locale":"es_ES","og_type":"article","og_title":"Le\u00f3n XIV denuncia la econom\u00eda asesina en su impactante primer mensaje apost\u00f3lico - Diario 21","og_description":"Le\u00f3n XIV Critica la &#8220;Dictadura Econ\u00f3mica Mortal&#8221; en su Primer Mensaje Apost\u00f3lico En su reciente mensaje apost\u00f3lico, el Papa Le\u00f3n XIV emiti\u00f3 una fuerte condena contra ... Seguir leyendo &rarr;","og_url":"https:\/\/www.diario21.tv\/noticias\/leon-xiv-denuncia-la-economia-asesina-en-su-impactante-primer-mensaje-apostolico\/","og_site_name":"Diario 21","article_published_time":"2025-10-11T13:23:14+00:00","article_modified_time":"2025-10-11T13:23:15+00:00","og_image":[{"width":1200,"height":840,"url":"https:\/\/www.diario21.tv\/noticias\/wp-content\/uploads\/2025\/10\/Leon-XIV-denuncia-la-economia-asesina-en-su-impactante-primer.jpg","type":"image\/jpeg"}],"author":"Juan P\u00e9rez","twitter_card":"summary_large_image","twitter_misc":{"Escrito por":"Juan P\u00e9rez","Tiempo de lectura":"2 minutos"},"schema":{"@context":"https:\/\/schema.org","@graph":[{"@type":"WebPage","@id":"https:\/\/www.diario21.tv\/noticias\/leon-xiv-denuncia-la-economia-asesina-en-su-impactante-primer-mensaje-apostolico\/","url":"https:\/\/www.diario21.tv\/noticias\/leon-xiv-denuncia-la-economia-asesina-en-su-impactante-primer-mensaje-apostolico\/","name":"Le\u00f3n XIV denuncia la econom\u00eda asesina en su impactante primer mensaje apost\u00f3lico - Diario 21","isPartOf":{"@id":"https:\/\/www.diario21.tv\/noticias\/#website"},"primaryImageOfPage":{"@id":"https:\/\/www.diario21.tv\/noticias\/leon-xiv-denuncia-la-economia-asesina-en-su-impactante-primer-mensaje-apostolico\/#primaryimage"},"image":{"@id":"https:\/\/www.diario21.tv\/noticias\/leon-xiv-denuncia-la-economia-asesina-en-su-impactante-primer-mensaje-apostolico\/#primaryimage"},"thumbnailUrl":"https:\/\/www.diario21.tv\/noticias\/wp-content\/uploads\/2025\/10\/Leon-XIV-denuncia-la-economia-asesina-en-su-impactante-primer.jpg","datePublished":"2025-10-11T13:23:14+00:00","dateModified":"2025-10-11T13:23:15+00:00","author":{"@id":"https:\/\/www.diario21.tv\/noticias\/#\/schema\/person\/dfb778f73814d8f09f302618446a526b"},"breadcrumb":{"@id":"https:\/\/www.diario21.tv\/noticias\/leon-xiv-denuncia-la-economia-asesina-en-su-impactante-primer-mensaje-apostolico\/#breadcrumb"},"inLanguage":"es-AR","potentialAction":[{"@type":"ReadAction","target":["https:\/\/www.diario21.tv\/noticias\/leon-xiv-denuncia-la-economia-asesina-en-su-impactante-primer-mensaje-apostolico\/"]}]},{"@type":"ImageObject","inLanguage":"es-AR","@id":"https:\/\/www.diario21.tv\/noticias\/leon-xiv-denuncia-la-economia-asesina-en-su-impactante-primer-mensaje-apostolico\/#primaryimage","url":"https:\/\/www.diario21.tv\/noticias\/wp-content\/uploads\/2025\/10\/Leon-XIV-denuncia-la-economia-asesina-en-su-impactante-primer.jpg","contentUrl":"https:\/\/www.diario21.tv\/noticias\/wp-content\/uploads\/2025\/10\/Leon-XIV-denuncia-la-economia-asesina-en-su-impactante-primer.jpg","width":1200,"height":840,"caption":"Le\u00f3n XIV denuncia \u00abla dictadura de una econom\u00eda que mata\u00bb en su primer mensaje apost\u00f3lico"},{"@type":"BreadcrumbList","@id":"https:\/\/www.diario21.tv\/noticias\/leon-xiv-denuncia-la-economia-asesina-en-su-impactante-primer-mensaje-apostolico\/#breadcrumb","itemListElement":[{"@type":"ListItem","position":1,"name":"Accueil","item":"https:\/\/www.diario21.tv\/noticias\/"},{"@type":"ListItem","position":2,"name":"Le\u00f3n XIV denuncia la econom\u00eda asesina en su impactante primer mensaje apost\u00f3lico"}]},{"@type":"WebSite","@id":"https:\/\/www.diario21.tv\/noticias\/#website","url":"https:\/\/www.diario21.tv\/noticias\/","name":"Diario 21","description":"","potentialAction":[{"@type":"SearchAction","target":{"@type":"EntryPoint","urlTemplate":"https:\/\/www.diario21.tv\/noticias\/?s={search_term_string}"},"query-input":{"@type":"PropertyValueSpecification","valueRequired":true,"valueName":"search_term_string"}}],"inLanguage":"es-AR"},{"@type":"Person","@id":"https:\/\/www.diario21.tv\/noticias\/#\/schema\/person\/dfb778f73814d8f09f302618446a526b","name":"Juan P\u00e9rez","image":{"@type":"ImageObject","inLanguage":"es-AR","@id":"https:\/\/www.diario21.tv\/noticias\/#\/schema\/person\/image\/","url":"https:\/\/secure.gravatar.com\/avatar\/c478a405bd10621167f4c3167cc770f5?s=96&d=mm&r=g","contentUrl":"https:\/\/secure.gravatar.com\/avatar\/c478a405bd10621167f4c3167cc770f5?s=96&d=mm&r=g","caption":"Juan P\u00e9rez"},"description":"Juan P\u00e9rez es el redactor en jefe de Diario 21. Con m\u00e1s de 10 a\u00f1os de experiencia en el periodismo, se especializa en pol\u00edtica nacional y an\u00e1lisis socioecon\u00f3mico. Su enfoque cr\u00edtico y riguroso aporta una perspectiva \u00fanica a cada art\u00edculo.","sameAs":["https:\/\/www.diario21.tv\/noticias\/"],"url":"https:\/\/www.diario21.tv\/noticias\/author\/juan-perez\/"}]}},"_links":{"self":[{"href":"https:\/\/www.diario21.tv\/noticias\/wp-json\/wp\/v2\/posts\/4807"}],"collection":[{"href":"https:\/\/www.diario21.tv\/noticias\/wp-json\/wp\/v2\/posts"}],"about":[{"href":"https:\/\/www.diario21.tv\/noticias\/wp-json\/wp\/v2\/types\/post"}],"author":[{"embeddable":true,"href":"https:\/\/www.diario21.tv\/noticias\/wp-json\/wp\/v2\/users\/20"}],"replies":[{"embeddable":true,"href":"https:\/\/www.diario21.tv\/noticias\/wp-json\/wp\/v2\/comments?post=4807"}],"version-history":[{"count":1,"href":"https:\/\/www.diario21.tv\/noticias\/wp-json\/wp\/v2\/posts\/4807\/revisions"}],"predecessor-version":[{"id":4809,"href":"https:\/\/www.diario21.tv\/noticias\/wp-json\/wp\/v2\/posts\/4807\/revisions\/4809"}],"wp:featuredmedia":[{"embeddable":true,"href":"https:\/\/www.diario21.tv\/noticias\/wp-json\/wp\/v2\/media\/4808"}],"wp:attachment":[{"href":"https:\/\/www.diario21.tv\/noticias\/wp-json\/wp\/v2\/media?parent=4807"}],"wp:term":[{"taxonomy":"category","embeddable":true,"href":"https:\/\/www.diario21.tv\/noticias\/wp-json\/wp\/v2\/categories?post=4807"},{"taxonomy":"post_tag","embeddable":true,"href":"https:\/\/www.diario21.tv\/noticias\/wp-json\/wp\/v2\/tags?post=4807"}],"curies":[{"name":"wp","href":"https:\/\/api.w.org\/{rel}","templated":true}]}}